{"id":8961,"date":"2020-06-17T15:28:46","date_gmt":"2020-06-17T15:28:46","guid":{"rendered":"http:\/\/www.ofmjpic.org\/lanzamiento-de-la-revolucion-laudato-si-en-filipinas\/"},"modified":"2020-06-17T17:01:25","modified_gmt":"2020-06-17T17:01:25","slug":"presentazione-di-rivoluzione-ls-nelle-filippine","status":"publish","type":"post","link":"https:\/\/ofmjpic.org\/it\/presentazione-di-rivoluzione-ls-nelle-filippine\/","title":{"rendered":"Presentazione di Rivoluzione LS nelle Filippine"},"content":{"rendered":"<p>[et_pb_section fb_built=&#8221;1&#8243; _builder_version=&#8221;4.2.2&#8243;][et_pb_row column_structure=&#8221;3_5,2_5&#8243; _builder_version=&#8221;4.2.2&#8243;][et_pb_column type=&#8221;3_5&#8243; _builder_version=&#8221;4.2.2&#8243;][et_pb_text _builder_version=&#8221;4.2.2&#8243; hover_enabled=&#8221;0&#8243;]<\/p>\n<h4 style=\"text-align: justify;\"><strong>Il 24 maggio 2015, Papa Francesco ha firmato la <em>Laudato Si&#8217;<\/em>, lettera enciclica decisiva che ha richiamato la nostra attenzione sullo stato sempre pi\u00f9 precario della nostra casa comune. Questi cinque anni sono sembrati sempre pi\u00f9 rilevanti per l&#8217;enciclica.<\/strong><\/h4>\n<p style=\"text-align: justify;\">Abbiamo un&#8217;opportunit\u00e0 unica per trasformare il gemito presente in doglie del parto per la nascita di un nuovo modo di vivere insieme, uniti in amore, compassione e solidariet\u00e0 e una relazione pi\u00f9 armoniosa con il mondo naturale, la nostra casa comune.<\/p>\n<blockquote>\n<h2 style=\"text-align: center;\">Questo \u00e8 il richiamo della Rivoluzione <em>Laudato Si\u2019<\/em> o della <em>Rivoluzione LS<\/em>. In quest&#8217;anno anniversario, invitiamo tutti a unirsi a noi in questa rivoluzione. Abbiamo soprattutto bisogno di un &#8220;movimento del popolo&#8221; dal basso, un&#8217;alleanza di tutte le persone di buona volont\u00e0.<\/h2>\n<\/blockquote>\n<p style=\"text-align: justify;\">La campagna della Rivoluzione Laudato Si\u2019 \u00e8 stata avviata e organizzata dall&#8217;Ordine dei Frati Minori &#8211; Ufficio Giustizia, Pace e Integrit\u00e0 del Creato a Roma. Detto ufficio ha invitato le controparti in ogni entit\u00e0 e paese. Nelle Filippine, l&#8217;OFM-GPIC della Provincia di San Pedro Bautista ha collaborato con l&#8217;Associazione dei Superiori Religiosi Maggiori per lanciare la suddetta campagna.<\/p>\n<p style=\"text-align: justify;\">La presentazione ha segnato il 5\u00b0 anniversario della <em>Laudato Si&#8217;<\/em> lo scorso 24 maggio 2020, alle 20:00. \u00c9 divisa in tre parti. La prima parte \u00e8 la celebrazione liturgica della <em>Confessio Peccati<\/em>, \u00e8 il rito di chiedere perdono per tutti i nostri peccati in particolare alla madre terra e la nostra irresponsabilit\u00e0 nell&#8217;essere amministratori dell&#8217;ambiente. La liturgia ha raccolto 150 mila spettatori sia dal vivo che in replay. \u00c8 seguito il concerto <a href=\"https:\/\/www.facebook.com\/ofmjpic\/videos\/1654696058001658\" target=\"_blank\" rel=\"noopener noreferrer\"><strong>Serata Laudato Si<\/strong><\/a>\u2019, con i diversi talenti delle diverse congregazioni presenti nelle Filippine, inclusi i nostri stessi frati OFM e alcune celebrit\u00e0 locali. Alla fine del concerto, \u00e8 stato riprodotto il video ufficiale della campagna Rivoluzione Laudato Si&#8217;. Il video presentava l&#8217;introduzione del nostro Ministro provinciale Fr. Cielito Almazan, OFM, che \u00e8 anche presidente dell&#8217;Associazione dei Superiori Maggiori nelle Filippine. Quello del nostro ministro generale fr. Michael Perry OFM \u00e8 stato il momento saliente, durante il quale ha spiegato e sintetizzato la logica della campagna. Nell&#8217;ultima parte ci si \u00e8 soffermati su quelli che sono il sostegno e gli sforzi per la campagna di tutte le congregazioni. Il concerto e il video della campagna hanno ottenuto un totale di 170 mila spettatori sia in diretta che in replay.<\/p>\n<p style=\"text-align: justify;\">Siamo molto grati a tutti coloro che ci hanno supportato e hanno partecipato alla presentazione filippina della Campagna Rivoluzione Laudato Si&#8217;.<\/p>\n<p style=\"text-align: justify;\">Come ci ricorda Papa Francesco, &#8220;Tutti noi possiamo cooperare come strumenti di Dio per la cura del creato, ognuno secondo la propria cultura, esperienza, iniziative e capacit\u00e0&#8221;. (LS, 14)<\/p>\n<p style=\"text-align: justify;\">Unisciti a noi nella cura della nostra casa comune. Unisciti a noi nella #RivoluzioneLS.<\/p>\n<p style=\"text-align: right;\"><strong>Fr. Angelito Cortez, OFM<br \/> <\/strong>Animatore GPIC, Provincia di San Pedro Bautista, Filippine<br \/> Coordinatore GPIC, Confererenza dell\u2019Asia Orientale<br \/> Commissione Animazione GPIC<\/p>\n<p>[\/et_pb_text][\/et_pb_column][et_pb_column type=&#8221;2_5&#8243; _builder_version=&#8221;4.2.2&#8243;][et_pb_image src=&#8221;http:\/\/www.ofmjpic.org\/wp-content\/uploads\/2020\/06\/Schermata-2020-06-17-alle-16.59.19.png&#8221; show_in_lightbox=&#8221;on&#8221; _builder_version=&#8221;4.2.2&#8243; animation_style=&#8221;fade&#8221;][\/et_pb_image][et_pb_image src=&#8221;http:\/\/www.ofmjpic.org\/wp-content\/uploads\/2020\/06\/Schermata-2020-06-17-alle-17.02.22.png&#8221; show_in_lightbox=&#8221;on&#8221; _builder_version=&#8221;4.2.2&#8243; animation_style=&#8221;fade&#8221;][\/et_pb_image][et_pb_image src=&#8221;http:\/\/www.ofmjpic.org\/wp-content\/uploads\/2020\/06\/Schermata-2020-06-17-alle-17.03.23.png&#8221; show_in_lightbox=&#8221;on&#8221; _builder_version=&#8221;4.2.2&#8243; animation_style=&#8221;fade&#8221;][\/et_pb_image][et_pb_image src=&#8221;http:\/\/www.ofmjpic.org\/wp-content\/uploads\/2020\/06\/Schermata-2020-06-17-alle-16.59.52.png&#8221; show_in_lightbox=&#8221;on&#8221; _builder_version=&#8221;4.2.2&#8243; animation_style=&#8221;fade&#8221;][\/et_pb_image][\/et_pb_column][\/et_pb_row][\/et_pb_section]<\/p>\n","protected":false},"excerpt":{"rendered":"<p>La liturgia ha raccolto 150 mila spettatori sia dal vivo che in replay. \u00c8 seguito il concerto Laudato Si\u2019 Serenade, con i diversi talenti delle diverse congregazioni presenti nelle Filippine, inclusi i nostri stessi frati OFM e alcune celebrit\u00e0 locali. <\/p>\n","protected":false},"author":4,"featured_media":8909,"comment_status":"open","ping_status":"open","sticky":false,"template":"","format":"standard","meta":{"_acf_changed":false,"_et_pb_use_builder":"on","_et_pb_old_content":"","_et_gb_content_width":"","footnotes":""},"categories":[596,434,666,961],"tags":[276,542,629,630],"class_list":["post-8961","post","type-post","status-publish","format-standard","has-post-thumbnail","hentry","category-ecologia-integral-2-it","category-ecologia-integrale","category-lsrevolution-it","category-notizie","tag-ofmgpic","tag-ofmjpic-it","tag-revolucion-laudato-si-it","tag-rivoluzione-laudato-si"],"acf":[],"yoast_head":"<!-- This site is optimized with the Yoast SEO plugin v28.4 - https:\/\/yoast.com\/product\/yoast-seo-wordpress\/ -->\n<title>Presentazione di Rivoluzione LS nelle Filippine - OFM JPIC<\/title>\n<meta name=\"robots\" content=\"index, follow, max-snippet:-1, max-image-preview:large, max-video-preview:-1\" \/>\n<link rel=\"canonical\" href=\"https:\/\/ofmjpic.org\/it\/presentazione-di-rivoluzione-ls-nelle-filippine\/\" \/>\n<meta property=\"og:locale\" content=\"it_IT\" \/>\n<meta property=\"og:type\" content=\"article\" \/>\n<meta property=\"og:title\" content=\"Presentazione di Rivoluzione LS nelle Filippine - OFM JPIC\" \/>\n<meta property=\"og:description\" content=\"La liturgia ha raccolto 150 mila spettatori sia dal vivo che in replay. \u00c8 seguito il concerto Laudato Si\u2019 Serenade, con i diversi talenti delle diverse congregazioni presenti nelle Filippine, inclusi i nostri stessi frati OFM e alcune celebrit\u00e0 locali.\" \/>\n<meta property=\"og:url\" content=\"https:\/\/ofmjpic.org\/it\/presentazione-di-rivoluzione-ls-nelle-filippine\/\" \/>\n<meta property=\"og:site_name\" content=\"OFM JPIC\" \/>\n<meta property=\"article:publisher\" content=\"https:\/\/www.facebook.com\/ofmjpic\/\" \/>\n<meta property=\"article:published_time\" content=\"2020-06-17T15:28:46+00:00\" \/>\n<meta property=\"article:modified_time\" content=\"2020-06-17T17:01:25+00:00\" \/>\n<meta property=\"og:image\" content=\"https:\/\/ofmjpic.org\/wp-content\/uploads\/2020\/06\/Portada-Noticias-ofmjpic.org-1-3.png\" \/>\n\t<meta property=\"og:image:width\" content=\"800\" \/>\n\t<meta property=\"og:image:height\" content=\"400\" \/>\n\t<meta property=\"og:image:type\" content=\"image\/png\" \/>\n<meta name=\"author\" content=\"Jaime Campos\" \/>\n<meta name=\"twitter:card\" content=\"summary_large_image\" \/>\n<meta name=\"twitter:label1\" content=\"Scritto da\" \/>\n\t<meta name=\"twitter:data1\" content=\"Jaime Campos\" \/>\n\t<meta name=\"twitter:label2\" content=\"Tempo di lettura stimato\" \/>\n\t<meta name=\"twitter:data2\" content=\"3 minuti\" \/>\n<script type=\"application\/ld+json\" class=\"yoast-schema-graph\">{\"@context\":\"https:\\\/\\\/schema.org\",\"@graph\":[{\"@type\":\"Article\",\"@id\":\"https:\\\/\\\/ofmjpic.org\\\/it\\\/presentazione-di-rivoluzione-ls-nelle-filippine\\\/#article\",\"isPartOf\":{\"@id\":\"https:\\\/\\\/ofmjpic.org\\\/it\\\/presentazione-di-rivoluzione-ls-nelle-filippine\\\/\"},\"author\":{\"name\":\"Jaime Campos\",\"@id\":\"https:\\\/\\\/ofmjpic.org\\\/it\\\/#\\\/schema\\\/person\\\/b94707ec5fc5af84d2d88e5f946184fb\"},\"headline\":\"Presentazione di Rivoluzione LS nelle Filippine\",\"datePublished\":\"2020-06-17T15:28:46+00:00\",\"dateModified\":\"2020-06-17T17:01:25+00:00\",\"mainEntityOfPage\":{\"@id\":\"https:\\\/\\\/ofmjpic.org\\\/it\\\/presentazione-di-rivoluzione-ls-nelle-filippine\\\/\"},\"wordCount\":620,\"commentCount\":0,\"publisher\":{\"@id\":\"https:\\\/\\\/ofmjpic.org\\\/it\\\/#organization\"},\"image\":{\"@id\":\"https:\\\/\\\/ofmjpic.org\\\/it\\\/presentazione-di-rivoluzione-ls-nelle-filippine\\\/#primaryimage\"},\"thumbnailUrl\":\"https:\\\/\\\/ofmjpic.org\\\/wp-content\\\/uploads\\\/2020\\\/06\\\/Portada-Noticias-ofmjpic.org-1-3.png\",\"keywords\":[\"ofmgpic\",\"ofmjpic\",\"Revoluci\u00f3n Laudato Si\u2019\",\"Rivoluzione Laudato Si&#039;\"],\"articleSection\":[\"Ecolog\u00eda Integral\",\"Ecologia Integrale\",\"LSRevolution\",\"Notizie\"],\"inLanguage\":\"it-IT\",\"potentialAction\":[{\"@type\":\"CommentAction\",\"name\":\"Comment\",\"target\":[\"https:\\\/\\\/ofmjpic.org\\\/it\\\/presentazione-di-rivoluzione-ls-nelle-filippine\\\/#respond\"]}]},{\"@type\":\"WebPage\",\"@id\":\"https:\\\/\\\/ofmjpic.org\\\/it\\\/presentazione-di-rivoluzione-ls-nelle-filippine\\\/\",\"url\":\"https:\\\/\\\/ofmjpic.org\\\/it\\\/presentazione-di-rivoluzione-ls-nelle-filippine\\\/\",\"name\":\"Presentazione di Rivoluzione LS nelle Filippine - OFM JPIC\",\"isPartOf\":{\"@id\":\"https:\\\/\\\/ofmjpic.org\\\/it\\\/#website\"},\"primaryImageOfPage\":{\"@id\":\"https:\\\/\\\/ofmjpic.org\\\/it\\\/presentazione-di-rivoluzione-ls-nelle-filippine\\\/#primaryimage\"},\"image\":{\"@id\":\"https:\\\/\\\/ofmjpic.org\\\/it\\\/presentazione-di-rivoluzione-ls-nelle-filippine\\\/#primaryimage\"},\"thumbnailUrl\":\"https:\\\/\\\/ofmjpic.org\\\/wp-content\\\/uploads\\\/2020\\\/06\\\/Portada-Noticias-ofmjpic.org-1-3.png\",\"datePublished\":\"2020-06-17T15:28:46+00:00\",\"dateModified\":\"2020-06-17T17:01:25+00:00\",\"breadcrumb\":{\"@id\":\"https:\\\/\\\/ofmjpic.org\\\/it\\\/presentazione-di-rivoluzione-ls-nelle-filippine\\\/#breadcrumb\"},\"inLanguage\":\"it-IT\",\"potentialAction\":[{\"@type\":\"ReadAction\",\"target\":[\"https:\\\/\\\/ofmjpic.org\\\/it\\\/presentazione-di-rivoluzione-ls-nelle-filippine\\\/\"]}]},{\"@type\":\"ImageObject\",\"inLanguage\":\"it-IT\",\"@id\":\"https:\\\/\\\/ofmjpic.org\\\/it\\\/presentazione-di-rivoluzione-ls-nelle-filippine\\\/#primaryimage\",\"url\":\"https:\\\/\\\/ofmjpic.org\\\/wp-content\\\/uploads\\\/2020\\\/06\\\/Portada-Noticias-ofmjpic.org-1-3.png\",\"contentUrl\":\"https:\\\/\\\/ofmjpic.org\\\/wp-content\\\/uploads\\\/2020\\\/06\\\/Portada-Noticias-ofmjpic.org-1-3.png\",\"width\":800,\"height\":400},{\"@type\":\"BreadcrumbList\",\"@id\":\"https:\\\/\\\/ofmjpic.org\\\/it\\\/presentazione-di-rivoluzione-ls-nelle-filippine\\\/#breadcrumb\",\"itemListElement\":[{\"@type\":\"ListItem\",\"position\":1,\"name\":\"Portada\",\"item\":\"https:\\\/\\\/ofmjpic.org\\\/it\\\/\"},{\"@type\":\"ListItem\",\"position\":2,\"name\":\"Presentazione di Rivoluzione LS nelle Filippine\"}]},{\"@type\":\"WebSite\",\"@id\":\"https:\\\/\\\/ofmjpic.org\\\/it\\\/#website\",\"url\":\"https:\\\/\\\/ofmjpic.org\\\/it\\\/\",\"name\":\"OFM Justice, Peace and Integrity of Creation\",\"description\":\"\",\"publisher\":{\"@id\":\"https:\\\/\\\/ofmjpic.org\\\/it\\\/#organization\"},\"potentialAction\":[{\"@type\":\"SearchAction\",\"target\":{\"@type\":\"EntryPoint\",\"urlTemplate\":\"https:\\\/\\\/ofmjpic.org\\\/it\\\/?s={search_term_string}\"},\"query-input\":{\"@type\":\"PropertyValueSpecification\",\"valueRequired\":true,\"valueName\":\"search_term_string\"}}],\"inLanguage\":\"it-IT\"},{\"@type\":\"Organization\",\"@id\":\"https:\\\/\\\/ofmjpic.org\\\/it\\\/#organization\",\"name\":\"General office for Justice, Peace and Integrity of Creation\",\"url\":\"https:\\\/\\\/ofmjpic.org\\\/it\\\/\",\"logo\":{\"@type\":\"ImageObject\",\"inLanguage\":\"it-IT\",\"@id\":\"https:\\\/\\\/ofmjpic.org\\\/it\\\/#\\\/schema\\\/logo\\\/image\\\/\",\"url\":\"https:\\\/\\\/ofmjpic.org\\\/wp-content\\\/uploads\\\/2018\\\/08\\\/ES_JPIC_Logo_.png\",\"contentUrl\":\"https:\\\/\\\/ofmjpic.org\\\/wp-content\\\/uploads\\\/2018\\\/08\\\/ES_JPIC_Logo_.png\",\"width\":3957,\"height\":4082,\"caption\":\"General office for Justice, Peace and Integrity of Creation\"},\"image\":{\"@id\":\"https:\\\/\\\/ofmjpic.org\\\/it\\\/#\\\/schema\\\/logo\\\/image\\\/\"},\"sameAs\":[\"https:\\\/\\\/www.facebook.com\\\/ofmjpic\\\/\",\"https:\\\/\\\/www.instagram.com\\\/ofmjpic\\\/\"]},{\"@type\":\"Person\",\"@id\":\"https:\\\/\\\/ofmjpic.org\\\/it\\\/#\\\/schema\\\/person\\\/b94707ec5fc5af84d2d88e5f946184fb\",\"name\":\"Jaime Campos\",\"url\":\"https:\\\/\\\/ofmjpic.org\\\/it\\\/author\\\/jcampos\\\/\"}]}<\/script>\n<!-- \/ Yoast SEO plugin. -->","yoast_head_json":{"title":"Presentazione di Rivoluzione LS nelle Filippine - OFM JPIC","robots":{"index":"index","follow":"follow","max-snippet":"max-snippet:-1","max-image-preview":"max-image-preview:large","max-video-preview":"max-video-preview:-1"},"canonical":"https:\/\/ofmjpic.org\/it\/presentazione-di-rivoluzione-ls-nelle-filippine\/","og_locale":"it_IT","og_type":"article","og_title":"Presentazione di Rivoluzione LS nelle Filippine - OFM JPIC","og_description":"La liturgia ha raccolto 150 mila spettatori sia dal vivo che in replay. \u00c8 seguito il concerto Laudato Si\u2019 Serenade, con i diversi talenti delle diverse congregazioni presenti nelle Filippine, inclusi i nostri stessi frati OFM e alcune celebrit\u00e0 locali.","og_url":"https:\/\/ofmjpic.org\/it\/presentazione-di-rivoluzione-ls-nelle-filippine\/","og_site_name":"OFM JPIC","article_publisher":"https:\/\/www.facebook.com\/ofmjpic\/","article_published_time":"2020-06-17T15:28:46+00:00","article_modified_time":"2020-06-17T17:01:25+00:00","og_image":[{"width":800,"height":400,"url":"https:\/\/ofmjpic.org\/wp-content\/uploads\/2020\/06\/Portada-Noticias-ofmjpic.org-1-3.png","type":"image\/png"}],"author":"Jaime Campos","twitter_card":"summary_large_image","twitter_misc":{"Scritto da":"Jaime Campos","Tempo di lettura stimato":"3 minuti"},"schema":{"@context":"https:\/\/schema.org","@graph":[{"@type":"Article","@id":"https:\/\/ofmjpic.org\/it\/presentazione-di-rivoluzione-ls-nelle-filippine\/#article","isPartOf":{"@id":"https:\/\/ofmjpic.org\/it\/presentazione-di-rivoluzione-ls-nelle-filippine\/"},"author":{"name":"Jaime Campos","@id":"https:\/\/ofmjpic.org\/it\/#\/schema\/person\/b94707ec5fc5af84d2d88e5f946184fb"},"headline":"Presentazione di Rivoluzione LS nelle Filippine","datePublished":"2020-06-17T15:28:46+00:00","dateModified":"2020-06-17T17:01:25+00:00","mainEntityOfPage":{"@id":"https:\/\/ofmjpic.org\/it\/presentazione-di-rivoluzione-ls-nelle-filippine\/"},"wordCount":620,"commentCount":0,"publisher":{"@id":"https:\/\/ofmjpic.org\/it\/#organization"},"image":{"@id":"https:\/\/ofmjpic.org\/it\/presentazione-di-rivoluzione-ls-nelle-filippine\/#primaryimage"},"thumbnailUrl":"https:\/\/ofmjpic.org\/wp-content\/uploads\/2020\/06\/Portada-Noticias-ofmjpic.org-1-3.png","keywords":["ofmgpic","ofmjpic","Revoluci\u00f3n Laudato Si\u2019","Rivoluzione Laudato Si&#039;"],"articleSection":["Ecolog\u00eda Integral","Ecologia Integrale","LSRevolution","Notizie"],"inLanguage":"it-IT","potentialAction":[{"@type":"CommentAction","name":"Comment","target":["https:\/\/ofmjpic.org\/it\/presentazione-di-rivoluzione-ls-nelle-filippine\/#respond"]}]},{"@type":"WebPage","@id":"https:\/\/ofmjpic.org\/it\/presentazione-di-rivoluzione-ls-nelle-filippine\/","url":"https:\/\/ofmjpic.org\/it\/presentazione-di-rivoluzione-ls-nelle-filippine\/","name":"Presentazione di Rivoluzione LS nelle Filippine - OFM JPIC","isPartOf":{"@id":"https:\/\/ofmjpic.org\/it\/#website"},"primaryImageOfPage":{"@id":"https:\/\/ofmjpic.org\/it\/presentazione-di-rivoluzione-ls-nelle-filippine\/#primaryimage"},"image":{"@id":"https:\/\/ofmjpic.org\/it\/presentazione-di-rivoluzione-ls-nelle-filippine\/#primaryimage"},"thumbnailUrl":"https:\/\/ofmjpic.org\/wp-content\/uploads\/2020\/06\/Portada-Noticias-ofmjpic.org-1-3.png","datePublished":"2020-06-17T15:28:46+00:00","dateModified":"2020-06-17T17:01:25+00:00","breadcrumb":{"@id":"https:\/\/ofmjpic.org\/it\/presentazione-di-rivoluzione-ls-nelle-filippine\/#breadcrumb"},"inLanguage":"it-IT","potentialAction":[{"@type":"ReadAction","target":["https:\/\/ofmjpic.org\/it\/presentazione-di-rivoluzione-ls-nelle-filippine\/"]}]},{"@type":"ImageObject","inLanguage":"it-IT","@id":"https:\/\/ofmjpic.org\/it\/presentazione-di-rivoluzione-ls-nelle-filippine\/#primaryimage","url":"https:\/\/ofmjpic.org\/wp-content\/uploads\/2020\/06\/Portada-Noticias-ofmjpic.org-1-3.png","contentUrl":"https:\/\/ofmjpic.org\/wp-content\/uploads\/2020\/06\/Portada-Noticias-ofmjpic.org-1-3.png","width":800,"height":400},{"@type":"BreadcrumbList","@id":"https:\/\/ofmjpic.org\/it\/presentazione-di-rivoluzione-ls-nelle-filippine\/#breadcrumb","itemListElement":[{"@type":"ListItem","position":1,"name":"Portada","item":"https:\/\/ofmjpic.org\/it\/"},{"@type":"ListItem","position":2,"name":"Presentazione di Rivoluzione LS nelle Filippine"}]},{"@type":"WebSite","@id":"https:\/\/ofmjpic.org\/it\/#website","url":"https:\/\/ofmjpic.org\/it\/","name":"OFM Justice, Peace and Integrity of Creation","description":"","publisher":{"@id":"https:\/\/ofmjpic.org\/it\/#organization"},"potentialAction":[{"@type":"SearchAction","target":{"@type":"EntryPoint","urlTemplate":"https:\/\/ofmjpic.org\/it\/?s={search_term_string}"},"query-input":{"@type":"PropertyValueSpecification","valueRequired":true,"valueName":"search_term_string"}}],"inLanguage":"it-IT"},{"@type":"Organization","@id":"https:\/\/ofmjpic.org\/it\/#organization","name":"General office for Justice, Peace and Integrity of Creation","url":"https:\/\/ofmjpic.org\/it\/","logo":{"@type":"ImageObject","inLanguage":"it-IT","@id":"https:\/\/ofmjpic.org\/it\/#\/schema\/logo\/image\/","url":"https:\/\/ofmjpic.org\/wp-content\/uploads\/2018\/08\/ES_JPIC_Logo_.png","contentUrl":"https:\/\/ofmjpic.org\/wp-content\/uploads\/2018\/08\/ES_JPIC_Logo_.png","width":3957,"height":4082,"caption":"General office for Justice, Peace and Integrity of Creation"},"image":{"@id":"https:\/\/ofmjpic.org\/it\/#\/schema\/logo\/image\/"},"sameAs":["https:\/\/www.facebook.com\/ofmjpic\/","https:\/\/www.instagram.com\/ofmjpic\/"]},{"@type":"Person","@id":"https:\/\/ofmjpic.org\/it\/#\/schema\/person\/b94707ec5fc5af84d2d88e5f946184fb","name":"Jaime Campos","url":"https:\/\/ofmjpic.org\/it\/author\/jcampos\/"}]}},"_links":{"self":[{"href":"https:\/\/ofmjpic.org\/it\/wp-json\/wp\/v2\/posts\/8961","targetHints":{"allow":["GET"]}}],"collection":[{"href":"https:\/\/ofmjpic.org\/it\/wp-json\/wp\/v2\/posts"}],"about":[{"href":"https:\/\/ofmjpic.org\/it\/wp-json\/wp\/v2\/types\/post"}],"author":[{"embeddable":true,"href":"https:\/\/ofmjpic.org\/it\/wp-json\/wp\/v2\/users\/4"}],"replies":[{"embeddable":true,"href":"https:\/\/ofmjpic.org\/it\/wp-json\/wp\/v2\/comments?post=8961"}],"version-history":[{"count":0,"href":"https:\/\/ofmjpic.org\/it\/wp-json\/wp\/v2\/posts\/8961\/revisions"}],"wp:featuredmedia":[{"embeddable":true,"href":"https:\/\/ofmjpic.org\/it\/wp-json\/wp\/v2\/media\/8909"}],"wp:attachment":[{"href":"https:\/\/ofmjpic.org\/it\/wp-json\/wp\/v2\/media?parent=8961"}],"wp:term":[{"taxonomy":"category","embeddable":true,"href":"https:\/\/ofmjpic.org\/it\/wp-json\/wp\/v2\/categories?post=8961"},{"taxonomy":"post_tag","embeddable":true,"href":"https:\/\/ofmjpic.org\/it\/wp-json\/wp\/v2\/tags?post=8961"}],"curies":[{"name":"wp","href":"https:\/\/api.w.org\/{rel}","templated":true}]}}