{"id":7013,"date":"2020-02-19T08:47:31","date_gmt":"2020-02-19T08:47:31","guid":{"rendered":"http:\/\/www.ofmjpic.org\/el-salvador-clama-una-ley-desde-las-victimas\/"},"modified":"2020-02-28T09:18:48","modified_gmt":"2020-02-28T09:18:48","slug":"el-salvador-chiede-una-legge-per-le-vittime","status":"publish","type":"post","link":"https:\/\/ofmjpic.org\/it\/el-salvador-chiede-una-legge-per-le-vittime\/","title":{"rendered":"El Salvador chiede una legge per le vittime"},"content":{"rendered":"<p>[et_pb_section fb_built=&#8221;1&#8243; _builder_version=&#8221;4.2.2&#8243; custom_padding=&#8221;||0px|||&#8221;][et_pb_row column_structure=&#8221;1_2,1_2&#8243; _builder_version=&#8221;4.2.2&#8243;][et_pb_column type=&#8221;1_2&#8243; _builder_version=&#8221;4.2.2&#8243;][et_pb_testimonial author=&#8221;Fr. Rene Flores, OFM&#8221; job_title=&#8221;Commissione GPIC &#8221; company_name=&#8221;El Salvador&#8221; portrait_url=&#8221;http:\/\/www.ofmjpic.org\/wp-content\/uploads\/2020\/02\/rene.jpeg&#8221; _builder_version=&#8221;4.2.2&#8243; hover_enabled=&#8221;0&#8243;]<\/p>\n<p>\u00c8 chiaro che lungo tutto il corso di questo processo non si \u00e8 voluto, intenzionalmente, ascoltare le vittime, n\u00e9 tanto meno si \u00e8 ripresa la proposta di legge fatta dalle organizzazioni per la difesa dei Diritti Umani, la quale propone una legge di riconciliazione che comprende: <strong>verit\u00e0, giustizia, risarcimento dei danni e certezza che non si ripeta.<\/strong><\/p>\n<p>[\/et_pb_testimonial][\/et_pb_column][et_pb_column type=&#8221;1_2&#8243; _builder_version=&#8221;4.2.2&#8243;][et_pb_text _builder_version=&#8221;4.2.2&#8243; hover_enabled=&#8221;0&#8243;]<\/p>\n<p style=\"text-align: justify;\">Nel maggio 2019, il gruppo delle organizzazioni che rappresentano le vittime della guerra civile ha nuovamente presentato una proposta di legge, respinta dalla commissione dell&#8217;Assemblea della Repubblica la quale \u00e8 stata incaricata di fare una proposta per una legge di &#8220;riconciliazione&#8221;, da presentare al potere legislativo. Quindi, nel dicembre 2019, &#8220;<em>La Mesa<\/em> contro l&#8217;impunit\u00e0 di El Salvador, il Gruppo di Gestione per una Legge Integrale di Riparazioni e la Commissione di Lavoro pro &#8211; Memoria Storica&#8221;, hanno rilasciato una dichiarazione, avvertendo che la commissione del potere legislativo tentava di processare \u201crapidamente\u201d l\u2019elaborazione della legge e, peggio ancora, senza ascoltare e includere la verit\u00e0 delle vittime. Ci\u00f2 che ci preoccupa \u00e8 che questa commissione cerca di emanare una legge di &#8220;impunit\u00e0&#8221; e non di &#8220;riconciliazione&#8221; delle vittime. In quel momento temevamo che, nel gennaio 2020, l&#8217;Assemblea legislativa avrebbe cercato di approvare una tale legge di &#8220;impunit\u00e0&#8221;.<\/p>\n<p style=\"text-align: justify;\">La commissione francescana di GPIC ha affiancato le organizzazioni per la difesa dei Diritti Umani. In questi giorni, stiamo attenti che non venga approvata in modo precipitoso, prima del 28 febbraio 2020, una legge a favore degli oppressori, con la scusante che il termine dato dalla Camera Costituzionale all&#8217;Assemblea Legislativa stia per concludersi.\u00a0<\/p>\n<p style=\"text-align: justify;\">In questa lotta per la verit\u00e0 e la giustizia, la commissione GPIC rimane unita al clamore di una legge per le vittime, che conduca a percorsi di pace, dove non si cerchi la vendetta, ma la verit\u00e0, la riconciliazione e la giustizia incarnata in una legge. Ci consentano di ricostruire questa societ\u00e0, per la cura e la difesa dei pi\u00f9 fragili e per coloro che sono colpiti dallo stesso sistema politico, economico e militare del Paese. Inoltre, mantenendo viva la memoria storica delle vittime, si contribuisce affinch\u00e9 la verit\u00e0 sia conosciuta dalle nuove generazioni.<\/p>\n<p>[\/et_pb_text][\/et_pb_column][\/et_pb_row][\/et_pb_section][et_pb_section fb_built=&#8221;1&#8243; _builder_version=&#8221;4.2.2&#8243; min_height=&#8221;46px&#8221; custom_margin=&#8221;-18px|||||&#8221; custom_padding=&#8221;||0px|||&#8221;][et_pb_row _builder_version=&#8221;4.2.2&#8243; min_height=&#8221;156px&#8221;][et_pb_column type=&#8221;4_4&#8243; _builder_version=&#8221;4.2.2&#8243;][et_pb_gallery gallery_ids=&#8221;6825,6807,6819,6813&#8243; show_title_and_caption=&#8221;off&#8221; _builder_version=&#8221;4.2.2&#8243; title_level=&#8221;h6&#8243; title_font=&#8221;Times New Roman||||||||&#8221; title_text_align=&#8221;center&#8221; caption_font_size=&#8221;16px&#8221; background_color=&#8221;rgba(0,0,0,0)&#8221; min_height=&#8221;123px&#8221;][\/et_pb_gallery][\/et_pb_column][\/et_pb_row][et_pb_row _builder_version=&#8221;4.2.2&#8243;][et_pb_column type=&#8221;4_4&#8243; _builder_version=&#8221;4.2.2&#8243;][et_pb_text _builder_version=&#8221;4.2.2&#8243;]<\/p>\n<h5>Fotos:\u00a0<span>Asociaci\u00f3n Pro-Busqueda<\/span><\/h5>\n<p>[\/et_pb_text][\/et_pb_column][\/et_pb_row][\/et_pb_section]<\/p>\n","protected":false},"excerpt":{"rendered":"<p>\u00c8 chiaro che lungo tutto il corso di questo processo non si \u00e8 voluto, intenzionalmente, ascoltare le vittime, n\u00e9 tanto meno si \u00e8 ripresa la proposta di legge fatta dalle organizzazioni per la difesa dei Diritti Umani, la quale propone una legge di riconciliazione che comprende: verit\u00e0, giustizia, risarcimento dei danni e certezza che non si ripeta.<\/p>\n","protected":false},"author":4,"featured_media":6824,"comment_status":"open","ping_status":"open","sticky":true,"template":"","format":"standard","meta":{"_acf_changed":false,"_et_pb_use_builder":"on","_et_pb_old_content":"<!-- wp:paragraph -->\n<p>En mayo del 2019,\nel grupo de organizaciones representantes de las v\u00edctimas de la guerra civil volvi\u00f3\na presentar una propuesta de ley, que fue desestimada por la comisi\u00f3n de la\nasamblea de la Rep\u00fablica, encargada de hacer una propuesta de ley de\n\u201creconciliaci\u00f3n\u201d, que ser\u00eda presentada al poder legislativo. Luego, en\ndiciembre del 2019, \u201cla Mesa contra la Impunidad en El Salvador, el Grupo\nGestor por una Ley Integral de Reparaciones y la Comisi\u00f3n de Trabajo Pro -\nMemoria Hist\u00f3rica\u201d, hicieron un comunicado, alertando que la comisi\u00f3n del poder\nlegislativo buscaba hacer un proceso \u201cr\u00e1pido\u201d en la elaboraci\u00f3n de la ley y, lo\nque es peor aun, sin escuchar e incluir la verdad de las v\u00edctimas. Lo que nos preocupa\nes que esta comisi\u00f3n busque dictar una ley de \u201cimpunidad\u201d y no de\n\u201creconciliaci\u00f3n\u201d desde las v\u00edctimas. En ese momento nos preocupaba que, en\nenero del 2020, se buscara en la Asamblea Legislativa, aprobar dicha ley de\n\u201cimpunidad\u201d. <\/p>\n<!-- \/wp:paragraph -->\n\n<!-- wp:paragraph -->\n<p>El equipo de JPIC\nfranciscano, ha estado acompa\u00f1ando a las organizaciones defensoras de Derechos\nHumanos; en estos d\u00edas, estamos atentos a que no se apruebe de forma\nprecipitada, antes del 28 de febrero del 2020, una ley que favorezca a los\nvictimarios, con la excusa que el plazo dado por la Sala de lo Constitucional a\nla Asamblea Legislativa est\u00e1 por finalizar. Se hace evidente que en todo este\nproceso no se ha querido, intencionalmente, escuchar a las v\u00edctimas, ni mucho\nmenos, han retomado la propuesta de ley realizada por las organizaciones\ndefensoras de DDHH, la cual propone una ley de la reconciliaci\u00f3n, que incluye: <strong>verdad,\njusticia, resarcir los da\u00f1os y seguridad de no repetici\u00f3n.<\/strong><\/p>\n<!-- \/wp:paragraph -->\n\n<!-- wp:paragraph -->\n<p>En esta lucha por\nla verdad y la justicia, la comisi\u00f3n de JPIC est\u00e1 unida al clamor de una ley\ndesde las v\u00edctimas, que propicie caminos de paz, donde no se busque la\nvenganza, sino que la verdad, la reconciliaci\u00f3n y la justicia plasmadas en una\nley, nos permitan reconstruir esta sociedad, desde el cuidado y defensa de los m\u00e1s\nfr\u00e1giles y afectados por el mismo sistema pol\u00edtico, econ\u00f3mico y militar del\npa\u00eds. Adem\u00e1s, mantener viva la memoria hist\u00f3rica desde las v\u00edctimas, contribuye\na que la verdad sea conocida por las nuevas generaciones.<\/p>\n<!-- \/wp:paragraph -->\n\n<!-- wp:gallery {\"ids\":[6825,6807,6819,6813]} -->\n<figure class=\"wp-block-gallery columns-3 is-cropped\"><ul class=\"blocks-gallery-grid\"><li class=\"blocks-gallery-item\"><figure><img src=\"http:\/\/www.ofmjpic.org\/wp-content\/uploads\/2020\/02\/86709296_3540996615972472_5980846009557712896_o.jpg\" alt=\"\" data-id=\"6825\" data-full-url=\"http:\/\/www.ofmjpic.org\/wp-content\/uploads\/2020\/02\/86709296_3540996615972472_5980846009557712896_o.jpg\" data-link=\"http:\/\/www.ofmjpic.org\/86709296_3540996615972472_5980846009557712896_o\/\" class=\"wp-image-6825\"\/><\/figure><\/li><li class=\"blocks-gallery-item\"><figure><img src=\"http:\/\/www.ofmjpic.org\/wp-content\/uploads\/2020\/02\/83998840_3540997382639062_6016917760544604160_o.jpg\" alt=\"\" data-id=\"6807\" data-full-url=\"http:\/\/www.ofmjpic.org\/wp-content\/uploads\/2020\/02\/83998840_3540997382639062_6016917760544604160_o.jpg\" data-link=\"http:\/\/www.ofmjpic.org\/83998840_3540997382639062_6016917760544604160_o\/\" class=\"wp-image-6807\"\/><\/figure><\/li><li class=\"blocks-gallery-item\"><figure><img src=\"http:\/\/www.ofmjpic.org\/wp-content\/uploads\/2020\/02\/84397515_3540997829305684_3655974117674319872_o.jpg\" alt=\"\" data-id=\"6819\" data-full-url=\"http:\/\/www.ofmjpic.org\/wp-content\/uploads\/2020\/02\/84397515_3540997829305684_3655974117674319872_o.jpg\" data-link=\"http:\/\/www.ofmjpic.org\/84397515_3540997829305684_3655974117674319872_o\/\" class=\"wp-image-6819\"\/><\/figure><\/li><li class=\"blocks-gallery-item\"><figure><img src=\"http:\/\/www.ofmjpic.org\/wp-content\/uploads\/2020\/02\/84151661_3540996799305787_6218406023703560192_o.jpg\" alt=\"\" data-id=\"6813\" data-full-url=\"http:\/\/www.ofmjpic.org\/wp-content\/uploads\/2020\/02\/84151661_3540996799305787_6218406023703560192_o.jpg\" data-link=\"http:\/\/www.ofmjpic.org\/84151661_3540996799305787_6218406023703560192_o\/\" class=\"wp-image-6813\"\/><\/figure><\/li><\/ul><\/figure>\n<!-- \/wp:gallery -->\n\n<!-- wp:paragraph {\"align\":\"right\"} -->\n<p class=\"has-text-align-right\"><strong>Fr. Ren\u00e9 Arturo Flores, OFM<\/strong><br>Equipo JPIC- El Salvador<br>Provincia Nuestra Se\u00f1ora de Guadalupe<\/p>\n<!-- \/wp:paragraph -->\n\n<!-- wp:paragraph -->\n<p><em>Fotos: Asociaci\u00f3n Pro-Busqueda<\/em><\/p>\n<!-- \/wp:paragraph -->","_et_gb_content_width":"","footnotes":""},"categories":[961,381,539],"tags":[85,540,519,541,276,542,86,543],"class_list":["post-7013","post","type-post","status-publish","format-standard","has-post-thumbnail","hentry","category-notizie","category-pace","category-paz-it","tag-giustizia","tag-justicia-it","tag-memoria","tag-memoria-it","tag-ofmgpic","tag-ofmjpic-it","tag-pace","tag-paz-it"],"acf":[],"yoast_head":"<!-- This site is optimized with the Yoast SEO plugin v28.4 - https:\/\/yoast.com\/product\/yoast-seo-wordpress\/ -->\n<title>El Salvador chiede una legge per le vittime - OFM JPIC<\/title>\n<meta name=\"robots\" content=\"index, follow, max-snippet:-1, max-image-preview:large, max-video-preview:-1\" \/>\n<link rel=\"canonical\" href=\"https:\/\/ofmjpic.org\/it\/el-salvador-chiede-una-legge-per-le-vittime\/\" \/>\n<meta property=\"og:locale\" content=\"it_IT\" \/>\n<meta property=\"og:type\" content=\"article\" \/>\n<meta property=\"og:title\" content=\"El Salvador chiede una legge per le vittime - OFM JPIC\" \/>\n<meta property=\"og:description\" content=\"\u00c8 chiaro che lungo tutto il corso di questo processo non si \u00e8 voluto, intenzionalmente, ascoltare le vittime, n\u00e9 tanto meno si \u00e8 ripresa la proposta di legge fatta dalle organizzazioni per la difesa dei Diritti Umani, la quale propone una legge di riconciliazione che comprende: verit\u00e0, giustizia, risarcimento dei danni e certezza che non si ripeta.\" \/>\n<meta property=\"og:url\" content=\"https:\/\/ofmjpic.org\/it\/el-salvador-chiede-una-legge-per-le-vittime\/\" \/>\n<meta property=\"og:site_name\" content=\"OFM JPIC\" \/>\n<meta property=\"article:publisher\" content=\"https:\/\/www.facebook.com\/ofmjpic\/\" \/>\n<meta property=\"article:published_time\" content=\"2020-02-19T08:47:31+00:00\" \/>\n<meta property=\"article:modified_time\" content=\"2020-02-28T09:18:48+00:00\" \/>\n<meta property=\"og:image\" content=\"https:\/\/ofmjpic.org\/wp-content\/uploads\/2020\/02\/85123158_3540998585972275_827199783402733568_o.jpg\" \/>\n\t<meta property=\"og:image:width\" content=\"960\" \/>\n\t<meta property=\"og:image:height\" content=\"640\" \/>\n\t<meta property=\"og:image:type\" content=\"image\/jpeg\" \/>\n<meta name=\"author\" content=\"Jaime Campos\" \/>\n<meta name=\"twitter:card\" content=\"summary_large_image\" \/>\n<meta name=\"twitter:label1\" content=\"Scritto da\" \/>\n\t<meta name=\"twitter:data1\" content=\"Jaime Campos\" \/>\n\t<meta name=\"twitter:label2\" content=\"Tempo di lettura stimato\" \/>\n\t<meta name=\"twitter:data2\" content=\"3 minuti\" \/>\n<script type=\"application\/ld+json\" class=\"yoast-schema-graph\">{\"@context\":\"https:\\\/\\\/schema.org\",\"@graph\":[{\"@type\":\"Article\",\"@id\":\"https:\\\/\\\/ofmjpic.org\\\/it\\\/el-salvador-chiede-una-legge-per-le-vittime\\\/#article\",\"isPartOf\":{\"@id\":\"https:\\\/\\\/ofmjpic.org\\\/it\\\/el-salvador-chiede-una-legge-per-le-vittime\\\/\"},\"author\":{\"name\":\"Jaime Campos\",\"@id\":\"https:\\\/\\\/ofmjpic.org\\\/it\\\/#\\\/schema\\\/person\\\/b94707ec5fc5af84d2d88e5f946184fb\"},\"headline\":\"El Salvador chiede una legge per le vittime\",\"datePublished\":\"2020-02-19T08:47:31+00:00\",\"dateModified\":\"2020-02-28T09:18:48+00:00\",\"mainEntityOfPage\":{\"@id\":\"https:\\\/\\\/ofmjpic.org\\\/it\\\/el-salvador-chiede-una-legge-per-le-vittime\\\/\"},\"wordCount\":542,\"commentCount\":0,\"publisher\":{\"@id\":\"https:\\\/\\\/ofmjpic.org\\\/it\\\/#organization\"},\"image\":{\"@id\":\"https:\\\/\\\/ofmjpic.org\\\/it\\\/el-salvador-chiede-una-legge-per-le-vittime\\\/#primaryimage\"},\"thumbnailUrl\":\"https:\\\/\\\/ofmjpic.org\\\/wp-content\\\/uploads\\\/2020\\\/02\\\/85123158_3540998585972275_827199783402733568_o.jpg\",\"keywords\":[\"Giustizia\",\"Justicia\",\"memoria\",\"memoria\",\"ofmgpic\",\"ofmjpic\",\"Pace\",\"Paz\"],\"articleSection\":[\"Notizie\",\"Pace\",\"Paz\"],\"inLanguage\":\"it-IT\",\"potentialAction\":[{\"@type\":\"CommentAction\",\"name\":\"Comment\",\"target\":[\"https:\\\/\\\/ofmjpic.org\\\/it\\\/el-salvador-chiede-una-legge-per-le-vittime\\\/#respond\"]}]},{\"@type\":\"WebPage\",\"@id\":\"https:\\\/\\\/ofmjpic.org\\\/it\\\/el-salvador-chiede-una-legge-per-le-vittime\\\/\",\"url\":\"https:\\\/\\\/ofmjpic.org\\\/it\\\/el-salvador-chiede-una-legge-per-le-vittime\\\/\",\"name\":\"El Salvador chiede una legge per le vittime - OFM JPIC\",\"isPartOf\":{\"@id\":\"https:\\\/\\\/ofmjpic.org\\\/it\\\/#website\"},\"primaryImageOfPage\":{\"@id\":\"https:\\\/\\\/ofmjpic.org\\\/it\\\/el-salvador-chiede-una-legge-per-le-vittime\\\/#primaryimage\"},\"image\":{\"@id\":\"https:\\\/\\\/ofmjpic.org\\\/it\\\/el-salvador-chiede-una-legge-per-le-vittime\\\/#primaryimage\"},\"thumbnailUrl\":\"https:\\\/\\\/ofmjpic.org\\\/wp-content\\\/uploads\\\/2020\\\/02\\\/85123158_3540998585972275_827199783402733568_o.jpg\",\"datePublished\":\"2020-02-19T08:47:31+00:00\",\"dateModified\":\"2020-02-28T09:18:48+00:00\",\"breadcrumb\":{\"@id\":\"https:\\\/\\\/ofmjpic.org\\\/it\\\/el-salvador-chiede-una-legge-per-le-vittime\\\/#breadcrumb\"},\"inLanguage\":\"it-IT\",\"potentialAction\":[{\"@type\":\"ReadAction\",\"target\":[\"https:\\\/\\\/ofmjpic.org\\\/it\\\/el-salvador-chiede-una-legge-per-le-vittime\\\/\"]}]},{\"@type\":\"ImageObject\",\"inLanguage\":\"it-IT\",\"@id\":\"https:\\\/\\\/ofmjpic.org\\\/it\\\/el-salvador-chiede-una-legge-per-le-vittime\\\/#primaryimage\",\"url\":\"https:\\\/\\\/ofmjpic.org\\\/wp-content\\\/uploads\\\/2020\\\/02\\\/85123158_3540998585972275_827199783402733568_o.jpg\",\"contentUrl\":\"https:\\\/\\\/ofmjpic.org\\\/wp-content\\\/uploads\\\/2020\\\/02\\\/85123158_3540998585972275_827199783402733568_o.jpg\",\"width\":960,\"height\":640},{\"@type\":\"BreadcrumbList\",\"@id\":\"https:\\\/\\\/ofmjpic.org\\\/it\\\/el-salvador-chiede-una-legge-per-le-vittime\\\/#breadcrumb\",\"itemListElement\":[{\"@type\":\"ListItem\",\"position\":1,\"name\":\"Portada\",\"item\":\"https:\\\/\\\/ofmjpic.org\\\/it\\\/\"},{\"@type\":\"ListItem\",\"position\":2,\"name\":\"El Salvador chiede una legge per le vittime\"}]},{\"@type\":\"WebSite\",\"@id\":\"https:\\\/\\\/ofmjpic.org\\\/it\\\/#website\",\"url\":\"https:\\\/\\\/ofmjpic.org\\\/it\\\/\",\"name\":\"OFM Justice, Peace and Integrity of Creation\",\"description\":\"\",\"publisher\":{\"@id\":\"https:\\\/\\\/ofmjpic.org\\\/it\\\/#organization\"},\"potentialAction\":[{\"@type\":\"SearchAction\",\"target\":{\"@type\":\"EntryPoint\",\"urlTemplate\":\"https:\\\/\\\/ofmjpic.org\\\/it\\\/?s={search_term_string}\"},\"query-input\":{\"@type\":\"PropertyValueSpecification\",\"valueRequired\":true,\"valueName\":\"search_term_string\"}}],\"inLanguage\":\"it-IT\"},{\"@type\":\"Organization\",\"@id\":\"https:\\\/\\\/ofmjpic.org\\\/it\\\/#organization\",\"name\":\"General office for Justice, Peace and Integrity of Creation\",\"url\":\"https:\\\/\\\/ofmjpic.org\\\/it\\\/\",\"logo\":{\"@type\":\"ImageObject\",\"inLanguage\":\"it-IT\",\"@id\":\"https:\\\/\\\/ofmjpic.org\\\/it\\\/#\\\/schema\\\/logo\\\/image\\\/\",\"url\":\"https:\\\/\\\/ofmjpic.org\\\/wp-content\\\/uploads\\\/2018\\\/08\\\/ES_JPIC_Logo_.png\",\"contentUrl\":\"https:\\\/\\\/ofmjpic.org\\\/wp-content\\\/uploads\\\/2018\\\/08\\\/ES_JPIC_Logo_.png\",\"width\":3957,\"height\":4082,\"caption\":\"General office for Justice, Peace and Integrity of Creation\"},\"image\":{\"@id\":\"https:\\\/\\\/ofmjpic.org\\\/it\\\/#\\\/schema\\\/logo\\\/image\\\/\"},\"sameAs\":[\"https:\\\/\\\/www.facebook.com\\\/ofmjpic\\\/\",\"https:\\\/\\\/www.instagram.com\\\/ofmjpic\\\/\"]},{\"@type\":\"Person\",\"@id\":\"https:\\\/\\\/ofmjpic.org\\\/it\\\/#\\\/schema\\\/person\\\/b94707ec5fc5af84d2d88e5f946184fb\",\"name\":\"Jaime Campos\",\"url\":\"https:\\\/\\\/ofmjpic.org\\\/it\\\/author\\\/jcampos\\\/\"}]}<\/script>\n<!-- \/ Yoast SEO plugin. -->","yoast_head_json":{"title":"El Salvador chiede una legge per le vittime - OFM JPIC","robots":{"index":"index","follow":"follow","max-snippet":"max-snippet:-1","max-image-preview":"max-image-preview:large","max-video-preview":"max-video-preview:-1"},"canonical":"https:\/\/ofmjpic.org\/it\/el-salvador-chiede-una-legge-per-le-vittime\/","og_locale":"it_IT","og_type":"article","og_title":"El Salvador chiede una legge per le vittime - OFM JPIC","og_description":"\u00c8 chiaro che lungo tutto il corso di questo processo non si \u00e8 voluto, intenzionalmente, ascoltare le vittime, n\u00e9 tanto meno si \u00e8 ripresa la proposta di legge fatta dalle organizzazioni per la difesa dei Diritti Umani, la quale propone una legge di riconciliazione che comprende: verit\u00e0, giustizia, risarcimento dei danni e certezza che non si ripeta.","og_url":"https:\/\/ofmjpic.org\/it\/el-salvador-chiede-una-legge-per-le-vittime\/","og_site_name":"OFM JPIC","article_publisher":"https:\/\/www.facebook.com\/ofmjpic\/","article_published_time":"2020-02-19T08:47:31+00:00","article_modified_time":"2020-02-28T09:18:48+00:00","og_image":[{"width":960,"height":640,"url":"https:\/\/ofmjpic.org\/wp-content\/uploads\/2020\/02\/85123158_3540998585972275_827199783402733568_o.jpg","type":"image\/jpeg"}],"author":"Jaime Campos","twitter_card":"summary_large_image","twitter_misc":{"Scritto da":"Jaime Campos","Tempo di lettura stimato":"3 minuti"},"schema":{"@context":"https:\/\/schema.org","@graph":[{"@type":"Article","@id":"https:\/\/ofmjpic.org\/it\/el-salvador-chiede-una-legge-per-le-vittime\/#article","isPartOf":{"@id":"https:\/\/ofmjpic.org\/it\/el-salvador-chiede-una-legge-per-le-vittime\/"},"author":{"name":"Jaime Campos","@id":"https:\/\/ofmjpic.org\/it\/#\/schema\/person\/b94707ec5fc5af84d2d88e5f946184fb"},"headline":"El Salvador chiede una legge per le vittime","datePublished":"2020-02-19T08:47:31+00:00","dateModified":"2020-02-28T09:18:48+00:00","mainEntityOfPage":{"@id":"https:\/\/ofmjpic.org\/it\/el-salvador-chiede-una-legge-per-le-vittime\/"},"wordCount":542,"commentCount":0,"publisher":{"@id":"https:\/\/ofmjpic.org\/it\/#organization"},"image":{"@id":"https:\/\/ofmjpic.org\/it\/el-salvador-chiede-una-legge-per-le-vittime\/#primaryimage"},"thumbnailUrl":"https:\/\/ofmjpic.org\/wp-content\/uploads\/2020\/02\/85123158_3540998585972275_827199783402733568_o.jpg","keywords":["Giustizia","Justicia","memoria","memoria","ofmgpic","ofmjpic","Pace","Paz"],"articleSection":["Notizie","Pace","Paz"],"inLanguage":"it-IT","potentialAction":[{"@type":"CommentAction","name":"Comment","target":["https:\/\/ofmjpic.org\/it\/el-salvador-chiede-una-legge-per-le-vittime\/#respond"]}]},{"@type":"WebPage","@id":"https:\/\/ofmjpic.org\/it\/el-salvador-chiede-una-legge-per-le-vittime\/","url":"https:\/\/ofmjpic.org\/it\/el-salvador-chiede-una-legge-per-le-vittime\/","name":"El Salvador chiede una legge per le vittime - OFM JPIC","isPartOf":{"@id":"https:\/\/ofmjpic.org\/it\/#website"},"primaryImageOfPage":{"@id":"https:\/\/ofmjpic.org\/it\/el-salvador-chiede-una-legge-per-le-vittime\/#primaryimage"},"image":{"@id":"https:\/\/ofmjpic.org\/it\/el-salvador-chiede-una-legge-per-le-vittime\/#primaryimage"},"thumbnailUrl":"https:\/\/ofmjpic.org\/wp-content\/uploads\/2020\/02\/85123158_3540998585972275_827199783402733568_o.jpg","datePublished":"2020-02-19T08:47:31+00:00","dateModified":"2020-02-28T09:18:48+00:00","breadcrumb":{"@id":"https:\/\/ofmjpic.org\/it\/el-salvador-chiede-una-legge-per-le-vittime\/#breadcrumb"},"inLanguage":"it-IT","potentialAction":[{"@type":"ReadAction","target":["https:\/\/ofmjpic.org\/it\/el-salvador-chiede-una-legge-per-le-vittime\/"]}]},{"@type":"ImageObject","inLanguage":"it-IT","@id":"https:\/\/ofmjpic.org\/it\/el-salvador-chiede-una-legge-per-le-vittime\/#primaryimage","url":"https:\/\/ofmjpic.org\/wp-content\/uploads\/2020\/02\/85123158_3540998585972275_827199783402733568_o.jpg","contentUrl":"https:\/\/ofmjpic.org\/wp-content\/uploads\/2020\/02\/85123158_3540998585972275_827199783402733568_o.jpg","width":960,"height":640},{"@type":"BreadcrumbList","@id":"https:\/\/ofmjpic.org\/it\/el-salvador-chiede-una-legge-per-le-vittime\/#breadcrumb","itemListElement":[{"@type":"ListItem","position":1,"name":"Portada","item":"https:\/\/ofmjpic.org\/it\/"},{"@type":"ListItem","position":2,"name":"El Salvador chiede una legge per le vittime"}]},{"@type":"WebSite","@id":"https:\/\/ofmjpic.org\/it\/#website","url":"https:\/\/ofmjpic.org\/it\/","name":"OFM Justice, Peace and Integrity of Creation","description":"","publisher":{"@id":"https:\/\/ofmjpic.org\/it\/#organization"},"potentialAction":[{"@type":"SearchAction","target":{"@type":"EntryPoint","urlTemplate":"https:\/\/ofmjpic.org\/it\/?s={search_term_string}"},"query-input":{"@type":"PropertyValueSpecification","valueRequired":true,"valueName":"search_term_string"}}],"inLanguage":"it-IT"},{"@type":"Organization","@id":"https:\/\/ofmjpic.org\/it\/#organization","name":"General office for Justice, Peace and Integrity of Creation","url":"https:\/\/ofmjpic.org\/it\/","logo":{"@type":"ImageObject","inLanguage":"it-IT","@id":"https:\/\/ofmjpic.org\/it\/#\/schema\/logo\/image\/","url":"https:\/\/ofmjpic.org\/wp-content\/uploads\/2018\/08\/ES_JPIC_Logo_.png","contentUrl":"https:\/\/ofmjpic.org\/wp-content\/uploads\/2018\/08\/ES_JPIC_Logo_.png","width":3957,"height":4082,"caption":"General office for Justice, Peace and Integrity of Creation"},"image":{"@id":"https:\/\/ofmjpic.org\/it\/#\/schema\/logo\/image\/"},"sameAs":["https:\/\/www.facebook.com\/ofmjpic\/","https:\/\/www.instagram.com\/ofmjpic\/"]},{"@type":"Person","@id":"https:\/\/ofmjpic.org\/it\/#\/schema\/person\/b94707ec5fc5af84d2d88e5f946184fb","name":"Jaime Campos","url":"https:\/\/ofmjpic.org\/it\/author\/jcampos\/"}]}},"_links":{"self":[{"href":"https:\/\/ofmjpic.org\/it\/wp-json\/wp\/v2\/posts\/7013","targetHints":{"allow":["GET"]}}],"collection":[{"href":"https:\/\/ofmjpic.org\/it\/wp-json\/wp\/v2\/posts"}],"about":[{"href":"https:\/\/ofmjpic.org\/it\/wp-json\/wp\/v2\/types\/post"}],"author":[{"embeddable":true,"href":"https:\/\/ofmjpic.org\/it\/wp-json\/wp\/v2\/users\/4"}],"replies":[{"embeddable":true,"href":"https:\/\/ofmjpic.org\/it\/wp-json\/wp\/v2\/comments?post=7013"}],"version-history":[{"count":0,"href":"https:\/\/ofmjpic.org\/it\/wp-json\/wp\/v2\/posts\/7013\/revisions"}],"wp:featuredmedia":[{"embeddable":true,"href":"https:\/\/ofmjpic.org\/it\/wp-json\/wp\/v2\/media\/6824"}],"wp:attachment":[{"href":"https:\/\/ofmjpic.org\/it\/wp-json\/wp\/v2\/media?parent=7013"}],"wp:term":[{"taxonomy":"category","embeddable":true,"href":"https:\/\/ofmjpic.org\/it\/wp-json\/wp\/v2\/categories?post=7013"},{"taxonomy":"post_tag","embeddable":true,"href":"https:\/\/ofmjpic.org\/it\/wp-json\/wp\/v2\/tags?post=7013"}],"curies":[{"name":"wp","href":"https:\/\/api.w.org\/{rel}","templated":true}]}}