{"id":5799,"date":"2020-01-15T11:24:00","date_gmt":"2020-01-15T11:24:00","guid":{"rendered":"http:\/\/www.ofmjpic.org\/?p=5799"},"modified":"2020-01-20T11:28:43","modified_gmt":"2020-01-20T11:28:43","slug":"fr-michael-perry-le-sfide-di-gpicper-lordine-dei-frati-minori-oggi","status":"publish","type":"post","link":"https:\/\/ofmjpic.org\/it\/fr-michael-perry-le-sfide-di-gpicper-lordine-dei-frati-minori-oggi\/","title":{"rendered":"Fr. Michael Perry: Le Sfide Di GPICPer l&#8217;Ordine dei Frati Minori Oggi"},"content":{"rendered":"\n<h4 class=\"wp-block-heading\">Miei cari fratelli (e sorelle), il Signore vi dia pace!<\/h4>\n\n\n\n<p class=\"wp-block-paragraph\">\u00c8 una grande\ngioia e onore per me condividere oggi con voi alcune riflessioni sulle sfide\nche noi frati dell&#8217;Ordine, in realt\u00e0 tutti i cristiani, affrontiamo nel\nmisurarci con le condizioni di ci\u00f2 che significa essere discepoli di Ges\u00f9\nCristo, membri della Chiesa, della comunit\u00e0 umana e portatori della gioia del\nVangelo (Documento finale, Capitolo generale OFM, 2015). Come il Documento\nFinale del Sinodo Speciale dei Vescovi del 1971, Giustizia nel Mondo, rende\nparticolarmente chiaro, il discepolato nella comunit\u00e0 di Ges\u00f9 e nella Chiesa\nimplica necessariamente che noi abbracciamo una comprensione integrale della\nfede. Nel 1971, i Vescovi proclamarono che la giustizia \u00e8 una dimensione\nintrinseca della fede, dell&#8217;evangelizzazione. Mentre alcuni nella Chiesa hanno\ntentato di indebolire questa dichiarazione radicale, un numero crescente di\ncristiani, di Frati e altri membri del movimento Francescano stanno aprendo le\nloro menti e i loro cuori ad una visione molto pi\u00f9 ampia e pi\u00f9 integrale del\npunto d&#8217;incontro &#8211; meglio ancora &#8211; dell&#8217;inseparabilit\u00e0 tra fede e sviluppo umano,\nsolidariet\u00e0 e giustizia applicate alle realt\u00e0 sia sociali che naturali.<\/p>\n\n\n\n<div class=\"wp-block-image\"><figure class=\"alignleft size-large\"><a href=\"http:\/\/www.ofmjpic.org\/wp-content\/uploads\/2019\/12\/IT_Presentacion-OFM_comprimido.pdf\" target=\"_blank\" rel=\"noreferrer noopener\"><img loading=\"lazy\" decoding=\"async\" width=\"331\" height=\"463\" src=\"http:\/\/www.ofmjpic.org\/wp-content\/uploads\/2020\/01\/Schermata-2020-01-20-alle-12.09.36.png\" alt=\"\" class=\"wp-image-5788\" srcset=\"https:\/\/ofmjpic.org\/wp-content\/uploads\/2020\/01\/Schermata-2020-01-20-alle-12.09.36.png 331w, https:\/\/ofmjpic.org\/wp-content\/uploads\/2020\/01\/Schermata-2020-01-20-alle-12.09.36-214x300.png 214w\" sizes=\"(max-width: 331px) 100vw, 331px\" \/><\/a><\/figure><\/div>\n\n\n\n<p class=\"wp-block-paragraph\">Alcuni recenti\ntentativi da pare della gerarchia della Chiesa e di fedeli hanno cercato di\ncreare una separazione tra <em>caritas<\/em> e <em>iustitia<\/em>, ma questi\ntentativi sono stati perlopi\u00f9 disattesi. Eppure, troppi cristiani, inclusi\nFrati e altri religiosi, non riconoscono la chiamata biblica ed ecclesiale ad\nabbracciare una pi\u00f9 ampia visione del sogno di Dio per l&#8217;umanit\u00e0, e delle\nresponsabilit\u00e0 per la promozione di un mondo che pratichi la giustizia, la\nmisericordia, la verit\u00e0, la pace, la solidariet\u00e0 e la cura del creato \u2013 visione\npromossa da Papa Francesco nell\u2019enciclica intitolata <em>Laudato si\u2019<\/em>. Spero\nche ci\u00f2 che ora condivido con voi vi incoraggi a guardare oltre le preoccupanti\nsfide di cercare di convincere i cristiani che faticano a capire e ad\nabbracciare l&#8217;unit\u00e0 spirituale che esiste tra Credo &#8211; io credo &#8211; e Prassi &#8211;\nquindi io amo -.<\/p>\n\n\n\n<p class=\"wp-block-paragraph\">Quando\napplicato al concetto di una visione francescana della natura intrinseca di\nGPIC al lavoro per la costruzione della nostra identit\u00e0, il DNA dell&#8217;identit\u00e0\nfrancescana serve come strumento per dare forma ed espressione ad ogni\npensiero, ogni azione condotta dai francescani ovunque nel mondo. Quando\nFrancesco d&#8217;Assisi incontr\u00f2 quelli che erano socialmente esclusi, emarginati,\nquelli che erano poveri, i lebbrosi, riconobbe che Dio era presente in quei\nfratelli e sorelle. Al contrario, quando si ritirava in solitudine per pregare\ne riflettere sulla sua relazione con Dio, sentiva anche la presenza di tutta l&#8217;umanit\u00e0\ne del creato esistenti, specialmente la sofferenza dell&#8217;umanit\u00e0 e del creato. \u00c8\nper questo motivo che i francescani che vivono e lavorano in Indonesia, Sud\nSudan, Italia, Canada, Per\u00f9, Polonia, Brasile o in qualsiasi altra parte del\nmondo, dovrebbero tutti cercare di dare pubblica espressione alla verit\u00e0 della\nloro identit\u00e0 di Frati Minori o di membri del movimento\/famiglia francescana.<\/p>\n\n\n\n<p class=\"wp-block-paragraph\">Rivolgiamo la nostra attenzione ad alcune sfide pratiche, molto specifiche, che l&#8217;Ordine dei Frati minori affronta nel tentativo di comprendere e integrare i valori trasversali di GPIC nella vita spirituale, fraterna e missionaria\/pastorale di tutti i giorni. Quanto segue non intende essere esaustivo, ma piuttosto illustrativo&#8230;<\/p>\n\n\n\n<p class=\"wp-block-paragraph\"><\/p>\n\n\n\n<div class=\"wp-block-file aligncenter\"><a href=\"http:\/\/www.ofmjpic.org\/wp-content\/uploads\/2019\/12\/IT_Presentacion-OFM_comprimido.pdf\"><strong>Messaggio completo<\/strong><\/a><a href=\"http:\/\/www.ofmjpic.org\/wp-content\/uploads\/2019\/12\/IT_Presentacion-OFM_comprimido.pdf\" class=\"wp-block-file__button\" download>Descarga<\/a><\/div>\n\n\n\n<p class=\"wp-block-paragraph\"><\/p>\n","protected":false},"excerpt":{"rendered":"<p>\u00c8 una grande gioia e onore per me condividere oggi con voi alcune riflessioni sulle sfide che noi frati dell&#8217;Ordine, in realt\u00e0 tutti i cristiani, affrontiamo nel misurarci con le condizioni di ci\u00f2 che significa essere discepoli di Ges\u00f9 Cristo, membri della Chiesa, della comunit\u00e0 umana e portatori della gioia del Vangelo<\/p>\n","protected":false},"author":4,"featured_media":5782,"comment_status":"open","ping_status":"open","sticky":true,"template":"","format":"standard","meta":{"_acf_changed":false,"_et_pb_use_builder":"off","_et_pb_old_content":"","_et_gb_content_width":"","footnotes":""},"categories":[641,126,961],"tags":[105,554,903,437,276,542,473],"class_list":["post-5799","post","type-post","status-publish","format-standard","has-post-thumbnail","hentry","category-formacion-it","category-formazione","category-notizie","tag-corso","tag-jpic-it","tag-ministro-it","tag-ministro-generale","tag-ofmgpic","tag-ofmjpic-it","tag-sfide"],"acf":[],"yoast_head":"<!-- This site is optimized with the Yoast SEO plugin v28.4 - https:\/\/yoast.com\/product\/yoast-seo-wordpress\/ -->\n<title>Fr. Michael Perry: Le Sfide Di GPICPer l&#039;Ordine dei Frati Minori Oggi - OFM JPIC<\/title>\n<meta name=\"robots\" content=\"index, follow, max-snippet:-1, max-image-preview:large, max-video-preview:-1\" \/>\n<link rel=\"canonical\" href=\"https:\/\/ofmjpic.org\/it\/fr-michael-perry-le-sfide-di-gpicper-lordine-dei-frati-minori-oggi\/\" \/>\n<meta property=\"og:locale\" content=\"it_IT\" \/>\n<meta property=\"og:type\" content=\"article\" \/>\n<meta property=\"og:title\" content=\"Fr. Michael Perry: Le Sfide Di GPICPer l&#039;Ordine dei Frati Minori Oggi - OFM JPIC\" \/>\n<meta property=\"og:description\" content=\"\u00c8 una grande gioia e onore per me condividere oggi con voi alcune riflessioni sulle sfide che noi frati dell&#039;Ordine, in realt\u00e0 tutti i cristiani, affrontiamo nel misurarci con le condizioni di ci\u00f2 che significa essere discepoli di Ges\u00f9 Cristo, membri della Chiesa, della comunit\u00e0 umana e portatori della gioia del Vangelo\" \/>\n<meta property=\"og:url\" content=\"https:\/\/ofmjpic.org\/it\/fr-michael-perry-le-sfide-di-gpicper-lordine-dei-frati-minori-oggi\/\" \/>\n<meta property=\"og:site_name\" content=\"OFM JPIC\" \/>\n<meta property=\"article:publisher\" content=\"https:\/\/www.facebook.com\/ofmjpic\/\" \/>\n<meta property=\"article:published_time\" content=\"2020-01-15T11:24:00+00:00\" \/>\n<meta property=\"article:modified_time\" content=\"2020-01-20T11:28:43+00:00\" \/>\n<meta property=\"og:image\" content=\"https:\/\/ofmjpic.org\/wp-content\/uploads\/2020\/01\/Schermata-2020-01-20-alle-12.06.49.png\" \/>\n\t<meta property=\"og:image:width\" content=\"687\" \/>\n\t<meta property=\"og:image:height\" content=\"425\" \/>\n\t<meta property=\"og:image:type\" content=\"image\/png\" \/>\n<meta name=\"author\" content=\"Jaime Campos\" \/>\n<meta name=\"twitter:card\" content=\"summary_large_image\" \/>\n<meta name=\"twitter:label1\" content=\"Scritto da\" \/>\n\t<meta name=\"twitter:data1\" content=\"Jaime Campos\" \/>\n\t<meta name=\"twitter:label2\" content=\"Tempo di lettura stimato\" \/>\n\t<meta name=\"twitter:data2\" content=\"3 minuti\" \/>\n<script type=\"application\/ld+json\" class=\"yoast-schema-graph\">{\"@context\":\"https:\\\/\\\/schema.org\",\"@graph\":[{\"@type\":\"Article\",\"@id\":\"https:\\\/\\\/ofmjpic.org\\\/it\\\/fr-michael-perry-le-sfide-di-gpicper-lordine-dei-frati-minori-oggi\\\/#article\",\"isPartOf\":{\"@id\":\"https:\\\/\\\/ofmjpic.org\\\/it\\\/fr-michael-perry-le-sfide-di-gpicper-lordine-dei-frati-minori-oggi\\\/\"},\"author\":{\"name\":\"Jaime Campos\",\"@id\":\"https:\\\/\\\/ofmjpic.org\\\/it\\\/#\\\/schema\\\/person\\\/b94707ec5fc5af84d2d88e5f946184fb\"},\"headline\":\"Fr. Michael Perry: Le Sfide Di GPICPer l&#8217;Ordine dei Frati Minori Oggi\",\"datePublished\":\"2020-01-15T11:24:00+00:00\",\"dateModified\":\"2020-01-20T11:28:43+00:00\",\"mainEntityOfPage\":{\"@id\":\"https:\\\/\\\/ofmjpic.org\\\/it\\\/fr-michael-perry-le-sfide-di-gpicper-lordine-dei-frati-minori-oggi\\\/\"},\"wordCount\":543,\"commentCount\":0,\"publisher\":{\"@id\":\"https:\\\/\\\/ofmjpic.org\\\/it\\\/#organization\"},\"image\":{\"@id\":\"https:\\\/\\\/ofmjpic.org\\\/it\\\/fr-michael-perry-le-sfide-di-gpicper-lordine-dei-frati-minori-oggi\\\/#primaryimage\"},\"thumbnailUrl\":\"https:\\\/\\\/ofmjpic.org\\\/wp-content\\\/uploads\\\/2020\\\/01\\\/Schermata-2020-01-20-alle-12.06.49.png\",\"keywords\":[\"Corso\",\"jpic\",\"Ministro\",\"Ministro generale\",\"ofmgpic\",\"ofmjpic\",\"sfide\"],\"articleSection\":[\"Formaci\u00f3n\",\"Formazione\",\"Notizie\"],\"inLanguage\":\"it-IT\",\"potentialAction\":[{\"@type\":\"CommentAction\",\"name\":\"Comment\",\"target\":[\"https:\\\/\\\/ofmjpic.org\\\/it\\\/fr-michael-perry-le-sfide-di-gpicper-lordine-dei-frati-minori-oggi\\\/#respond\"]}]},{\"@type\":\"WebPage\",\"@id\":\"https:\\\/\\\/ofmjpic.org\\\/it\\\/fr-michael-perry-le-sfide-di-gpicper-lordine-dei-frati-minori-oggi\\\/\",\"url\":\"https:\\\/\\\/ofmjpic.org\\\/it\\\/fr-michael-perry-le-sfide-di-gpicper-lordine-dei-frati-minori-oggi\\\/\",\"name\":\"Fr. Michael Perry: Le Sfide Di GPICPer l'Ordine dei Frati Minori Oggi - OFM JPIC\",\"isPartOf\":{\"@id\":\"https:\\\/\\\/ofmjpic.org\\\/it\\\/#website\"},\"primaryImageOfPage\":{\"@id\":\"https:\\\/\\\/ofmjpic.org\\\/it\\\/fr-michael-perry-le-sfide-di-gpicper-lordine-dei-frati-minori-oggi\\\/#primaryimage\"},\"image\":{\"@id\":\"https:\\\/\\\/ofmjpic.org\\\/it\\\/fr-michael-perry-le-sfide-di-gpicper-lordine-dei-frati-minori-oggi\\\/#primaryimage\"},\"thumbnailUrl\":\"https:\\\/\\\/ofmjpic.org\\\/wp-content\\\/uploads\\\/2020\\\/01\\\/Schermata-2020-01-20-alle-12.06.49.png\",\"datePublished\":\"2020-01-15T11:24:00+00:00\",\"dateModified\":\"2020-01-20T11:28:43+00:00\",\"breadcrumb\":{\"@id\":\"https:\\\/\\\/ofmjpic.org\\\/it\\\/fr-michael-perry-le-sfide-di-gpicper-lordine-dei-frati-minori-oggi\\\/#breadcrumb\"},\"inLanguage\":\"it-IT\",\"potentialAction\":[{\"@type\":\"ReadAction\",\"target\":[\"https:\\\/\\\/ofmjpic.org\\\/it\\\/fr-michael-perry-le-sfide-di-gpicper-lordine-dei-frati-minori-oggi\\\/\"]}]},{\"@type\":\"ImageObject\",\"inLanguage\":\"it-IT\",\"@id\":\"https:\\\/\\\/ofmjpic.org\\\/it\\\/fr-michael-perry-le-sfide-di-gpicper-lordine-dei-frati-minori-oggi\\\/#primaryimage\",\"url\":\"https:\\\/\\\/ofmjpic.org\\\/wp-content\\\/uploads\\\/2020\\\/01\\\/Schermata-2020-01-20-alle-12.06.49.png\",\"contentUrl\":\"https:\\\/\\\/ofmjpic.org\\\/wp-content\\\/uploads\\\/2020\\\/01\\\/Schermata-2020-01-20-alle-12.06.49.png\",\"width\":687,\"height\":425},{\"@type\":\"BreadcrumbList\",\"@id\":\"https:\\\/\\\/ofmjpic.org\\\/it\\\/fr-michael-perry-le-sfide-di-gpicper-lordine-dei-frati-minori-oggi\\\/#breadcrumb\",\"itemListElement\":[{\"@type\":\"ListItem\",\"position\":1,\"name\":\"Portada\",\"item\":\"https:\\\/\\\/ofmjpic.org\\\/it\\\/\"},{\"@type\":\"ListItem\",\"position\":2,\"name\":\"Fr. Michael Perry: Le Sfide Di GPICPer l&#8217;Ordine dei Frati Minori Oggi\"}]},{\"@type\":\"WebSite\",\"@id\":\"https:\\\/\\\/ofmjpic.org\\\/it\\\/#website\",\"url\":\"https:\\\/\\\/ofmjpic.org\\\/it\\\/\",\"name\":\"OFM Justice, Peace and Integrity of Creation\",\"description\":\"\",\"publisher\":{\"@id\":\"https:\\\/\\\/ofmjpic.org\\\/it\\\/#organization\"},\"potentialAction\":[{\"@type\":\"SearchAction\",\"target\":{\"@type\":\"EntryPoint\",\"urlTemplate\":\"https:\\\/\\\/ofmjpic.org\\\/it\\\/?s={search_term_string}\"},\"query-input\":{\"@type\":\"PropertyValueSpecification\",\"valueRequired\":true,\"valueName\":\"search_term_string\"}}],\"inLanguage\":\"it-IT\"},{\"@type\":\"Organization\",\"@id\":\"https:\\\/\\\/ofmjpic.org\\\/it\\\/#organization\",\"name\":\"General office for Justice, Peace and Integrity of Creation\",\"url\":\"https:\\\/\\\/ofmjpic.org\\\/it\\\/\",\"logo\":{\"@type\":\"ImageObject\",\"inLanguage\":\"it-IT\",\"@id\":\"https:\\\/\\\/ofmjpic.org\\\/it\\\/#\\\/schema\\\/logo\\\/image\\\/\",\"url\":\"https:\\\/\\\/ofmjpic.org\\\/wp-content\\\/uploads\\\/2018\\\/08\\\/ES_JPIC_Logo_.png\",\"contentUrl\":\"https:\\\/\\\/ofmjpic.org\\\/wp-content\\\/uploads\\\/2018\\\/08\\\/ES_JPIC_Logo_.png\",\"width\":3957,\"height\":4082,\"caption\":\"General office for Justice, Peace and Integrity of Creation\"},\"image\":{\"@id\":\"https:\\\/\\\/ofmjpic.org\\\/it\\\/#\\\/schema\\\/logo\\\/image\\\/\"},\"sameAs\":[\"https:\\\/\\\/www.facebook.com\\\/ofmjpic\\\/\",\"https:\\\/\\\/www.instagram.com\\\/ofmjpic\\\/\"]},{\"@type\":\"Person\",\"@id\":\"https:\\\/\\\/ofmjpic.org\\\/it\\\/#\\\/schema\\\/person\\\/b94707ec5fc5af84d2d88e5f946184fb\",\"name\":\"Jaime Campos\",\"url\":\"https:\\\/\\\/ofmjpic.org\\\/it\\\/author\\\/jcampos\\\/\"}]}<\/script>\n<!-- \/ Yoast SEO plugin. -->","yoast_head_json":{"title":"Fr. Michael Perry: Le Sfide Di GPICPer l'Ordine dei Frati Minori Oggi - OFM JPIC","robots":{"index":"index","follow":"follow","max-snippet":"max-snippet:-1","max-image-preview":"max-image-preview:large","max-video-preview":"max-video-preview:-1"},"canonical":"https:\/\/ofmjpic.org\/it\/fr-michael-perry-le-sfide-di-gpicper-lordine-dei-frati-minori-oggi\/","og_locale":"it_IT","og_type":"article","og_title":"Fr. Michael Perry: Le Sfide Di GPICPer l'Ordine dei Frati Minori Oggi - OFM JPIC","og_description":"\u00c8 una grande gioia e onore per me condividere oggi con voi alcune riflessioni sulle sfide che noi frati dell'Ordine, in realt\u00e0 tutti i cristiani, affrontiamo nel misurarci con le condizioni di ci\u00f2 che significa essere discepoli di Ges\u00f9 Cristo, membri della Chiesa, della comunit\u00e0 umana e portatori della gioia del Vangelo","og_url":"https:\/\/ofmjpic.org\/it\/fr-michael-perry-le-sfide-di-gpicper-lordine-dei-frati-minori-oggi\/","og_site_name":"OFM JPIC","article_publisher":"https:\/\/www.facebook.com\/ofmjpic\/","article_published_time":"2020-01-15T11:24:00+00:00","article_modified_time":"2020-01-20T11:28:43+00:00","og_image":[{"width":687,"height":425,"url":"https:\/\/ofmjpic.org\/wp-content\/uploads\/2020\/01\/Schermata-2020-01-20-alle-12.06.49.png","type":"image\/png"}],"author":"Jaime Campos","twitter_card":"summary_large_image","twitter_misc":{"Scritto da":"Jaime Campos","Tempo di lettura stimato":"3 minuti"},"schema":{"@context":"https:\/\/schema.org","@graph":[{"@type":"Article","@id":"https:\/\/ofmjpic.org\/it\/fr-michael-perry-le-sfide-di-gpicper-lordine-dei-frati-minori-oggi\/#article","isPartOf":{"@id":"https:\/\/ofmjpic.org\/it\/fr-michael-perry-le-sfide-di-gpicper-lordine-dei-frati-minori-oggi\/"},"author":{"name":"Jaime Campos","@id":"https:\/\/ofmjpic.org\/it\/#\/schema\/person\/b94707ec5fc5af84d2d88e5f946184fb"},"headline":"Fr. Michael Perry: Le Sfide Di GPICPer l&#8217;Ordine dei Frati Minori Oggi","datePublished":"2020-01-15T11:24:00+00:00","dateModified":"2020-01-20T11:28:43+00:00","mainEntityOfPage":{"@id":"https:\/\/ofmjpic.org\/it\/fr-michael-perry-le-sfide-di-gpicper-lordine-dei-frati-minori-oggi\/"},"wordCount":543,"commentCount":0,"publisher":{"@id":"https:\/\/ofmjpic.org\/it\/#organization"},"image":{"@id":"https:\/\/ofmjpic.org\/it\/fr-michael-perry-le-sfide-di-gpicper-lordine-dei-frati-minori-oggi\/#primaryimage"},"thumbnailUrl":"https:\/\/ofmjpic.org\/wp-content\/uploads\/2020\/01\/Schermata-2020-01-20-alle-12.06.49.png","keywords":["Corso","jpic","Ministro","Ministro generale","ofmgpic","ofmjpic","sfide"],"articleSection":["Formaci\u00f3n","Formazione","Notizie"],"inLanguage":"it-IT","potentialAction":[{"@type":"CommentAction","name":"Comment","target":["https:\/\/ofmjpic.org\/it\/fr-michael-perry-le-sfide-di-gpicper-lordine-dei-frati-minori-oggi\/#respond"]}]},{"@type":"WebPage","@id":"https:\/\/ofmjpic.org\/it\/fr-michael-perry-le-sfide-di-gpicper-lordine-dei-frati-minori-oggi\/","url":"https:\/\/ofmjpic.org\/it\/fr-michael-perry-le-sfide-di-gpicper-lordine-dei-frati-minori-oggi\/","name":"Fr. Michael Perry: Le Sfide Di GPICPer l'Ordine dei Frati Minori Oggi - OFM JPIC","isPartOf":{"@id":"https:\/\/ofmjpic.org\/it\/#website"},"primaryImageOfPage":{"@id":"https:\/\/ofmjpic.org\/it\/fr-michael-perry-le-sfide-di-gpicper-lordine-dei-frati-minori-oggi\/#primaryimage"},"image":{"@id":"https:\/\/ofmjpic.org\/it\/fr-michael-perry-le-sfide-di-gpicper-lordine-dei-frati-minori-oggi\/#primaryimage"},"thumbnailUrl":"https:\/\/ofmjpic.org\/wp-content\/uploads\/2020\/01\/Schermata-2020-01-20-alle-12.06.49.png","datePublished":"2020-01-15T11:24:00+00:00","dateModified":"2020-01-20T11:28:43+00:00","breadcrumb":{"@id":"https:\/\/ofmjpic.org\/it\/fr-michael-perry-le-sfide-di-gpicper-lordine-dei-frati-minori-oggi\/#breadcrumb"},"inLanguage":"it-IT","potentialAction":[{"@type":"ReadAction","target":["https:\/\/ofmjpic.org\/it\/fr-michael-perry-le-sfide-di-gpicper-lordine-dei-frati-minori-oggi\/"]}]},{"@type":"ImageObject","inLanguage":"it-IT","@id":"https:\/\/ofmjpic.org\/it\/fr-michael-perry-le-sfide-di-gpicper-lordine-dei-frati-minori-oggi\/#primaryimage","url":"https:\/\/ofmjpic.org\/wp-content\/uploads\/2020\/01\/Schermata-2020-01-20-alle-12.06.49.png","contentUrl":"https:\/\/ofmjpic.org\/wp-content\/uploads\/2020\/01\/Schermata-2020-01-20-alle-12.06.49.png","width":687,"height":425},{"@type":"BreadcrumbList","@id":"https:\/\/ofmjpic.org\/it\/fr-michael-perry-le-sfide-di-gpicper-lordine-dei-frati-minori-oggi\/#breadcrumb","itemListElement":[{"@type":"ListItem","position":1,"name":"Portada","item":"https:\/\/ofmjpic.org\/it\/"},{"@type":"ListItem","position":2,"name":"Fr. Michael Perry: Le Sfide Di GPICPer l&#8217;Ordine dei Frati Minori Oggi"}]},{"@type":"WebSite","@id":"https:\/\/ofmjpic.org\/it\/#website","url":"https:\/\/ofmjpic.org\/it\/","name":"OFM Justice, Peace and Integrity of Creation","description":"","publisher":{"@id":"https:\/\/ofmjpic.org\/it\/#organization"},"potentialAction":[{"@type":"SearchAction","target":{"@type":"EntryPoint","urlTemplate":"https:\/\/ofmjpic.org\/it\/?s={search_term_string}"},"query-input":{"@type":"PropertyValueSpecification","valueRequired":true,"valueName":"search_term_string"}}],"inLanguage":"it-IT"},{"@type":"Organization","@id":"https:\/\/ofmjpic.org\/it\/#organization","name":"General office for Justice, Peace and Integrity of Creation","url":"https:\/\/ofmjpic.org\/it\/","logo":{"@type":"ImageObject","inLanguage":"it-IT","@id":"https:\/\/ofmjpic.org\/it\/#\/schema\/logo\/image\/","url":"https:\/\/ofmjpic.org\/wp-content\/uploads\/2018\/08\/ES_JPIC_Logo_.png","contentUrl":"https:\/\/ofmjpic.org\/wp-content\/uploads\/2018\/08\/ES_JPIC_Logo_.png","width":3957,"height":4082,"caption":"General office for Justice, Peace and Integrity of Creation"},"image":{"@id":"https:\/\/ofmjpic.org\/it\/#\/schema\/logo\/image\/"},"sameAs":["https:\/\/www.facebook.com\/ofmjpic\/","https:\/\/www.instagram.com\/ofmjpic\/"]},{"@type":"Person","@id":"https:\/\/ofmjpic.org\/it\/#\/schema\/person\/b94707ec5fc5af84d2d88e5f946184fb","name":"Jaime Campos","url":"https:\/\/ofmjpic.org\/it\/author\/jcampos\/"}]}},"_links":{"self":[{"href":"https:\/\/ofmjpic.org\/it\/wp-json\/wp\/v2\/posts\/5799","targetHints":{"allow":["GET"]}}],"collection":[{"href":"https:\/\/ofmjpic.org\/it\/wp-json\/wp\/v2\/posts"}],"about":[{"href":"https:\/\/ofmjpic.org\/it\/wp-json\/wp\/v2\/types\/post"}],"author":[{"embeddable":true,"href":"https:\/\/ofmjpic.org\/it\/wp-json\/wp\/v2\/users\/4"}],"replies":[{"embeddable":true,"href":"https:\/\/ofmjpic.org\/it\/wp-json\/wp\/v2\/comments?post=5799"}],"version-history":[{"count":0,"href":"https:\/\/ofmjpic.org\/it\/wp-json\/wp\/v2\/posts\/5799\/revisions"}],"wp:featuredmedia":[{"embeddable":true,"href":"https:\/\/ofmjpic.org\/it\/wp-json\/wp\/v2\/media\/5782"}],"wp:attachment":[{"href":"https:\/\/ofmjpic.org\/it\/wp-json\/wp\/v2\/media?parent=5799"}],"wp:term":[{"taxonomy":"category","embeddable":true,"href":"https:\/\/ofmjpic.org\/it\/wp-json\/wp\/v2\/categories?post=5799"},{"taxonomy":"post_tag","embeddable":true,"href":"https:\/\/ofmjpic.org\/it\/wp-json\/wp\/v2\/tags?post=5799"}],"curies":[{"name":"wp","href":"https:\/\/api.w.org\/{rel}","templated":true}]}}