{"id":4222,"date":"2019-06-24T08:35:43","date_gmt":"2019-06-24T08:35:43","guid":{"rendered":"http:\/\/www.ofmjpic.org\/?p=4222"},"modified":"2019-06-24T09:44:46","modified_gmt":"2019-06-24T09:44:46","slug":"corpus-christi-leucaristia-trasformazione-di-tutto-il-creato","status":"publish","type":"post","link":"https:\/\/ofmjpic.org\/it\/corpus-christi-leucaristia-trasformazione-di-tutto-il-creato\/","title":{"rendered":"Corpus Christi: L\u2019Eucaristia trasformazione di tutto il creato"},"content":{"rendered":"\n<h4 class=\"wp-block-heading\" style=\"text-align:center\"><strong>Solennit\u00e0 del Corpo e Sangue del Signore<\/strong><br><em>Gerusalemme, Cenacolino, 23 giugno 2019<\/em><\/h4>\n\n\n\n<p class=\"wp-block-paragraph\" style=\"text-align:center\">Gen 14,18-20; Sal 109; 1Cor 11,23-26; Lc 9,11-17<\/p>\n\n\n\n<p class=\"wp-block-paragraph\">Carissime sorelle, carissimi fratelli,&nbsp;<\/p>\n\n\n\n<p class=\"wp-block-paragraph\">il Signore vi dia pace!<\/p>\n\n\n\n<p class=\"wp-block-paragraph\">1.&nbsp;<strong>Sederci a mensa<\/strong>\u00e8 molto pi\u00f9 della pura e semplice soddisfazione di un bisogno fisiologico. Sederci a mensa vuol dire, in certo qual modo,&nbsp;<strong>riconoscere che facciamo parte del creato<\/strong>. Vuol dire riconoscere che la vita non ce la diamo da noi ma la riceviamo in dono. Significa riconoscerci in comunione col creato e bisognosi che il Creatore apra la sua mano e ci sazi come ogni altro essere vivente. Forse \u00e8 per questo che in ogni cultura ed in ogni religione il mangiare assieme si carica di significati che partono dalla realt\u00e0 del nutrirsi ma al tempo stesso la trascendono, la superano.<\/p>\n\n\n\n<p class=\"wp-block-paragraph\">2. Dentro questa realt\u00e0 di dipendenza creaturale si \u00e8 inserito lo stesso Figlio di Dio, nel momento in cui ha scelto&nbsp;<strong>la via dell&#8217;incarnazione<\/strong>per farsi nostro fratello. Incarnandosi, Egli ha per\u00f2 portato questa realt\u00e0 del creato dentro&nbsp;<strong>una nuova dimensione<\/strong>: quella della vita divina. Nell&#8217;ultima cena, come abbiamo ascoltato nel racconto tratto dalla&nbsp;<em>Prima Corinti<\/em>, che \u00e8 il pi\u00f9 antico racconto sull\u2019istituzione dell\u2019Eucaristia, Ges\u00f9 assume il creato nella forma del pane e del vino, assume una tradizione culturale e religiosa appartenente al popolo d&#8217;Israele, riprende il gesto di questo antico e misterioso sacerdote, Melchidesech. E questo gesto di offerta, questa tradizione di spezzare il pane e condividere il vino, questi elementi naturali e creaturali che sono il pane e il vino, li riempie del dono di s\u00e9.&nbsp;<\/p>\n\n\n\n<p class=\"wp-block-paragraph\">3. Sedersi a mensa diventa sedersi a mensa con Dio, ricevere il pane ed il vino trasformati dalla Parola di Cristo e dalla potenza dello Spirito significa assumere la vita stessa divina nel modo in cui il Cristo ha assunto, nell&#8217;incarnazione, la vita umana: \u00abQuesto \u00e8 il mio corpo, che \u00e8 per voi. Questo calice \u00e8 la Nuova Alleanza nel mio sangue\u00bb.&nbsp;<strong>Nel ricevere l&#8217;Eucaristia l\u2019elemento naturale assume perci\u00f2 un significato soprannaturale<\/strong>: noi ci nutriamo di Dio e Dio diventa la nostra vita, noi ci sediamo a mensa con Dio e sperimentiamo la comunione al pi\u00f9 alto livello, una comunione che ci unisce a Lui e una comunione che ci unisce in Lui.<\/p>\n\n\n\n<p class=\"wp-block-paragraph\">4. Che il mangiare e il bere assumano questo significato, ci ricorda sempre l&#8217;apostolo Paolo, non \u00e8 per\u00f2 un fatto magico o puramente rituale. L&#8217;Eucarestia \u00e8 una realt\u00e0 che ha&nbsp;<strong>a che fare con una Tradizione<\/strong>, cio\u00e8 con una lunga ed ininterrotta catena di persone che trasmettono ci\u00f2 che hanno ricevuto dal Signore. L&#8217;Eucaristia \u00e8&nbsp;<strong>un&#8217;azione di Chiesa<\/strong>, \u00e8 tra i doni fondamentali che la Chiesa ha ricevuto da Cristo. Al tempo stesso l&#8217;Eucaristia \u00e8 un \u00abmemoriale\u00bb: Cristo si \u00e8 messo \u201cnelle mani della Chiesa\u201d per poter essere ancora attivo ed operante in nostro favore, dentro la storia, facendo s\u00ec che il mistero pasquale sia contemporaneo e salvifico per ogni uomo ed ogni donna che viene in questo mondo.<\/p>\n\n\n\n<p class=\"wp-block-paragraph\">5.&nbsp;<strong>Nell\u2019enciclica \u201cLaudato sii\u201d<\/strong> sulla cura per la casa comune che \u00e8 il Creato, papa Francesco ha dedicato un paragrafo per me molto bello e illuminante, proprio al tema dell\u2019Eucaristia. Permettetemi di leggerlo con voi in questa occasione:&nbsp;<em>\u201c<strong>Nell\u2019Eucaristia il creato trova la sua maggiore elevazione<\/strong>. La grazia, che tende a manifestarsi in modo sensibile, raggiunge un\u2019espressione meravigliosa quando Dio stesso, fatto uomo, arriva a farsi mangiare dalla sua creatura. Il Signore, al culmine del mistero dell\u2019Incarnazione, volle raggiungere la nostra intimit\u00e0 attraverso un frammento di materia. Non dall\u2019alto, ma da dentro, affinch\u00e9 nel nostro stesso mondo potessimo incontrare Lui.&nbsp;<strong>Nell\u2019Eucaristia \u00e8 gi\u00e0 realizzata la pienezza<\/strong>, ed \u00e8 il centro vitale dell\u2019universo, il centro traboccante di amore e di vita inesauribile. Unito al Figlio incarnato, presente nell\u2019Eucaristia, tutto il cosmo rende grazie a Dio. In effetti l\u2019Eucaristia \u00e8 di per s\u00e9 un atto di amore cosmico: \u00abS\u00ec, cosmico! Perch\u00e9 anche quando viene celebrata sul piccolo altare di una chiesa di campagna, l\u2019Eucaristia \u00e8 sempre celebrata, in certo senso, sull\u2019altare del mondo\u00bb. L\u2019Eucaristia unisce il cielo e la terra, abbraccia e penetra tutto il creato. Il mondo, che \u00e8 uscito dalle mani di Dio, ritorna a Lui in gioiosa e piena adorazione: nel Pane eucaristico \u00abla creazione \u00e8 protesa verso la divinizzazione, verso le sante nozze, verso l\u2019unificazione con il Creatore stesso\u00bb. Perci\u00f2 l\u2019Eucaristia&nbsp;<strong>\u00e8 anche fonte di luce e di motivazione <\/strong>per le nostre preoccupazioni per l\u2019ambiente, e ci orienta ad essere custodi di tutto il creato\u201d<\/em>(LS 236). <\/p>\n\n\n\n<figure class=\"wp-block-image\"><img loading=\"lazy\" decoding=\"async\" width=\"800\" height=\"534\" src=\"http:\/\/www.ofmjpic.org\/wp-content\/uploads\/2019\/06\/dsc_3122-1.jpg\" alt=\"\" class=\"wp-image-4210\" srcset=\"https:\/\/ofmjpic.org\/wp-content\/uploads\/2019\/06\/dsc_3122-1.jpg 800w, https:\/\/ofmjpic.org\/wp-content\/uploads\/2019\/06\/dsc_3122-1-300x200.jpg 300w, https:\/\/ofmjpic.org\/wp-content\/uploads\/2019\/06\/dsc_3122-1-768x513.jpg 768w, https:\/\/ofmjpic.org\/wp-content\/uploads\/2019\/06\/dsc_3122-1-610x407.jpg 610w\" sizes=\"(max-width: 800px) 100vw, 800px\" \/><\/figure>\n\n\n\n<p class=\"wp-block-paragraph\">6. A partire da questa prospettiva \u00e8 bene che&nbsp;<strong>ci interroghiamo&nbsp;<\/strong>sul nostro celebrare, sul nostro partecipare all&#8217;Eucaristia, sulla nostra capacit\u00e0 di adorare il divino mistero presente nell\u2019Eucaristia. Ma a partire da questa prospettiva \u00e8 bene che ci interroghiamo anche sul nostro rapporto con la vita, col mondo, col creato e con tutte le creature, che proprio nell\u2019Eucaristia cominciano a sperimentare il movimento di divinizzazione che \u00e8 iniziato con la Pasqua di Ges\u00f9 Cristo.<\/p>\n\n\n\n<p class=\"wp-block-paragraph\">7. Con lo stupore del Serafico Padre san Francesco anche noi\u00a0<strong>esclamiamo<\/strong>:\u00a0<em>\u201cO ammirabile altezza e stupenda degnazione! O umilt\u00e0 sublime! O sublimit\u00e0 umile, che il Signore dell&#8217;universo, Dio e Figlio di Dio, si umili a tal punto da nascondersi, per la nostra salvezza, sotto poca apparenza di pane!\u201d<\/em>(<em>LOrd<\/em>27: FF 221). E\u00a0<strong>ricordiamo<\/strong> che\u00a0<em>\u201cEgli riempie presenti ed assenti che sono degni di lui\u201d<\/em>(<em>LOrd<\/em>32: 223). <\/p>\n\n\n\n<p class=\"wp-block-paragraph\" style=\"text-align:right\"><strong>Fr. Francesco Patton, OFM<br><\/strong>Custode di Terra Santa<\/p>\n","protected":false},"excerpt":{"rendered":"<p>A partire da questa prospettiva \u00e8 bene che ci interroghiamo sul nostro celebrare, sul nostro partecipare all&#8217;Eucaristia, sulla nostra capacit\u00e0 di adorare il divino mistero presente nell\u2019Eucaristia. Ma a partire da questa prospettiva \u00e8 bene che ci interroghiamo anche sul nostro rapporto con la vita, col mondo, col creato e con tutte le creature, che proprio nell\u2019Eucaristia cominciano a sperimentare il movimento di divinizzazione che \u00e8 iniziato con la Pasqua di Ges\u00f9 Cristo.<\/p>\n","protected":false},"author":4,"featured_media":4205,"comment_status":"open","ping_status":"open","sticky":true,"template":"","format":"standard","meta":{"_acf_changed":false,"_et_pb_use_builder":"off","_et_pb_old_content":"","_et_gb_content_width":"","footnotes":""},"categories":[641,126,961],"tags":[107,108,876,98,57,580,254],"class_list":["post-4222","post","type-post","status-publish","format-standard","has-post-thumbnail","hentry","category-formacion-it","category-formazione","category-notizie","tag-cura-del-creato","tag-ecologia-integrale","tag-integridad-de-la-creacion-it","tag-integrita-del-creato","tag-laudato-si","tag-laudato-si-it","tag-ofmjpic"],"acf":[],"yoast_head":"<!-- This site is optimized with the Yoast SEO plugin v28.4 - https:\/\/yoast.com\/product\/yoast-seo-wordpress\/ -->\n<title>Corpus Christi: L\u2019Eucaristia trasformazione di tutto il creato - OFM JPIC<\/title>\n<meta name=\"robots\" content=\"index, follow, max-snippet:-1, max-image-preview:large, max-video-preview:-1\" \/>\n<link rel=\"canonical\" href=\"https:\/\/ofmjpic.org\/it\/corpus-christi-leucaristia-trasformazione-di-tutto-il-creato\/\" \/>\n<meta property=\"og:locale\" content=\"it_IT\" \/>\n<meta property=\"og:type\" content=\"article\" \/>\n<meta property=\"og:title\" content=\"Corpus Christi: L\u2019Eucaristia trasformazione di tutto il creato - OFM JPIC\" \/>\n<meta property=\"og:description\" content=\"A partire da questa prospettiva \u00e8 bene che ci interroghiamo sul nostro celebrare, sul nostro partecipare all&#039;Eucaristia, sulla nostra capacit\u00e0 di adorare il divino mistero presente nell\u2019Eucaristia. Ma a partire da questa prospettiva \u00e8 bene che ci interroghiamo anche sul nostro rapporto con la vita, col mondo, col creato e con tutte le creature, che proprio nell\u2019Eucaristia cominciano a sperimentare il movimento di divinizzazione che \u00e8 iniziato con la Pasqua di Ges\u00f9 Cristo.\" \/>\n<meta property=\"og:url\" content=\"https:\/\/ofmjpic.org\/it\/corpus-christi-leucaristia-trasformazione-di-tutto-il-creato\/\" \/>\n<meta property=\"og:site_name\" content=\"OFM JPIC\" \/>\n<meta property=\"article:publisher\" content=\"https:\/\/www.facebook.com\/ofmjpic\/\" \/>\n<meta property=\"article:published_time\" content=\"2019-06-24T08:35:43+00:00\" \/>\n<meta property=\"article:modified_time\" content=\"2019-06-24T09:44:46+00:00\" \/>\n<meta property=\"og:image\" content=\"https:\/\/ofmjpic.org\/wp-content\/uploads\/2019\/06\/32266892_10213734681135286_4189435942332792832_o.jpg\" \/>\n\t<meta property=\"og:image:width\" content=\"1080\" \/>\n\t<meta property=\"og:image:height\" content=\"810\" \/>\n\t<meta property=\"og:image:type\" content=\"image\/jpeg\" \/>\n<meta name=\"author\" content=\"Jaime Campos\" \/>\n<meta name=\"twitter:card\" content=\"summary_large_image\" \/>\n<meta name=\"twitter:label1\" content=\"Scritto da\" \/>\n\t<meta name=\"twitter:data1\" content=\"Jaime Campos\" \/>\n\t<meta name=\"twitter:label2\" content=\"Tempo di lettura stimato\" \/>\n\t<meta name=\"twitter:data2\" content=\"4 minuti\" \/>\n<script type=\"application\/ld+json\" class=\"yoast-schema-graph\">{\"@context\":\"https:\\\/\\\/schema.org\",\"@graph\":[{\"@type\":\"Article\",\"@id\":\"https:\\\/\\\/ofmjpic.org\\\/it\\\/corpus-christi-leucaristia-trasformazione-di-tutto-il-creato\\\/#article\",\"isPartOf\":{\"@id\":\"https:\\\/\\\/ofmjpic.org\\\/it\\\/corpus-christi-leucaristia-trasformazione-di-tutto-il-creato\\\/\"},\"author\":{\"name\":\"Jaime Campos\",\"@id\":\"https:\\\/\\\/ofmjpic.org\\\/it\\\/#\\\/schema\\\/person\\\/b94707ec5fc5af84d2d88e5f946184fb\"},\"headline\":\"Corpus Christi: L\u2019Eucaristia trasformazione di tutto il creato\",\"datePublished\":\"2019-06-24T08:35:43+00:00\",\"dateModified\":\"2019-06-24T09:44:46+00:00\",\"mainEntityOfPage\":{\"@id\":\"https:\\\/\\\/ofmjpic.org\\\/it\\\/corpus-christi-leucaristia-trasformazione-di-tutto-il-creato\\\/\"},\"wordCount\":911,\"commentCount\":0,\"publisher\":{\"@id\":\"https:\\\/\\\/ofmjpic.org\\\/it\\\/#organization\"},\"image\":{\"@id\":\"https:\\\/\\\/ofmjpic.org\\\/it\\\/corpus-christi-leucaristia-trasformazione-di-tutto-il-creato\\\/#primaryimage\"},\"thumbnailUrl\":\"https:\\\/\\\/ofmjpic.org\\\/wp-content\\\/uploads\\\/2019\\\/06\\\/32266892_10213734681135286_4189435942332792832_o.jpg\",\"keywords\":[\"Cura del creato\",\"Ecologia integrale\",\"integridad de la creacion\",\"Integrit\u00e0 del Creato\",\"laudato si\",\"laudato si\",\"ofmjpic\"],\"articleSection\":[\"Formaci\u00f3n\",\"Formazione\",\"Notizie\"],\"inLanguage\":\"it-IT\",\"potentialAction\":[{\"@type\":\"CommentAction\",\"name\":\"Comment\",\"target\":[\"https:\\\/\\\/ofmjpic.org\\\/it\\\/corpus-christi-leucaristia-trasformazione-di-tutto-il-creato\\\/#respond\"]}]},{\"@type\":\"WebPage\",\"@id\":\"https:\\\/\\\/ofmjpic.org\\\/it\\\/corpus-christi-leucaristia-trasformazione-di-tutto-il-creato\\\/\",\"url\":\"https:\\\/\\\/ofmjpic.org\\\/it\\\/corpus-christi-leucaristia-trasformazione-di-tutto-il-creato\\\/\",\"name\":\"Corpus Christi: L\u2019Eucaristia trasformazione di tutto il creato - OFM JPIC\",\"isPartOf\":{\"@id\":\"https:\\\/\\\/ofmjpic.org\\\/it\\\/#website\"},\"primaryImageOfPage\":{\"@id\":\"https:\\\/\\\/ofmjpic.org\\\/it\\\/corpus-christi-leucaristia-trasformazione-di-tutto-il-creato\\\/#primaryimage\"},\"image\":{\"@id\":\"https:\\\/\\\/ofmjpic.org\\\/it\\\/corpus-christi-leucaristia-trasformazione-di-tutto-il-creato\\\/#primaryimage\"},\"thumbnailUrl\":\"https:\\\/\\\/ofmjpic.org\\\/wp-content\\\/uploads\\\/2019\\\/06\\\/32266892_10213734681135286_4189435942332792832_o.jpg\",\"datePublished\":\"2019-06-24T08:35:43+00:00\",\"dateModified\":\"2019-06-24T09:44:46+00:00\",\"breadcrumb\":{\"@id\":\"https:\\\/\\\/ofmjpic.org\\\/it\\\/corpus-christi-leucaristia-trasformazione-di-tutto-il-creato\\\/#breadcrumb\"},\"inLanguage\":\"it-IT\",\"potentialAction\":[{\"@type\":\"ReadAction\",\"target\":[\"https:\\\/\\\/ofmjpic.org\\\/it\\\/corpus-christi-leucaristia-trasformazione-di-tutto-il-creato\\\/\"]}]},{\"@type\":\"ImageObject\",\"inLanguage\":\"it-IT\",\"@id\":\"https:\\\/\\\/ofmjpic.org\\\/it\\\/corpus-christi-leucaristia-trasformazione-di-tutto-il-creato\\\/#primaryimage\",\"url\":\"https:\\\/\\\/ofmjpic.org\\\/wp-content\\\/uploads\\\/2019\\\/06\\\/32266892_10213734681135286_4189435942332792832_o.jpg\",\"contentUrl\":\"https:\\\/\\\/ofmjpic.org\\\/wp-content\\\/uploads\\\/2019\\\/06\\\/32266892_10213734681135286_4189435942332792832_o.jpg\",\"width\":1080,\"height\":810},{\"@type\":\"BreadcrumbList\",\"@id\":\"https:\\\/\\\/ofmjpic.org\\\/it\\\/corpus-christi-leucaristia-trasformazione-di-tutto-il-creato\\\/#breadcrumb\",\"itemListElement\":[{\"@type\":\"ListItem\",\"position\":1,\"name\":\"Portada\",\"item\":\"https:\\\/\\\/ofmjpic.org\\\/it\\\/\"},{\"@type\":\"ListItem\",\"position\":2,\"name\":\"Corpus Christi: L\u2019Eucaristia trasformazione di tutto il creato\"}]},{\"@type\":\"WebSite\",\"@id\":\"https:\\\/\\\/ofmjpic.org\\\/it\\\/#website\",\"url\":\"https:\\\/\\\/ofmjpic.org\\\/it\\\/\",\"name\":\"OFM Justice, Peace and Integrity of Creation\",\"description\":\"\",\"publisher\":{\"@id\":\"https:\\\/\\\/ofmjpic.org\\\/it\\\/#organization\"},\"potentialAction\":[{\"@type\":\"SearchAction\",\"target\":{\"@type\":\"EntryPoint\",\"urlTemplate\":\"https:\\\/\\\/ofmjpic.org\\\/it\\\/?s={search_term_string}\"},\"query-input\":{\"@type\":\"PropertyValueSpecification\",\"valueRequired\":true,\"valueName\":\"search_term_string\"}}],\"inLanguage\":\"it-IT\"},{\"@type\":\"Organization\",\"@id\":\"https:\\\/\\\/ofmjpic.org\\\/it\\\/#organization\",\"name\":\"General office for Justice, Peace and Integrity of Creation\",\"url\":\"https:\\\/\\\/ofmjpic.org\\\/it\\\/\",\"logo\":{\"@type\":\"ImageObject\",\"inLanguage\":\"it-IT\",\"@id\":\"https:\\\/\\\/ofmjpic.org\\\/it\\\/#\\\/schema\\\/logo\\\/image\\\/\",\"url\":\"https:\\\/\\\/ofmjpic.org\\\/wp-content\\\/uploads\\\/2018\\\/08\\\/ES_JPIC_Logo_.png\",\"contentUrl\":\"https:\\\/\\\/ofmjpic.org\\\/wp-content\\\/uploads\\\/2018\\\/08\\\/ES_JPIC_Logo_.png\",\"width\":3957,\"height\":4082,\"caption\":\"General office for Justice, Peace and Integrity of Creation\"},\"image\":{\"@id\":\"https:\\\/\\\/ofmjpic.org\\\/it\\\/#\\\/schema\\\/logo\\\/image\\\/\"},\"sameAs\":[\"https:\\\/\\\/www.facebook.com\\\/ofmjpic\\\/\",\"https:\\\/\\\/www.instagram.com\\\/ofmjpic\\\/\"]},{\"@type\":\"Person\",\"@id\":\"https:\\\/\\\/ofmjpic.org\\\/it\\\/#\\\/schema\\\/person\\\/b94707ec5fc5af84d2d88e5f946184fb\",\"name\":\"Jaime Campos\",\"url\":\"https:\\\/\\\/ofmjpic.org\\\/it\\\/author\\\/jcampos\\\/\"}]}<\/script>\n<!-- \/ Yoast SEO plugin. -->","yoast_head_json":{"title":"Corpus Christi: L\u2019Eucaristia trasformazione di tutto il creato - OFM JPIC","robots":{"index":"index","follow":"follow","max-snippet":"max-snippet:-1","max-image-preview":"max-image-preview:large","max-video-preview":"max-video-preview:-1"},"canonical":"https:\/\/ofmjpic.org\/it\/corpus-christi-leucaristia-trasformazione-di-tutto-il-creato\/","og_locale":"it_IT","og_type":"article","og_title":"Corpus Christi: L\u2019Eucaristia trasformazione di tutto il creato - OFM JPIC","og_description":"A partire da questa prospettiva \u00e8 bene che ci interroghiamo sul nostro celebrare, sul nostro partecipare all'Eucaristia, sulla nostra capacit\u00e0 di adorare il divino mistero presente nell\u2019Eucaristia. Ma a partire da questa prospettiva \u00e8 bene che ci interroghiamo anche sul nostro rapporto con la vita, col mondo, col creato e con tutte le creature, che proprio nell\u2019Eucaristia cominciano a sperimentare il movimento di divinizzazione che \u00e8 iniziato con la Pasqua di Ges\u00f9 Cristo.","og_url":"https:\/\/ofmjpic.org\/it\/corpus-christi-leucaristia-trasformazione-di-tutto-il-creato\/","og_site_name":"OFM JPIC","article_publisher":"https:\/\/www.facebook.com\/ofmjpic\/","article_published_time":"2019-06-24T08:35:43+00:00","article_modified_time":"2019-06-24T09:44:46+00:00","og_image":[{"width":1080,"height":810,"url":"https:\/\/ofmjpic.org\/wp-content\/uploads\/2019\/06\/32266892_10213734681135286_4189435942332792832_o.jpg","type":"image\/jpeg"}],"author":"Jaime Campos","twitter_card":"summary_large_image","twitter_misc":{"Scritto da":"Jaime Campos","Tempo di lettura stimato":"4 minuti"},"schema":{"@context":"https:\/\/schema.org","@graph":[{"@type":"Article","@id":"https:\/\/ofmjpic.org\/it\/corpus-christi-leucaristia-trasformazione-di-tutto-il-creato\/#article","isPartOf":{"@id":"https:\/\/ofmjpic.org\/it\/corpus-christi-leucaristia-trasformazione-di-tutto-il-creato\/"},"author":{"name":"Jaime Campos","@id":"https:\/\/ofmjpic.org\/it\/#\/schema\/person\/b94707ec5fc5af84d2d88e5f946184fb"},"headline":"Corpus Christi: L\u2019Eucaristia trasformazione di tutto il creato","datePublished":"2019-06-24T08:35:43+00:00","dateModified":"2019-06-24T09:44:46+00:00","mainEntityOfPage":{"@id":"https:\/\/ofmjpic.org\/it\/corpus-christi-leucaristia-trasformazione-di-tutto-il-creato\/"},"wordCount":911,"commentCount":0,"publisher":{"@id":"https:\/\/ofmjpic.org\/it\/#organization"},"image":{"@id":"https:\/\/ofmjpic.org\/it\/corpus-christi-leucaristia-trasformazione-di-tutto-il-creato\/#primaryimage"},"thumbnailUrl":"https:\/\/ofmjpic.org\/wp-content\/uploads\/2019\/06\/32266892_10213734681135286_4189435942332792832_o.jpg","keywords":["Cura del creato","Ecologia integrale","integridad de la creacion","Integrit\u00e0 del Creato","laudato si","laudato si","ofmjpic"],"articleSection":["Formaci\u00f3n","Formazione","Notizie"],"inLanguage":"it-IT","potentialAction":[{"@type":"CommentAction","name":"Comment","target":["https:\/\/ofmjpic.org\/it\/corpus-christi-leucaristia-trasformazione-di-tutto-il-creato\/#respond"]}]},{"@type":"WebPage","@id":"https:\/\/ofmjpic.org\/it\/corpus-christi-leucaristia-trasformazione-di-tutto-il-creato\/","url":"https:\/\/ofmjpic.org\/it\/corpus-christi-leucaristia-trasformazione-di-tutto-il-creato\/","name":"Corpus Christi: L\u2019Eucaristia trasformazione di tutto il creato - OFM JPIC","isPartOf":{"@id":"https:\/\/ofmjpic.org\/it\/#website"},"primaryImageOfPage":{"@id":"https:\/\/ofmjpic.org\/it\/corpus-christi-leucaristia-trasformazione-di-tutto-il-creato\/#primaryimage"},"image":{"@id":"https:\/\/ofmjpic.org\/it\/corpus-christi-leucaristia-trasformazione-di-tutto-il-creato\/#primaryimage"},"thumbnailUrl":"https:\/\/ofmjpic.org\/wp-content\/uploads\/2019\/06\/32266892_10213734681135286_4189435942332792832_o.jpg","datePublished":"2019-06-24T08:35:43+00:00","dateModified":"2019-06-24T09:44:46+00:00","breadcrumb":{"@id":"https:\/\/ofmjpic.org\/it\/corpus-christi-leucaristia-trasformazione-di-tutto-il-creato\/#breadcrumb"},"inLanguage":"it-IT","potentialAction":[{"@type":"ReadAction","target":["https:\/\/ofmjpic.org\/it\/corpus-christi-leucaristia-trasformazione-di-tutto-il-creato\/"]}]},{"@type":"ImageObject","inLanguage":"it-IT","@id":"https:\/\/ofmjpic.org\/it\/corpus-christi-leucaristia-trasformazione-di-tutto-il-creato\/#primaryimage","url":"https:\/\/ofmjpic.org\/wp-content\/uploads\/2019\/06\/32266892_10213734681135286_4189435942332792832_o.jpg","contentUrl":"https:\/\/ofmjpic.org\/wp-content\/uploads\/2019\/06\/32266892_10213734681135286_4189435942332792832_o.jpg","width":1080,"height":810},{"@type":"BreadcrumbList","@id":"https:\/\/ofmjpic.org\/it\/corpus-christi-leucaristia-trasformazione-di-tutto-il-creato\/#breadcrumb","itemListElement":[{"@type":"ListItem","position":1,"name":"Portada","item":"https:\/\/ofmjpic.org\/it\/"},{"@type":"ListItem","position":2,"name":"Corpus Christi: L\u2019Eucaristia trasformazione di tutto il creato"}]},{"@type":"WebSite","@id":"https:\/\/ofmjpic.org\/it\/#website","url":"https:\/\/ofmjpic.org\/it\/","name":"OFM Justice, Peace and Integrity of Creation","description":"","publisher":{"@id":"https:\/\/ofmjpic.org\/it\/#organization"},"potentialAction":[{"@type":"SearchAction","target":{"@type":"EntryPoint","urlTemplate":"https:\/\/ofmjpic.org\/it\/?s={search_term_string}"},"query-input":{"@type":"PropertyValueSpecification","valueRequired":true,"valueName":"search_term_string"}}],"inLanguage":"it-IT"},{"@type":"Organization","@id":"https:\/\/ofmjpic.org\/it\/#organization","name":"General office for Justice, Peace and Integrity of Creation","url":"https:\/\/ofmjpic.org\/it\/","logo":{"@type":"ImageObject","inLanguage":"it-IT","@id":"https:\/\/ofmjpic.org\/it\/#\/schema\/logo\/image\/","url":"https:\/\/ofmjpic.org\/wp-content\/uploads\/2018\/08\/ES_JPIC_Logo_.png","contentUrl":"https:\/\/ofmjpic.org\/wp-content\/uploads\/2018\/08\/ES_JPIC_Logo_.png","width":3957,"height":4082,"caption":"General office for Justice, Peace and Integrity of Creation"},"image":{"@id":"https:\/\/ofmjpic.org\/it\/#\/schema\/logo\/image\/"},"sameAs":["https:\/\/www.facebook.com\/ofmjpic\/","https:\/\/www.instagram.com\/ofmjpic\/"]},{"@type":"Person","@id":"https:\/\/ofmjpic.org\/it\/#\/schema\/person\/b94707ec5fc5af84d2d88e5f946184fb","name":"Jaime Campos","url":"https:\/\/ofmjpic.org\/it\/author\/jcampos\/"}]}},"_links":{"self":[{"href":"https:\/\/ofmjpic.org\/it\/wp-json\/wp\/v2\/posts\/4222","targetHints":{"allow":["GET"]}}],"collection":[{"href":"https:\/\/ofmjpic.org\/it\/wp-json\/wp\/v2\/posts"}],"about":[{"href":"https:\/\/ofmjpic.org\/it\/wp-json\/wp\/v2\/types\/post"}],"author":[{"embeddable":true,"href":"https:\/\/ofmjpic.org\/it\/wp-json\/wp\/v2\/users\/4"}],"replies":[{"embeddable":true,"href":"https:\/\/ofmjpic.org\/it\/wp-json\/wp\/v2\/comments?post=4222"}],"version-history":[{"count":0,"href":"https:\/\/ofmjpic.org\/it\/wp-json\/wp\/v2\/posts\/4222\/revisions"}],"wp:featuredmedia":[{"embeddable":true,"href":"https:\/\/ofmjpic.org\/it\/wp-json\/wp\/v2\/media\/4205"}],"wp:attachment":[{"href":"https:\/\/ofmjpic.org\/it\/wp-json\/wp\/v2\/media?parent=4222"}],"wp:term":[{"taxonomy":"category","embeddable":true,"href":"https:\/\/ofmjpic.org\/it\/wp-json\/wp\/v2\/categories?post=4222"},{"taxonomy":"post_tag","embeddable":true,"href":"https:\/\/ofmjpic.org\/it\/wp-json\/wp\/v2\/tags?post=4222"}],"curies":[{"name":"wp","href":"https:\/\/api.w.org\/{rel}","templated":true}]}}