{"id":3379,"date":"2019-03-18T17:58:21","date_gmt":"2019-03-18T17:58:21","guid":{"rendered":"http:\/\/www.ofmjpic.org\/?p=3379"},"modified":"2019-03-18T17:58:23","modified_gmt":"2019-03-18T17:58:23","slug":"malta-corso-sulla-responsabilita-ambientale","status":"publish","type":"post","link":"https:\/\/ofmjpic.org\/it\/malta-corso-sulla-responsabilita-ambientale\/","title":{"rendered":"Malta, Corso sulla Responsabilit\u00e0 Ambientale."},"content":{"rendered":"\n<p class=\"wp-block-paragraph\">La Provincia di San Paolo, Apostolo, dei Frati Minori di Malta ha voluto collaborare con il Centro per l\u2019Educazione e la Ricerca Ambientale dell\u2019Universit\u00e0 di Malta, e la Commissione Inter-diocesana per l\u2019Ambiente (della Conferenza Episcopale di Malta) per avviare un corso che avesse lo scopo di ispirare e abilitare i partecipanti ad abbracciare una vita pi\u00f9 sostenibile sia a livello personale che a quello comunitario.<\/p>\n\n\n\n<p class=\"wp-block-paragraph\">Il corso, \u2018Sviluppare una Responsabilit\u00e0 Ambientale\u2019, \u00e8 uno di una serie di risultati ottenuti da anni di collaborazione tra i frati e gli altri due enti, espressione di uno sforzo comune che mira a diffondere una cultura pro-ambiente e creare una nuova civilt\u00e0 che metta in pratica una chiara opzione per i poveri. Di particolare ispirazione in questo viaggio \u00e8 stata la Lettera Enciclica \u2018<em>Laudato si\u2019<\/em>\u2019 di Papa Francesco, nella quale si legge: \u2018La sfida urgente di proteggere la nostra casa comune comprende la preoccupazione di unire tutta la famiglia umana nella ricerca di uno sviluppo sostenibile e integrale, poich\u00e9 sappiamo che le cose possono cambiare. I giovani esigono da noi un cambiamento\u2019 (\u2018<em>Laudato si\u2019<\/em>\u2019, 13).<\/p>\n\n\n\n<div class=\"wp-block-image\"><figure class=\"alignright is-resized\"><img loading=\"lazy\" decoding=\"async\" src=\"http:\/\/www.ofmjpic.org\/wp-content\/uploads\/2019\/03\/Schermata-2019-03-18-alle-18.40.06.png\" alt=\"\" class=\"wp-image-3372\" width=\"296\" height=\"258\"\/><\/figure><\/div>\n\n\n\n<p class=\"wp-block-paragraph\">Il corso \u00e8 stato promosso via internet, ma anche tramite un contatto diretto con i fedeli che frequentano le chiese nelle quali i frati conducono un\u2019attivit\u00e0 pastorale. Per questo scopo, \u00e8 stato preparato un opuscolo ed un manifesto. L\u2019evento \u00e8 stato offerto gratis e ha visto la concorrenza di 18 partecipanti che hanno formato un gruppo particolarmente interessante di persone di varie et\u00e0 e professioni, e quindi con un bagaglio di esperienze diverse. Alcuni erano individui o famiglie entusiasti a sviluppare una coscienza pi\u00f9 ampia sulle problematiche ambientali ed esplorare modi con i quali sarebbe possibile lasciare un impatto positivo. Altri provenivano da ONG che operano nella sfera della vulnerabilit\u00e0. Il gruppo comprendeva anche un membro dell\u2019OFS.<\/p>\n\n\n\n<p class=\"wp-block-paragraph\">Durante il corso, i partecipanti hanno avuto l\u2019opportunit\u00e0 di:<\/p>\n\n\n\n<ol class=\"wp-block-list\"><li>Capire le sfide basiche ambientali, sociali e di sviluppo che stiamo affrontando come nazione e globalmente.<\/li><li>Applicare capacit\u00e0 critiche di pensiero per fare delle scelte sostenibili nella loro vita quotidiana.<\/li><li>Applicare capacit\u00e0 critiche di pensiero per sollecitare cambiamenti sostenibili a livello di unit\u00e0 familiare, istituzionale e comunitario.<\/li><li>Riflettere in maniera critica sui propri ruoli e identit\u00e0 di cittadini attivi, consumatori e operatori di cambiamento in un mondo complesso e interconnesso.<\/li><\/ol>\n\n\n\n<p class=\"wp-block-paragraph\">\u2018Sviluppare una Responsabilit\u00e0 Ambientale\u2019 \u00e9 stato composto di sette sessioni di due ore ciascuna, svolte una volta la settimana, la domenica pomeriggio, tra il 20 di Gennaio e il 10 di Marzo, 2019; il tutto in un vecchio casale \u2013 appena ristrutturato \u2013 che fa parte del complesso \u2018Franciscan Centre\u2019 a Ba\u0127ar i\u010b-\u010aag\u0127aq. C\u2019era anche chi si prendeva cura dei bambini, e per chi sceglieva una giornata all\u2019aperto, una messa seguita da un pranzo. Alla fine del corso, i partecipanti hanno ricevuto un certificato di partecipazione. I frati promettono un seguito molto presto!<\/p>\n\n\n\n<p class=\"wp-block-paragraph\" style=\"text-align:right\"><strong>Fr. Mark Ciantar, OFM<\/strong><br>Provincia di San Paolo l\u2019Apostolo \u2013 Malta\u00a0<\/p>\n","protected":false},"excerpt":{"rendered":"<p>La Provincia di San Paolo, Apostolo, dei Frati Minori di Malta ha voluto collaborare con il Centro per l\u2019Educazione e la Ricerca Ambientale dell\u2019Universit\u00e0 di Malta, e la Commissione Inter-diocesana per l\u2019Ambiente (della Conferenza Episcopale di Malta) per avviare un corso che avesse lo scopo di ispirare e abilitare i partecipanti ad abbracciare una vita pi\u00f9 sostenibile sia a livello personale che a quello comunitario.<\/p>\n","protected":false},"author":4,"featured_media":3371,"comment_status":"open","ping_status":"open","sticky":true,"template":"","format":"standard","meta":{"_acf_changed":false,"_et_pb_use_builder":"off","_et_pb_old_content":"","_et_gb_content_width":"","footnotes":""},"categories":[641,126,961],"tags":[107,152,153,876,554,687,81],"class_list":["post-3379","post","type-post","status-publish","format-standard","has-post-thumbnail","hentry","category-formacion-it","category-formazione","category-notizie","tag-cura-del-creato","tag-ecologica-2","tag-francescani","tag-integridad-de-la-creacion-it","tag-jpic-it","tag-ofm-it","tag-ofm-3"],"acf":[],"yoast_head":"<!-- This site is optimized with the Yoast SEO plugin v28.4 - https:\/\/yoast.com\/product\/yoast-seo-wordpress\/ -->\n<title>Malta, Corso sulla Responsabilit\u00e0 Ambientale. - OFM JPIC<\/title>\n<meta name=\"robots\" content=\"index, follow, max-snippet:-1, max-image-preview:large, max-video-preview:-1\" \/>\n<link rel=\"canonical\" href=\"https:\/\/ofmjpic.org\/it\/malta-corso-sulla-responsabilita-ambientale\/\" \/>\n<meta property=\"og:locale\" content=\"it_IT\" \/>\n<meta property=\"og:type\" content=\"article\" \/>\n<meta property=\"og:title\" content=\"Malta, Corso sulla Responsabilit\u00e0 Ambientale. - OFM JPIC\" \/>\n<meta property=\"og:description\" content=\"La Provincia di San Paolo, Apostolo, dei Frati Minori di Malta ha voluto collaborare con il Centro per l\u2019Educazione e la Ricerca Ambientale dell\u2019Universit\u00e0 di Malta, e la Commissione Inter-diocesana per l\u2019Ambiente (della Conferenza Episcopale di Malta) per avviare un corso che avesse lo scopo di ispirare e abilitare i partecipanti ad abbracciare una vita pi\u00f9 sostenibile sia a livello personale che a quello comunitario.\" \/>\n<meta property=\"og:url\" content=\"https:\/\/ofmjpic.org\/it\/malta-corso-sulla-responsabilita-ambientale\/\" \/>\n<meta property=\"og:site_name\" content=\"OFM JPIC\" \/>\n<meta property=\"article:publisher\" content=\"https:\/\/www.facebook.com\/ofmjpic\/\" \/>\n<meta property=\"article:published_time\" content=\"2019-03-18T17:58:21+00:00\" \/>\n<meta property=\"article:modified_time\" content=\"2019-03-18T17:58:23+00:00\" \/>\n<meta property=\"og:image\" content=\"https:\/\/ofmjpic.org\/wp-content\/uploads\/2019\/03\/Schermata-2019-03-18-alle-18.39.33.png\" \/>\n\t<meta property=\"og:image:width\" content=\"791\" \/>\n\t<meta property=\"og:image:height\" content=\"526\" \/>\n\t<meta property=\"og:image:type\" content=\"image\/png\" \/>\n<meta name=\"author\" content=\"Jaime Campos\" \/>\n<meta name=\"twitter:card\" content=\"summary_large_image\" \/>\n<meta name=\"twitter:label1\" content=\"Scritto da\" \/>\n\t<meta name=\"twitter:data1\" content=\"Jaime Campos\" \/>\n\t<meta name=\"twitter:label2\" content=\"Tempo di lettura stimato\" \/>\n\t<meta name=\"twitter:data2\" content=\"2 minuti\" \/>\n<script type=\"application\/ld+json\" class=\"yoast-schema-graph\">{\"@context\":\"https:\\\/\\\/schema.org\",\"@graph\":[{\"@type\":\"Article\",\"@id\":\"https:\\\/\\\/ofmjpic.org\\\/it\\\/malta-corso-sulla-responsabilita-ambientale\\\/#article\",\"isPartOf\":{\"@id\":\"https:\\\/\\\/ofmjpic.org\\\/it\\\/malta-corso-sulla-responsabilita-ambientale\\\/\"},\"author\":{\"name\":\"Jaime Campos\",\"@id\":\"https:\\\/\\\/ofmjpic.org\\\/it\\\/#\\\/schema\\\/person\\\/b94707ec5fc5af84d2d88e5f946184fb\"},\"headline\":\"Malta, Corso sulla Responsabilit\u00e0 Ambientale.\",\"datePublished\":\"2019-03-18T17:58:21+00:00\",\"dateModified\":\"2019-03-18T17:58:23+00:00\",\"mainEntityOfPage\":{\"@id\":\"https:\\\/\\\/ofmjpic.org\\\/it\\\/malta-corso-sulla-responsabilita-ambientale\\\/\"},\"wordCount\":486,\"commentCount\":0,\"publisher\":{\"@id\":\"https:\\\/\\\/ofmjpic.org\\\/it\\\/#organization\"},\"image\":{\"@id\":\"https:\\\/\\\/ofmjpic.org\\\/it\\\/malta-corso-sulla-responsabilita-ambientale\\\/#primaryimage\"},\"thumbnailUrl\":\"https:\\\/\\\/ofmjpic.org\\\/wp-content\\\/uploads\\\/2019\\\/03\\\/Schermata-2019-03-18-alle-18.39.33.png\",\"keywords\":[\"Cura del creato\",\"ecologica\",\"Francescani\",\"integridad de la creacion\",\"jpic\",\"OFM\",\"OFM\"],\"articleSection\":[\"Formaci\u00f3n\",\"Formazione\",\"Notizie\"],\"inLanguage\":\"it-IT\",\"potentialAction\":[{\"@type\":\"CommentAction\",\"name\":\"Comment\",\"target\":[\"https:\\\/\\\/ofmjpic.org\\\/it\\\/malta-corso-sulla-responsabilita-ambientale\\\/#respond\"]}]},{\"@type\":\"WebPage\",\"@id\":\"https:\\\/\\\/ofmjpic.org\\\/it\\\/malta-corso-sulla-responsabilita-ambientale\\\/\",\"url\":\"https:\\\/\\\/ofmjpic.org\\\/it\\\/malta-corso-sulla-responsabilita-ambientale\\\/\",\"name\":\"Malta, Corso sulla Responsabilit\u00e0 Ambientale. - OFM JPIC\",\"isPartOf\":{\"@id\":\"https:\\\/\\\/ofmjpic.org\\\/it\\\/#website\"},\"primaryImageOfPage\":{\"@id\":\"https:\\\/\\\/ofmjpic.org\\\/it\\\/malta-corso-sulla-responsabilita-ambientale\\\/#primaryimage\"},\"image\":{\"@id\":\"https:\\\/\\\/ofmjpic.org\\\/it\\\/malta-corso-sulla-responsabilita-ambientale\\\/#primaryimage\"},\"thumbnailUrl\":\"https:\\\/\\\/ofmjpic.org\\\/wp-content\\\/uploads\\\/2019\\\/03\\\/Schermata-2019-03-18-alle-18.39.33.png\",\"datePublished\":\"2019-03-18T17:58:21+00:00\",\"dateModified\":\"2019-03-18T17:58:23+00:00\",\"breadcrumb\":{\"@id\":\"https:\\\/\\\/ofmjpic.org\\\/it\\\/malta-corso-sulla-responsabilita-ambientale\\\/#breadcrumb\"},\"inLanguage\":\"it-IT\",\"potentialAction\":[{\"@type\":\"ReadAction\",\"target\":[\"https:\\\/\\\/ofmjpic.org\\\/it\\\/malta-corso-sulla-responsabilita-ambientale\\\/\"]}]},{\"@type\":\"ImageObject\",\"inLanguage\":\"it-IT\",\"@id\":\"https:\\\/\\\/ofmjpic.org\\\/it\\\/malta-corso-sulla-responsabilita-ambientale\\\/#primaryimage\",\"url\":\"https:\\\/\\\/ofmjpic.org\\\/wp-content\\\/uploads\\\/2019\\\/03\\\/Schermata-2019-03-18-alle-18.39.33.png\",\"contentUrl\":\"https:\\\/\\\/ofmjpic.org\\\/wp-content\\\/uploads\\\/2019\\\/03\\\/Schermata-2019-03-18-alle-18.39.33.png\",\"width\":791,\"height\":526},{\"@type\":\"BreadcrumbList\",\"@id\":\"https:\\\/\\\/ofmjpic.org\\\/it\\\/malta-corso-sulla-responsabilita-ambientale\\\/#breadcrumb\",\"itemListElement\":[{\"@type\":\"ListItem\",\"position\":1,\"name\":\"Portada\",\"item\":\"https:\\\/\\\/ofmjpic.org\\\/it\\\/\"},{\"@type\":\"ListItem\",\"position\":2,\"name\":\"Malta, Corso sulla Responsabilit\u00e0 Ambientale.\"}]},{\"@type\":\"WebSite\",\"@id\":\"https:\\\/\\\/ofmjpic.org\\\/it\\\/#website\",\"url\":\"https:\\\/\\\/ofmjpic.org\\\/it\\\/\",\"name\":\"OFM Justice, Peace and Integrity of Creation\",\"description\":\"\",\"publisher\":{\"@id\":\"https:\\\/\\\/ofmjpic.org\\\/it\\\/#organization\"},\"potentialAction\":[{\"@type\":\"SearchAction\",\"target\":{\"@type\":\"EntryPoint\",\"urlTemplate\":\"https:\\\/\\\/ofmjpic.org\\\/it\\\/?s={search_term_string}\"},\"query-input\":{\"@type\":\"PropertyValueSpecification\",\"valueRequired\":true,\"valueName\":\"search_term_string\"}}],\"inLanguage\":\"it-IT\"},{\"@type\":\"Organization\",\"@id\":\"https:\\\/\\\/ofmjpic.org\\\/it\\\/#organization\",\"name\":\"General office for Justice, Peace and Integrity of Creation\",\"url\":\"https:\\\/\\\/ofmjpic.org\\\/it\\\/\",\"logo\":{\"@type\":\"ImageObject\",\"inLanguage\":\"it-IT\",\"@id\":\"https:\\\/\\\/ofmjpic.org\\\/it\\\/#\\\/schema\\\/logo\\\/image\\\/\",\"url\":\"https:\\\/\\\/ofmjpic.org\\\/wp-content\\\/uploads\\\/2018\\\/08\\\/ES_JPIC_Logo_.png\",\"contentUrl\":\"https:\\\/\\\/ofmjpic.org\\\/wp-content\\\/uploads\\\/2018\\\/08\\\/ES_JPIC_Logo_.png\",\"width\":3957,\"height\":4082,\"caption\":\"General office for Justice, Peace and Integrity of Creation\"},\"image\":{\"@id\":\"https:\\\/\\\/ofmjpic.org\\\/it\\\/#\\\/schema\\\/logo\\\/image\\\/\"},\"sameAs\":[\"https:\\\/\\\/www.facebook.com\\\/ofmjpic\\\/\",\"https:\\\/\\\/www.instagram.com\\\/ofmjpic\\\/\"]},{\"@type\":\"Person\",\"@id\":\"https:\\\/\\\/ofmjpic.org\\\/it\\\/#\\\/schema\\\/person\\\/b94707ec5fc5af84d2d88e5f946184fb\",\"name\":\"Jaime Campos\",\"url\":\"https:\\\/\\\/ofmjpic.org\\\/it\\\/author\\\/jcampos\\\/\"}]}<\/script>\n<!-- \/ Yoast SEO plugin. -->","yoast_head_json":{"title":"Malta, Corso sulla Responsabilit\u00e0 Ambientale. - OFM JPIC","robots":{"index":"index","follow":"follow","max-snippet":"max-snippet:-1","max-image-preview":"max-image-preview:large","max-video-preview":"max-video-preview:-1"},"canonical":"https:\/\/ofmjpic.org\/it\/malta-corso-sulla-responsabilita-ambientale\/","og_locale":"it_IT","og_type":"article","og_title":"Malta, Corso sulla Responsabilit\u00e0 Ambientale. - OFM JPIC","og_description":"La Provincia di San Paolo, Apostolo, dei Frati Minori di Malta ha voluto collaborare con il Centro per l\u2019Educazione e la Ricerca Ambientale dell\u2019Universit\u00e0 di Malta, e la Commissione Inter-diocesana per l\u2019Ambiente (della Conferenza Episcopale di Malta) per avviare un corso che avesse lo scopo di ispirare e abilitare i partecipanti ad abbracciare una vita pi\u00f9 sostenibile sia a livello personale che a quello comunitario.","og_url":"https:\/\/ofmjpic.org\/it\/malta-corso-sulla-responsabilita-ambientale\/","og_site_name":"OFM JPIC","article_publisher":"https:\/\/www.facebook.com\/ofmjpic\/","article_published_time":"2019-03-18T17:58:21+00:00","article_modified_time":"2019-03-18T17:58:23+00:00","og_image":[{"width":791,"height":526,"url":"https:\/\/ofmjpic.org\/wp-content\/uploads\/2019\/03\/Schermata-2019-03-18-alle-18.39.33.png","type":"image\/png"}],"author":"Jaime Campos","twitter_card":"summary_large_image","twitter_misc":{"Scritto da":"Jaime Campos","Tempo di lettura stimato":"2 minuti"},"schema":{"@context":"https:\/\/schema.org","@graph":[{"@type":"Article","@id":"https:\/\/ofmjpic.org\/it\/malta-corso-sulla-responsabilita-ambientale\/#article","isPartOf":{"@id":"https:\/\/ofmjpic.org\/it\/malta-corso-sulla-responsabilita-ambientale\/"},"author":{"name":"Jaime Campos","@id":"https:\/\/ofmjpic.org\/it\/#\/schema\/person\/b94707ec5fc5af84d2d88e5f946184fb"},"headline":"Malta, Corso sulla Responsabilit\u00e0 Ambientale.","datePublished":"2019-03-18T17:58:21+00:00","dateModified":"2019-03-18T17:58:23+00:00","mainEntityOfPage":{"@id":"https:\/\/ofmjpic.org\/it\/malta-corso-sulla-responsabilita-ambientale\/"},"wordCount":486,"commentCount":0,"publisher":{"@id":"https:\/\/ofmjpic.org\/it\/#organization"},"image":{"@id":"https:\/\/ofmjpic.org\/it\/malta-corso-sulla-responsabilita-ambientale\/#primaryimage"},"thumbnailUrl":"https:\/\/ofmjpic.org\/wp-content\/uploads\/2019\/03\/Schermata-2019-03-18-alle-18.39.33.png","keywords":["Cura del creato","ecologica","Francescani","integridad de la creacion","jpic","OFM","OFM"],"articleSection":["Formaci\u00f3n","Formazione","Notizie"],"inLanguage":"it-IT","potentialAction":[{"@type":"CommentAction","name":"Comment","target":["https:\/\/ofmjpic.org\/it\/malta-corso-sulla-responsabilita-ambientale\/#respond"]}]},{"@type":"WebPage","@id":"https:\/\/ofmjpic.org\/it\/malta-corso-sulla-responsabilita-ambientale\/","url":"https:\/\/ofmjpic.org\/it\/malta-corso-sulla-responsabilita-ambientale\/","name":"Malta, Corso sulla Responsabilit\u00e0 Ambientale. - OFM JPIC","isPartOf":{"@id":"https:\/\/ofmjpic.org\/it\/#website"},"primaryImageOfPage":{"@id":"https:\/\/ofmjpic.org\/it\/malta-corso-sulla-responsabilita-ambientale\/#primaryimage"},"image":{"@id":"https:\/\/ofmjpic.org\/it\/malta-corso-sulla-responsabilita-ambientale\/#primaryimage"},"thumbnailUrl":"https:\/\/ofmjpic.org\/wp-content\/uploads\/2019\/03\/Schermata-2019-03-18-alle-18.39.33.png","datePublished":"2019-03-18T17:58:21+00:00","dateModified":"2019-03-18T17:58:23+00:00","breadcrumb":{"@id":"https:\/\/ofmjpic.org\/it\/malta-corso-sulla-responsabilita-ambientale\/#breadcrumb"},"inLanguage":"it-IT","potentialAction":[{"@type":"ReadAction","target":["https:\/\/ofmjpic.org\/it\/malta-corso-sulla-responsabilita-ambientale\/"]}]},{"@type":"ImageObject","inLanguage":"it-IT","@id":"https:\/\/ofmjpic.org\/it\/malta-corso-sulla-responsabilita-ambientale\/#primaryimage","url":"https:\/\/ofmjpic.org\/wp-content\/uploads\/2019\/03\/Schermata-2019-03-18-alle-18.39.33.png","contentUrl":"https:\/\/ofmjpic.org\/wp-content\/uploads\/2019\/03\/Schermata-2019-03-18-alle-18.39.33.png","width":791,"height":526},{"@type":"BreadcrumbList","@id":"https:\/\/ofmjpic.org\/it\/malta-corso-sulla-responsabilita-ambientale\/#breadcrumb","itemListElement":[{"@type":"ListItem","position":1,"name":"Portada","item":"https:\/\/ofmjpic.org\/it\/"},{"@type":"ListItem","position":2,"name":"Malta, Corso sulla Responsabilit\u00e0 Ambientale."}]},{"@type":"WebSite","@id":"https:\/\/ofmjpic.org\/it\/#website","url":"https:\/\/ofmjpic.org\/it\/","name":"OFM Justice, Peace and Integrity of Creation","description":"","publisher":{"@id":"https:\/\/ofmjpic.org\/it\/#organization"},"potentialAction":[{"@type":"SearchAction","target":{"@type":"EntryPoint","urlTemplate":"https:\/\/ofmjpic.org\/it\/?s={search_term_string}"},"query-input":{"@type":"PropertyValueSpecification","valueRequired":true,"valueName":"search_term_string"}}],"inLanguage":"it-IT"},{"@type":"Organization","@id":"https:\/\/ofmjpic.org\/it\/#organization","name":"General office for Justice, Peace and Integrity of Creation","url":"https:\/\/ofmjpic.org\/it\/","logo":{"@type":"ImageObject","inLanguage":"it-IT","@id":"https:\/\/ofmjpic.org\/it\/#\/schema\/logo\/image\/","url":"https:\/\/ofmjpic.org\/wp-content\/uploads\/2018\/08\/ES_JPIC_Logo_.png","contentUrl":"https:\/\/ofmjpic.org\/wp-content\/uploads\/2018\/08\/ES_JPIC_Logo_.png","width":3957,"height":4082,"caption":"General office for Justice, Peace and Integrity of Creation"},"image":{"@id":"https:\/\/ofmjpic.org\/it\/#\/schema\/logo\/image\/"},"sameAs":["https:\/\/www.facebook.com\/ofmjpic\/","https:\/\/www.instagram.com\/ofmjpic\/"]},{"@type":"Person","@id":"https:\/\/ofmjpic.org\/it\/#\/schema\/person\/b94707ec5fc5af84d2d88e5f946184fb","name":"Jaime Campos","url":"https:\/\/ofmjpic.org\/it\/author\/jcampos\/"}]}},"_links":{"self":[{"href":"https:\/\/ofmjpic.org\/it\/wp-json\/wp\/v2\/posts\/3379","targetHints":{"allow":["GET"]}}],"collection":[{"href":"https:\/\/ofmjpic.org\/it\/wp-json\/wp\/v2\/posts"}],"about":[{"href":"https:\/\/ofmjpic.org\/it\/wp-json\/wp\/v2\/types\/post"}],"author":[{"embeddable":true,"href":"https:\/\/ofmjpic.org\/it\/wp-json\/wp\/v2\/users\/4"}],"replies":[{"embeddable":true,"href":"https:\/\/ofmjpic.org\/it\/wp-json\/wp\/v2\/comments?post=3379"}],"version-history":[{"count":0,"href":"https:\/\/ofmjpic.org\/it\/wp-json\/wp\/v2\/posts\/3379\/revisions"}],"wp:featuredmedia":[{"embeddable":true,"href":"https:\/\/ofmjpic.org\/it\/wp-json\/wp\/v2\/media\/3371"}],"wp:attachment":[{"href":"https:\/\/ofmjpic.org\/it\/wp-json\/wp\/v2\/media?parent=3379"}],"wp:term":[{"taxonomy":"category","embeddable":true,"href":"https:\/\/ofmjpic.org\/it\/wp-json\/wp\/v2\/categories?post=3379"},{"taxonomy":"post_tag","embeddable":true,"href":"https:\/\/ofmjpic.org\/it\/wp-json\/wp\/v2\/tags?post=3379"}],"curies":[{"name":"wp","href":"https:\/\/api.w.org\/{rel}","templated":true}]}}