{"id":3110,"date":"2019-02-13T09:11:24","date_gmt":"2019-02-13T09:11:24","guid":{"rendered":"http:\/\/www.ofmjpic.org\/?p=3110"},"modified":"2019-02-13T09:39:43","modified_gmt":"2019-02-13T09:39:43","slug":"insieme-contro-la-tratta-di-persone","status":"publish","type":"post","link":"https:\/\/ofmjpic.org\/it\/insieme-contro-la-tratta-di-persone\/","title":{"rendered":"Insieme contro la tratta di persone"},"content":{"rendered":"\n<p class=\"wp-block-paragraph\">L&#8217;8 febbraio si celebra la Giornata Mondiale di Preghiera e Riflessione contro la Tratta delle Persone fin dal 2015 indetta da Papa Francesco.&nbsp;Il giorno 8 si ricorda anche la memoria di Santa Giuseppina Bakhita, religiosa di origine sudanese che durante la sua vita fu vittima di schiavit\u00f9. La Giornata \u00e8 promossa in tutto il mondo, principalmente da&nbsp;<em>Talitha Kum<\/em>, la Rete internazionale della Vita Religiosa contro la tratta di persone, attraverso il Comitato Internazionale.<\/p>\n\n\n\n<p class=\"wp-block-paragraph\">Quest&#8217;anno, varie attivit\u00e0 sono state svolte in tutto il mondo, pregando e riflettendo, per sensibilizzare su questo problema che colpisce principalmente donne, ragazze e ragazzi. Il motto scelto per la Giornata del 2019 \u00e8 :&nbsp;<strong>&#8220;Insieme Contro la Tratta&#8221;.<\/strong>Proprio poich\u00e9 \u00e8 un problema al quale nessuno pu\u00f2 essere indifferente, n\u00e9 pu\u00f2 essere affrontato da un solo sguardo, abbiamo bisogno di azioni congiunte.<\/p>\n\n\n\n<p class=\"wp-block-paragraph\">A Roma, sono state svolte due attivit\u00e0 pubbliche. Lo stesso giorno della memoria liturgica di S. Giuseppina Bakhita, ci siamo riuniti per pregare insieme alla veglia di preghiera dal tema &#8220;Accendi una luce contro la tratta delle persone&#8221;. Circa 500 persone, per lo pi\u00f9 religiose, si sono riunite nella Basilica di Sant\u2019Antonio (<em>Antonianum<\/em>). Si \u00e8 unito anche un gruppo di religiose che ha concluso il Corso di formazione per&nbsp;<em>leader<\/em>di reti contro la tratta delle persone, offerto dal&nbsp;<em>Talitha Kum<\/em>in collaborazione con la&nbsp;<em>Pontificia Universit\u00e0 Antonianum<\/em>.<\/p>\n\n\n\n<p class=\"wp-block-paragraph\">Domenica 10 \u00e8 stata fatta una marcia da Castel Sant&#8217;Angelo verso la Piazza San Pietro. Durante la marcia questa importante tematica della tratta delle persone \u00e8 stata condivisa con le persone che in quel momento stavano andando in piazza per partecipare alla preghiera&nbsp;<em>dell&#8217;Angelus<\/em>. Alle 12.00 Papa Francesco ha pregato&nbsp;<em>l&#8217;Angelus<\/em>e ha rivolto parole di ringraziamento a coloro che lavorano contro la tratta, in particolare verso le religiose. Allo stesso tempo, il Papa ha esortato i Governi: &#8220;Faccio un appello speciale ai Governi perch\u00e9 affrontino con determinazione le cause di questa piaga e proteggano le vittime\u2026&#8221;. Alla fine, ha invitato tutti a pregare per l&#8217;intercessione di Santa Giuseppina Bakhita.<\/p>\n\n\n\n<ul class=\"wp-block-gallery columns-3 is-cropped wp-block-gallery-1 is-layout-flex wp-block-gallery-is-layout-flex\"><li class=\"blocks-gallery-item\"><figure><img loading=\"lazy\" decoding=\"async\" width=\"718\" height=\"963\" src=\"http:\/\/www.ofmjpic.org\/wp-content\/uploads\/2019\/02\/controlatratta_01.png\" alt=\"\" data-id=\"3067\" data-link=\"http:\/\/www.ofmjpic.org\/en\/controlatratta_01\/\" class=\"wp-image-3067\" srcset=\"https:\/\/ofmjpic.org\/wp-content\/uploads\/2019\/02\/controlatratta_01.png 718w, https:\/\/ofmjpic.org\/wp-content\/uploads\/2019\/02\/controlatratta_01-224x300.png 224w, https:\/\/ofmjpic.org\/wp-content\/uploads\/2019\/02\/controlatratta_01-610x818.png 610w\" sizes=\"(max-width: 718px) 100vw, 718px\" \/><\/figure><\/li><li class=\"blocks-gallery-item\"><figure><img loading=\"lazy\" decoding=\"async\" width=\"717\" height=\"958\" src=\"http:\/\/www.ofmjpic.org\/wp-content\/uploads\/2019\/02\/controlatratta_03.png\" alt=\"\" data-id=\"3073\" data-link=\"http:\/\/www.ofmjpic.org\/en\/controlatratta_03\/\" class=\"wp-image-3073\" srcset=\"https:\/\/ofmjpic.org\/wp-content\/uploads\/2019\/02\/controlatratta_03.png 717w, https:\/\/ofmjpic.org\/wp-content\/uploads\/2019\/02\/controlatratta_03-225x300.png 225w, https:\/\/ofmjpic.org\/wp-content\/uploads\/2019\/02\/controlatratta_03-610x815.png 610w\" sizes=\"(max-width: 717px) 100vw, 717px\" \/><\/figure><\/li><li class=\"blocks-gallery-item\"><figure><img loading=\"lazy\" decoding=\"async\" width=\"1024\" height=\"768\" src=\"http:\/\/www.ofmjpic.org\/wp-content\/uploads\/2019\/02\/controlatratta_04-1024x768.jpg\" alt=\"\" data-id=\"3076\" data-link=\"http:\/\/www.ofmjpic.org\/en\/controlatratta_04\/\" class=\"wp-image-3076\" srcset=\"https:\/\/ofmjpic.org\/wp-content\/uploads\/2019\/02\/controlatratta_04-1024x768.jpg 1024w, https:\/\/ofmjpic.org\/wp-content\/uploads\/2019\/02\/controlatratta_04-300x225.jpg 300w, https:\/\/ofmjpic.org\/wp-content\/uploads\/2019\/02\/controlatratta_04-768x576.jpg 768w, https:\/\/ofmjpic.org\/wp-content\/uploads\/2019\/02\/controlatratta_04-510x382.jpg 510w, https:\/\/ofmjpic.org\/wp-content\/uploads\/2019\/02\/controlatratta_04-1080x810.jpg 1080w, https:\/\/ofmjpic.org\/wp-content\/uploads\/2019\/02\/controlatratta_04-610x458.jpg 610w\" sizes=\"(max-width: 1024px) 100vw, 1024px\" \/><\/figure><\/li><li class=\"blocks-gallery-item\"><figure><img loading=\"lazy\" decoding=\"async\" width=\"1024\" height=\"768\" src=\"http:\/\/www.ofmjpic.org\/wp-content\/uploads\/2019\/02\/controlatratta_05-1024x768.jpg\" alt=\"\" data-id=\"3079\" data-link=\"http:\/\/www.ofmjpic.org\/en\/controlatratta_05\/\" class=\"wp-image-3079\" srcset=\"https:\/\/ofmjpic.org\/wp-content\/uploads\/2019\/02\/controlatratta_05-1024x768.jpg 1024w, https:\/\/ofmjpic.org\/wp-content\/uploads\/2019\/02\/controlatratta_05-300x225.jpg 300w, https:\/\/ofmjpic.org\/wp-content\/uploads\/2019\/02\/controlatratta_05-768x576.jpg 768w, https:\/\/ofmjpic.org\/wp-content\/uploads\/2019\/02\/controlatratta_05-510x382.jpg 510w, https:\/\/ofmjpic.org\/wp-content\/uploads\/2019\/02\/controlatratta_05-1080x810.jpg 1080w, https:\/\/ofmjpic.org\/wp-content\/uploads\/2019\/02\/controlatratta_05-610x458.jpg 610w\" sizes=\"(max-width: 1024px) 100vw, 1024px\" \/><\/figure><\/li><li class=\"blocks-gallery-item\"><figure><img loading=\"lazy\" decoding=\"async\" width=\"1024\" height=\"768\" src=\"http:\/\/www.ofmjpic.org\/wp-content\/uploads\/2019\/02\/controlatratta_07-1-1024x768.jpg\" alt=\"\" data-id=\"3094\" data-link=\"http:\/\/www.ofmjpic.org\/en\/controlatratta_07-2\/\" class=\"wp-image-3094\" srcset=\"https:\/\/ofmjpic.org\/wp-content\/uploads\/2019\/02\/controlatratta_07-1-1024x768.jpg 1024w, https:\/\/ofmjpic.org\/wp-content\/uploads\/2019\/02\/controlatratta_07-1-300x225.jpg 300w, https:\/\/ofmjpic.org\/wp-content\/uploads\/2019\/02\/controlatratta_07-1-768x576.jpg 768w, https:\/\/ofmjpic.org\/wp-content\/uploads\/2019\/02\/controlatratta_07-1-510x382.jpg 510w, https:\/\/ofmjpic.org\/wp-content\/uploads\/2019\/02\/controlatratta_07-1-1080x810.jpg 1080w, https:\/\/ofmjpic.org\/wp-content\/uploads\/2019\/02\/controlatratta_07-1-610x458.jpg 610w\" sizes=\"(max-width: 1024px) 100vw, 1024px\" \/><\/figure><\/li><li class=\"blocks-gallery-item\"><figure><img loading=\"lazy\" decoding=\"async\" width=\"1024\" height=\"768\" src=\"http:\/\/www.ofmjpic.org\/wp-content\/uploads\/2019\/02\/controlatratta_08-1-1024x768.jpg\" alt=\"\" data-id=\"3100\" data-link=\"http:\/\/www.ofmjpic.org\/en\/controlatratta_08-2\/\" class=\"wp-image-3100\" srcset=\"https:\/\/ofmjpic.org\/wp-content\/uploads\/2019\/02\/controlatratta_08-1-1024x768.jpg 1024w, https:\/\/ofmjpic.org\/wp-content\/uploads\/2019\/02\/controlatratta_08-1-300x225.jpg 300w, https:\/\/ofmjpic.org\/wp-content\/uploads\/2019\/02\/controlatratta_08-1-768x576.jpg 768w, https:\/\/ofmjpic.org\/wp-content\/uploads\/2019\/02\/controlatratta_08-1-510x382.jpg 510w, https:\/\/ofmjpic.org\/wp-content\/uploads\/2019\/02\/controlatratta_08-1-1080x810.jpg 1080w, https:\/\/ofmjpic.org\/wp-content\/uploads\/2019\/02\/controlatratta_08-1-610x458.jpg 610w\" sizes=\"(max-width: 1024px) 100vw, 1024px\" \/><\/figure><\/li><li class=\"blocks-gallery-item\"><figure><img loading=\"lazy\" decoding=\"async\" width=\"1024\" height=\"768\" src=\"http:\/\/www.ofmjpic.org\/wp-content\/uploads\/2019\/02\/controlatratta_07-1024x768.jpg\" alt=\"\" data-id=\"3085\" data-link=\"http:\/\/www.ofmjpic.org\/en\/controlatratta_07\/\" class=\"wp-image-3085\" srcset=\"https:\/\/ofmjpic.org\/wp-content\/uploads\/2019\/02\/controlatratta_07-1024x768.jpg 1024w, https:\/\/ofmjpic.org\/wp-content\/uploads\/2019\/02\/controlatratta_07-300x225.jpg 300w, https:\/\/ofmjpic.org\/wp-content\/uploads\/2019\/02\/controlatratta_07-768x576.jpg 768w, https:\/\/ofmjpic.org\/wp-content\/uploads\/2019\/02\/controlatratta_07-510x382.jpg 510w, https:\/\/ofmjpic.org\/wp-content\/uploads\/2019\/02\/controlatratta_07-1080x810.jpg 1080w, https:\/\/ofmjpic.org\/wp-content\/uploads\/2019\/02\/controlatratta_07-610x458.jpg 610w\" sizes=\"(max-width: 1024px) 100vw, 1024px\" \/><\/figure><\/li><li class=\"blocks-gallery-item\"><figure><img loading=\"lazy\" decoding=\"async\" width=\"1024\" height=\"768\" src=\"http:\/\/www.ofmjpic.org\/wp-content\/uploads\/2019\/02\/controlatratta_08-1024x768.jpg\" alt=\"\" data-id=\"3088\" data-link=\"http:\/\/www.ofmjpic.org\/en\/controlatratta_08\/\" class=\"wp-image-3088\" srcset=\"https:\/\/ofmjpic.org\/wp-content\/uploads\/2019\/02\/controlatratta_08-1024x768.jpg 1024w, https:\/\/ofmjpic.org\/wp-content\/uploads\/2019\/02\/controlatratta_08-300x225.jpg 300w, https:\/\/ofmjpic.org\/wp-content\/uploads\/2019\/02\/controlatratta_08-768x576.jpg 768w, https:\/\/ofmjpic.org\/wp-content\/uploads\/2019\/02\/controlatratta_08-510x382.jpg 510w, https:\/\/ofmjpic.org\/wp-content\/uploads\/2019\/02\/controlatratta_08-1080x810.jpg 1080w, https:\/\/ofmjpic.org\/wp-content\/uploads\/2019\/02\/controlatratta_08-610x458.jpg 610w\" sizes=\"(max-width: 1024px) 100vw, 1024px\" \/><\/figure><\/li><\/ul>\n\n\n\n<figure class=\"wp-block-embed-youtube aligncenter wp-block-embed is-type-video is-provider-youtube wp-embed-aspect-16-9 wp-has-aspect-ratio\"><div class=\"wp-block-embed__wrapper\">\n<iframe loading=\"lazy\" width=\"1080\" height=\"608\" src=\"https:\/\/www.youtube.com\/embed\/f7g9I4fjcrs?feature=oembed\" frameborder=\"0\" allow=\"accelerometer; autoplay; encrypted-media; gyroscope; picture-in-picture\" allowfullscreen><\/iframe>\n<\/div><\/figure>\n\n\n\n<p class=\"wp-block-paragraph\" style=\"text-align:right\"><strong>Fra Jaime Campos F., OFM<\/strong><br>Ufficio GPIC &#8211; Roma<\/p>\n\n\n\n<p class=\"wp-block-paragraph\"><\/p>\n","protected":false},"excerpt":{"rendered":"<p>Quest&#8217;anno, varie attivit\u00e0 sono state svolte in tutto il mondo, pregando e riflettendo, per sensibilizzare su questo problema che colpisce principalmente donne, ragazze e ragazzi. Il motto scelto per la Giornata del 2019 \u00e8 : &#8220;Insieme Contro la Tratta&#8221;.<\/p>\n","protected":false},"author":3,"featured_media":3092,"comment_status":"open","ping_status":"open","sticky":false,"template":"","format":"standard","meta":{"_acf_changed":false,"_et_pb_use_builder":"off","_et_pb_old_content":"","_et_gb_content_width":"","footnotes":""},"categories":[961],"tags":[82,85,80,554,69,687,86,752,744,62,83,72],"class_list":["post-3110","post","type-post","status-publish","format-standard","has-post-thumbnail","hentry","category-notizie","tag-frati-minori","tag-giustizia","tag-gpic","tag-jpic-it","tag-ofm","tag-ofm-it","tag-pace","tag-peace-it","tag-talitha-kum-it","tag-talitha-kum","tag-tratta-di-persone","tag-usg-uisg"],"acf":[],"yoast_head":"<!-- This site is optimized with the Yoast SEO plugin v28.4 - https:\/\/yoast.com\/product\/yoast-seo-wordpress\/ -->\n<title>Insieme contro la tratta di persone - OFM JPIC<\/title>\n<meta name=\"robots\" content=\"index, follow, max-snippet:-1, max-image-preview:large, max-video-preview:-1\" \/>\n<link rel=\"canonical\" href=\"https:\/\/ofmjpic.org\/it\/insieme-contro-la-tratta-di-persone\/\" \/>\n<meta property=\"og:locale\" content=\"it_IT\" \/>\n<meta property=\"og:type\" content=\"article\" \/>\n<meta property=\"og:title\" content=\"Insieme contro la tratta di persone - OFM JPIC\" \/>\n<meta property=\"og:description\" content=\"Quest&#039;anno, varie attivit\u00e0 sono state svolte in tutto il mondo, pregando e riflettendo, per sensibilizzare su questo problema che colpisce principalmente donne, ragazze e ragazzi. Il motto scelto per la Giornata del 2019 \u00e8 : &quot;Insieme Contro la Tratta&quot;.\" \/>\n<meta property=\"og:url\" content=\"https:\/\/ofmjpic.org\/it\/insieme-contro-la-tratta-di-persone\/\" \/>\n<meta property=\"og:site_name\" content=\"OFM JPIC\" \/>\n<meta property=\"article:publisher\" content=\"https:\/\/www.facebook.com\/ofmjpic\/\" \/>\n<meta property=\"article:published_time\" content=\"2019-02-13T09:11:24+00:00\" \/>\n<meta property=\"article:modified_time\" content=\"2019-02-13T09:39:43+00:00\" \/>\n<meta property=\"og:image\" content=\"https:\/\/ofmjpic.org\/wp-content\/uploads\/2019\/02\/controlatratta_09.jpg\" \/>\n\t<meta property=\"og:image:width\" content=\"3264\" \/>\n\t<meta property=\"og:image:height\" content=\"2448\" \/>\n\t<meta property=\"og:image:type\" content=\"image\/jpeg\" \/>\n<meta name=\"author\" content=\"Rufino Lim\" \/>\n<meta name=\"twitter:card\" content=\"summary_large_image\" \/>\n<meta name=\"twitter:label1\" content=\"Scritto da\" \/>\n\t<meta name=\"twitter:data1\" content=\"Rufino Lim\" \/>\n\t<meta name=\"twitter:label2\" content=\"Tempo di lettura stimato\" \/>\n\t<meta name=\"twitter:data2\" content=\"2 minuti\" \/>\n<script type=\"application\/ld+json\" class=\"yoast-schema-graph\">{\"@context\":\"https:\\\/\\\/schema.org\",\"@graph\":[{\"@type\":\"Article\",\"@id\":\"https:\\\/\\\/ofmjpic.org\\\/it\\\/insieme-contro-la-tratta-di-persone\\\/#article\",\"isPartOf\":{\"@id\":\"https:\\\/\\\/ofmjpic.org\\\/it\\\/insieme-contro-la-tratta-di-persone\\\/\"},\"author\":{\"name\":\"Rufino Lim\",\"@id\":\"https:\\\/\\\/ofmjpic.org\\\/it\\\/#\\\/schema\\\/person\\\/b1ff8fae9939c2f361a363ae84ec9e05\"},\"headline\":\"Insieme contro la tratta di persone\",\"datePublished\":\"2019-02-13T09:11:24+00:00\",\"dateModified\":\"2019-02-13T09:39:43+00:00\",\"mainEntityOfPage\":{\"@id\":\"https:\\\/\\\/ofmjpic.org\\\/it\\\/insieme-contro-la-tratta-di-persone\\\/\"},\"wordCount\":356,\"commentCount\":0,\"publisher\":{\"@id\":\"https:\\\/\\\/ofmjpic.org\\\/it\\\/#organization\"},\"image\":{\"@id\":\"https:\\\/\\\/ofmjpic.org\\\/it\\\/insieme-contro-la-tratta-di-persone\\\/#primaryimage\"},\"thumbnailUrl\":\"https:\\\/\\\/ofmjpic.org\\\/wp-content\\\/uploads\\\/2019\\\/02\\\/controlatratta_09.jpg\",\"keywords\":[\"Frati Minori\",\"Giustizia\",\"GPIC\",\"jpic\",\"OFM\",\"OFM\",\"Pace\",\"Peace\",\"Talitha Kum\",\"Talitha Kum\",\"Tratta di persone\",\"USG\\\/UISG\"],\"articleSection\":[\"Notizie\"],\"inLanguage\":\"it-IT\",\"potentialAction\":[{\"@type\":\"CommentAction\",\"name\":\"Comment\",\"target\":[\"https:\\\/\\\/ofmjpic.org\\\/it\\\/insieme-contro-la-tratta-di-persone\\\/#respond\"]}]},{\"@type\":\"WebPage\",\"@id\":\"https:\\\/\\\/ofmjpic.org\\\/it\\\/insieme-contro-la-tratta-di-persone\\\/\",\"url\":\"https:\\\/\\\/ofmjpic.org\\\/it\\\/insieme-contro-la-tratta-di-persone\\\/\",\"name\":\"Insieme contro la tratta di persone - OFM JPIC\",\"isPartOf\":{\"@id\":\"https:\\\/\\\/ofmjpic.org\\\/it\\\/#website\"},\"primaryImageOfPage\":{\"@id\":\"https:\\\/\\\/ofmjpic.org\\\/it\\\/insieme-contro-la-tratta-di-persone\\\/#primaryimage\"},\"image\":{\"@id\":\"https:\\\/\\\/ofmjpic.org\\\/it\\\/insieme-contro-la-tratta-di-persone\\\/#primaryimage\"},\"thumbnailUrl\":\"https:\\\/\\\/ofmjpic.org\\\/wp-content\\\/uploads\\\/2019\\\/02\\\/controlatratta_09.jpg\",\"datePublished\":\"2019-02-13T09:11:24+00:00\",\"dateModified\":\"2019-02-13T09:39:43+00:00\",\"breadcrumb\":{\"@id\":\"https:\\\/\\\/ofmjpic.org\\\/it\\\/insieme-contro-la-tratta-di-persone\\\/#breadcrumb\"},\"inLanguage\":\"it-IT\",\"potentialAction\":[{\"@type\":\"ReadAction\",\"target\":[\"https:\\\/\\\/ofmjpic.org\\\/it\\\/insieme-contro-la-tratta-di-persone\\\/\"]}]},{\"@type\":\"ImageObject\",\"inLanguage\":\"it-IT\",\"@id\":\"https:\\\/\\\/ofmjpic.org\\\/it\\\/insieme-contro-la-tratta-di-persone\\\/#primaryimage\",\"url\":\"https:\\\/\\\/ofmjpic.org\\\/wp-content\\\/uploads\\\/2019\\\/02\\\/controlatratta_09.jpg\",\"contentUrl\":\"https:\\\/\\\/ofmjpic.org\\\/wp-content\\\/uploads\\\/2019\\\/02\\\/controlatratta_09.jpg\",\"width\":3264,\"height\":2448},{\"@type\":\"BreadcrumbList\",\"@id\":\"https:\\\/\\\/ofmjpic.org\\\/it\\\/insieme-contro-la-tratta-di-persone\\\/#breadcrumb\",\"itemListElement\":[{\"@type\":\"ListItem\",\"position\":1,\"name\":\"Portada\",\"item\":\"https:\\\/\\\/ofmjpic.org\\\/it\\\/\"},{\"@type\":\"ListItem\",\"position\":2,\"name\":\"Insieme contro la tratta di persone\"}]},{\"@type\":\"WebSite\",\"@id\":\"https:\\\/\\\/ofmjpic.org\\\/it\\\/#website\",\"url\":\"https:\\\/\\\/ofmjpic.org\\\/it\\\/\",\"name\":\"OFM Justice, Peace and Integrity of Creation\",\"description\":\"\",\"publisher\":{\"@id\":\"https:\\\/\\\/ofmjpic.org\\\/it\\\/#organization\"},\"potentialAction\":[{\"@type\":\"SearchAction\",\"target\":{\"@type\":\"EntryPoint\",\"urlTemplate\":\"https:\\\/\\\/ofmjpic.org\\\/it\\\/?s={search_term_string}\"},\"query-input\":{\"@type\":\"PropertyValueSpecification\",\"valueRequired\":true,\"valueName\":\"search_term_string\"}}],\"inLanguage\":\"it-IT\"},{\"@type\":\"Organization\",\"@id\":\"https:\\\/\\\/ofmjpic.org\\\/it\\\/#organization\",\"name\":\"General office for Justice, Peace and Integrity of Creation\",\"url\":\"https:\\\/\\\/ofmjpic.org\\\/it\\\/\",\"logo\":{\"@type\":\"ImageObject\",\"inLanguage\":\"it-IT\",\"@id\":\"https:\\\/\\\/ofmjpic.org\\\/it\\\/#\\\/schema\\\/logo\\\/image\\\/\",\"url\":\"https:\\\/\\\/ofmjpic.org\\\/wp-content\\\/uploads\\\/2018\\\/08\\\/ES_JPIC_Logo_.png\",\"contentUrl\":\"https:\\\/\\\/ofmjpic.org\\\/wp-content\\\/uploads\\\/2018\\\/08\\\/ES_JPIC_Logo_.png\",\"width\":3957,\"height\":4082,\"caption\":\"General office for Justice, Peace and Integrity of Creation\"},\"image\":{\"@id\":\"https:\\\/\\\/ofmjpic.org\\\/it\\\/#\\\/schema\\\/logo\\\/image\\\/\"},\"sameAs\":[\"https:\\\/\\\/www.facebook.com\\\/ofmjpic\\\/\",\"https:\\\/\\\/www.instagram.com\\\/ofmjpic\\\/\"]},{\"@type\":\"Person\",\"@id\":\"https:\\\/\\\/ofmjpic.org\\\/it\\\/#\\\/schema\\\/person\\\/b1ff8fae9939c2f361a363ae84ec9e05\",\"name\":\"Rufino Lim\",\"url\":\"https:\\\/\\\/ofmjpic.org\\\/it\\\/author\\\/rlim\\\/\"}]}<\/script>\n<!-- \/ Yoast SEO plugin. -->","yoast_head_json":{"title":"Insieme contro la tratta di persone - OFM JPIC","robots":{"index":"index","follow":"follow","max-snippet":"max-snippet:-1","max-image-preview":"max-image-preview:large","max-video-preview":"max-video-preview:-1"},"canonical":"https:\/\/ofmjpic.org\/it\/insieme-contro-la-tratta-di-persone\/","og_locale":"it_IT","og_type":"article","og_title":"Insieme contro la tratta di persone - OFM JPIC","og_description":"Quest'anno, varie attivit\u00e0 sono state svolte in tutto il mondo, pregando e riflettendo, per sensibilizzare su questo problema che colpisce principalmente donne, ragazze e ragazzi. Il motto scelto per la Giornata del 2019 \u00e8 : \"Insieme Contro la Tratta\".","og_url":"https:\/\/ofmjpic.org\/it\/insieme-contro-la-tratta-di-persone\/","og_site_name":"OFM JPIC","article_publisher":"https:\/\/www.facebook.com\/ofmjpic\/","article_published_time":"2019-02-13T09:11:24+00:00","article_modified_time":"2019-02-13T09:39:43+00:00","og_image":[{"width":3264,"height":2448,"url":"https:\/\/ofmjpic.org\/wp-content\/uploads\/2019\/02\/controlatratta_09.jpg","type":"image\/jpeg"}],"author":"Rufino Lim","twitter_card":"summary_large_image","twitter_misc":{"Scritto da":"Rufino Lim","Tempo di lettura stimato":"2 minuti"},"schema":{"@context":"https:\/\/schema.org","@graph":[{"@type":"Article","@id":"https:\/\/ofmjpic.org\/it\/insieme-contro-la-tratta-di-persone\/#article","isPartOf":{"@id":"https:\/\/ofmjpic.org\/it\/insieme-contro-la-tratta-di-persone\/"},"author":{"name":"Rufino Lim","@id":"https:\/\/ofmjpic.org\/it\/#\/schema\/person\/b1ff8fae9939c2f361a363ae84ec9e05"},"headline":"Insieme contro la tratta di persone","datePublished":"2019-02-13T09:11:24+00:00","dateModified":"2019-02-13T09:39:43+00:00","mainEntityOfPage":{"@id":"https:\/\/ofmjpic.org\/it\/insieme-contro-la-tratta-di-persone\/"},"wordCount":356,"commentCount":0,"publisher":{"@id":"https:\/\/ofmjpic.org\/it\/#organization"},"image":{"@id":"https:\/\/ofmjpic.org\/it\/insieme-contro-la-tratta-di-persone\/#primaryimage"},"thumbnailUrl":"https:\/\/ofmjpic.org\/wp-content\/uploads\/2019\/02\/controlatratta_09.jpg","keywords":["Frati Minori","Giustizia","GPIC","jpic","OFM","OFM","Pace","Peace","Talitha Kum","Talitha Kum","Tratta di persone","USG\/UISG"],"articleSection":["Notizie"],"inLanguage":"it-IT","potentialAction":[{"@type":"CommentAction","name":"Comment","target":["https:\/\/ofmjpic.org\/it\/insieme-contro-la-tratta-di-persone\/#respond"]}]},{"@type":"WebPage","@id":"https:\/\/ofmjpic.org\/it\/insieme-contro-la-tratta-di-persone\/","url":"https:\/\/ofmjpic.org\/it\/insieme-contro-la-tratta-di-persone\/","name":"Insieme contro la tratta di persone - OFM JPIC","isPartOf":{"@id":"https:\/\/ofmjpic.org\/it\/#website"},"primaryImageOfPage":{"@id":"https:\/\/ofmjpic.org\/it\/insieme-contro-la-tratta-di-persone\/#primaryimage"},"image":{"@id":"https:\/\/ofmjpic.org\/it\/insieme-contro-la-tratta-di-persone\/#primaryimage"},"thumbnailUrl":"https:\/\/ofmjpic.org\/wp-content\/uploads\/2019\/02\/controlatratta_09.jpg","datePublished":"2019-02-13T09:11:24+00:00","dateModified":"2019-02-13T09:39:43+00:00","breadcrumb":{"@id":"https:\/\/ofmjpic.org\/it\/insieme-contro-la-tratta-di-persone\/#breadcrumb"},"inLanguage":"it-IT","potentialAction":[{"@type":"ReadAction","target":["https:\/\/ofmjpic.org\/it\/insieme-contro-la-tratta-di-persone\/"]}]},{"@type":"ImageObject","inLanguage":"it-IT","@id":"https:\/\/ofmjpic.org\/it\/insieme-contro-la-tratta-di-persone\/#primaryimage","url":"https:\/\/ofmjpic.org\/wp-content\/uploads\/2019\/02\/controlatratta_09.jpg","contentUrl":"https:\/\/ofmjpic.org\/wp-content\/uploads\/2019\/02\/controlatratta_09.jpg","width":3264,"height":2448},{"@type":"BreadcrumbList","@id":"https:\/\/ofmjpic.org\/it\/insieme-contro-la-tratta-di-persone\/#breadcrumb","itemListElement":[{"@type":"ListItem","position":1,"name":"Portada","item":"https:\/\/ofmjpic.org\/it\/"},{"@type":"ListItem","position":2,"name":"Insieme contro la tratta di persone"}]},{"@type":"WebSite","@id":"https:\/\/ofmjpic.org\/it\/#website","url":"https:\/\/ofmjpic.org\/it\/","name":"OFM Justice, Peace and Integrity of Creation","description":"","publisher":{"@id":"https:\/\/ofmjpic.org\/it\/#organization"},"potentialAction":[{"@type":"SearchAction","target":{"@type":"EntryPoint","urlTemplate":"https:\/\/ofmjpic.org\/it\/?s={search_term_string}"},"query-input":{"@type":"PropertyValueSpecification","valueRequired":true,"valueName":"search_term_string"}}],"inLanguage":"it-IT"},{"@type":"Organization","@id":"https:\/\/ofmjpic.org\/it\/#organization","name":"General office for Justice, Peace and Integrity of Creation","url":"https:\/\/ofmjpic.org\/it\/","logo":{"@type":"ImageObject","inLanguage":"it-IT","@id":"https:\/\/ofmjpic.org\/it\/#\/schema\/logo\/image\/","url":"https:\/\/ofmjpic.org\/wp-content\/uploads\/2018\/08\/ES_JPIC_Logo_.png","contentUrl":"https:\/\/ofmjpic.org\/wp-content\/uploads\/2018\/08\/ES_JPIC_Logo_.png","width":3957,"height":4082,"caption":"General office for Justice, Peace and Integrity of Creation"},"image":{"@id":"https:\/\/ofmjpic.org\/it\/#\/schema\/logo\/image\/"},"sameAs":["https:\/\/www.facebook.com\/ofmjpic\/","https:\/\/www.instagram.com\/ofmjpic\/"]},{"@type":"Person","@id":"https:\/\/ofmjpic.org\/it\/#\/schema\/person\/b1ff8fae9939c2f361a363ae84ec9e05","name":"Rufino Lim","url":"https:\/\/ofmjpic.org\/it\/author\/rlim\/"}]}},"_links":{"self":[{"href":"https:\/\/ofmjpic.org\/it\/wp-json\/wp\/v2\/posts\/3110","targetHints":{"allow":["GET"]}}],"collection":[{"href":"https:\/\/ofmjpic.org\/it\/wp-json\/wp\/v2\/posts"}],"about":[{"href":"https:\/\/ofmjpic.org\/it\/wp-json\/wp\/v2\/types\/post"}],"author":[{"embeddable":true,"href":"https:\/\/ofmjpic.org\/it\/wp-json\/wp\/v2\/users\/3"}],"replies":[{"embeddable":true,"href":"https:\/\/ofmjpic.org\/it\/wp-json\/wp\/v2\/comments?post=3110"}],"version-history":[{"count":0,"href":"https:\/\/ofmjpic.org\/it\/wp-json\/wp\/v2\/posts\/3110\/revisions"}],"wp:featuredmedia":[{"embeddable":true,"href":"https:\/\/ofmjpic.org\/it\/wp-json\/wp\/v2\/media\/3092"}],"wp:attachment":[{"href":"https:\/\/ofmjpic.org\/it\/wp-json\/wp\/v2\/media?parent=3110"}],"wp:term":[{"taxonomy":"category","embeddable":true,"href":"https:\/\/ofmjpic.org\/it\/wp-json\/wp\/v2\/categories?post=3110"},{"taxonomy":"post_tag","embeddable":true,"href":"https:\/\/ofmjpic.org\/it\/wp-json\/wp\/v2\/tags?post=3110"}],"curies":[{"name":"wp","href":"https:\/\/api.w.org\/{rel}","templated":true}]}}