{"id":23888,"date":"2026-09-03T00:00:42","date_gmt":"2026-09-03T00:00:42","guid":{"rendered":"https:\/\/ofmjpic.org\/?p=23888"},"modified":"2026-09-03T00:00:45","modified_gmt":"2026-09-03T00:00:45","slug":"franciscan-presence-south-africa","status":"publish","type":"post","link":"https:\/\/ofmjpic.org\/it\/franciscan-presence-south-africa\/","title":{"rendered":"Fr. Taucen visita alla Provincia Nostra Signora Regina della Pace in Sudafrica"},"content":{"rendered":"<p>[et_pb_section fb_built=&#8221;1&#8243; _builder_version=&#8221;4.27.6&#8243; _module_preset=&#8221;default&#8221; da_disable_devices=&#8221;off|off|off&#8221; locked=&#8221;off&#8221; global_colors_info=&#8221;{}&#8221; theme_builder_area=&#8221;post_content&#8221; da_is_popup=&#8221;off&#8221; da_exit_intent=&#8221;off&#8221; da_has_close=&#8221;on&#8221; da_alt_close=&#8221;off&#8221; da_dark_close=&#8221;off&#8221; da_not_modal=&#8221;on&#8221; da_is_singular=&#8221;off&#8221; da_with_loader=&#8221;off&#8221; da_has_shadow=&#8221;on&#8221;][et_pb_row _builder_version=&#8221;4.27.6&#8243; _module_preset=&#8221;default&#8221; global_colors_info=&#8221;{}&#8221; theme_builder_area=&#8221;post_content&#8221;][et_pb_column type=&#8221;4_4&#8243; _builder_version=&#8221;4.27.6&#8243; _module_preset=&#8221;default&#8221; global_colors_info=&#8221;{}&#8221; theme_builder_area=&#8221;post_content&#8221;][et_pb_text _builder_version=&#8221;4.27.8&#8243; _module_preset=&#8221;default&#8221; hover_enabled=&#8221;0&#8243; global_colors_info=&#8221;{}&#8221; theme_builder_area=&#8221;post_content&#8221; sticky_enabled=&#8221;0&#8243;]<\/p>\n<p style=\"text-align: justify;\">Dal 23 al 28 agosto 2026, Fr. Taucen Hotlan Girsang, OFM, dell\u2019Ufficio Giustizia, Pace e Integrit\u00e0 del Creato (GPIC) di Roma, ha visitato diverse fraternit\u00e0 francescane nell\u2019area di Johannesburg, in Sudafrica, tra cui quelle di Vanderbijlpark, Boksburg e Pretoria. Ha visitato anche Eldorado Park, dove sono presenti le Suore Francescane Missionarie di Maria (FMM). Lo scopo della visita era incontrare e ascoltare i frati e le Suore FMM, comprendere le realt\u00e0 sociali nelle quali svolgono la loro missione francescana e di evangelizzazione, e conoscere meglio la presenza francescana e le attivit\u00e0 pastorali legate alla Giustizia, Pace e Integrit\u00e0 del Creato.<\/p>\n<p style=\"text-align: justify;\">Fr. Taucen \u00e8 stato accolto da Fr. Sphelele Gwanisheni, OFM, Definitore generale per l\u2019Africa, e da Fr. Ndumiso Khumalo, OFM, Ministro provinciale della Provincia Nostra Signora Regina della Pace, presso la Casa provinciale di Vanderbijlpark, Johannesburg. In quest\u2019area, i frati prestano servizio in almeno tre parrocchie, dove non vi \u00e8 un\u2019apparente segregazione basata sulla razza, che si tratti di persone nere, mulatte o bianche. Nelle vicinanze si trova lo St. Bonaventure Skills Centre, dove i frati, insieme alla loro \u00e9quipe, offrono formazione agli studenti interessati all\u2019agricoltura, alla falegnameria e alla produzione di mobili. Vi \u00e8 anche una casa di ritiri, La Verna, dove le persone possono trovare un\u2019oasi spirituale. Qui si pu\u00f2 davvero apprezzare l\u2019ampia visione che i frati hanno sviluppato nel corso degli anni: integrare le attivit\u00e0 pastorali, lo sviluppo delle competenze e il rinnovamento spirituale, il tutto radicato nella spiritualit\u00e0 e nello stile di vita francescano.<\/p>\n<p style=\"text-align: justify;\">Poi, sebbene non vi siano frati a Eldorado Park, la presenza francescana \u00e8 comunque visibile attraverso il ministero delle Suore FMM, che operano in diverse scuole della zona. Secondo le suore, l\u2019attuale situazione sociale di molte famiglie dell\u2019area \u00e8 molto difficile. Incontrano un numero significativo di famiglie monoparentali, persone che lottano contro la tossicodipendenza, problemi legati alla criminalit\u00e0 e un evidente divario tra chi \u201cha\u201d e chi \u201cnon ha\u201d. Non lontano dal convento delle FMM si trovano Mandela House e la Cattedrale Regina Mundi, luoghi che hanno svolto un ruolo importante nella lotta contro il regime dell\u2019Apartheid e nel movimento di liberazione alcuni anni fa. Sembra che, sebbene le persone siano state liberate dalla segregazione razziale, sia emersa una nuova forma di segregazione attraverso la disuguaglianza economica. Le divisioni del passato non sono completamente scomparse; hanno piuttosto assunto una forma diversa, poich\u00e9 il divario tra chi dispone di risorse e opportunit\u00e0 e chi ne \u00e8 privo continua a segnare la vita delle persone.<\/p>\n<p>[\/et_pb_text][ba_image_carousel content_alignment=&#8221;center&#8221; slide_count=&#8221;4&#8243; slide_spacing=&#8221;5px&#8221; nav_height=&#8221;48px&#8221; nav_width=&#8221;48px&#8221; nav_color=&#8221;#ffffff&#8221; nav_bg=&#8221;#3979ff&#8221; icon_left=&#8221;&#xf104;||fa||900&#8243; icon_right=&#8221;&#xf105;||fa||900&#8243; _builder_version=&#8221;4.27.8&#8243; _module_preset=&#8221;default&#8221; global_colors_info=&#8221;{}&#8221; theme_builder_area=&#8221;post_content&#8221;][ba_image_carousel_child photo=&#8221;https:\/\/ofmjpic.org\/wp-content\/uploads\/2026\/09\/Visita_Tauchen_Prov_Sud_Africa_2026-6.jpg&#8221; _builder_version=&#8221;4.27.8&#8243; global_colors_info=&#8221;{}&#8221; theme_builder_area=&#8221;post_content&#8221;][\/ba_image_carousel_child][ba_image_carousel_child photo=&#8221;https:\/\/ofmjpic.org\/wp-content\/uploads\/2026\/09\/Visita_Tauchen_Prov_Sud_Africa_2026.jpg&#8221; _builder_version=&#8221;4.27.8&#8243; global_colors_info=&#8221;{}&#8221; theme_builder_area=&#8221;post_content&#8221;][\/ba_image_carousel_child][ba_image_carousel_child photo=&#8221;https:\/\/ofmjpic.org\/wp-content\/uploads\/2026\/09\/Visita_Tauchen_Prov_Sud_Africa_2026-8.jpg&#8221; _builder_version=&#8221;4.27.8&#8243; global_colors_info=&#8221;{}&#8221; theme_builder_area=&#8221;post_content&#8221;][\/ba_image_carousel_child][ba_image_carousel_child photo=&#8221;https:\/\/ofmjpic.org\/wp-content\/uploads\/2026\/09\/Visita_Tauchen_Prov_Sud_Africa_2026-2.jpg&#8221; _builder_version=&#8221;4.27.8&#8243; global_colors_info=&#8221;{}&#8221; theme_builder_area=&#8221;post_content&#8221;][\/ba_image_carousel_child][\/ba_image_carousel][et_pb_text _builder_version=&#8221;4.27.8&#8243; _module_preset=&#8221;default&#8221; hover_enabled=&#8221;0&#8243; global_colors_info=&#8221;{}&#8221; theme_builder_area=&#8221;post_content&#8221; sticky_enabled=&#8221;0&#8243;]<\/p>\n<p style=\"text-align: justify;\">Successivamente, la visita \u00e8 proseguita a Pretoria. Qui Fr. Taucen e Fr. Sphelele hanno visitato il seminario, dove gli studenti studiano teologia e filosofia, oltre al Palazzo arcivescovile e all\u2019edificio della Conferenza episcopale. Vi \u00e8 anche una parrocchia affidata ai frati. Il convento francescano si trova in Kort Street, a Rietvalleirand. In passato, il convento era utilizzato come casa di formazione per gli studenti. Oggi \u00e8 utilizzato per il postulato, come biblioteca e foresteria, e offre anche alloggio ad alcuni frati anziani, tra cui l\u2019Arcivescovo emerito Fr. William Slattery, OFM.<\/p>\n<p style=\"text-align: justify;\">A Boksburg, i frati vivono un\u2019esperienza diversa. Prestano servizio in tre parrocchie, la pi\u00f9 conosciuta delle quali \u00e8 la chiesa di St. Dominic, dove Fr. Sekabata Solomon Mphela OFM svolge il ministero di parroco. Qui le persone si riuniscono come un\u2019unica comunit\u00e0 ecclesiale, senza esclusioni. In questa citt\u00e0, i frati collaborano anche con lo St. Anthony\u2019s Skills Centre, dove gli studenti possono apprendere competenze pratiche come lavori elettrici, meccanica automobilistica, idraulica e altri mestieri. Una delle principali sfide che affrontano \u00e8 come sostenere le persone che arrivano alla casa di riabilitazione chiamata Mercy Haven per donne vittime di abusi, dove le donne che hanno subito abusi o maltrattamenti possono vivere e ricevere sostegno psicologico e spirituale attraverso un programma di empowerment femminile. I frati collaborano anche con la House of Mercy, dove uomini e donne che lottano contro l\u2019abuso di sostanze possono soggiornare e ricevere cure, accompagnamento e trattamento adeguati.<\/p>\n<p style=\"text-align: justify;\">La sfida per la Provincia, ora, non \u00e8 soltanto come mantenere e continuare la presenza francescana attraverso le parrocchie, gli Skills Centres, la casa di ritiri e l\u2019accompagnamento spirituale nei centri di riabilitazione, ma anche come affrontare la povert\u00e0 e la disuguaglianza e promuovere la giustizia per i poveri. Certamente, si pu\u00f2 affermare che i frati partecipano a un processo continuo di integrazione sociale e contribuiscono a costruire una societ\u00e0 in cui le persone possano vivere insieme in armonia come fratelli e sorelle.<\/p>\n<p>[\/et_pb_text][\/et_pb_column][\/et_pb_row][et_pb_row _builder_version=&#8221;4.27.6&#8243; _module_preset=&#8221;default&#8221; global_colors_info=&#8221;{}&#8221; theme_builder_area=&#8221;post_content&#8221;][et_pb_column type=&#8221;4_4&#8243; _builder_version=&#8221;4.27.6&#8243; _module_preset=&#8221;default&#8221; global_colors_info=&#8221;{}&#8221; theme_builder_area=&#8221;post_content&#8221;][et_pb_gallery gallery_ids=&#8221;23886&#8243; fullwidth=&#8221;on&#8221; _builder_version=&#8221;4.27.8&#8243; _module_preset=&#8221;default&#8221; global_colors_info=&#8221;{}&#8221; theme_builder_area=&#8221;post_content&#8221;][\/et_pb_gallery][\/et_pb_column][\/et_pb_row][\/et_pb_section]<\/p>\n","protected":false},"excerpt":{"rendered":"<p>Br. Taucen Hotlan Girsang, OFM, visited Franciscan fraternities around Johannesburg to learn about their pastoral work, JPIC initiatives and responses to social challenges.<\/p>\n","protected":false},"author":1,"featured_media":23887,"comment_status":"open","ping_status":"open","sticky":false,"template":"","format":"standard","meta":{"_acf_changed":false,"_et_pb_use_builder":"on","_et_pb_old_content":"","_et_gb_content_width":"","footnotes":""},"categories":[961],"tags":[],"class_list":["post-23888","post","type-post","status-publish","format-standard","has-post-thumbnail","hentry","category-notizie"],"acf":[],"yoast_head":"<!-- This site is optimized with the Yoast SEO plugin v28.1 - https:\/\/yoast.com\/product\/yoast-seo-wordpress\/ -->\n<title>Franciscan Presence in South Africa | OFM JPIC<\/title>\n<meta name=\"description\" content=\"Discover the Franciscan presence in South Africa through JPIC initiatives, pastoral work, Skills Centres and responses to social challenges.\" \/>\n<meta name=\"robots\" content=\"index, follow, max-snippet:-1, max-image-preview:large, max-video-preview:-1\" \/>\n<link rel=\"canonical\" href=\"https:\/\/ofmjpic.org\/it\/franciscan-presence-south-africa\/\" \/>\n<meta property=\"og:locale\" content=\"it_IT\" \/>\n<meta property=\"og:type\" content=\"article\" \/>\n<meta property=\"og:title\" content=\"Franciscan Presence in South Africa | OFM JPIC\" \/>\n<meta property=\"og:description\" content=\"Discover the Franciscan presence in South Africa through JPIC initiatives, pastoral work, Skills Centres and responses to social challenges.\" \/>\n<meta property=\"og:url\" content=\"https:\/\/ofmjpic.org\/it\/franciscan-presence-south-africa\/\" \/>\n<meta property=\"og:site_name\" content=\"OFM JPIC\" \/>\n<meta property=\"article:publisher\" content=\"https:\/\/www.facebook.com\/ofmjpic\/\" \/>\n<meta property=\"article:published_time\" content=\"2026-09-03T00:00:42+00:00\" \/>\n<meta property=\"article:modified_time\" content=\"2026-09-03T00:00:45+00:00\" \/>\n<meta property=\"og:image\" content=\"https:\/\/ofmjpic.org\/wp-content\/uploads\/2026\/09\/Visita_Tauchen_Prov_Sud_Africa_2026-5-1.jpg\" \/>\n\t<meta property=\"og:image:width\" content=\"1920\" \/>\n\t<meta property=\"og:image:height\" content=\"1440\" \/>\n\t<meta property=\"og:image:type\" content=\"image\/jpeg\" \/>\n<meta name=\"author\" content=\"admin\" \/>\n<meta name=\"twitter:card\" content=\"summary_large_image\" \/>\n<meta name=\"twitter:label1\" content=\"Scritto da\" \/>\n\t<meta name=\"twitter:data1\" content=\"admin\" \/>\n\t<meta name=\"twitter:label2\" content=\"Tempo di lettura stimato\" \/>\n\t<meta name=\"twitter:data2\" content=\"5 minuti\" \/>\n<script type=\"application\/ld+json\" class=\"yoast-schema-graph\">{\"@context\":\"https:\\\/\\\/schema.org\",\"@graph\":[{\"@type\":\"Article\",\"@id\":\"https:\\\/\\\/ofmjpic.org\\\/it\\\/franciscan-presence-south-africa\\\/#article\",\"isPartOf\":{\"@id\":\"https:\\\/\\\/ofmjpic.org\\\/it\\\/franciscan-presence-south-africa\\\/\"},\"author\":{\"name\":\"admin\",\"@id\":\"https:\\\/\\\/ofmjpic.org\\\/it\\\/#\\\/schema\\\/person\\\/39d264e8b62f999b4bd6d547149132f9\"},\"headline\":\"Fr. Taucen visita alla Provincia Nostra Signora Regina della Pace in Sudafrica\",\"datePublished\":\"2026-09-03T00:00:42+00:00\",\"dateModified\":\"2026-09-03T00:00:45+00:00\",\"mainEntityOfPage\":{\"@id\":\"https:\\\/\\\/ofmjpic.org\\\/it\\\/franciscan-presence-south-africa\\\/\"},\"wordCount\":1131,\"commentCount\":0,\"publisher\":{\"@id\":\"https:\\\/\\\/ofmjpic.org\\\/it\\\/#organization\"},\"image\":{\"@id\":\"https:\\\/\\\/ofmjpic.org\\\/it\\\/franciscan-presence-south-africa\\\/#primaryimage\"},\"thumbnailUrl\":\"https:\\\/\\\/ofmjpic.org\\\/wp-content\\\/uploads\\\/2026\\\/09\\\/Visita_Tauchen_Prov_Sud_Africa_2026-5-1.jpg\",\"articleSection\":[\"Notizie\"],\"inLanguage\":\"it-IT\",\"potentialAction\":[{\"@type\":\"CommentAction\",\"name\":\"Comment\",\"target\":[\"https:\\\/\\\/ofmjpic.org\\\/it\\\/franciscan-presence-south-africa\\\/#respond\"]}]},{\"@type\":\"WebPage\",\"@id\":\"https:\\\/\\\/ofmjpic.org\\\/it\\\/franciscan-presence-south-africa\\\/\",\"url\":\"https:\\\/\\\/ofmjpic.org\\\/it\\\/franciscan-presence-south-africa\\\/\",\"name\":\"Franciscan Presence in South Africa | OFM JPIC\",\"isPartOf\":{\"@id\":\"https:\\\/\\\/ofmjpic.org\\\/it\\\/#website\"},\"primaryImageOfPage\":{\"@id\":\"https:\\\/\\\/ofmjpic.org\\\/it\\\/franciscan-presence-south-africa\\\/#primaryimage\"},\"image\":{\"@id\":\"https:\\\/\\\/ofmjpic.org\\\/it\\\/franciscan-presence-south-africa\\\/#primaryimage\"},\"thumbnailUrl\":\"https:\\\/\\\/ofmjpic.org\\\/wp-content\\\/uploads\\\/2026\\\/09\\\/Visita_Tauchen_Prov_Sud_Africa_2026-5-1.jpg\",\"datePublished\":\"2026-09-03T00:00:42+00:00\",\"dateModified\":\"2026-09-03T00:00:45+00:00\",\"description\":\"Discover the Franciscan presence in South Africa through JPIC initiatives, pastoral work, Skills Centres and responses to social challenges.\",\"breadcrumb\":{\"@id\":\"https:\\\/\\\/ofmjpic.org\\\/it\\\/franciscan-presence-south-africa\\\/#breadcrumb\"},\"inLanguage\":\"it-IT\",\"potentialAction\":[{\"@type\":\"ReadAction\",\"target\":[\"https:\\\/\\\/ofmjpic.org\\\/it\\\/franciscan-presence-south-africa\\\/\"]}]},{\"@type\":\"ImageObject\",\"inLanguage\":\"it-IT\",\"@id\":\"https:\\\/\\\/ofmjpic.org\\\/it\\\/franciscan-presence-south-africa\\\/#primaryimage\",\"url\":\"https:\\\/\\\/ofmjpic.org\\\/wp-content\\\/uploads\\\/2026\\\/09\\\/Visita_Tauchen_Prov_Sud_Africa_2026-5-1.jpg\",\"contentUrl\":\"https:\\\/\\\/ofmjpic.org\\\/wp-content\\\/uploads\\\/2026\\\/09\\\/Visita_Tauchen_Prov_Sud_Africa_2026-5-1.jpg\",\"width\":1920,\"height\":1440},{\"@type\":\"BreadcrumbList\",\"@id\":\"https:\\\/\\\/ofmjpic.org\\\/it\\\/franciscan-presence-south-africa\\\/#breadcrumb\",\"itemListElement\":[{\"@type\":\"ListItem\",\"position\":1,\"name\":\"Portada\",\"item\":\"https:\\\/\\\/ofmjpic.org\\\/it\\\/\"},{\"@type\":\"ListItem\",\"position\":2,\"name\":\"Fr. Taucen visita alla Provincia Nostra Signora Regina della Pace in Sudafrica\"}]},{\"@type\":\"WebSite\",\"@id\":\"https:\\\/\\\/ofmjpic.org\\\/it\\\/#website\",\"url\":\"https:\\\/\\\/ofmjpic.org\\\/it\\\/\",\"name\":\"OFM Justice, Peace and Integrity of Creation\",\"description\":\"\",\"publisher\":{\"@id\":\"https:\\\/\\\/ofmjpic.org\\\/it\\\/#organization\"},\"potentialAction\":[{\"@type\":\"SearchAction\",\"target\":{\"@type\":\"EntryPoint\",\"urlTemplate\":\"https:\\\/\\\/ofmjpic.org\\\/it\\\/?s={search_term_string}\"},\"query-input\":{\"@type\":\"PropertyValueSpecification\",\"valueRequired\":true,\"valueName\":\"search_term_string\"}}],\"inLanguage\":\"it-IT\"},{\"@type\":\"Organization\",\"@id\":\"https:\\\/\\\/ofmjpic.org\\\/it\\\/#organization\",\"name\":\"General office for Justice, Peace and Integrity of Creation\",\"url\":\"https:\\\/\\\/ofmjpic.org\\\/it\\\/\",\"logo\":{\"@type\":\"ImageObject\",\"inLanguage\":\"it-IT\",\"@id\":\"https:\\\/\\\/ofmjpic.org\\\/it\\\/#\\\/schema\\\/logo\\\/image\\\/\",\"url\":\"https:\\\/\\\/ofmjpic.org\\\/wp-content\\\/uploads\\\/2018\\\/08\\\/ES_JPIC_Logo_.png\",\"contentUrl\":\"https:\\\/\\\/ofmjpic.org\\\/wp-content\\\/uploads\\\/2018\\\/08\\\/ES_JPIC_Logo_.png\",\"width\":3957,\"height\":4082,\"caption\":\"General office for Justice, Peace and Integrity of Creation\"},\"image\":{\"@id\":\"https:\\\/\\\/ofmjpic.org\\\/it\\\/#\\\/schema\\\/logo\\\/image\\\/\"},\"sameAs\":[\"https:\\\/\\\/www.facebook.com\\\/ofmjpic\\\/\",\"https:\\\/\\\/www.instagram.com\\\/ofmjpic\\\/\"]},{\"@type\":\"Person\",\"@id\":\"https:\\\/\\\/ofmjpic.org\\\/it\\\/#\\\/schema\\\/person\\\/39d264e8b62f999b4bd6d547149132f9\",\"name\":\"admin\",\"url\":\"https:\\\/\\\/ofmjpic.org\\\/it\\\/author\\\/admin\\\/\"}]}<\/script>\n<!-- \/ Yoast SEO plugin. -->","yoast_head_json":{"title":"Franciscan Presence in South Africa | OFM JPIC","description":"Discover the Franciscan presence in South Africa through JPIC initiatives, pastoral work, Skills Centres and responses to social challenges.","robots":{"index":"index","follow":"follow","max-snippet":"max-snippet:-1","max-image-preview":"max-image-preview:large","max-video-preview":"max-video-preview:-1"},"canonical":"https:\/\/ofmjpic.org\/it\/franciscan-presence-south-africa\/","og_locale":"it_IT","og_type":"article","og_title":"Franciscan Presence in South Africa | OFM JPIC","og_description":"Discover the Franciscan presence in South Africa through JPIC initiatives, pastoral work, Skills Centres and responses to social challenges.","og_url":"https:\/\/ofmjpic.org\/it\/franciscan-presence-south-africa\/","og_site_name":"OFM JPIC","article_publisher":"https:\/\/www.facebook.com\/ofmjpic\/","article_published_time":"2026-09-03T00:00:42+00:00","article_modified_time":"2026-09-03T00:00:45+00:00","og_image":[{"width":1920,"height":1440,"url":"https:\/\/ofmjpic.org\/wp-content\/uploads\/2026\/09\/Visita_Tauchen_Prov_Sud_Africa_2026-5-1.jpg","type":"image\/jpeg"}],"author":"admin","twitter_card":"summary_large_image","twitter_misc":{"Scritto da":"admin","Tempo di lettura stimato":"5 minuti"},"schema":{"@context":"https:\/\/schema.org","@graph":[{"@type":"Article","@id":"https:\/\/ofmjpic.org\/it\/franciscan-presence-south-africa\/#article","isPartOf":{"@id":"https:\/\/ofmjpic.org\/it\/franciscan-presence-south-africa\/"},"author":{"name":"admin","@id":"https:\/\/ofmjpic.org\/it\/#\/schema\/person\/39d264e8b62f999b4bd6d547149132f9"},"headline":"Fr. Taucen visita alla Provincia Nostra Signora Regina della Pace in Sudafrica","datePublished":"2026-09-03T00:00:42+00:00","dateModified":"2026-09-03T00:00:45+00:00","mainEntityOfPage":{"@id":"https:\/\/ofmjpic.org\/it\/franciscan-presence-south-africa\/"},"wordCount":1131,"commentCount":0,"publisher":{"@id":"https:\/\/ofmjpic.org\/it\/#organization"},"image":{"@id":"https:\/\/ofmjpic.org\/it\/franciscan-presence-south-africa\/#primaryimage"},"thumbnailUrl":"https:\/\/ofmjpic.org\/wp-content\/uploads\/2026\/09\/Visita_Tauchen_Prov_Sud_Africa_2026-5-1.jpg","articleSection":["Notizie"],"inLanguage":"it-IT","potentialAction":[{"@type":"CommentAction","name":"Comment","target":["https:\/\/ofmjpic.org\/it\/franciscan-presence-south-africa\/#respond"]}]},{"@type":"WebPage","@id":"https:\/\/ofmjpic.org\/it\/franciscan-presence-south-africa\/","url":"https:\/\/ofmjpic.org\/it\/franciscan-presence-south-africa\/","name":"Franciscan Presence in South Africa | OFM JPIC","isPartOf":{"@id":"https:\/\/ofmjpic.org\/it\/#website"},"primaryImageOfPage":{"@id":"https:\/\/ofmjpic.org\/it\/franciscan-presence-south-africa\/#primaryimage"},"image":{"@id":"https:\/\/ofmjpic.org\/it\/franciscan-presence-south-africa\/#primaryimage"},"thumbnailUrl":"https:\/\/ofmjpic.org\/wp-content\/uploads\/2026\/09\/Visita_Tauchen_Prov_Sud_Africa_2026-5-1.jpg","datePublished":"2026-09-03T00:00:42+00:00","dateModified":"2026-09-03T00:00:45+00:00","description":"Discover the Franciscan presence in South Africa through JPIC initiatives, pastoral work, Skills Centres and responses to social challenges.","breadcrumb":{"@id":"https:\/\/ofmjpic.org\/it\/franciscan-presence-south-africa\/#breadcrumb"},"inLanguage":"it-IT","potentialAction":[{"@type":"ReadAction","target":["https:\/\/ofmjpic.org\/it\/franciscan-presence-south-africa\/"]}]},{"@type":"ImageObject","inLanguage":"it-IT","@id":"https:\/\/ofmjpic.org\/it\/franciscan-presence-south-africa\/#primaryimage","url":"https:\/\/ofmjpic.org\/wp-content\/uploads\/2026\/09\/Visita_Tauchen_Prov_Sud_Africa_2026-5-1.jpg","contentUrl":"https:\/\/ofmjpic.org\/wp-content\/uploads\/2026\/09\/Visita_Tauchen_Prov_Sud_Africa_2026-5-1.jpg","width":1920,"height":1440},{"@type":"BreadcrumbList","@id":"https:\/\/ofmjpic.org\/it\/franciscan-presence-south-africa\/#breadcrumb","itemListElement":[{"@type":"ListItem","position":1,"name":"Portada","item":"https:\/\/ofmjpic.org\/it\/"},{"@type":"ListItem","position":2,"name":"Fr. Taucen visita alla Provincia Nostra Signora Regina della Pace in Sudafrica"}]},{"@type":"WebSite","@id":"https:\/\/ofmjpic.org\/it\/#website","url":"https:\/\/ofmjpic.org\/it\/","name":"OFM Justice, Peace and Integrity of Creation","description":"","publisher":{"@id":"https:\/\/ofmjpic.org\/it\/#organization"},"potentialAction":[{"@type":"SearchAction","target":{"@type":"EntryPoint","urlTemplate":"https:\/\/ofmjpic.org\/it\/?s={search_term_string}"},"query-input":{"@type":"PropertyValueSpecification","valueRequired":true,"valueName":"search_term_string"}}],"inLanguage":"it-IT"},{"@type":"Organization","@id":"https:\/\/ofmjpic.org\/it\/#organization","name":"General office for Justice, Peace and Integrity of Creation","url":"https:\/\/ofmjpic.org\/it\/","logo":{"@type":"ImageObject","inLanguage":"it-IT","@id":"https:\/\/ofmjpic.org\/it\/#\/schema\/logo\/image\/","url":"https:\/\/ofmjpic.org\/wp-content\/uploads\/2018\/08\/ES_JPIC_Logo_.png","contentUrl":"https:\/\/ofmjpic.org\/wp-content\/uploads\/2018\/08\/ES_JPIC_Logo_.png","width":3957,"height":4082,"caption":"General office for Justice, Peace and Integrity of Creation"},"image":{"@id":"https:\/\/ofmjpic.org\/it\/#\/schema\/logo\/image\/"},"sameAs":["https:\/\/www.facebook.com\/ofmjpic\/","https:\/\/www.instagram.com\/ofmjpic\/"]},{"@type":"Person","@id":"https:\/\/ofmjpic.org\/it\/#\/schema\/person\/39d264e8b62f999b4bd6d547149132f9","name":"admin","url":"https:\/\/ofmjpic.org\/it\/author\/admin\/"}]}},"_links":{"self":[{"href":"https:\/\/ofmjpic.org\/it\/wp-json\/wp\/v2\/posts\/23888","targetHints":{"allow":["GET"]}}],"collection":[{"href":"https:\/\/ofmjpic.org\/it\/wp-json\/wp\/v2\/posts"}],"about":[{"href":"https:\/\/ofmjpic.org\/it\/wp-json\/wp\/v2\/types\/post"}],"author":[{"embeddable":true,"href":"https:\/\/ofmjpic.org\/it\/wp-json\/wp\/v2\/users\/1"}],"replies":[{"embeddable":true,"href":"https:\/\/ofmjpic.org\/it\/wp-json\/wp\/v2\/comments?post=23888"}],"version-history":[{"count":10,"href":"https:\/\/ofmjpic.org\/it\/wp-json\/wp\/v2\/posts\/23888\/revisions"}],"predecessor-version":[{"id":23899,"href":"https:\/\/ofmjpic.org\/it\/wp-json\/wp\/v2\/posts\/23888\/revisions\/23899"}],"wp:featuredmedia":[{"embeddable":true,"href":"https:\/\/ofmjpic.org\/it\/wp-json\/wp\/v2\/media\/23887"}],"wp:attachment":[{"href":"https:\/\/ofmjpic.org\/it\/wp-json\/wp\/v2\/media?parent=23888"}],"wp:term":[{"taxonomy":"category","embeddable":true,"href":"https:\/\/ofmjpic.org\/it\/wp-json\/wp\/v2\/categories?post=23888"},{"taxonomy":"post_tag","embeddable":true,"href":"https:\/\/ofmjpic.org\/it\/wp-json\/wp\/v2\/tags?post=23888"}],"curies":[{"name":"wp","href":"https:\/\/api.w.org\/{rel}","templated":true}]}}