{"id":23820,"date":"2026-08-31T20:33:16","date_gmt":"2026-08-31T20:33:16","guid":{"rendered":"https:\/\/ofmjpic.org\/?p=23820"},"modified":"2026-08-31T20:33:20","modified_gmt":"2026-08-31T20:33:20","slug":"jpic-formacion-franciscana-novicios","status":"publish","type":"post","link":"https:\/\/ofmjpic.org\/it\/jpic-formacion-franciscana-novicios\/","title":{"rendered":"I novizi francescani dell\u2019America Centrale e dei Caraibi approfondiscono la GPIC e assumono impegni di fronte alle realt\u00e0 dei loro popoli"},"content":{"rendered":"<p>[et_pb_section fb_built=&#8221;1&#8243; _builder_version=&#8221;4.27.6&#8243; _module_preset=&#8221;default&#8221; da_disable_devices=&#8221;off|off|off&#8221; locked=&#8221;off&#8221; global_colors_info=&#8221;{}&#8221; theme_builder_area=&#8221;post_content&#8221; da_is_popup=&#8221;off&#8221; da_exit_intent=&#8221;off&#8221; da_has_close=&#8221;on&#8221; da_alt_close=&#8221;off&#8221; da_dark_close=&#8221;off&#8221; da_not_modal=&#8221;on&#8221; da_is_singular=&#8221;off&#8221; da_with_loader=&#8221;off&#8221; da_has_shadow=&#8221;on&#8221;][et_pb_row _builder_version=&#8221;4.27.6&#8243; _module_preset=&#8221;default&#8221; global_colors_info=&#8221;{}&#8221; theme_builder_area=&#8221;post_content&#8221;][et_pb_column type=&#8221;4_4&#8243; _builder_version=&#8221;4.27.6&#8243; _module_preset=&#8221;default&#8221; global_colors_info=&#8221;{}&#8221; theme_builder_area=&#8221;post_content&#8221;][et_pb_text _builder_version=&#8221;4.27.8&#8243; _module_preset=&#8221;default&#8221; hover_enabled=&#8221;0&#8243; global_colors_info=&#8221;{}&#8221; theme_builder_area=&#8221;post_content&#8221; sticky_enabled=&#8221;0&#8243;]<\/p>\n<p style=\"text-align: justify;\"><strong>Repubblica Dominicana.<\/strong><span style=\"font-weight: 400;\">\u00a0GPIC e formazione francescana si sono incontrate nell\u2019esperienza vissuta dai dodici frati che compongono il Noviziato della Provincia Francescana \u201cNostra Signora di Guadalupe\u201d dell\u2019America Centrale, Panama e Caraibi, i quali hanno partecipato a un laboratorio sulla Giustizia, Pace e Integrit\u00e0 del Creato (GPIC), animato da Fr. Daniel Rodr\u00edguez Blanco, OFM, dell\u2019Ufficio generale GPIC dell\u2019Ordine dei Frati Minori.<\/span><\/p>\n<p style=\"text-align: justify;\"><span style=\"font-weight: 400;\">I frati novizi, provenienti da cinque Paesi, hanno condiviso uno spazio di riflessione, dialogo e lavoro fraterno, volto a scoprire che la GPIC, pi\u00f9 che un ambito di attivit\u00e0 o un compito specifico all\u2019interno dell\u2019Ordine, \u00e8 una dimensione trasversale della spiritualit\u00e0 e della forma di vita dei Frati Minori.<\/span><\/p>\n<p style=\"text-align: justify;\">\n<h2><strong>GPIC e formazione francescana: una dimensione trasversale<\/strong><\/h2>\n<p style=\"text-align: justify;\"><span style=\"font-weight: 400;\">Il laboratorio ha articolato diverse esperienze e contenuti che hanno permesso di passare dalla propria storia alla realt\u00e0 e dalla contemplazione di tale realt\u00e0 all\u2019impegno.<\/span><\/p>\n<p style=\"text-align: justify;\"><span style=\"font-weight: 400;\">Il punto di partenza \u00e8 stato la convinzione che, per ascoltare il grido dei poveri e del creato, sia necessario imparare anche ad ascoltare la propria storia e riconoscere come Dio si sia reso presente in essa attraverso persone, avvenimenti, incontri e processi di riconciliazione.<\/span><\/p>\n<p style=\"text-align: justify;\"><span style=\"font-weight: 400;\">In questo contesto, \u201cLa dimenticanza del lebbroso\u201d ha permesso di ritornare a uno degli avvenimenti fondamentali della conversione di san Francesco d\u2019Assisi: il suo incontro con i lebbrosi. L\u2019esperienza ha aiutato a interrogarsi su chi siano oggi i lebbrosi che rimangono dimenticati, quali siano le realt\u00e0 che preferiamo non guardare e in che modo l\u2019incontro con coloro che vivono nelle periferie possa trasformare anche la propria vita.<\/span><\/p>\n<p style=\"text-align: justify;\">\n<h2 style=\"text-align: justify;\"><strong>Laudato si\u2019 e il grido della terra e dei poveri<\/strong><\/h2>\n<p style=\"text-align: justify;\"><span style=\"font-weight: 400;\">Un\u2019altra delle risorse utilizzate \u00e8 stato il documentario\u00a0<\/span><i><span style=\"font-weight: 400;\">La Lettera<\/span><\/i><span style=\"font-weight: 400;\">, legato all\u2019enciclica\u00a0<\/span><i><span style=\"font-weight: 400;\">Laudato si\u2019<\/span><\/i><span style=\"font-weight: 400;\">\u00a0di papa Francesco. A partire dalle storie e dalle problematiche presentate nel documentario, i novizi hanno dialogato sulla crisi socio-ambientale e sulla profonda interdipendenza esistente tra il grido della terra e il grido dei poveri.<\/span><\/p>\n<p style=\"text-align: justify;\"><span style=\"font-weight: 400;\">La riflessione \u00e8 stata accompagnata anche dall\u2019approfondimento della Dichiarazione di Assisi 2025, dell\u2019articolo 1 delle Costituzioni Generali dell\u2019Ordine dei Frati Minori e di altri elementi della spiritualit\u00e0 francescana che hanno permesso di comprendere come l\u2019opzione per la giustizia, la costruzione della pace e la cura del creato scaturiscano dalla stessa professione evangelica.<\/span><\/p>\n<p style=\"text-align: justify;\"><span style=\"font-weight: 400;\">Questa esperienza \u00e8 stata espressa nelle parole di uno dei novizi:<\/span><\/p>\n<blockquote>\n<p><i><span style=\"font-weight: 400;\">\u201cLa GPIC \u00e8 pi\u00f9 di un\u2019istanza: \u00e8 esperienza, testimonianza, denuncia e carit\u00e0\u201d.<\/span><\/i><\/p>\n<\/blockquote>\n<p style=\"text-align: justify;\"><span style=\"font-weight: 400;\">Un\u2019esperienza alimentata dal carisma ricevuto da san Francesco e chiamata a rendersi visibile in ogni frate che desidera essere segno di pace e di speranza in mezzo alle guerre, alla fame, alla migrazione e alla disperazione.<\/span><\/p>\n<p>[\/et_pb_text][et_pb_image src=&#8221;https:\/\/ofmjpic.org\/wp-content\/uploads\/2026\/08\/Novicios-franciscanos-de-America-Central-y-el-Caribe-durante-su-formacion-en-JPIC-en-Republica-Dominicana.jpeg&#8221; alt=&#8221;Novicios franciscanos durante una jornada de JPIC y formaci\u00f3n franciscana en Rep\u00fablica Dominicana&#8221; title_text=&#8221;Novicios franciscanos de Ame\u0301rica Central y el Caribe durante su formacio\u0301n en JPIC en Repu\u0301blica Dominicana&#8221; _builder_version=&#8221;4.27.8&#8243; _module_preset=&#8221;default&#8221; global_colors_info=&#8221;{}&#8221; theme_builder_area=&#8221;post_content&#8221;][\/et_pb_image][et_pb_text _builder_version=&#8221;4.27.8&#8243; _module_preset=&#8221;default&#8221; hover_enabled=&#8221;0&#8243; global_colors_info=&#8221;{}&#8221; theme_builder_area=&#8221;post_content&#8221; sticky_enabled=&#8221;0&#8243;]<\/p>\n<h2><strong>Manifesto GPIC del Noviziato 2026<\/strong><\/h2>\n<p><span style=\"font-weight: 400;\">Come parte di questo processo di\u00a0<\/span><b>GPIC e formazione francescana<\/b><span style=\"font-weight: 400;\">, i novizi hanno inoltre realizzato una lettura fraterna di alcune delle situazioni sociali e ambientali presenti nei territori della Provincia.<\/span><\/p>\n<p><span style=\"font-weight: 400;\">Questo discernimento \u00e8 sfociato nell\u2019elaborazione del\u00a0<\/span><b>Manifesto GPIC del Noviziato 2026<\/b><span style=\"font-weight: 400;\">, con il motto:<\/span><\/p>\n<blockquote>\n<p><i><span style=\"font-weight: 400;\">\u201cEssere fratelli di tutti, camminando nell\u2019amore e nella gioia\u201d.<\/span><\/i><\/p>\n<\/blockquote>\n<p><span style=\"font-weight: 400;\">Nel Manifesto, i frati constatano, tra le altre situazioni, la realt\u00e0 delle persone migranti nel territorio provinciale e, in particolare, la situazione dei migranti haitiani nella Repubblica Dominicana, spesso colpiti dalla discriminazione, dalla xenofobia e dal razzismo.<\/span><\/p>\n<p><span style=\"font-weight: 400;\">Esprimono inoltre preoccupazione per la normalizzazione del consumo di droghe tra i giovani e per le strutture criminali legate al loro commercio, per la dipendenza dal gioco d\u2019azzardo, per le conseguenze sociali e ambientali dell\u2019attivit\u00e0 mineraria, per i femminicidi e per altre situazioni che ledono la dignit\u00e0 umana e l\u2019integrit\u00e0 del creato.<\/span><\/p>\n<h2><\/h2>\n<h2><strong>Dall\u2019analisi della realt\u00e0 all\u2019impegno<\/strong><\/h2>\n<p><span style=\"font-weight: 400;\">Dopo aver preso atto delle diverse realt\u00e0, i novizi sono stati invitati a interrogarsi anche:\u00a0<\/span><b>a che cosa ci impegniamo?<\/b><\/p>\n<p><span style=\"font-weight: 400;\">In questo modo, il Manifesto \u00e8 diventato un\u2019espressione comunitaria del desiderio di assumere atteggiamenti e scelte concrete a partire dall\u2019attuale tappa della loro formazione francescana.<\/span><\/p>\n<p><span style=\"font-weight: 400;\">Il laboratorio si \u00e8 svolto, inoltre, nel contesto della celebrazione degli ottocento anni del Transito di san Francesco d\u2019Assisi, offrendo l\u2019opportunit\u00e0 di ritornare all\u2019esperienza del Serafico Padre e di interrogarsi su che cosa significhi essere frati minori di fronte alle ferite del nostro tempo.<\/span><\/p>\n<p><span style=\"font-weight: 400;\">Il\u00a0<\/span><b>Manifesto GPIC del Noviziato 2026<\/b><span style=\"font-weight: 400;\">\u00a0rimane cos\u00ec come memoria di un laboratorio, espressione di un processo formativo, e lascia una domanda che accompagner\u00e0 il cammino di questi dodici frati:<\/span><\/p>\n<p><b><\/b><\/p>\n<p><strong>Come essere oggi fratelli di tutti, camminando nell\u2019amore e nella gioia, in mezzo alle realt\u00e0 concrete dei nostri popoli?<\/strong><\/p>\n<p>[\/et_pb_text][\/et_pb_column][\/et_pb_row][et_pb_row _builder_version=&#8221;4.27.6&#8243; _module_preset=&#8221;default&#8221; global_colors_info=&#8221;{}&#8221; theme_builder_area=&#8221;post_content&#8221;][et_pb_column type=&#8221;4_4&#8243; _builder_version=&#8221;4.27.6&#8243; _module_preset=&#8221;default&#8221; global_colors_info=&#8221;{}&#8221; theme_builder_area=&#8221;post_content&#8221;][et_pb_gallery gallery_ids=&#8221;23817,23818&#8243; fullwidth=&#8221;on&#8221; _builder_version=&#8221;4.27.8&#8243; _module_preset=&#8221;default&#8221; global_colors_info=&#8221;{}&#8221; theme_builder_area=&#8221;post_content&#8221;][\/et_pb_gallery][\/et_pb_column][\/et_pb_row][\/et_pb_section]<\/p>\n","protected":false},"excerpt":{"rendered":"<p>JPIC y formaci\u00f3n franciscana se unen en un taller con doce novicios de Am\u00e9rica Central y el Caribe celebrado en Rep\u00fablica Dominicana.<\/p>\n","protected":false},"author":1,"featured_media":23819,"comment_status":"open","ping_status":"open","sticky":false,"template":"","format":"standard","meta":{"_acf_changed":false,"_et_pb_use_builder":"on","_et_pb_old_content":"","_et_gb_content_width":"","footnotes":""},"categories":[961],"tags":[703,554,580],"class_list":["post-23820","post","type-post","status-publish","format-standard","has-post-thumbnail","hentry","category-notizie","tag-franciscanos-it","tag-jpic-it","tag-laudato-si-it"],"acf":[],"yoast_head":"<!-- This site is optimized with the Yoast SEO plugin v28.1 - https:\/\/yoast.com\/product\/yoast-seo-wordpress\/ -->\n<title>JPIC y formaci\u00f3n franciscana: novicios asumen compromisos<\/title>\n<meta name=\"description\" content=\"JPIC y formaci\u00f3n franciscana se unen en un taller con doce novicios de Am\u00e9rica Central y el Caribe celebrado en Rep\u00fablica Dominicana.\" \/>\n<meta name=\"robots\" content=\"index, follow, max-snippet:-1, max-image-preview:large, max-video-preview:-1\" \/>\n<link rel=\"canonical\" href=\"https:\/\/ofmjpic.org\/it\/jpic-formacion-franciscana-novicios\/\" \/>\n<meta property=\"og:locale\" content=\"it_IT\" \/>\n<meta property=\"og:type\" content=\"article\" \/>\n<meta property=\"og:title\" content=\"JPIC y formaci\u00f3n franciscana: novicios asumen compromisos\" \/>\n<meta property=\"og:description\" content=\"JPIC y formaci\u00f3n franciscana se unen en un taller con doce novicios de Am\u00e9rica Central y el Caribe celebrado en Rep\u00fablica Dominicana.\" \/>\n<meta property=\"og:url\" content=\"https:\/\/ofmjpic.org\/it\/jpic-formacion-franciscana-novicios\/\" \/>\n<meta property=\"og:site_name\" content=\"OFM JPIC\" \/>\n<meta property=\"article:publisher\" content=\"https:\/\/www.facebook.com\/ofmjpic\/\" \/>\n<meta property=\"article:published_time\" content=\"2026-08-31T20:33:16+00:00\" \/>\n<meta property=\"article:modified_time\" content=\"2026-08-31T20:33:20+00:00\" \/>\n<meta property=\"og:image\" content=\"https:\/\/ofmjpic.org\/wp-content\/uploads\/2026\/08\/Novicios-de-la-Provincia-Franciscana-Nuestra-Senora-de-Guadalupe-reunidos-en-Republica-Dominicana.jpeg\" \/>\n\t<meta property=\"og:image:width\" content=\"1600\" \/>\n\t<meta property=\"og:image:height\" content=\"1200\" \/>\n\t<meta property=\"og:image:type\" content=\"image\/jpeg\" \/>\n<meta name=\"author\" content=\"admin\" \/>\n<meta name=\"twitter:card\" content=\"summary_large_image\" \/>\n<meta name=\"twitter:label1\" content=\"Scritto da\" \/>\n\t<meta name=\"twitter:data1\" content=\"admin\" \/>\n\t<meta name=\"twitter:label2\" content=\"Tempo di lettura stimato\" \/>\n\t<meta name=\"twitter:data2\" content=\"4 minuti\" \/>\n<script type=\"application\/ld+json\" class=\"yoast-schema-graph\">{\"@context\":\"https:\\\/\\\/schema.org\",\"@graph\":[{\"@type\":\"Article\",\"@id\":\"https:\\\/\\\/ofmjpic.org\\\/it\\\/jpic-formacion-franciscana-novicios\\\/#article\",\"isPartOf\":{\"@id\":\"https:\\\/\\\/ofmjpic.org\\\/it\\\/jpic-formacion-franciscana-novicios\\\/\"},\"author\":{\"name\":\"admin\",\"@id\":\"https:\\\/\\\/ofmjpic.org\\\/it\\\/#\\\/schema\\\/person\\\/39d264e8b62f999b4bd6d547149132f9\"},\"headline\":\"I novizi francescani dell\u2019America Centrale e dei Caraibi approfondiscono la GPIC e assumono impegni di fronte alle realt\u00e0 dei loro popoli\",\"datePublished\":\"2026-08-31T20:33:16+00:00\",\"dateModified\":\"2026-08-31T20:33:20+00:00\",\"mainEntityOfPage\":{\"@id\":\"https:\\\/\\\/ofmjpic.org\\\/it\\\/jpic-formacion-franciscana-novicios\\\/\"},\"wordCount\":1026,\"commentCount\":0,\"publisher\":{\"@id\":\"https:\\\/\\\/ofmjpic.org\\\/it\\\/#organization\"},\"image\":{\"@id\":\"https:\\\/\\\/ofmjpic.org\\\/it\\\/jpic-formacion-franciscana-novicios\\\/#primaryimage\"},\"thumbnailUrl\":\"https:\\\/\\\/ofmjpic.org\\\/wp-content\\\/uploads\\\/2026\\\/08\\\/Novicios-de-la-Provincia-Franciscana-Nuestra-Senora-de-Guadalupe-reunidos-en-Republica-Dominicana.jpeg\",\"keywords\":[\"franciscanos\",\"jpic\",\"laudato si\"],\"articleSection\":[\"Notizie\"],\"inLanguage\":\"it-IT\",\"potentialAction\":[{\"@type\":\"CommentAction\",\"name\":\"Comment\",\"target\":[\"https:\\\/\\\/ofmjpic.org\\\/it\\\/jpic-formacion-franciscana-novicios\\\/#respond\"]}]},{\"@type\":\"WebPage\",\"@id\":\"https:\\\/\\\/ofmjpic.org\\\/it\\\/jpic-formacion-franciscana-novicios\\\/\",\"url\":\"https:\\\/\\\/ofmjpic.org\\\/it\\\/jpic-formacion-franciscana-novicios\\\/\",\"name\":\"JPIC y formaci\u00f3n franciscana: novicios asumen compromisos\",\"isPartOf\":{\"@id\":\"https:\\\/\\\/ofmjpic.org\\\/it\\\/#website\"},\"primaryImageOfPage\":{\"@id\":\"https:\\\/\\\/ofmjpic.org\\\/it\\\/jpic-formacion-franciscana-novicios\\\/#primaryimage\"},\"image\":{\"@id\":\"https:\\\/\\\/ofmjpic.org\\\/it\\\/jpic-formacion-franciscana-novicios\\\/#primaryimage\"},\"thumbnailUrl\":\"https:\\\/\\\/ofmjpic.org\\\/wp-content\\\/uploads\\\/2026\\\/08\\\/Novicios-de-la-Provincia-Franciscana-Nuestra-Senora-de-Guadalupe-reunidos-en-Republica-Dominicana.jpeg\",\"datePublished\":\"2026-08-31T20:33:16+00:00\",\"dateModified\":\"2026-08-31T20:33:20+00:00\",\"description\":\"JPIC y formaci\u00f3n franciscana se unen en un taller con doce novicios de Am\u00e9rica Central y el Caribe celebrado en Rep\u00fablica Dominicana.\",\"breadcrumb\":{\"@id\":\"https:\\\/\\\/ofmjpic.org\\\/it\\\/jpic-formacion-franciscana-novicios\\\/#breadcrumb\"},\"inLanguage\":\"it-IT\",\"potentialAction\":[{\"@type\":\"ReadAction\",\"target\":[\"https:\\\/\\\/ofmjpic.org\\\/it\\\/jpic-formacion-franciscana-novicios\\\/\"]}]},{\"@type\":\"ImageObject\",\"inLanguage\":\"it-IT\",\"@id\":\"https:\\\/\\\/ofmjpic.org\\\/it\\\/jpic-formacion-franciscana-novicios\\\/#primaryimage\",\"url\":\"https:\\\/\\\/ofmjpic.org\\\/wp-content\\\/uploads\\\/2026\\\/08\\\/Novicios-de-la-Provincia-Franciscana-Nuestra-Senora-de-Guadalupe-reunidos-en-Republica-Dominicana.jpeg\",\"contentUrl\":\"https:\\\/\\\/ofmjpic.org\\\/wp-content\\\/uploads\\\/2026\\\/08\\\/Novicios-de-la-Provincia-Franciscana-Nuestra-Senora-de-Guadalupe-reunidos-en-Republica-Dominicana.jpeg\",\"width\":1600,\"height\":1200,\"caption\":\"Grupo de novicios durante su formaci\u00f3n franciscana en JPIC\"},{\"@type\":\"BreadcrumbList\",\"@id\":\"https:\\\/\\\/ofmjpic.org\\\/it\\\/jpic-formacion-franciscana-novicios\\\/#breadcrumb\",\"itemListElement\":[{\"@type\":\"ListItem\",\"position\":1,\"name\":\"Portada\",\"item\":\"https:\\\/\\\/ofmjpic.org\\\/it\\\/\"},{\"@type\":\"ListItem\",\"position\":2,\"name\":\"I novizi francescani dell\u2019America Centrale e dei Caraibi approfondiscono la GPIC e assumono impegni di fronte alle realt\u00e0 dei loro popoli\"}]},{\"@type\":\"WebSite\",\"@id\":\"https:\\\/\\\/ofmjpic.org\\\/it\\\/#website\",\"url\":\"https:\\\/\\\/ofmjpic.org\\\/it\\\/\",\"name\":\"OFM Justice, Peace and Integrity of Creation\",\"description\":\"\",\"publisher\":{\"@id\":\"https:\\\/\\\/ofmjpic.org\\\/it\\\/#organization\"},\"potentialAction\":[{\"@type\":\"SearchAction\",\"target\":{\"@type\":\"EntryPoint\",\"urlTemplate\":\"https:\\\/\\\/ofmjpic.org\\\/it\\\/?s={search_term_string}\"},\"query-input\":{\"@type\":\"PropertyValueSpecification\",\"valueRequired\":true,\"valueName\":\"search_term_string\"}}],\"inLanguage\":\"it-IT\"},{\"@type\":\"Organization\",\"@id\":\"https:\\\/\\\/ofmjpic.org\\\/it\\\/#organization\",\"name\":\"General office for Justice, Peace and Integrity of Creation\",\"url\":\"https:\\\/\\\/ofmjpic.org\\\/it\\\/\",\"logo\":{\"@type\":\"ImageObject\",\"inLanguage\":\"it-IT\",\"@id\":\"https:\\\/\\\/ofmjpic.org\\\/it\\\/#\\\/schema\\\/logo\\\/image\\\/\",\"url\":\"https:\\\/\\\/ofmjpic.org\\\/wp-content\\\/uploads\\\/2018\\\/08\\\/ES_JPIC_Logo_.png\",\"contentUrl\":\"https:\\\/\\\/ofmjpic.org\\\/wp-content\\\/uploads\\\/2018\\\/08\\\/ES_JPIC_Logo_.png\",\"width\":3957,\"height\":4082,\"caption\":\"General office for Justice, Peace and Integrity of Creation\"},\"image\":{\"@id\":\"https:\\\/\\\/ofmjpic.org\\\/it\\\/#\\\/schema\\\/logo\\\/image\\\/\"},\"sameAs\":[\"https:\\\/\\\/www.facebook.com\\\/ofmjpic\\\/\",\"https:\\\/\\\/www.instagram.com\\\/ofmjpic\\\/\"]},{\"@type\":\"Person\",\"@id\":\"https:\\\/\\\/ofmjpic.org\\\/it\\\/#\\\/schema\\\/person\\\/39d264e8b62f999b4bd6d547149132f9\",\"name\":\"admin\",\"url\":\"https:\\\/\\\/ofmjpic.org\\\/it\\\/author\\\/admin\\\/\"}]}<\/script>\n<!-- \/ Yoast SEO plugin. -->","yoast_head_json":{"title":"JPIC y formaci\u00f3n franciscana: novicios asumen compromisos","description":"JPIC y formaci\u00f3n franciscana se unen en un taller con doce novicios de Am\u00e9rica Central y el Caribe celebrado en Rep\u00fablica Dominicana.","robots":{"index":"index","follow":"follow","max-snippet":"max-snippet:-1","max-image-preview":"max-image-preview:large","max-video-preview":"max-video-preview:-1"},"canonical":"https:\/\/ofmjpic.org\/it\/jpic-formacion-franciscana-novicios\/","og_locale":"it_IT","og_type":"article","og_title":"JPIC y formaci\u00f3n franciscana: novicios asumen compromisos","og_description":"JPIC y formaci\u00f3n franciscana se unen en un taller con doce novicios de Am\u00e9rica Central y el Caribe celebrado en Rep\u00fablica Dominicana.","og_url":"https:\/\/ofmjpic.org\/it\/jpic-formacion-franciscana-novicios\/","og_site_name":"OFM JPIC","article_publisher":"https:\/\/www.facebook.com\/ofmjpic\/","article_published_time":"2026-08-31T20:33:16+00:00","article_modified_time":"2026-08-31T20:33:20+00:00","og_image":[{"width":1600,"height":1200,"url":"https:\/\/ofmjpic.org\/wp-content\/uploads\/2026\/08\/Novicios-de-la-Provincia-Franciscana-Nuestra-Senora-de-Guadalupe-reunidos-en-Republica-Dominicana.jpeg","type":"image\/jpeg"}],"author":"admin","twitter_card":"summary_large_image","twitter_misc":{"Scritto da":"admin","Tempo di lettura stimato":"4 minuti"},"schema":{"@context":"https:\/\/schema.org","@graph":[{"@type":"Article","@id":"https:\/\/ofmjpic.org\/it\/jpic-formacion-franciscana-novicios\/#article","isPartOf":{"@id":"https:\/\/ofmjpic.org\/it\/jpic-formacion-franciscana-novicios\/"},"author":{"name":"admin","@id":"https:\/\/ofmjpic.org\/it\/#\/schema\/person\/39d264e8b62f999b4bd6d547149132f9"},"headline":"I novizi francescani dell\u2019America Centrale e dei Caraibi approfondiscono la GPIC e assumono impegni di fronte alle realt\u00e0 dei loro popoli","datePublished":"2026-08-31T20:33:16+00:00","dateModified":"2026-08-31T20:33:20+00:00","mainEntityOfPage":{"@id":"https:\/\/ofmjpic.org\/it\/jpic-formacion-franciscana-novicios\/"},"wordCount":1026,"commentCount":0,"publisher":{"@id":"https:\/\/ofmjpic.org\/it\/#organization"},"image":{"@id":"https:\/\/ofmjpic.org\/it\/jpic-formacion-franciscana-novicios\/#primaryimage"},"thumbnailUrl":"https:\/\/ofmjpic.org\/wp-content\/uploads\/2026\/08\/Novicios-de-la-Provincia-Franciscana-Nuestra-Senora-de-Guadalupe-reunidos-en-Republica-Dominicana.jpeg","keywords":["franciscanos","jpic","laudato si"],"articleSection":["Notizie"],"inLanguage":"it-IT","potentialAction":[{"@type":"CommentAction","name":"Comment","target":["https:\/\/ofmjpic.org\/it\/jpic-formacion-franciscana-novicios\/#respond"]}]},{"@type":"WebPage","@id":"https:\/\/ofmjpic.org\/it\/jpic-formacion-franciscana-novicios\/","url":"https:\/\/ofmjpic.org\/it\/jpic-formacion-franciscana-novicios\/","name":"JPIC y formaci\u00f3n franciscana: novicios asumen compromisos","isPartOf":{"@id":"https:\/\/ofmjpic.org\/it\/#website"},"primaryImageOfPage":{"@id":"https:\/\/ofmjpic.org\/it\/jpic-formacion-franciscana-novicios\/#primaryimage"},"image":{"@id":"https:\/\/ofmjpic.org\/it\/jpic-formacion-franciscana-novicios\/#primaryimage"},"thumbnailUrl":"https:\/\/ofmjpic.org\/wp-content\/uploads\/2026\/08\/Novicios-de-la-Provincia-Franciscana-Nuestra-Senora-de-Guadalupe-reunidos-en-Republica-Dominicana.jpeg","datePublished":"2026-08-31T20:33:16+00:00","dateModified":"2026-08-31T20:33:20+00:00","description":"JPIC y formaci\u00f3n franciscana se unen en un taller con doce novicios de Am\u00e9rica Central y el Caribe celebrado en Rep\u00fablica Dominicana.","breadcrumb":{"@id":"https:\/\/ofmjpic.org\/it\/jpic-formacion-franciscana-novicios\/#breadcrumb"},"inLanguage":"it-IT","potentialAction":[{"@type":"ReadAction","target":["https:\/\/ofmjpic.org\/it\/jpic-formacion-franciscana-novicios\/"]}]},{"@type":"ImageObject","inLanguage":"it-IT","@id":"https:\/\/ofmjpic.org\/it\/jpic-formacion-franciscana-novicios\/#primaryimage","url":"https:\/\/ofmjpic.org\/wp-content\/uploads\/2026\/08\/Novicios-de-la-Provincia-Franciscana-Nuestra-Senora-de-Guadalupe-reunidos-en-Republica-Dominicana.jpeg","contentUrl":"https:\/\/ofmjpic.org\/wp-content\/uploads\/2026\/08\/Novicios-de-la-Provincia-Franciscana-Nuestra-Senora-de-Guadalupe-reunidos-en-Republica-Dominicana.jpeg","width":1600,"height":1200,"caption":"Grupo de novicios durante su formaci\u00f3n franciscana en JPIC"},{"@type":"BreadcrumbList","@id":"https:\/\/ofmjpic.org\/it\/jpic-formacion-franciscana-novicios\/#breadcrumb","itemListElement":[{"@type":"ListItem","position":1,"name":"Portada","item":"https:\/\/ofmjpic.org\/it\/"},{"@type":"ListItem","position":2,"name":"I novizi francescani dell\u2019America Centrale e dei Caraibi approfondiscono la GPIC e assumono impegni di fronte alle realt\u00e0 dei loro popoli"}]},{"@type":"WebSite","@id":"https:\/\/ofmjpic.org\/it\/#website","url":"https:\/\/ofmjpic.org\/it\/","name":"OFM Justice, Peace and Integrity of Creation","description":"","publisher":{"@id":"https:\/\/ofmjpic.org\/it\/#organization"},"potentialAction":[{"@type":"SearchAction","target":{"@type":"EntryPoint","urlTemplate":"https:\/\/ofmjpic.org\/it\/?s={search_term_string}"},"query-input":{"@type":"PropertyValueSpecification","valueRequired":true,"valueName":"search_term_string"}}],"inLanguage":"it-IT"},{"@type":"Organization","@id":"https:\/\/ofmjpic.org\/it\/#organization","name":"General office for Justice, Peace and Integrity of Creation","url":"https:\/\/ofmjpic.org\/it\/","logo":{"@type":"ImageObject","inLanguage":"it-IT","@id":"https:\/\/ofmjpic.org\/it\/#\/schema\/logo\/image\/","url":"https:\/\/ofmjpic.org\/wp-content\/uploads\/2018\/08\/ES_JPIC_Logo_.png","contentUrl":"https:\/\/ofmjpic.org\/wp-content\/uploads\/2018\/08\/ES_JPIC_Logo_.png","width":3957,"height":4082,"caption":"General office for Justice, Peace and Integrity of Creation"},"image":{"@id":"https:\/\/ofmjpic.org\/it\/#\/schema\/logo\/image\/"},"sameAs":["https:\/\/www.facebook.com\/ofmjpic\/","https:\/\/www.instagram.com\/ofmjpic\/"]},{"@type":"Person","@id":"https:\/\/ofmjpic.org\/it\/#\/schema\/person\/39d264e8b62f999b4bd6d547149132f9","name":"admin","url":"https:\/\/ofmjpic.org\/it\/author\/admin\/"}]}},"_links":{"self":[{"href":"https:\/\/ofmjpic.org\/it\/wp-json\/wp\/v2\/posts\/23820","targetHints":{"allow":["GET"]}}],"collection":[{"href":"https:\/\/ofmjpic.org\/it\/wp-json\/wp\/v2\/posts"}],"about":[{"href":"https:\/\/ofmjpic.org\/it\/wp-json\/wp\/v2\/types\/post"}],"author":[{"embeddable":true,"href":"https:\/\/ofmjpic.org\/it\/wp-json\/wp\/v2\/users\/1"}],"replies":[{"embeddable":true,"href":"https:\/\/ofmjpic.org\/it\/wp-json\/wp\/v2\/comments?post=23820"}],"version-history":[{"count":10,"href":"https:\/\/ofmjpic.org\/it\/wp-json\/wp\/v2\/posts\/23820\/revisions"}],"predecessor-version":[{"id":23831,"href":"https:\/\/ofmjpic.org\/it\/wp-json\/wp\/v2\/posts\/23820\/revisions\/23831"}],"wp:featuredmedia":[{"embeddable":true,"href":"https:\/\/ofmjpic.org\/it\/wp-json\/wp\/v2\/media\/23819"}],"wp:attachment":[{"href":"https:\/\/ofmjpic.org\/it\/wp-json\/wp\/v2\/media?parent=23820"}],"wp:term":[{"taxonomy":"category","embeddable":true,"href":"https:\/\/ofmjpic.org\/it\/wp-json\/wp\/v2\/categories?post=23820"},{"taxonomy":"post_tag","embeddable":true,"href":"https:\/\/ofmjpic.org\/it\/wp-json\/wp\/v2\/tags?post=23820"}],"curies":[{"name":"wp","href":"https:\/\/api.w.org\/{rel}","templated":true}]}}