{"id":2351,"date":"2018-11-18T11:03:06","date_gmt":"2018-11-18T11:03:06","guid":{"rendered":"http:\/\/www.ofmjpic.org\/?p=2351"},"modified":"2018-11-18T11:03:06","modified_gmt":"2018-11-18T11:03:06","slug":"partecipazione-francescana-alla-cop-24-3-3","status":"publish","type":"post","link":"https:\/\/ofmjpic.org\/it\/partecipazione-francescana-alla-cop-24-3-3\/","title":{"rendered":"Partecipazione francescana alla COP 24 (3\/3)"},"content":{"rendered":"<p>Negli ultimi numeri, abbiamo gi\u00e0 pubblicato testi sul cambiamento climatico e la COP 24. Sebbene un piccolo numero di scienziati, imprenditori d\u2019aziende multinazionali e politici conservatori neghino questo fenomeno globale, in realt\u00e0 il cambiamento climatico sta influenzando la nostra vita al punto che il suo impatto distruttivo \u00e8 gi\u00e0 inevitabile e irreversibile. Non implica solo gli eventi visibili e locali, come super tifoni, innalzamento del livello del mare mentre i ghiacciai si sciolgono, siccit\u00e0 e inondazioni pi\u00f9 frequenti, ma significa anche che l\u2019intero ecosistema viene seriamente colpito ai livelli microscopici e macroscopici per noi invisibili. Ci\u00f2 \u00e8 dovuto alla densit\u00e0 dei gas serra nell\u2019atmosfera che supera i 400ppm, un livello preoccupante raggiunto molto prima di quanto previsto dagli scienziati. La matrice della vita \u00e8 soggetta a danni irreparabili, di cui l\u2019essere umano \u00e8 responsabile. L\u2019enciclica <em>Laudato Si\u2019<\/em>ci dice che questa \u00e8 la verit\u00e0 scientifica, etica e teologica che dobbiamo riconoscere. Noi Francescani che partecipiamo alla Conferenza internazionale sul clima (COP) organizzeremo e interverremo ai diversi eventi per condividere e mostrare questa visione in spirito di dialogo e di solidariet\u00e0.<\/p>\n<h3><strong>Eventi<\/strong><\/h3>\n<p>Il primo evento che organizziamo \u00e8 un incontro di formazione di due giorni con i fratelli e le sorelle polacchi, per condividere le informazioni necessarie e le prospettive della Chiesa e della spiritualit\u00e0 francescana su questo tema globale. La conferenza \u00e8 dedicata ai frati in formazione iniziale e permanente (23 novembre) e ai laici di parrocchie, scuole, OFS, GIFRA, scouts, ecc. (24 novembre). L\u2019oratore principale \u00e8 Fr. Jacek Orzechowski, OFM della provincia <em>Holy Name<\/em>, Stati Uniti d\u2019America, che \u00e8 membro del Comitato di animazione di JPIC. Terr\u00e0 un corso di tre sessioni sulla prospettiva cristiana e francescana del cambiamento climatico. Aspettiamo un buon numero di partecipanti a questo incontro.<\/p>\n<p>Il 2 dicembre ci saranno eventi interconfessionali e una marcia per il clima. I programmi non sono ancora definitivi, ma ci sarebbero momenti spirituali, di preghiera, incontri in rete, alcune azioni communi e dichiarazioni, ecc. Il gruppo interreligioso li organizza a Ginevra. I delegati francescani vi prenderanno parte.<\/p>\n<p>Il terzo evento \u00e8 una conferenza sul clima organizzata dai francescani il 3 dicembre, sul tema: \u201cCrisi climatica e il ruolo della comunit\u00e0 di fede per la giustizia climatica\u201d. I panel confermati sono: Fr. Jacek Orzechowski, OFM; Fr. Stanis\u0142aw Jaromi, OFM Conv.; Junghee Min (ICE Network); Budi Tjahjono (Franciscans International); Igor Bastos (GCCM e GIFRA); e Fr. Rodrigo Peret, OFM (il moderatore). E ci aspettiamo uno o due panel da ONG internazionali, come <em>Friends of the Earth International<\/em>.<\/p>\n<p>Chiediamo la vostra preghiera, il sostegno e la partecipazione ai nostri eventi durante la COP 24. E speriamo di farci tutti solidali con le vittime della disuguaglianza e dell\u2019ingiustizia ambientale.<\/p>\n<p style=\"text-align: right;\"><strong>Fr. Rufino Lim, OFM<\/strong><br \/>\nAssistente, Ufficio Generale GPIC \u2013 Roma<\/p>\n","protected":false},"excerpt":{"rendered":"<p>Noi Francescani che partecipiamo alla Conferenza internazionale sul clima (COP) organizzeremo e interverremo ai diversi eventi per condividere e mostrare questa visione in spirito di dialogo e di solidariet\u00e0.<\/p>\n","protected":false},"author":4,"featured_media":2337,"comment_status":"open","ping_status":"open","sticky":false,"template":"","format":"standard","meta":{"_acf_changed":false,"_et_pb_use_builder":"","_et_pb_old_content":"","_et_gb_content_width":"","footnotes":""},"categories":[44],"tags":[],"class_list":["post-2351","post","type-post","status-publish","format-standard","has-post-thumbnail","hentry","category-cop-3"],"acf":[],"yoast_head":"<!-- This site is optimized with the Yoast SEO plugin v28.4 - https:\/\/yoast.com\/product\/yoast-seo-wordpress\/ -->\n<title>Partecipazione francescana alla COP 24 (3\/3) - OFM JPIC<\/title>\n<meta name=\"robots\" content=\"index, follow, max-snippet:-1, max-image-preview:large, max-video-preview:-1\" \/>\n<link rel=\"canonical\" href=\"https:\/\/ofmjpic.org\/it\/partecipazione-francescana-alla-cop-24-3-3\/\" \/>\n<meta property=\"og:locale\" content=\"it_IT\" \/>\n<meta property=\"og:type\" content=\"article\" \/>\n<meta property=\"og:title\" content=\"Partecipazione francescana alla COP 24 (3\/3) - OFM JPIC\" \/>\n<meta property=\"og:description\" content=\"Noi Francescani che partecipiamo alla Conferenza internazionale sul clima (COP) organizzeremo e interverremo ai diversi eventi per condividere e mostrare questa visione in spirito di dialogo e di solidariet\u00e0.\" \/>\n<meta property=\"og:url\" content=\"https:\/\/ofmjpic.org\/it\/partecipazione-francescana-alla-cop-24-3-3\/\" \/>\n<meta property=\"og:site_name\" content=\"OFM JPIC\" \/>\n<meta property=\"article:publisher\" content=\"https:\/\/www.facebook.com\/ofmjpic\/\" \/>\n<meta property=\"article:published_time\" content=\"2018-11-18T11:03:06+00:00\" \/>\n<meta property=\"og:image\" content=\"https:\/\/ofmjpic.org\/wp-content\/uploads\/2018\/11\/Schermata-2018-11-18-alle-11.18.32.png\" \/>\n\t<meta property=\"og:image:width\" content=\"800\" \/>\n\t<meta property=\"og:image:height\" content=\"508\" \/>\n\t<meta property=\"og:image:type\" content=\"image\/png\" \/>\n<meta name=\"author\" content=\"Jaime Campos\" \/>\n<meta name=\"twitter:card\" content=\"summary_large_image\" \/>\n<meta name=\"twitter:label1\" content=\"Scritto da\" \/>\n\t<meta name=\"twitter:data1\" content=\"Jaime Campos\" \/>\n\t<meta name=\"twitter:label2\" content=\"Tempo di lettura stimato\" \/>\n\t<meta name=\"twitter:data2\" content=\"2 minuti\" \/>\n<script type=\"application\/ld+json\" class=\"yoast-schema-graph\">{\"@context\":\"https:\\\/\\\/schema.org\",\"@graph\":[{\"@type\":\"Article\",\"@id\":\"https:\\\/\\\/ofmjpic.org\\\/it\\\/partecipazione-francescana-alla-cop-24-3-3\\\/#article\",\"isPartOf\":{\"@id\":\"https:\\\/\\\/ofmjpic.org\\\/it\\\/partecipazione-francescana-alla-cop-24-3-3\\\/\"},\"author\":{\"name\":\"Jaime Campos\",\"@id\":\"https:\\\/\\\/ofmjpic.org\\\/it\\\/#\\\/schema\\\/person\\\/b94707ec5fc5af84d2d88e5f946184fb\"},\"headline\":\"Partecipazione francescana alla COP 24 (3\\\/3)\",\"datePublished\":\"2018-11-18T11:03:06+00:00\",\"mainEntityOfPage\":{\"@id\":\"https:\\\/\\\/ofmjpic.org\\\/it\\\/partecipazione-francescana-alla-cop-24-3-3\\\/\"},\"wordCount\":452,\"commentCount\":0,\"publisher\":{\"@id\":\"https:\\\/\\\/ofmjpic.org\\\/it\\\/#organization\"},\"image\":{\"@id\":\"https:\\\/\\\/ofmjpic.org\\\/it\\\/partecipazione-francescana-alla-cop-24-3-3\\\/#primaryimage\"},\"thumbnailUrl\":\"https:\\\/\\\/ofmjpic.org\\\/wp-content\\\/uploads\\\/2018\\\/11\\\/Schermata-2018-11-18-alle-11.18.32.png\",\"articleSection\":[\"COP\"],\"inLanguage\":\"it-IT\",\"potentialAction\":[{\"@type\":\"CommentAction\",\"name\":\"Comment\",\"target\":[\"https:\\\/\\\/ofmjpic.org\\\/it\\\/partecipazione-francescana-alla-cop-24-3-3\\\/#respond\"]}]},{\"@type\":\"WebPage\",\"@id\":\"https:\\\/\\\/ofmjpic.org\\\/it\\\/partecipazione-francescana-alla-cop-24-3-3\\\/\",\"url\":\"https:\\\/\\\/ofmjpic.org\\\/it\\\/partecipazione-francescana-alla-cop-24-3-3\\\/\",\"name\":\"Partecipazione francescana alla COP 24 (3\\\/3) - OFM JPIC\",\"isPartOf\":{\"@id\":\"https:\\\/\\\/ofmjpic.org\\\/it\\\/#website\"},\"primaryImageOfPage\":{\"@id\":\"https:\\\/\\\/ofmjpic.org\\\/it\\\/partecipazione-francescana-alla-cop-24-3-3\\\/#primaryimage\"},\"image\":{\"@id\":\"https:\\\/\\\/ofmjpic.org\\\/it\\\/partecipazione-francescana-alla-cop-24-3-3\\\/#primaryimage\"},\"thumbnailUrl\":\"https:\\\/\\\/ofmjpic.org\\\/wp-content\\\/uploads\\\/2018\\\/11\\\/Schermata-2018-11-18-alle-11.18.32.png\",\"datePublished\":\"2018-11-18T11:03:06+00:00\",\"breadcrumb\":{\"@id\":\"https:\\\/\\\/ofmjpic.org\\\/it\\\/partecipazione-francescana-alla-cop-24-3-3\\\/#breadcrumb\"},\"inLanguage\":\"it-IT\",\"potentialAction\":[{\"@type\":\"ReadAction\",\"target\":[\"https:\\\/\\\/ofmjpic.org\\\/it\\\/partecipazione-francescana-alla-cop-24-3-3\\\/\"]}]},{\"@type\":\"ImageObject\",\"inLanguage\":\"it-IT\",\"@id\":\"https:\\\/\\\/ofmjpic.org\\\/it\\\/partecipazione-francescana-alla-cop-24-3-3\\\/#primaryimage\",\"url\":\"https:\\\/\\\/ofmjpic.org\\\/wp-content\\\/uploads\\\/2018\\\/11\\\/Schermata-2018-11-18-alle-11.18.32.png\",\"contentUrl\":\"https:\\\/\\\/ofmjpic.org\\\/wp-content\\\/uploads\\\/2018\\\/11\\\/Schermata-2018-11-18-alle-11.18.32.png\",\"width\":800,\"height\":508},{\"@type\":\"BreadcrumbList\",\"@id\":\"https:\\\/\\\/ofmjpic.org\\\/it\\\/partecipazione-francescana-alla-cop-24-3-3\\\/#breadcrumb\",\"itemListElement\":[{\"@type\":\"ListItem\",\"position\":1,\"name\":\"Portada\",\"item\":\"https:\\\/\\\/ofmjpic.org\\\/it\\\/\"},{\"@type\":\"ListItem\",\"position\":2,\"name\":\"Partecipazione francescana alla COP 24 (3\\\/3)\"}]},{\"@type\":\"WebSite\",\"@id\":\"https:\\\/\\\/ofmjpic.org\\\/it\\\/#website\",\"url\":\"https:\\\/\\\/ofmjpic.org\\\/it\\\/\",\"name\":\"OFM Justice, Peace and Integrity of Creation\",\"description\":\"\",\"publisher\":{\"@id\":\"https:\\\/\\\/ofmjpic.org\\\/it\\\/#organization\"},\"potentialAction\":[{\"@type\":\"SearchAction\",\"target\":{\"@type\":\"EntryPoint\",\"urlTemplate\":\"https:\\\/\\\/ofmjpic.org\\\/it\\\/?s={search_term_string}\"},\"query-input\":{\"@type\":\"PropertyValueSpecification\",\"valueRequired\":true,\"valueName\":\"search_term_string\"}}],\"inLanguage\":\"it-IT\"},{\"@type\":\"Organization\",\"@id\":\"https:\\\/\\\/ofmjpic.org\\\/it\\\/#organization\",\"name\":\"General office for Justice, Peace and Integrity of Creation\",\"url\":\"https:\\\/\\\/ofmjpic.org\\\/it\\\/\",\"logo\":{\"@type\":\"ImageObject\",\"inLanguage\":\"it-IT\",\"@id\":\"https:\\\/\\\/ofmjpic.org\\\/it\\\/#\\\/schema\\\/logo\\\/image\\\/\",\"url\":\"https:\\\/\\\/ofmjpic.org\\\/wp-content\\\/uploads\\\/2018\\\/08\\\/ES_JPIC_Logo_.png\",\"contentUrl\":\"https:\\\/\\\/ofmjpic.org\\\/wp-content\\\/uploads\\\/2018\\\/08\\\/ES_JPIC_Logo_.png\",\"width\":3957,\"height\":4082,\"caption\":\"General office for Justice, Peace and Integrity of Creation\"},\"image\":{\"@id\":\"https:\\\/\\\/ofmjpic.org\\\/it\\\/#\\\/schema\\\/logo\\\/image\\\/\"},\"sameAs\":[\"https:\\\/\\\/www.facebook.com\\\/ofmjpic\\\/\",\"https:\\\/\\\/www.instagram.com\\\/ofmjpic\\\/\"]},{\"@type\":\"Person\",\"@id\":\"https:\\\/\\\/ofmjpic.org\\\/it\\\/#\\\/schema\\\/person\\\/b94707ec5fc5af84d2d88e5f946184fb\",\"name\":\"Jaime Campos\",\"url\":\"https:\\\/\\\/ofmjpic.org\\\/it\\\/author\\\/jcampos\\\/\"}]}<\/script>\n<!-- \/ Yoast SEO plugin. -->","yoast_head_json":{"title":"Partecipazione francescana alla COP 24 (3\/3) - OFM JPIC","robots":{"index":"index","follow":"follow","max-snippet":"max-snippet:-1","max-image-preview":"max-image-preview:large","max-video-preview":"max-video-preview:-1"},"canonical":"https:\/\/ofmjpic.org\/it\/partecipazione-francescana-alla-cop-24-3-3\/","og_locale":"it_IT","og_type":"article","og_title":"Partecipazione francescana alla COP 24 (3\/3) - OFM JPIC","og_description":"Noi Francescani che partecipiamo alla Conferenza internazionale sul clima (COP) organizzeremo e interverremo ai diversi eventi per condividere e mostrare questa visione in spirito di dialogo e di solidariet\u00e0.","og_url":"https:\/\/ofmjpic.org\/it\/partecipazione-francescana-alla-cop-24-3-3\/","og_site_name":"OFM JPIC","article_publisher":"https:\/\/www.facebook.com\/ofmjpic\/","article_published_time":"2018-11-18T11:03:06+00:00","og_image":[{"width":800,"height":508,"url":"https:\/\/ofmjpic.org\/wp-content\/uploads\/2018\/11\/Schermata-2018-11-18-alle-11.18.32.png","type":"image\/png"}],"author":"Jaime Campos","twitter_card":"summary_large_image","twitter_misc":{"Scritto da":"Jaime Campos","Tempo di lettura stimato":"2 minuti"},"schema":{"@context":"https:\/\/schema.org","@graph":[{"@type":"Article","@id":"https:\/\/ofmjpic.org\/it\/partecipazione-francescana-alla-cop-24-3-3\/#article","isPartOf":{"@id":"https:\/\/ofmjpic.org\/it\/partecipazione-francescana-alla-cop-24-3-3\/"},"author":{"name":"Jaime Campos","@id":"https:\/\/ofmjpic.org\/it\/#\/schema\/person\/b94707ec5fc5af84d2d88e5f946184fb"},"headline":"Partecipazione francescana alla COP 24 (3\/3)","datePublished":"2018-11-18T11:03:06+00:00","mainEntityOfPage":{"@id":"https:\/\/ofmjpic.org\/it\/partecipazione-francescana-alla-cop-24-3-3\/"},"wordCount":452,"commentCount":0,"publisher":{"@id":"https:\/\/ofmjpic.org\/it\/#organization"},"image":{"@id":"https:\/\/ofmjpic.org\/it\/partecipazione-francescana-alla-cop-24-3-3\/#primaryimage"},"thumbnailUrl":"https:\/\/ofmjpic.org\/wp-content\/uploads\/2018\/11\/Schermata-2018-11-18-alle-11.18.32.png","articleSection":["COP"],"inLanguage":"it-IT","potentialAction":[{"@type":"CommentAction","name":"Comment","target":["https:\/\/ofmjpic.org\/it\/partecipazione-francescana-alla-cop-24-3-3\/#respond"]}]},{"@type":"WebPage","@id":"https:\/\/ofmjpic.org\/it\/partecipazione-francescana-alla-cop-24-3-3\/","url":"https:\/\/ofmjpic.org\/it\/partecipazione-francescana-alla-cop-24-3-3\/","name":"Partecipazione francescana alla COP 24 (3\/3) - OFM JPIC","isPartOf":{"@id":"https:\/\/ofmjpic.org\/it\/#website"},"primaryImageOfPage":{"@id":"https:\/\/ofmjpic.org\/it\/partecipazione-francescana-alla-cop-24-3-3\/#primaryimage"},"image":{"@id":"https:\/\/ofmjpic.org\/it\/partecipazione-francescana-alla-cop-24-3-3\/#primaryimage"},"thumbnailUrl":"https:\/\/ofmjpic.org\/wp-content\/uploads\/2018\/11\/Schermata-2018-11-18-alle-11.18.32.png","datePublished":"2018-11-18T11:03:06+00:00","breadcrumb":{"@id":"https:\/\/ofmjpic.org\/it\/partecipazione-francescana-alla-cop-24-3-3\/#breadcrumb"},"inLanguage":"it-IT","potentialAction":[{"@type":"ReadAction","target":["https:\/\/ofmjpic.org\/it\/partecipazione-francescana-alla-cop-24-3-3\/"]}]},{"@type":"ImageObject","inLanguage":"it-IT","@id":"https:\/\/ofmjpic.org\/it\/partecipazione-francescana-alla-cop-24-3-3\/#primaryimage","url":"https:\/\/ofmjpic.org\/wp-content\/uploads\/2018\/11\/Schermata-2018-11-18-alle-11.18.32.png","contentUrl":"https:\/\/ofmjpic.org\/wp-content\/uploads\/2018\/11\/Schermata-2018-11-18-alle-11.18.32.png","width":800,"height":508},{"@type":"BreadcrumbList","@id":"https:\/\/ofmjpic.org\/it\/partecipazione-francescana-alla-cop-24-3-3\/#breadcrumb","itemListElement":[{"@type":"ListItem","position":1,"name":"Portada","item":"https:\/\/ofmjpic.org\/it\/"},{"@type":"ListItem","position":2,"name":"Partecipazione francescana alla COP 24 (3\/3)"}]},{"@type":"WebSite","@id":"https:\/\/ofmjpic.org\/it\/#website","url":"https:\/\/ofmjpic.org\/it\/","name":"OFM Justice, Peace and Integrity of Creation","description":"","publisher":{"@id":"https:\/\/ofmjpic.org\/it\/#organization"},"potentialAction":[{"@type":"SearchAction","target":{"@type":"EntryPoint","urlTemplate":"https:\/\/ofmjpic.org\/it\/?s={search_term_string}"},"query-input":{"@type":"PropertyValueSpecification","valueRequired":true,"valueName":"search_term_string"}}],"inLanguage":"it-IT"},{"@type":"Organization","@id":"https:\/\/ofmjpic.org\/it\/#organization","name":"General office for Justice, Peace and Integrity of Creation","url":"https:\/\/ofmjpic.org\/it\/","logo":{"@type":"ImageObject","inLanguage":"it-IT","@id":"https:\/\/ofmjpic.org\/it\/#\/schema\/logo\/image\/","url":"https:\/\/ofmjpic.org\/wp-content\/uploads\/2018\/08\/ES_JPIC_Logo_.png","contentUrl":"https:\/\/ofmjpic.org\/wp-content\/uploads\/2018\/08\/ES_JPIC_Logo_.png","width":3957,"height":4082,"caption":"General office for Justice, Peace and Integrity of Creation"},"image":{"@id":"https:\/\/ofmjpic.org\/it\/#\/schema\/logo\/image\/"},"sameAs":["https:\/\/www.facebook.com\/ofmjpic\/","https:\/\/www.instagram.com\/ofmjpic\/"]},{"@type":"Person","@id":"https:\/\/ofmjpic.org\/it\/#\/schema\/person\/b94707ec5fc5af84d2d88e5f946184fb","name":"Jaime Campos","url":"https:\/\/ofmjpic.org\/it\/author\/jcampos\/"}]}},"_links":{"self":[{"href":"https:\/\/ofmjpic.org\/it\/wp-json\/wp\/v2\/posts\/2351","targetHints":{"allow":["GET"]}}],"collection":[{"href":"https:\/\/ofmjpic.org\/it\/wp-json\/wp\/v2\/posts"}],"about":[{"href":"https:\/\/ofmjpic.org\/it\/wp-json\/wp\/v2\/types\/post"}],"author":[{"embeddable":true,"href":"https:\/\/ofmjpic.org\/it\/wp-json\/wp\/v2\/users\/4"}],"replies":[{"embeddable":true,"href":"https:\/\/ofmjpic.org\/it\/wp-json\/wp\/v2\/comments?post=2351"}],"version-history":[{"count":0,"href":"https:\/\/ofmjpic.org\/it\/wp-json\/wp\/v2\/posts\/2351\/revisions"}],"wp:featuredmedia":[{"embeddable":true,"href":"https:\/\/ofmjpic.org\/it\/wp-json\/wp\/v2\/media\/2337"}],"wp:attachment":[{"href":"https:\/\/ofmjpic.org\/it\/wp-json\/wp\/v2\/media?parent=2351"}],"wp:term":[{"taxonomy":"category","embeddable":true,"href":"https:\/\/ofmjpic.org\/it\/wp-json\/wp\/v2\/categories?post=2351"},{"taxonomy":"post_tag","embeddable":true,"href":"https:\/\/ofmjpic.org\/it\/wp-json\/wp\/v2\/tags?post=2351"}],"curies":[{"name":"wp","href":"https:\/\/api.w.org\/{rel}","templated":true}]}}