{"id":21292,"date":"2025-09-12T18:23:26","date_gmt":"2025-09-12T18:23:26","guid":{"rendered":"https:\/\/ofmjpic.org\/?p=21292"},"modified":"2025-10-06T18:24:29","modified_gmt":"2025-10-06T18:24:29","slug":"franciscans-international-presenta-il-rapporto-annuale-2025-la-voce-francescana-presso-lonu","status":"publish","type":"post","link":"https:\/\/ofmjpic.org\/it\/franciscans-international-presenta-il-rapporto-annuale-2025-la-voce-francescana-presso-lonu\/","title":{"rendered":"Franciscans International presenta il Rapporto Annuale 2025: la voce francescana presso l\u2019ONU"},"content":{"rendered":"<p data-start=\"2505\" data-end=\"2792\">L\u2019Ufficio generale per la Giustizia, Pace e Integrit\u00e0 del Creato (JPIC OFM) condivide il nuovo Rapporto Annuale di <strong data-start=\"2620\" data-end=\"2654\">Franciscans International (FI)<\/strong>, organizzazione francescana con status consultivo presso le Nazioni Unite, impegnata per i diritti umani e la giustizia socio-ambientale.<\/p>\n<p data-start=\"2794\" data-end=\"3050\">Il <strong data-start=\"2797\" data-end=\"2814\">Rapporto 2025<\/strong> mette in evidenza risultati, sfide e vie di advocacy di FI per la difesa della dignit\u00e0 umana, la protezione delle comunit\u00e0 vulnerabili e la cura della casa comune, in piena coerenza con la spiritualit\u00e0 francescana e la missione JPIC.<\/p>\n<p data-start=\"3052\" data-end=\"3248\">\u00c8 una risorsa di trasparenza, formazione e advocacy per la Famiglia Francescana, i partner e le istituzioni ecclesiali, capace di collegare il lavoro sul territorio con l\u2019impegno internazionale.<\/p>\n<p data-start=\"3250\" data-end=\"3331\">Il documento \u00e8 disponibile in <strong data-start=\"3280\" data-end=\"3294\">tre lingue<\/strong>:<br data-start=\"3295\" data-end=\"3298\" \/>\ud83d\udc49 <a href=\"https:\/\/ofmjpic.org\/wp-content\/uploads\/2025\/10\/FI_2024_ENG.pdf\" target=\"_blank\" rel=\"noopener\">English<\/a>, <a href=\"https:\/\/ofmjpic.org\/wp-content\/uploads\/2025\/10\/FI_2024_ESP.pdf\" target=\"_blank\" rel=\"noopener\">Spanish<\/a>, <a href=\"https:\/\/ofmjpic.org\/wp-content\/uploads\/2025\/10\/FI_2024_ITA.pdf\" target=\"_blank\" rel=\"noopener\">Italiano<\/a><\/p>\n<p data-start=\"3333\" data-end=\"3494\">JPIC OFM invita fraternit\u00e0, parrocchie, scuole e operatori pastorali a utilizzare e diffondere questo materiale nei propri percorsi formativi e di comunicazione.<\/p>\n","protected":false},"excerpt":{"rendered":"<p>GPIC OFM presenta il Rapporto Annuale 2025 di Franciscans International, la voce francescana presso l\u2019ONU per i diritti umani e il creato.<\/p>\n","protected":false},"author":1,"featured_media":21288,"comment_status":"open","ping_status":"open","sticky":false,"template":"","format":"standard","meta":{"_acf_changed":false,"_et_pb_use_builder":"","_et_pb_old_content":"","_et_gb_content_width":"","footnotes":""},"categories":[961],"tags":[],"class_list":["post-21292","post","type-post","status-publish","format-standard","has-post-thumbnail","hentry","category-notizie"],"acf":[],"yoast_head":"<!-- This site is optimized with the Yoast SEO plugin v28.4 - https:\/\/yoast.com\/product\/yoast-seo-wordpress\/ -->\n<title>Franciscans International presenta il Rapporto Annuale 2025: la voce francescana presso l\u2019ONU - OFM JPIC<\/title>\n<meta name=\"description\" content=\"GPIC OFM presenta il Rapporto Annuale 2025 di Franciscans International, la voce francescana presso l\u2019ONU per i diritti umani e il creato.\" \/>\n<meta name=\"robots\" content=\"index, follow, max-snippet:-1, max-image-preview:large, max-video-preview:-1\" \/>\n<link rel=\"canonical\" href=\"https:\/\/ofmjpic.org\/it\/franciscans-international-presenta-il-rapporto-annuale-2025-la-voce-francescana-presso-lonu\/\" \/>\n<meta property=\"og:locale\" content=\"it_IT\" \/>\n<meta property=\"og:type\" content=\"article\" \/>\n<meta property=\"og:title\" content=\"Franciscans International presenta il Rapporto Annuale 2025: la voce francescana presso l\u2019ONU - OFM JPIC\" \/>\n<meta property=\"og:description\" content=\"GPIC OFM presenta il Rapporto Annuale 2025 di Franciscans International, la voce francescana presso l\u2019ONU per i diritti umani e il creato.\" \/>\n<meta property=\"og:url\" content=\"https:\/\/ofmjpic.org\/it\/franciscans-international-presenta-il-rapporto-annuale-2025-la-voce-francescana-presso-lonu\/\" \/>\n<meta property=\"og:site_name\" content=\"OFM JPIC\" \/>\n<meta property=\"article:publisher\" content=\"https:\/\/www.facebook.com\/ofmjpic\/\" \/>\n<meta property=\"article:published_time\" content=\"2025-09-12T18:23:26+00:00\" \/>\n<meta property=\"article:modified_time\" content=\"2025-10-06T18:24:29+00:00\" \/>\n<meta property=\"og:image\" content=\"https:\/\/ofmjpic.org\/wp-content\/uploads\/2025\/10\/franciscan-internationalis.png\" \/>\n\t<meta property=\"og:image:width\" content=\"720\" \/>\n\t<meta property=\"og:image:height\" content=\"414\" \/>\n\t<meta property=\"og:image:type\" content=\"image\/png\" \/>\n<meta name=\"author\" content=\"admin\" \/>\n<meta name=\"twitter:card\" content=\"summary_large_image\" \/>\n<meta name=\"twitter:label1\" content=\"Scritto da\" \/>\n\t<meta name=\"twitter:data1\" content=\"admin\" \/>\n\t<meta name=\"twitter:label2\" content=\"Tempo di lettura stimato\" \/>\n\t<meta name=\"twitter:data2\" content=\"1 minuto\" \/>\n<script type=\"application\/ld+json\" class=\"yoast-schema-graph\">{\"@context\":\"https:\\\/\\\/schema.org\",\"@graph\":[{\"@type\":\"Article\",\"@id\":\"https:\\\/\\\/ofmjpic.org\\\/it\\\/franciscans-international-presenta-il-rapporto-annuale-2025-la-voce-francescana-presso-lonu\\\/#article\",\"isPartOf\":{\"@id\":\"https:\\\/\\\/ofmjpic.org\\\/it\\\/franciscans-international-presenta-il-rapporto-annuale-2025-la-voce-francescana-presso-lonu\\\/\"},\"author\":{\"name\":\"admin\",\"@id\":\"https:\\\/\\\/ofmjpic.org\\\/it\\\/#\\\/schema\\\/person\\\/39d264e8b62f999b4bd6d547149132f9\"},\"headline\":\"Franciscans International presenta il Rapporto Annuale 2025: la voce francescana presso l\u2019ONU\",\"datePublished\":\"2025-09-12T18:23:26+00:00\",\"dateModified\":\"2025-10-06T18:24:29+00:00\",\"mainEntityOfPage\":{\"@id\":\"https:\\\/\\\/ofmjpic.org\\\/it\\\/franciscans-international-presenta-il-rapporto-annuale-2025-la-voce-francescana-presso-lonu\\\/\"},\"wordCount\":152,\"commentCount\":0,\"publisher\":{\"@id\":\"https:\\\/\\\/ofmjpic.org\\\/it\\\/#organization\"},\"image\":{\"@id\":\"https:\\\/\\\/ofmjpic.org\\\/it\\\/franciscans-international-presenta-il-rapporto-annuale-2025-la-voce-francescana-presso-lonu\\\/#primaryimage\"},\"thumbnailUrl\":\"https:\\\/\\\/ofmjpic.org\\\/wp-content\\\/uploads\\\/2025\\\/10\\\/franciscan-internationalis.png\",\"articleSection\":[\"Notizie\"],\"inLanguage\":\"it-IT\",\"potentialAction\":[{\"@type\":\"CommentAction\",\"name\":\"Comment\",\"target\":[\"https:\\\/\\\/ofmjpic.org\\\/it\\\/franciscans-international-presenta-il-rapporto-annuale-2025-la-voce-francescana-presso-lonu\\\/#respond\"]}]},{\"@type\":\"WebPage\",\"@id\":\"https:\\\/\\\/ofmjpic.org\\\/it\\\/franciscans-international-presenta-il-rapporto-annuale-2025-la-voce-francescana-presso-lonu\\\/\",\"url\":\"https:\\\/\\\/ofmjpic.org\\\/it\\\/franciscans-international-presenta-il-rapporto-annuale-2025-la-voce-francescana-presso-lonu\\\/\",\"name\":\"Franciscans International presenta il Rapporto Annuale 2025: la voce francescana presso l\u2019ONU - OFM JPIC\",\"isPartOf\":{\"@id\":\"https:\\\/\\\/ofmjpic.org\\\/it\\\/#website\"},\"primaryImageOfPage\":{\"@id\":\"https:\\\/\\\/ofmjpic.org\\\/it\\\/franciscans-international-presenta-il-rapporto-annuale-2025-la-voce-francescana-presso-lonu\\\/#primaryimage\"},\"image\":{\"@id\":\"https:\\\/\\\/ofmjpic.org\\\/it\\\/franciscans-international-presenta-il-rapporto-annuale-2025-la-voce-francescana-presso-lonu\\\/#primaryimage\"},\"thumbnailUrl\":\"https:\\\/\\\/ofmjpic.org\\\/wp-content\\\/uploads\\\/2025\\\/10\\\/franciscan-internationalis.png\",\"datePublished\":\"2025-09-12T18:23:26+00:00\",\"dateModified\":\"2025-10-06T18:24:29+00:00\",\"description\":\"GPIC OFM presenta il Rapporto Annuale 2025 di Franciscans International, la voce francescana presso l\u2019ONU per i diritti umani e il creato.\",\"breadcrumb\":{\"@id\":\"https:\\\/\\\/ofmjpic.org\\\/it\\\/franciscans-international-presenta-il-rapporto-annuale-2025-la-voce-francescana-presso-lonu\\\/#breadcrumb\"},\"inLanguage\":\"it-IT\",\"potentialAction\":[{\"@type\":\"ReadAction\",\"target\":[\"https:\\\/\\\/ofmjpic.org\\\/it\\\/franciscans-international-presenta-il-rapporto-annuale-2025-la-voce-francescana-presso-lonu\\\/\"]}]},{\"@type\":\"ImageObject\",\"inLanguage\":\"it-IT\",\"@id\":\"https:\\\/\\\/ofmjpic.org\\\/it\\\/franciscans-international-presenta-il-rapporto-annuale-2025-la-voce-francescana-presso-lonu\\\/#primaryimage\",\"url\":\"https:\\\/\\\/ofmjpic.org\\\/wp-content\\\/uploads\\\/2025\\\/10\\\/franciscan-internationalis.png\",\"contentUrl\":\"https:\\\/\\\/ofmjpic.org\\\/wp-content\\\/uploads\\\/2025\\\/10\\\/franciscan-internationalis.png\",\"width\":720,\"height\":414},{\"@type\":\"BreadcrumbList\",\"@id\":\"https:\\\/\\\/ofmjpic.org\\\/it\\\/franciscans-international-presenta-il-rapporto-annuale-2025-la-voce-francescana-presso-lonu\\\/#breadcrumb\",\"itemListElement\":[{\"@type\":\"ListItem\",\"position\":1,\"name\":\"Portada\",\"item\":\"https:\\\/\\\/ofmjpic.org\\\/it\\\/\"},{\"@type\":\"ListItem\",\"position\":2,\"name\":\"Franciscans International presenta il Rapporto Annuale 2025: la voce francescana presso l\u2019ONU\"}]},{\"@type\":\"WebSite\",\"@id\":\"https:\\\/\\\/ofmjpic.org\\\/it\\\/#website\",\"url\":\"https:\\\/\\\/ofmjpic.org\\\/it\\\/\",\"name\":\"OFM Justice, Peace and Integrity of Creation\",\"description\":\"\",\"publisher\":{\"@id\":\"https:\\\/\\\/ofmjpic.org\\\/it\\\/#organization\"},\"potentialAction\":[{\"@type\":\"SearchAction\",\"target\":{\"@type\":\"EntryPoint\",\"urlTemplate\":\"https:\\\/\\\/ofmjpic.org\\\/it\\\/?s={search_term_string}\"},\"query-input\":{\"@type\":\"PropertyValueSpecification\",\"valueRequired\":true,\"valueName\":\"search_term_string\"}}],\"inLanguage\":\"it-IT\"},{\"@type\":\"Organization\",\"@id\":\"https:\\\/\\\/ofmjpic.org\\\/it\\\/#organization\",\"name\":\"General office for Justice, Peace and Integrity of Creation\",\"url\":\"https:\\\/\\\/ofmjpic.org\\\/it\\\/\",\"logo\":{\"@type\":\"ImageObject\",\"inLanguage\":\"it-IT\",\"@id\":\"https:\\\/\\\/ofmjpic.org\\\/it\\\/#\\\/schema\\\/logo\\\/image\\\/\",\"url\":\"https:\\\/\\\/ofmjpic.org\\\/wp-content\\\/uploads\\\/2018\\\/08\\\/ES_JPIC_Logo_.png\",\"contentUrl\":\"https:\\\/\\\/ofmjpic.org\\\/wp-content\\\/uploads\\\/2018\\\/08\\\/ES_JPIC_Logo_.png\",\"width\":3957,\"height\":4082,\"caption\":\"General office for Justice, Peace and Integrity of Creation\"},\"image\":{\"@id\":\"https:\\\/\\\/ofmjpic.org\\\/it\\\/#\\\/schema\\\/logo\\\/image\\\/\"},\"sameAs\":[\"https:\\\/\\\/www.facebook.com\\\/ofmjpic\\\/\",\"https:\\\/\\\/www.instagram.com\\\/ofmjpic\\\/\"]},{\"@type\":\"Person\",\"@id\":\"https:\\\/\\\/ofmjpic.org\\\/it\\\/#\\\/schema\\\/person\\\/39d264e8b62f999b4bd6d547149132f9\",\"name\":\"admin\",\"url\":\"https:\\\/\\\/ofmjpic.org\\\/it\\\/author\\\/admin\\\/\"}]}<\/script>\n<!-- \/ Yoast SEO plugin. -->","yoast_head_json":{"title":"Franciscans International presenta il Rapporto Annuale 2025: la voce francescana presso l\u2019ONU - OFM JPIC","description":"GPIC OFM presenta il Rapporto Annuale 2025 di Franciscans International, la voce francescana presso l\u2019ONU per i diritti umani e il creato.","robots":{"index":"index","follow":"follow","max-snippet":"max-snippet:-1","max-image-preview":"max-image-preview:large","max-video-preview":"max-video-preview:-1"},"canonical":"https:\/\/ofmjpic.org\/it\/franciscans-international-presenta-il-rapporto-annuale-2025-la-voce-francescana-presso-lonu\/","og_locale":"it_IT","og_type":"article","og_title":"Franciscans International presenta il Rapporto Annuale 2025: la voce francescana presso l\u2019ONU - OFM JPIC","og_description":"GPIC OFM presenta il Rapporto Annuale 2025 di Franciscans International, la voce francescana presso l\u2019ONU per i diritti umani e il creato.","og_url":"https:\/\/ofmjpic.org\/it\/franciscans-international-presenta-il-rapporto-annuale-2025-la-voce-francescana-presso-lonu\/","og_site_name":"OFM JPIC","article_publisher":"https:\/\/www.facebook.com\/ofmjpic\/","article_published_time":"2025-09-12T18:23:26+00:00","article_modified_time":"2025-10-06T18:24:29+00:00","og_image":[{"width":720,"height":414,"url":"https:\/\/ofmjpic.org\/wp-content\/uploads\/2025\/10\/franciscan-internationalis.png","type":"image\/png"}],"author":"admin","twitter_card":"summary_large_image","twitter_misc":{"Scritto da":"admin","Tempo di lettura stimato":"1 minuto"},"schema":{"@context":"https:\/\/schema.org","@graph":[{"@type":"Article","@id":"https:\/\/ofmjpic.org\/it\/franciscans-international-presenta-il-rapporto-annuale-2025-la-voce-francescana-presso-lonu\/#article","isPartOf":{"@id":"https:\/\/ofmjpic.org\/it\/franciscans-international-presenta-il-rapporto-annuale-2025-la-voce-francescana-presso-lonu\/"},"author":{"name":"admin","@id":"https:\/\/ofmjpic.org\/it\/#\/schema\/person\/39d264e8b62f999b4bd6d547149132f9"},"headline":"Franciscans International presenta il Rapporto Annuale 2025: la voce francescana presso l\u2019ONU","datePublished":"2025-09-12T18:23:26+00:00","dateModified":"2025-10-06T18:24:29+00:00","mainEntityOfPage":{"@id":"https:\/\/ofmjpic.org\/it\/franciscans-international-presenta-il-rapporto-annuale-2025-la-voce-francescana-presso-lonu\/"},"wordCount":152,"commentCount":0,"publisher":{"@id":"https:\/\/ofmjpic.org\/it\/#organization"},"image":{"@id":"https:\/\/ofmjpic.org\/it\/franciscans-international-presenta-il-rapporto-annuale-2025-la-voce-francescana-presso-lonu\/#primaryimage"},"thumbnailUrl":"https:\/\/ofmjpic.org\/wp-content\/uploads\/2025\/10\/franciscan-internationalis.png","articleSection":["Notizie"],"inLanguage":"it-IT","potentialAction":[{"@type":"CommentAction","name":"Comment","target":["https:\/\/ofmjpic.org\/it\/franciscans-international-presenta-il-rapporto-annuale-2025-la-voce-francescana-presso-lonu\/#respond"]}]},{"@type":"WebPage","@id":"https:\/\/ofmjpic.org\/it\/franciscans-international-presenta-il-rapporto-annuale-2025-la-voce-francescana-presso-lonu\/","url":"https:\/\/ofmjpic.org\/it\/franciscans-international-presenta-il-rapporto-annuale-2025-la-voce-francescana-presso-lonu\/","name":"Franciscans International presenta il Rapporto Annuale 2025: la voce francescana presso l\u2019ONU - OFM JPIC","isPartOf":{"@id":"https:\/\/ofmjpic.org\/it\/#website"},"primaryImageOfPage":{"@id":"https:\/\/ofmjpic.org\/it\/franciscans-international-presenta-il-rapporto-annuale-2025-la-voce-francescana-presso-lonu\/#primaryimage"},"image":{"@id":"https:\/\/ofmjpic.org\/it\/franciscans-international-presenta-il-rapporto-annuale-2025-la-voce-francescana-presso-lonu\/#primaryimage"},"thumbnailUrl":"https:\/\/ofmjpic.org\/wp-content\/uploads\/2025\/10\/franciscan-internationalis.png","datePublished":"2025-09-12T18:23:26+00:00","dateModified":"2025-10-06T18:24:29+00:00","description":"GPIC OFM presenta il Rapporto Annuale 2025 di Franciscans International, la voce francescana presso l\u2019ONU per i diritti umani e il creato.","breadcrumb":{"@id":"https:\/\/ofmjpic.org\/it\/franciscans-international-presenta-il-rapporto-annuale-2025-la-voce-francescana-presso-lonu\/#breadcrumb"},"inLanguage":"it-IT","potentialAction":[{"@type":"ReadAction","target":["https:\/\/ofmjpic.org\/it\/franciscans-international-presenta-il-rapporto-annuale-2025-la-voce-francescana-presso-lonu\/"]}]},{"@type":"ImageObject","inLanguage":"it-IT","@id":"https:\/\/ofmjpic.org\/it\/franciscans-international-presenta-il-rapporto-annuale-2025-la-voce-francescana-presso-lonu\/#primaryimage","url":"https:\/\/ofmjpic.org\/wp-content\/uploads\/2025\/10\/franciscan-internationalis.png","contentUrl":"https:\/\/ofmjpic.org\/wp-content\/uploads\/2025\/10\/franciscan-internationalis.png","width":720,"height":414},{"@type":"BreadcrumbList","@id":"https:\/\/ofmjpic.org\/it\/franciscans-international-presenta-il-rapporto-annuale-2025-la-voce-francescana-presso-lonu\/#breadcrumb","itemListElement":[{"@type":"ListItem","position":1,"name":"Portada","item":"https:\/\/ofmjpic.org\/it\/"},{"@type":"ListItem","position":2,"name":"Franciscans International presenta il Rapporto Annuale 2025: la voce francescana presso l\u2019ONU"}]},{"@type":"WebSite","@id":"https:\/\/ofmjpic.org\/it\/#website","url":"https:\/\/ofmjpic.org\/it\/","name":"OFM Justice, Peace and Integrity of Creation","description":"","publisher":{"@id":"https:\/\/ofmjpic.org\/it\/#organization"},"potentialAction":[{"@type":"SearchAction","target":{"@type":"EntryPoint","urlTemplate":"https:\/\/ofmjpic.org\/it\/?s={search_term_string}"},"query-input":{"@type":"PropertyValueSpecification","valueRequired":true,"valueName":"search_term_string"}}],"inLanguage":"it-IT"},{"@type":"Organization","@id":"https:\/\/ofmjpic.org\/it\/#organization","name":"General office for Justice, Peace and Integrity of Creation","url":"https:\/\/ofmjpic.org\/it\/","logo":{"@type":"ImageObject","inLanguage":"it-IT","@id":"https:\/\/ofmjpic.org\/it\/#\/schema\/logo\/image\/","url":"https:\/\/ofmjpic.org\/wp-content\/uploads\/2018\/08\/ES_JPIC_Logo_.png","contentUrl":"https:\/\/ofmjpic.org\/wp-content\/uploads\/2018\/08\/ES_JPIC_Logo_.png","width":3957,"height":4082,"caption":"General office for Justice, Peace and Integrity of Creation"},"image":{"@id":"https:\/\/ofmjpic.org\/it\/#\/schema\/logo\/image\/"},"sameAs":["https:\/\/www.facebook.com\/ofmjpic\/","https:\/\/www.instagram.com\/ofmjpic\/"]},{"@type":"Person","@id":"https:\/\/ofmjpic.org\/it\/#\/schema\/person\/39d264e8b62f999b4bd6d547149132f9","name":"admin","url":"https:\/\/ofmjpic.org\/it\/author\/admin\/"}]}},"_links":{"self":[{"href":"https:\/\/ofmjpic.org\/it\/wp-json\/wp\/v2\/posts\/21292","targetHints":{"allow":["GET"]}}],"collection":[{"href":"https:\/\/ofmjpic.org\/it\/wp-json\/wp\/v2\/posts"}],"about":[{"href":"https:\/\/ofmjpic.org\/it\/wp-json\/wp\/v2\/types\/post"}],"author":[{"embeddable":true,"href":"https:\/\/ofmjpic.org\/it\/wp-json\/wp\/v2\/users\/1"}],"replies":[{"embeddable":true,"href":"https:\/\/ofmjpic.org\/it\/wp-json\/wp\/v2\/comments?post=21292"}],"version-history":[{"count":1,"href":"https:\/\/ofmjpic.org\/it\/wp-json\/wp\/v2\/posts\/21292\/revisions"}],"predecessor-version":[{"id":21293,"href":"https:\/\/ofmjpic.org\/it\/wp-json\/wp\/v2\/posts\/21292\/revisions\/21293"}],"wp:featuredmedia":[{"embeddable":true,"href":"https:\/\/ofmjpic.org\/it\/wp-json\/wp\/v2\/media\/21288"}],"wp:attachment":[{"href":"https:\/\/ofmjpic.org\/it\/wp-json\/wp\/v2\/media?parent=21292"}],"wp:term":[{"taxonomy":"category","embeddable":true,"href":"https:\/\/ofmjpic.org\/it\/wp-json\/wp\/v2\/categories?post=21292"},{"taxonomy":"post_tag","embeddable":true,"href":"https:\/\/ofmjpic.org\/it\/wp-json\/wp\/v2\/tags?post=21292"}],"curies":[{"name":"wp","href":"https:\/\/api.w.org\/{rel}","templated":true}]}}