{"id":20128,"date":"2025-05-30T17:40:27","date_gmt":"2025-05-30T17:40:27","guid":{"rendered":"https:\/\/ofmjpic.org\/?p=20128"},"modified":"2025-05-30T20:32:50","modified_gmt":"2025-05-30T20:32:50","slug":"lordine-dei-frati-minori-francescani-premia-bartolomeo-i-per-il-suo-impegno-nella-cura-della-casa-comune","status":"publish","type":"post","link":"https:\/\/ofmjpic.org\/it\/lordine-dei-frati-minori-francescani-premia-bartolomeo-i-per-il-suo-impegno-nella-cura-della-casa-comune\/","title":{"rendered":"L\u2019Ordine dei Frati Minori Francescani premia Bartolomeo I per il suo impegno nella cura della Casa Comune"},"content":{"rendered":"<h2 style=\"text-align: center;\"><\/h2>\n<ul>\n<li style=\"font-weight: 400;\" aria-level=\"1\"><span style=\"font-weight: 400;\">La cerimonia dei Premi Laudato Si\u2019 si \u00e8 svolta questo venerd\u00ec presso la Pontificia Universit\u00e0 Antonianum<\/span><\/li>\n<li style=\"font-weight: 400;\" aria-level=\"1\"><span style=\"font-weight: 400;\">La celebrazione ha coinciso con l\u2019ottavo centenario del Cantico delle Creature e il decimo anniversario dell\u2019enciclica di papa Francesco sul clima<\/span><\/li>\n<\/ul>\n<p><b>Roma, 30 maggio 2025 \u2013 <\/b><span style=\"font-weight: 400;\">L\u2019Ordine dei Frati Minori (OFM), in collaborazione con la Pontificia Universit\u00e0 Antonianum, ha celebrato questo venerd\u00ec 30 maggio la cerimonia di consegna dei Premi Laudato Si\u2019, in occasione dell\u2019ottocentesimo anniversario del Cantico delle Creature di san Francesco d\u2019Assisi e del decimo anniversario dell\u2019enciclica Laudato Si\u2019 di papa Francesco.<\/span><\/p>\n<p><span style=\"font-weight: 400;\">I vincitori del Premio Laudato Si\u2019 sono stati:<\/span><\/p>\n<ul>\n<li style=\"font-weight: 400;\" aria-level=\"1\"><b>Sua Santit\u00e0 Bartolomeo I<\/b><span style=\"font-weight: 400;\">, Patriarca Ecumenico di Costantinopoli, per la sua voce profetica a favore della cura del creato, espressione concreta dell\u2019ecumenismo cristiano;<\/span><\/li>\n<li style=\"font-weight: 400;\" aria-level=\"1\"><b>Il teologo Leonardo Boff<\/b><span style=\"font-weight: 400;\">, per la sua riflessione che unisce giustizia sociale e giustizia ambientale;<\/span><\/li>\n<li style=\"font-weight: 400;\" aria-level=\"1\"><b>La Rete Ecclesiale Panamazzonica (REPAM)<\/b><span style=\"font-weight: 400;\">, rappresentata dal suo presidente, Mons. Rafael Cob Garc\u00eda, per la difesa dei popoli amazzonici e della sapienza ancestrale che custodisce i polmoni verdi del pianeta;<\/span><\/li>\n<li style=\"font-weight: 400;\" aria-level=\"1\"><b>Il Movimento Laudato Si\u2019<\/b><span style=\"font-weight: 400;\">, rappresentato dalla sua direttrice esecutiva, Dott.ssa Lorna Gold, per aver trasformato l\u2019enciclica di papa Francesco in azione concreta nelle comunit\u00e0 di tutto il mondo.<\/span><\/li>\n<\/ul>\n<p><span style=\"font-weight: 400;\">\u201cI premi che consegniamo oggi non sono semplici riconoscimenti, ma simboli di una chiamata universale alla conversione ecologica,\u201d ha sottolineato il Ministro Generale dell\u2019Ordine, Fra Massimo Fusarelli, evidenziando come questa celebrazione non solo onori due momenti chiave nella storia della spiritualit\u00e0 francescana e della dottrina sociale della Chiesa, ma cerchi anche di riconoscere persone e istituzioni che incarnano la visione dell\u2019ecologia integrale. \u201cOgni premiato rappresenta una dimensione unica di questo impegno.\u201d<\/span><\/p>\n<p><span style=\"font-weight: 400;\">Fusarelli ha inoltre invitato a \u201criconoscere tutto il creato come un dono di Dio e lodarlo insieme a tutte le creature\u201d, ricordando che l\u2019attuale crisi ecologica \u00e8 anche una crisi spirituale e antropologica, che richiede una risposta integrale: conversione del cuore, cambiamento degli stili di vita e trasformazione delle strutture sociali ed economiche.<\/span><\/p>\n<p><span style=\"font-weight: 400;\">\u201cOgni azione umana che danneggia l\u2019ambiente deve essere considerata un peccato grave\u201d, ha affermato il Patriarca di Costantinopoli, Bartolomeo I, convinto che \u201csenza una vera conversione dell\u2019uomo, il problema ecologico non potr\u00e0 essere risolto\u201d.<\/span><\/p>\n<p><span style=\"font-weight: 400;\">\u201cLa Chiesa nascente aveva compreso profondamente l\u2019importanza della relazione dell\u2019uomo con il creato e con tutto ci\u00f2 che lo compone, a partire dalla Sacra Scrittura,\u201d ha ricordato Bartolomeo nel suo intervento. Tuttavia, \u201cnel corso della storia, l\u2019uomo \u2013 e talvolta anche le Chiese \u2013 non hanno ancora compreso la relazione intrinseca e sempre esistente tra il Creatore, la creazione e le creature.\u201d<\/span><\/p>\n<p><span style=\"font-weight: 400;\">Per Bartolomeo, il problema risiede \u201cnell\u2019attuale orientamento economico, guidato dalla massimizzazione del profitto, che non consente alla natura di rigenerarsi, relegando la protezione della casa comune a una mera ideologizzazione dei movimenti ecologisti.\u201d<\/span><\/p>\n<p><span style=\"font-weight: 400;\">Da parte sua, il teologo Leonardo Boff ha affermato che \u201cla grande sfida \u00e8 fare il passaggio da \u2018signori e padroni\u2019 che stanno al di sopra della natura e la sfruttano fino all\u2019esaurimento, a \u2018fratelli e sorelle\u2019 che si trattano reciprocamente come tali.\u201d\u00a0<\/span><\/p>\n<p><span style=\"font-weight: 400;\">In questo spirito, Mons. Rafael Cob Garc\u00eda, che ha ritirato il premio a nome della REPAM, ha esortato, in quest\u2019Anno Giubilare, a \u201ccamminare come pellegrini di speranza verso quel paradiso che Dio ci ha promesso.\u201d<\/span><\/p>\n<p><span style=\"font-weight: 400;\">A nome del Movimento Laudato Si\u2019, Lorna Gold ha dichiarato: \u201cIl Movimento Laudato Si\u2019 \u00e8 un miracolo dello Spirito Santo nella Chiesa e nel mondo di oggi\u201d, aggiungendo con umilt\u00e0: \u201cNon sono qui per i miei meriti, ma perch\u00e9 lo Spirito ha toccato il cuore di milioni di persone nel mondo affinch\u00e9 ascoltino il grido della terra e dei poveri.\u201d<\/span><\/p>\n<p><span style=\"font-weight: 400;\">\u201cSiamo davanti a un punto di svolta ecologico che \u00e8 diventato una crisi generalizzata di coscienza. Per questo, come persone di fede, dobbiamo unirci per trasformare questo momento oscuro in un <\/span><i><span style=\"font-weight: 400;\">Kairos<\/span><\/i><span style=\"font-weight: 400;\">\u201d, ha concluso Gold.<\/span><\/p>\n<p><b>Per vedere la trasmissione completa dei Premi Laudato Si\u2019:<\/b><\/p>\n<p><iframe loading=\"lazy\" title=\"DIretta: Premio per l\u2019Impegno a favore dell\u2019ecologia integrale 2025\" width=\"1080\" height=\"608\" src=\"https:\/\/www.youtube.com\/embed\/zuKfNlTRrZ4?feature=oembed\"  allow=\"accelerometer; autoplay; clipboard-write; encrypted-media; gyroscope; picture-in-picture; web-share\" referrerpolicy=\"strict-origin-when-cross-origin\" allowfullscreen><\/iframe><\/p>\n<p>&nbsp;<\/p>\n<p><strong>Contatto stampa:<br \/>\n<\/strong>pax@ofm.org<\/p>\n","protected":false},"excerpt":{"rendered":"<p>La cerimonia dei Premi Laudato Si\u2019 si \u00e8 svolta questo venerd\u00ec presso la Pontificia Universit\u00e0 Antonianum La celebrazione ha coinciso con l\u2019ottavo centenario del Cantico delle Creature e il decimo anniversario dell\u2019enciclica di papa Francesco sul clima Roma, 30 maggio 2025 \u2013 L\u2019Ordine dei Frati Minori (OFM), in collaborazione con la Pontificia Universit\u00e0 Antonianum, ha [&hellip;]<\/p>\n","protected":false},"author":1,"featured_media":20130,"comment_status":"open","ping_status":"open","sticky":false,"template":"","format":"standard","meta":{"_acf_changed":false,"_et_pb_use_builder":"","_et_pb_old_content":"","_et_gb_content_width":"","footnotes":""},"categories":[961],"tags":[],"class_list":["post-20128","post","type-post","status-publish","format-standard","has-post-thumbnail","hentry","category-notizie"],"acf":[],"yoast_head":"<!-- This site is optimized with the Yoast SEO plugin v28.4 - https:\/\/yoast.com\/product\/yoast-seo-wordpress\/ -->\n<title>L\u2019Ordine dei Frati Minori Francescani premia Bartolomeo I per il suo impegno nella cura della Casa Comune - OFM JPIC<\/title>\n<meta name=\"robots\" content=\"index, follow, max-snippet:-1, max-image-preview:large, max-video-preview:-1\" \/>\n<link rel=\"canonical\" href=\"https:\/\/ofmjpic.org\/it\/lordine-dei-frati-minori-francescani-premia-bartolomeo-i-per-il-suo-impegno-nella-cura-della-casa-comune\/\" \/>\n<meta property=\"og:locale\" content=\"it_IT\" \/>\n<meta property=\"og:type\" content=\"article\" \/>\n<meta property=\"og:title\" content=\"L\u2019Ordine dei Frati Minori Francescani premia Bartolomeo I per il suo impegno nella cura della Casa Comune - OFM JPIC\" \/>\n<meta property=\"og:description\" content=\"La cerimonia dei Premi Laudato Si\u2019 si \u00e8 svolta questo venerd\u00ec presso la Pontificia Universit\u00e0 Antonianum La celebrazione ha coinciso con l\u2019ottavo centenario del Cantico delle Creature e il decimo anniversario dell\u2019enciclica di papa Francesco sul clima Roma, 30 maggio 2025 \u2013 L\u2019Ordine dei Frati Minori (OFM), in collaborazione con la Pontificia Universit\u00e0 Antonianum, ha [&hellip;]\" \/>\n<meta property=\"og:url\" content=\"https:\/\/ofmjpic.org\/it\/lordine-dei-frati-minori-francescani-premia-bartolomeo-i-per-il-suo-impegno-nella-cura-della-casa-comune\/\" \/>\n<meta property=\"og:site_name\" content=\"OFM JPIC\" \/>\n<meta property=\"article:publisher\" content=\"https:\/\/www.facebook.com\/ofmjpic\/\" \/>\n<meta property=\"article:published_time\" content=\"2025-05-30T17:40:27+00:00\" \/>\n<meta property=\"article:modified_time\" content=\"2025-05-30T20:32:50+00:00\" \/>\n<meta property=\"og:image\" content=\"https:\/\/ofmjpic.org\/wp-content\/uploads\/2025\/05\/ofmjpic.png\" \/>\n\t<meta property=\"og:image:width\" content=\"1280\" \/>\n\t<meta property=\"og:image:height\" content=\"720\" \/>\n\t<meta property=\"og:image:type\" content=\"image\/png\" \/>\n<meta name=\"author\" content=\"admin\" \/>\n<meta name=\"twitter:card\" content=\"summary_large_image\" \/>\n<meta name=\"twitter:label1\" content=\"Scritto da\" \/>\n\t<meta name=\"twitter:data1\" content=\"admin\" \/>\n\t<meta name=\"twitter:label2\" content=\"Tempo di lettura stimato\" \/>\n\t<meta name=\"twitter:data2\" content=\"4 minuti\" \/>\n<script type=\"application\/ld+json\" class=\"yoast-schema-graph\">{\"@context\":\"https:\\\/\\\/schema.org\",\"@graph\":[{\"@type\":\"Article\",\"@id\":\"https:\\\/\\\/ofmjpic.org\\\/it\\\/lordine-dei-frati-minori-francescani-premia-bartolomeo-i-per-il-suo-impegno-nella-cura-della-casa-comune\\\/#article\",\"isPartOf\":{\"@id\":\"https:\\\/\\\/ofmjpic.org\\\/it\\\/lordine-dei-frati-minori-francescani-premia-bartolomeo-i-per-il-suo-impegno-nella-cura-della-casa-comune\\\/\"},\"author\":{\"name\":\"admin\",\"@id\":\"https:\\\/\\\/ofmjpic.org\\\/it\\\/#\\\/schema\\\/person\\\/39d264e8b62f999b4bd6d547149132f9\"},\"headline\":\"L\u2019Ordine dei Frati Minori Francescani premia Bartolomeo I per il suo impegno nella cura della Casa Comune\",\"datePublished\":\"2025-05-30T17:40:27+00:00\",\"dateModified\":\"2025-05-30T20:32:50+00:00\",\"mainEntityOfPage\":{\"@id\":\"https:\\\/\\\/ofmjpic.org\\\/it\\\/lordine-dei-frati-minori-francescani-premia-bartolomeo-i-per-il-suo-impegno-nella-cura-della-casa-comune\\\/\"},\"wordCount\":673,\"commentCount\":0,\"publisher\":{\"@id\":\"https:\\\/\\\/ofmjpic.org\\\/it\\\/#organization\"},\"image\":{\"@id\":\"https:\\\/\\\/ofmjpic.org\\\/it\\\/lordine-dei-frati-minori-francescani-premia-bartolomeo-i-per-il-suo-impegno-nella-cura-della-casa-comune\\\/#primaryimage\"},\"thumbnailUrl\":\"https:\\\/\\\/ofmjpic.org\\\/wp-content\\\/uploads\\\/2025\\\/05\\\/ofmjpic.png\",\"articleSection\":[\"Notizie\"],\"inLanguage\":\"it-IT\",\"potentialAction\":[{\"@type\":\"CommentAction\",\"name\":\"Comment\",\"target\":[\"https:\\\/\\\/ofmjpic.org\\\/it\\\/lordine-dei-frati-minori-francescani-premia-bartolomeo-i-per-il-suo-impegno-nella-cura-della-casa-comune\\\/#respond\"]}]},{\"@type\":\"WebPage\",\"@id\":\"https:\\\/\\\/ofmjpic.org\\\/it\\\/lordine-dei-frati-minori-francescani-premia-bartolomeo-i-per-il-suo-impegno-nella-cura-della-casa-comune\\\/\",\"url\":\"https:\\\/\\\/ofmjpic.org\\\/it\\\/lordine-dei-frati-minori-francescani-premia-bartolomeo-i-per-il-suo-impegno-nella-cura-della-casa-comune\\\/\",\"name\":\"L\u2019Ordine dei Frati Minori Francescani premia Bartolomeo I per il suo impegno nella cura della Casa Comune - OFM JPIC\",\"isPartOf\":{\"@id\":\"https:\\\/\\\/ofmjpic.org\\\/it\\\/#website\"},\"primaryImageOfPage\":{\"@id\":\"https:\\\/\\\/ofmjpic.org\\\/it\\\/lordine-dei-frati-minori-francescani-premia-bartolomeo-i-per-il-suo-impegno-nella-cura-della-casa-comune\\\/#primaryimage\"},\"image\":{\"@id\":\"https:\\\/\\\/ofmjpic.org\\\/it\\\/lordine-dei-frati-minori-francescani-premia-bartolomeo-i-per-il-suo-impegno-nella-cura-della-casa-comune\\\/#primaryimage\"},\"thumbnailUrl\":\"https:\\\/\\\/ofmjpic.org\\\/wp-content\\\/uploads\\\/2025\\\/05\\\/ofmjpic.png\",\"datePublished\":\"2025-05-30T17:40:27+00:00\",\"dateModified\":\"2025-05-30T20:32:50+00:00\",\"breadcrumb\":{\"@id\":\"https:\\\/\\\/ofmjpic.org\\\/it\\\/lordine-dei-frati-minori-francescani-premia-bartolomeo-i-per-il-suo-impegno-nella-cura-della-casa-comune\\\/#breadcrumb\"},\"inLanguage\":\"it-IT\",\"potentialAction\":[{\"@type\":\"ReadAction\",\"target\":[\"https:\\\/\\\/ofmjpic.org\\\/it\\\/lordine-dei-frati-minori-francescani-premia-bartolomeo-i-per-il-suo-impegno-nella-cura-della-casa-comune\\\/\"]}]},{\"@type\":\"ImageObject\",\"inLanguage\":\"it-IT\",\"@id\":\"https:\\\/\\\/ofmjpic.org\\\/it\\\/lordine-dei-frati-minori-francescani-premia-bartolomeo-i-per-il-suo-impegno-nella-cura-della-casa-comune\\\/#primaryimage\",\"url\":\"https:\\\/\\\/ofmjpic.org\\\/wp-content\\\/uploads\\\/2025\\\/05\\\/ofmjpic.png\",\"contentUrl\":\"https:\\\/\\\/ofmjpic.org\\\/wp-content\\\/uploads\\\/2025\\\/05\\\/ofmjpic.png\",\"width\":1280,\"height\":720},{\"@type\":\"BreadcrumbList\",\"@id\":\"https:\\\/\\\/ofmjpic.org\\\/it\\\/lordine-dei-frati-minori-francescani-premia-bartolomeo-i-per-il-suo-impegno-nella-cura-della-casa-comune\\\/#breadcrumb\",\"itemListElement\":[{\"@type\":\"ListItem\",\"position\":1,\"name\":\"Portada\",\"item\":\"https:\\\/\\\/ofmjpic.org\\\/it\\\/\"},{\"@type\":\"ListItem\",\"position\":2,\"name\":\"L\u2019Ordine dei Frati Minori Francescani premia Bartolomeo I per il suo impegno nella cura della Casa Comune\"}]},{\"@type\":\"WebSite\",\"@id\":\"https:\\\/\\\/ofmjpic.org\\\/it\\\/#website\",\"url\":\"https:\\\/\\\/ofmjpic.org\\\/it\\\/\",\"name\":\"OFM Justice, Peace and Integrity of Creation\",\"description\":\"\",\"publisher\":{\"@id\":\"https:\\\/\\\/ofmjpic.org\\\/it\\\/#organization\"},\"potentialAction\":[{\"@type\":\"SearchAction\",\"target\":{\"@type\":\"EntryPoint\",\"urlTemplate\":\"https:\\\/\\\/ofmjpic.org\\\/it\\\/?s={search_term_string}\"},\"query-input\":{\"@type\":\"PropertyValueSpecification\",\"valueRequired\":true,\"valueName\":\"search_term_string\"}}],\"inLanguage\":\"it-IT\"},{\"@type\":\"Organization\",\"@id\":\"https:\\\/\\\/ofmjpic.org\\\/it\\\/#organization\",\"name\":\"General office for Justice, Peace and Integrity of Creation\",\"url\":\"https:\\\/\\\/ofmjpic.org\\\/it\\\/\",\"logo\":{\"@type\":\"ImageObject\",\"inLanguage\":\"it-IT\",\"@id\":\"https:\\\/\\\/ofmjpic.org\\\/it\\\/#\\\/schema\\\/logo\\\/image\\\/\",\"url\":\"https:\\\/\\\/ofmjpic.org\\\/wp-content\\\/uploads\\\/2018\\\/08\\\/ES_JPIC_Logo_.png\",\"contentUrl\":\"https:\\\/\\\/ofmjpic.org\\\/wp-content\\\/uploads\\\/2018\\\/08\\\/ES_JPIC_Logo_.png\",\"width\":3957,\"height\":4082,\"caption\":\"General office for Justice, Peace and Integrity of Creation\"},\"image\":{\"@id\":\"https:\\\/\\\/ofmjpic.org\\\/it\\\/#\\\/schema\\\/logo\\\/image\\\/\"},\"sameAs\":[\"https:\\\/\\\/www.facebook.com\\\/ofmjpic\\\/\",\"https:\\\/\\\/www.instagram.com\\\/ofmjpic\\\/\"]},{\"@type\":\"Person\",\"@id\":\"https:\\\/\\\/ofmjpic.org\\\/it\\\/#\\\/schema\\\/person\\\/39d264e8b62f999b4bd6d547149132f9\",\"name\":\"admin\",\"url\":\"https:\\\/\\\/ofmjpic.org\\\/it\\\/author\\\/admin\\\/\"}]}<\/script>\n<!-- \/ Yoast SEO plugin. -->","yoast_head_json":{"title":"L\u2019Ordine dei Frati Minori Francescani premia Bartolomeo I per il suo impegno nella cura della Casa Comune - OFM JPIC","robots":{"index":"index","follow":"follow","max-snippet":"max-snippet:-1","max-image-preview":"max-image-preview:large","max-video-preview":"max-video-preview:-1"},"canonical":"https:\/\/ofmjpic.org\/it\/lordine-dei-frati-minori-francescani-premia-bartolomeo-i-per-il-suo-impegno-nella-cura-della-casa-comune\/","og_locale":"it_IT","og_type":"article","og_title":"L\u2019Ordine dei Frati Minori Francescani premia Bartolomeo I per il suo impegno nella cura della Casa Comune - OFM JPIC","og_description":"La cerimonia dei Premi Laudato Si\u2019 si \u00e8 svolta questo venerd\u00ec presso la Pontificia Universit\u00e0 Antonianum La celebrazione ha coinciso con l\u2019ottavo centenario del Cantico delle Creature e il decimo anniversario dell\u2019enciclica di papa Francesco sul clima Roma, 30 maggio 2025 \u2013 L\u2019Ordine dei Frati Minori (OFM), in collaborazione con la Pontificia Universit\u00e0 Antonianum, ha [&hellip;]","og_url":"https:\/\/ofmjpic.org\/it\/lordine-dei-frati-minori-francescani-premia-bartolomeo-i-per-il-suo-impegno-nella-cura-della-casa-comune\/","og_site_name":"OFM JPIC","article_publisher":"https:\/\/www.facebook.com\/ofmjpic\/","article_published_time":"2025-05-30T17:40:27+00:00","article_modified_time":"2025-05-30T20:32:50+00:00","og_image":[{"width":1280,"height":720,"url":"https:\/\/ofmjpic.org\/wp-content\/uploads\/2025\/05\/ofmjpic.png","type":"image\/png"}],"author":"admin","twitter_card":"summary_large_image","twitter_misc":{"Scritto da":"admin","Tempo di lettura stimato":"4 minuti"},"schema":{"@context":"https:\/\/schema.org","@graph":[{"@type":"Article","@id":"https:\/\/ofmjpic.org\/it\/lordine-dei-frati-minori-francescani-premia-bartolomeo-i-per-il-suo-impegno-nella-cura-della-casa-comune\/#article","isPartOf":{"@id":"https:\/\/ofmjpic.org\/it\/lordine-dei-frati-minori-francescani-premia-bartolomeo-i-per-il-suo-impegno-nella-cura-della-casa-comune\/"},"author":{"name":"admin","@id":"https:\/\/ofmjpic.org\/it\/#\/schema\/person\/39d264e8b62f999b4bd6d547149132f9"},"headline":"L\u2019Ordine dei Frati Minori Francescani premia Bartolomeo I per il suo impegno nella cura della Casa Comune","datePublished":"2025-05-30T17:40:27+00:00","dateModified":"2025-05-30T20:32:50+00:00","mainEntityOfPage":{"@id":"https:\/\/ofmjpic.org\/it\/lordine-dei-frati-minori-francescani-premia-bartolomeo-i-per-il-suo-impegno-nella-cura-della-casa-comune\/"},"wordCount":673,"commentCount":0,"publisher":{"@id":"https:\/\/ofmjpic.org\/it\/#organization"},"image":{"@id":"https:\/\/ofmjpic.org\/it\/lordine-dei-frati-minori-francescani-premia-bartolomeo-i-per-il-suo-impegno-nella-cura-della-casa-comune\/#primaryimage"},"thumbnailUrl":"https:\/\/ofmjpic.org\/wp-content\/uploads\/2025\/05\/ofmjpic.png","articleSection":["Notizie"],"inLanguage":"it-IT","potentialAction":[{"@type":"CommentAction","name":"Comment","target":["https:\/\/ofmjpic.org\/it\/lordine-dei-frati-minori-francescani-premia-bartolomeo-i-per-il-suo-impegno-nella-cura-della-casa-comune\/#respond"]}]},{"@type":"WebPage","@id":"https:\/\/ofmjpic.org\/it\/lordine-dei-frati-minori-francescani-premia-bartolomeo-i-per-il-suo-impegno-nella-cura-della-casa-comune\/","url":"https:\/\/ofmjpic.org\/it\/lordine-dei-frati-minori-francescani-premia-bartolomeo-i-per-il-suo-impegno-nella-cura-della-casa-comune\/","name":"L\u2019Ordine dei Frati Minori Francescani premia Bartolomeo I per il suo impegno nella cura della Casa Comune - OFM JPIC","isPartOf":{"@id":"https:\/\/ofmjpic.org\/it\/#website"},"primaryImageOfPage":{"@id":"https:\/\/ofmjpic.org\/it\/lordine-dei-frati-minori-francescani-premia-bartolomeo-i-per-il-suo-impegno-nella-cura-della-casa-comune\/#primaryimage"},"image":{"@id":"https:\/\/ofmjpic.org\/it\/lordine-dei-frati-minori-francescani-premia-bartolomeo-i-per-il-suo-impegno-nella-cura-della-casa-comune\/#primaryimage"},"thumbnailUrl":"https:\/\/ofmjpic.org\/wp-content\/uploads\/2025\/05\/ofmjpic.png","datePublished":"2025-05-30T17:40:27+00:00","dateModified":"2025-05-30T20:32:50+00:00","breadcrumb":{"@id":"https:\/\/ofmjpic.org\/it\/lordine-dei-frati-minori-francescani-premia-bartolomeo-i-per-il-suo-impegno-nella-cura-della-casa-comune\/#breadcrumb"},"inLanguage":"it-IT","potentialAction":[{"@type":"ReadAction","target":["https:\/\/ofmjpic.org\/it\/lordine-dei-frati-minori-francescani-premia-bartolomeo-i-per-il-suo-impegno-nella-cura-della-casa-comune\/"]}]},{"@type":"ImageObject","inLanguage":"it-IT","@id":"https:\/\/ofmjpic.org\/it\/lordine-dei-frati-minori-francescani-premia-bartolomeo-i-per-il-suo-impegno-nella-cura-della-casa-comune\/#primaryimage","url":"https:\/\/ofmjpic.org\/wp-content\/uploads\/2025\/05\/ofmjpic.png","contentUrl":"https:\/\/ofmjpic.org\/wp-content\/uploads\/2025\/05\/ofmjpic.png","width":1280,"height":720},{"@type":"BreadcrumbList","@id":"https:\/\/ofmjpic.org\/it\/lordine-dei-frati-minori-francescani-premia-bartolomeo-i-per-il-suo-impegno-nella-cura-della-casa-comune\/#breadcrumb","itemListElement":[{"@type":"ListItem","position":1,"name":"Portada","item":"https:\/\/ofmjpic.org\/it\/"},{"@type":"ListItem","position":2,"name":"L\u2019Ordine dei Frati Minori Francescani premia Bartolomeo I per il suo impegno nella cura della Casa Comune"}]},{"@type":"WebSite","@id":"https:\/\/ofmjpic.org\/it\/#website","url":"https:\/\/ofmjpic.org\/it\/","name":"OFM Justice, Peace and Integrity of Creation","description":"","publisher":{"@id":"https:\/\/ofmjpic.org\/it\/#organization"},"potentialAction":[{"@type":"SearchAction","target":{"@type":"EntryPoint","urlTemplate":"https:\/\/ofmjpic.org\/it\/?s={search_term_string}"},"query-input":{"@type":"PropertyValueSpecification","valueRequired":true,"valueName":"search_term_string"}}],"inLanguage":"it-IT"},{"@type":"Organization","@id":"https:\/\/ofmjpic.org\/it\/#organization","name":"General office for Justice, Peace and Integrity of Creation","url":"https:\/\/ofmjpic.org\/it\/","logo":{"@type":"ImageObject","inLanguage":"it-IT","@id":"https:\/\/ofmjpic.org\/it\/#\/schema\/logo\/image\/","url":"https:\/\/ofmjpic.org\/wp-content\/uploads\/2018\/08\/ES_JPIC_Logo_.png","contentUrl":"https:\/\/ofmjpic.org\/wp-content\/uploads\/2018\/08\/ES_JPIC_Logo_.png","width":3957,"height":4082,"caption":"General office for Justice, Peace and Integrity of Creation"},"image":{"@id":"https:\/\/ofmjpic.org\/it\/#\/schema\/logo\/image\/"},"sameAs":["https:\/\/www.facebook.com\/ofmjpic\/","https:\/\/www.instagram.com\/ofmjpic\/"]},{"@type":"Person","@id":"https:\/\/ofmjpic.org\/it\/#\/schema\/person\/39d264e8b62f999b4bd6d547149132f9","name":"admin","url":"https:\/\/ofmjpic.org\/it\/author\/admin\/"}]}},"_links":{"self":[{"href":"https:\/\/ofmjpic.org\/it\/wp-json\/wp\/v2\/posts\/20128","targetHints":{"allow":["GET"]}}],"collection":[{"href":"https:\/\/ofmjpic.org\/it\/wp-json\/wp\/v2\/posts"}],"about":[{"href":"https:\/\/ofmjpic.org\/it\/wp-json\/wp\/v2\/types\/post"}],"author":[{"embeddable":true,"href":"https:\/\/ofmjpic.org\/it\/wp-json\/wp\/v2\/users\/1"}],"replies":[{"embeddable":true,"href":"https:\/\/ofmjpic.org\/it\/wp-json\/wp\/v2\/comments?post=20128"}],"version-history":[{"count":0,"href":"https:\/\/ofmjpic.org\/it\/wp-json\/wp\/v2\/posts\/20128\/revisions"}],"wp:featuredmedia":[{"embeddable":true,"href":"https:\/\/ofmjpic.org\/it\/wp-json\/wp\/v2\/media\/20130"}],"wp:attachment":[{"href":"https:\/\/ofmjpic.org\/it\/wp-json\/wp\/v2\/media?parent=20128"}],"wp:term":[{"taxonomy":"category","embeddable":true,"href":"https:\/\/ofmjpic.org\/it\/wp-json\/wp\/v2\/categories?post=20128"},{"taxonomy":"post_tag","embeddable":true,"href":"https:\/\/ofmjpic.org\/it\/wp-json\/wp\/v2\/tags?post=20128"}],"curies":[{"name":"wp","href":"https:\/\/api.w.org\/{rel}","templated":true}]}}