{"id":19619,"date":"2025-04-11T22:43:48","date_gmt":"2025-04-11T22:43:48","guid":{"rendered":"https:\/\/ofmjpic.org\/?p=19619"},"modified":"2025-04-11T22:44:14","modified_gmt":"2025-04-11T22:44:14","slug":"messaggio-del-ministro-generale-per-la-pasqua-2025","status":"publish","type":"post","link":"https:\/\/ofmjpic.org\/it\/messaggio-del-ministro-generale-per-la-pasqua-2025\/","title":{"rendered":"Messaggio del Ministro generale per la Pasqua 2025"},"content":{"rendered":"<h4>La preghiera di Ges\u00f9 e la nostra<\/h4>\n<p>&nbsp;<\/p>\n<p>Ai Frati dell&#8217;Ordine<br \/>\nAlle Sorelle Clarisse e Concezioniste<br \/>\nAlle Suore Francescane affiliate all&#8217;Ordine<br \/>\nAlle laiche e ai laici francescani<\/p>\n<p>&nbsp;<\/p>\n<p>Cari Fratelli e Sorelle,<\/p>\n<p>&nbsp;<\/p>\n<h4 style=\"text-align: center;\"><em><strong>Il Signore vi dia pace!<\/strong><\/em><\/h4>\n<div class=\"w-75 mx-auto py-5\">\n<p>Mentre ci avviciniamo alla Settimana Santa, desidero soffermarmi su un elemento fondamentale nella passione, morte e resurrezione del Signore Ges\u00f9:\u00a0<strong>la sua preghiera<\/strong>.<br \/>\nI Vangeli testimoniano che Ges\u00f9 ha pregato durante tutta la sua vita, cercando spazi di intimit\u00e0 con il Padre. Ha pregato nel Tempio con gli apostoli e prima dei suoi gesti pi\u00f9 significativi. La preghiera \u00e8 stata l&#8217;ambiente ordinario della sua esistenza e ci invita ad entrare con lui in questo mistero.<\/p>\n<p><strong>Ges\u00f9 ha pregato sempre<\/strong>, anche nell&#8217;ora oscura della passione. Nella Domenica delle Palme benedice il Padre con le folle. Durante l&#8217;Ultima Cena ringrazia per i doni del pane e del vino. Nel Getsemani la sua preghiera si fa intensa fino al sangue per aderire alla volont\u00e0 del Padre. Sulla croce prega affidandosi al Padre e perdonando. Nel silenzio del Sabato Santo resta completamente affidato al Padre.<\/p>\n<p>&nbsp;<\/p>\n<p><strong>Leggi il testo completo del Messaggio:<\/strong><br \/>\n<a href=\"https:\/\/ofm.org\/uploads\/Messaggio_MG_Pasqua2025_IT.pdf\" target=\"_blank\" rel=\"noopener noreferrer\">Italiano<\/a>\u00a0&#8211;\u00a0<a href=\"https:\/\/ofm.org\/uploads\/Messaggio_MG_Pasqua2025_EN.pdf\" target=\"_blank\" rel=\"noopener noreferrer\">English<\/a>\u00a0&#8211;\u00a0<a href=\"https:\/\/ofm.org\/uploads\/Messaggio_MG_Pasqua2025_ES.pdf\" target=\"_blank\" rel=\"noopener noreferrer\">Espan\u0303ol<\/a>\u00a0&#8211;\u00a0<a href=\"https:\/\/ofm.org\/uploads\/Messaggio_MG_Pasqua2025_DE.pdf\" target=\"_blank\" rel=\"noopener noreferrer\">Deutsch<\/a>\u00a0&#8211;\u00a0<a href=\"https:\/\/ofm.org\/uploads\/Messaggio_MG_Pasqua2025_FR.pdf\" target=\"_blank\" rel=\"noopener noreferrer\">Franc\u0327ais<\/a>\u00a0&#8211;\u00a0<a href=\"https:\/\/ofm.org\/uploads\/Messaggio_MG_Pasqua2025_HR.pdf\" target=\"_blank\" rel=\"noopener noreferrer\">Hrvatski<\/a>\u00a0&#8211;\u00a0<a href=\"https:\/\/ofm.org\/uploads\/Messaggio_MG_Pasqua2025_PL.pdf\" target=\"_blank\" rel=\"noopener noreferrer\">Polski<\/a>\u00a0&#8211;\u00a0<a href=\"https:\/\/ofm.org\/uploads\/Messaggio_MG_Pasqua2025_PT.pdf\" target=\"_blank\" rel=\"noopener noreferrer\">Portugue\u0302s<\/a><\/p>\n<\/div>\n<div class=\"mb-4\"><\/div>\n","protected":false},"excerpt":{"rendered":"<p>Riflessione del Ministro Generale OFM sulla Pasqua: la preghiera di Ges\u00f9 come via di speranza nella sua passione, morte e risurrezione.<\/p>\n","protected":false},"author":1,"featured_media":19611,"comment_status":"open","ping_status":"open","sticky":false,"template":"","format":"standard","meta":{"_acf_changed":false,"_et_pb_use_builder":"","_et_pb_old_content":"","_et_gb_content_width":"","footnotes":""},"categories":[961],"tags":[],"class_list":["post-19619","post","type-post","status-publish","format-standard","has-post-thumbnail","hentry","category-notizie"],"acf":[],"yoast_head":"<!-- This site is optimized with the Yoast SEO plugin v28.4 - https:\/\/yoast.com\/product\/yoast-seo-wordpress\/ -->\n<title>Messaggio del Ministro generale per la Pasqua 2025 - OFM JPIC<\/title>\n<meta name=\"description\" content=\"Riflessione del Ministro Generale OFM sulla Pasqua: la preghiera di Ges\u00f9 come via di speranza nella sua passione, morte e risurrezione.\" \/>\n<meta name=\"robots\" content=\"index, follow, max-snippet:-1, max-image-preview:large, max-video-preview:-1\" \/>\n<link rel=\"canonical\" href=\"https:\/\/ofmjpic.org\/it\/messaggio-del-ministro-generale-per-la-pasqua-2025\/\" \/>\n<meta property=\"og:locale\" content=\"it_IT\" \/>\n<meta property=\"og:type\" content=\"article\" \/>\n<meta property=\"og:title\" content=\"Messaggio del Ministro generale per la Pasqua 2025 - OFM JPIC\" \/>\n<meta property=\"og:description\" content=\"Riflessione del Ministro Generale OFM sulla Pasqua: la preghiera di Ges\u00f9 come via di speranza nella sua passione, morte e risurrezione.\" \/>\n<meta property=\"og:url\" content=\"https:\/\/ofmjpic.org\/it\/messaggio-del-ministro-generale-per-la-pasqua-2025\/\" \/>\n<meta property=\"og:site_name\" content=\"OFM JPIC\" \/>\n<meta property=\"article:publisher\" content=\"https:\/\/www.facebook.com\/ofmjpic\/\" \/>\n<meta property=\"article:published_time\" content=\"2025-04-11T22:43:48+00:00\" \/>\n<meta property=\"article:modified_time\" content=\"2025-04-11T22:44:14+00:00\" \/>\n<meta property=\"og:image\" content=\"https:\/\/ofmjpic.org\/wp-content\/uploads\/2025\/04\/pascua-ofm-jpic-1024x516.png\" \/>\n\t<meta property=\"og:image:width\" content=\"1024\" \/>\n\t<meta property=\"og:image:height\" content=\"516\" \/>\n\t<meta property=\"og:image:type\" content=\"image\/png\" \/>\n<meta name=\"author\" content=\"admin\" \/>\n<meta name=\"twitter:card\" content=\"summary_large_image\" \/>\n<meta name=\"twitter:label1\" content=\"Scritto da\" \/>\n\t<meta name=\"twitter:data1\" content=\"admin\" \/>\n\t<meta name=\"twitter:label2\" content=\"Tempo di lettura stimato\" \/>\n\t<meta name=\"twitter:data2\" content=\"2 minuti\" \/>\n<script type=\"application\/ld+json\" class=\"yoast-schema-graph\">{\"@context\":\"https:\\\/\\\/schema.org\",\"@graph\":[{\"@type\":\"Article\",\"@id\":\"https:\\\/\\\/ofmjpic.org\\\/it\\\/messaggio-del-ministro-generale-per-la-pasqua-2025\\\/#article\",\"isPartOf\":{\"@id\":\"https:\\\/\\\/ofmjpic.org\\\/it\\\/messaggio-del-ministro-generale-per-la-pasqua-2025\\\/\"},\"author\":{\"name\":\"admin\",\"@id\":\"https:\\\/\\\/ofmjpic.org\\\/it\\\/#\\\/schema\\\/person\\\/39d264e8b62f999b4bd6d547149132f9\"},\"headline\":\"Messaggio del Ministro generale per la Pasqua 2025\",\"datePublished\":\"2025-04-11T22:43:48+00:00\",\"dateModified\":\"2025-04-11T22:44:14+00:00\",\"mainEntityOfPage\":{\"@id\":\"https:\\\/\\\/ofmjpic.org\\\/it\\\/messaggio-del-ministro-generale-per-la-pasqua-2025\\\/\"},\"wordCount\":215,\"commentCount\":0,\"publisher\":{\"@id\":\"https:\\\/\\\/ofmjpic.org\\\/it\\\/#organization\"},\"image\":{\"@id\":\"https:\\\/\\\/ofmjpic.org\\\/it\\\/messaggio-del-ministro-generale-per-la-pasqua-2025\\\/#primaryimage\"},\"thumbnailUrl\":\"https:\\\/\\\/ofmjpic.org\\\/wp-content\\\/uploads\\\/2025\\\/04\\\/pascua-ofm-jpic.png\",\"articleSection\":[\"Notizie\"],\"inLanguage\":\"it-IT\",\"potentialAction\":[{\"@type\":\"CommentAction\",\"name\":\"Comment\",\"target\":[\"https:\\\/\\\/ofmjpic.org\\\/it\\\/messaggio-del-ministro-generale-per-la-pasqua-2025\\\/#respond\"]}]},{\"@type\":\"WebPage\",\"@id\":\"https:\\\/\\\/ofmjpic.org\\\/it\\\/messaggio-del-ministro-generale-per-la-pasqua-2025\\\/\",\"url\":\"https:\\\/\\\/ofmjpic.org\\\/it\\\/messaggio-del-ministro-generale-per-la-pasqua-2025\\\/\",\"name\":\"Messaggio del Ministro generale per la Pasqua 2025 - OFM JPIC\",\"isPartOf\":{\"@id\":\"https:\\\/\\\/ofmjpic.org\\\/it\\\/#website\"},\"primaryImageOfPage\":{\"@id\":\"https:\\\/\\\/ofmjpic.org\\\/it\\\/messaggio-del-ministro-generale-per-la-pasqua-2025\\\/#primaryimage\"},\"image\":{\"@id\":\"https:\\\/\\\/ofmjpic.org\\\/it\\\/messaggio-del-ministro-generale-per-la-pasqua-2025\\\/#primaryimage\"},\"thumbnailUrl\":\"https:\\\/\\\/ofmjpic.org\\\/wp-content\\\/uploads\\\/2025\\\/04\\\/pascua-ofm-jpic.png\",\"datePublished\":\"2025-04-11T22:43:48+00:00\",\"dateModified\":\"2025-04-11T22:44:14+00:00\",\"description\":\"Riflessione del Ministro Generale OFM sulla Pasqua: la preghiera di Ges\u00f9 come via di speranza nella sua passione, morte e risurrezione.\",\"breadcrumb\":{\"@id\":\"https:\\\/\\\/ofmjpic.org\\\/it\\\/messaggio-del-ministro-generale-per-la-pasqua-2025\\\/#breadcrumb\"},\"inLanguage\":\"it-IT\",\"potentialAction\":[{\"@type\":\"ReadAction\",\"target\":[\"https:\\\/\\\/ofmjpic.org\\\/it\\\/messaggio-del-ministro-generale-per-la-pasqua-2025\\\/\"]}]},{\"@type\":\"ImageObject\",\"inLanguage\":\"it-IT\",\"@id\":\"https:\\\/\\\/ofmjpic.org\\\/it\\\/messaggio-del-ministro-generale-per-la-pasqua-2025\\\/#primaryimage\",\"url\":\"https:\\\/\\\/ofmjpic.org\\\/wp-content\\\/uploads\\\/2025\\\/04\\\/pascua-ofm-jpic.png\",\"contentUrl\":\"https:\\\/\\\/ofmjpic.org\\\/wp-content\\\/uploads\\\/2025\\\/04\\\/pascua-ofm-jpic.png\",\"width\":1964,\"height\":990},{\"@type\":\"BreadcrumbList\",\"@id\":\"https:\\\/\\\/ofmjpic.org\\\/it\\\/messaggio-del-ministro-generale-per-la-pasqua-2025\\\/#breadcrumb\",\"itemListElement\":[{\"@type\":\"ListItem\",\"position\":1,\"name\":\"Portada\",\"item\":\"https:\\\/\\\/ofmjpic.org\\\/it\\\/\"},{\"@type\":\"ListItem\",\"position\":2,\"name\":\"Messaggio del Ministro generale per la Pasqua 2025\"}]},{\"@type\":\"WebSite\",\"@id\":\"https:\\\/\\\/ofmjpic.org\\\/it\\\/#website\",\"url\":\"https:\\\/\\\/ofmjpic.org\\\/it\\\/\",\"name\":\"OFM Justice, Peace and Integrity of Creation\",\"description\":\"\",\"publisher\":{\"@id\":\"https:\\\/\\\/ofmjpic.org\\\/it\\\/#organization\"},\"potentialAction\":[{\"@type\":\"SearchAction\",\"target\":{\"@type\":\"EntryPoint\",\"urlTemplate\":\"https:\\\/\\\/ofmjpic.org\\\/it\\\/?s={search_term_string}\"},\"query-input\":{\"@type\":\"PropertyValueSpecification\",\"valueRequired\":true,\"valueName\":\"search_term_string\"}}],\"inLanguage\":\"it-IT\"},{\"@type\":\"Organization\",\"@id\":\"https:\\\/\\\/ofmjpic.org\\\/it\\\/#organization\",\"name\":\"General office for Justice, Peace and Integrity of Creation\",\"url\":\"https:\\\/\\\/ofmjpic.org\\\/it\\\/\",\"logo\":{\"@type\":\"ImageObject\",\"inLanguage\":\"it-IT\",\"@id\":\"https:\\\/\\\/ofmjpic.org\\\/it\\\/#\\\/schema\\\/logo\\\/image\\\/\",\"url\":\"https:\\\/\\\/ofmjpic.org\\\/wp-content\\\/uploads\\\/2018\\\/08\\\/ES_JPIC_Logo_.png\",\"contentUrl\":\"https:\\\/\\\/ofmjpic.org\\\/wp-content\\\/uploads\\\/2018\\\/08\\\/ES_JPIC_Logo_.png\",\"width\":3957,\"height\":4082,\"caption\":\"General office for Justice, Peace and Integrity of Creation\"},\"image\":{\"@id\":\"https:\\\/\\\/ofmjpic.org\\\/it\\\/#\\\/schema\\\/logo\\\/image\\\/\"},\"sameAs\":[\"https:\\\/\\\/www.facebook.com\\\/ofmjpic\\\/\",\"https:\\\/\\\/www.instagram.com\\\/ofmjpic\\\/\"]},{\"@type\":\"Person\",\"@id\":\"https:\\\/\\\/ofmjpic.org\\\/it\\\/#\\\/schema\\\/person\\\/39d264e8b62f999b4bd6d547149132f9\",\"name\":\"admin\",\"url\":\"https:\\\/\\\/ofmjpic.org\\\/it\\\/author\\\/admin\\\/\"}]}<\/script>\n<!-- \/ Yoast SEO plugin. -->","yoast_head_json":{"title":"Messaggio del Ministro generale per la Pasqua 2025 - OFM JPIC","description":"Riflessione del Ministro Generale OFM sulla Pasqua: la preghiera di Ges\u00f9 come via di speranza nella sua passione, morte e risurrezione.","robots":{"index":"index","follow":"follow","max-snippet":"max-snippet:-1","max-image-preview":"max-image-preview:large","max-video-preview":"max-video-preview:-1"},"canonical":"https:\/\/ofmjpic.org\/it\/messaggio-del-ministro-generale-per-la-pasqua-2025\/","og_locale":"it_IT","og_type":"article","og_title":"Messaggio del Ministro generale per la Pasqua 2025 - OFM JPIC","og_description":"Riflessione del Ministro Generale OFM sulla Pasqua: la preghiera di Ges\u00f9 come via di speranza nella sua passione, morte e risurrezione.","og_url":"https:\/\/ofmjpic.org\/it\/messaggio-del-ministro-generale-per-la-pasqua-2025\/","og_site_name":"OFM JPIC","article_publisher":"https:\/\/www.facebook.com\/ofmjpic\/","article_published_time":"2025-04-11T22:43:48+00:00","article_modified_time":"2025-04-11T22:44:14+00:00","og_image":[{"width":1024,"height":516,"url":"https:\/\/ofmjpic.org\/wp-content\/uploads\/2025\/04\/pascua-ofm-jpic-1024x516.png","type":"image\/png"}],"author":"admin","twitter_card":"summary_large_image","twitter_misc":{"Scritto da":"admin","Tempo di lettura stimato":"2 minuti"},"schema":{"@context":"https:\/\/schema.org","@graph":[{"@type":"Article","@id":"https:\/\/ofmjpic.org\/it\/messaggio-del-ministro-generale-per-la-pasqua-2025\/#article","isPartOf":{"@id":"https:\/\/ofmjpic.org\/it\/messaggio-del-ministro-generale-per-la-pasqua-2025\/"},"author":{"name":"admin","@id":"https:\/\/ofmjpic.org\/it\/#\/schema\/person\/39d264e8b62f999b4bd6d547149132f9"},"headline":"Messaggio del Ministro generale per la Pasqua 2025","datePublished":"2025-04-11T22:43:48+00:00","dateModified":"2025-04-11T22:44:14+00:00","mainEntityOfPage":{"@id":"https:\/\/ofmjpic.org\/it\/messaggio-del-ministro-generale-per-la-pasqua-2025\/"},"wordCount":215,"commentCount":0,"publisher":{"@id":"https:\/\/ofmjpic.org\/it\/#organization"},"image":{"@id":"https:\/\/ofmjpic.org\/it\/messaggio-del-ministro-generale-per-la-pasqua-2025\/#primaryimage"},"thumbnailUrl":"https:\/\/ofmjpic.org\/wp-content\/uploads\/2025\/04\/pascua-ofm-jpic.png","articleSection":["Notizie"],"inLanguage":"it-IT","potentialAction":[{"@type":"CommentAction","name":"Comment","target":["https:\/\/ofmjpic.org\/it\/messaggio-del-ministro-generale-per-la-pasqua-2025\/#respond"]}]},{"@type":"WebPage","@id":"https:\/\/ofmjpic.org\/it\/messaggio-del-ministro-generale-per-la-pasqua-2025\/","url":"https:\/\/ofmjpic.org\/it\/messaggio-del-ministro-generale-per-la-pasqua-2025\/","name":"Messaggio del Ministro generale per la Pasqua 2025 - OFM JPIC","isPartOf":{"@id":"https:\/\/ofmjpic.org\/it\/#website"},"primaryImageOfPage":{"@id":"https:\/\/ofmjpic.org\/it\/messaggio-del-ministro-generale-per-la-pasqua-2025\/#primaryimage"},"image":{"@id":"https:\/\/ofmjpic.org\/it\/messaggio-del-ministro-generale-per-la-pasqua-2025\/#primaryimage"},"thumbnailUrl":"https:\/\/ofmjpic.org\/wp-content\/uploads\/2025\/04\/pascua-ofm-jpic.png","datePublished":"2025-04-11T22:43:48+00:00","dateModified":"2025-04-11T22:44:14+00:00","description":"Riflessione del Ministro Generale OFM sulla Pasqua: la preghiera di Ges\u00f9 come via di speranza nella sua passione, morte e risurrezione.","breadcrumb":{"@id":"https:\/\/ofmjpic.org\/it\/messaggio-del-ministro-generale-per-la-pasqua-2025\/#breadcrumb"},"inLanguage":"it-IT","potentialAction":[{"@type":"ReadAction","target":["https:\/\/ofmjpic.org\/it\/messaggio-del-ministro-generale-per-la-pasqua-2025\/"]}]},{"@type":"ImageObject","inLanguage":"it-IT","@id":"https:\/\/ofmjpic.org\/it\/messaggio-del-ministro-generale-per-la-pasqua-2025\/#primaryimage","url":"https:\/\/ofmjpic.org\/wp-content\/uploads\/2025\/04\/pascua-ofm-jpic.png","contentUrl":"https:\/\/ofmjpic.org\/wp-content\/uploads\/2025\/04\/pascua-ofm-jpic.png","width":1964,"height":990},{"@type":"BreadcrumbList","@id":"https:\/\/ofmjpic.org\/it\/messaggio-del-ministro-generale-per-la-pasqua-2025\/#breadcrumb","itemListElement":[{"@type":"ListItem","position":1,"name":"Portada","item":"https:\/\/ofmjpic.org\/it\/"},{"@type":"ListItem","position":2,"name":"Messaggio del Ministro generale per la Pasqua 2025"}]},{"@type":"WebSite","@id":"https:\/\/ofmjpic.org\/it\/#website","url":"https:\/\/ofmjpic.org\/it\/","name":"OFM Justice, Peace and Integrity of Creation","description":"","publisher":{"@id":"https:\/\/ofmjpic.org\/it\/#organization"},"potentialAction":[{"@type":"SearchAction","target":{"@type":"EntryPoint","urlTemplate":"https:\/\/ofmjpic.org\/it\/?s={search_term_string}"},"query-input":{"@type":"PropertyValueSpecification","valueRequired":true,"valueName":"search_term_string"}}],"inLanguage":"it-IT"},{"@type":"Organization","@id":"https:\/\/ofmjpic.org\/it\/#organization","name":"General office for Justice, Peace and Integrity of Creation","url":"https:\/\/ofmjpic.org\/it\/","logo":{"@type":"ImageObject","inLanguage":"it-IT","@id":"https:\/\/ofmjpic.org\/it\/#\/schema\/logo\/image\/","url":"https:\/\/ofmjpic.org\/wp-content\/uploads\/2018\/08\/ES_JPIC_Logo_.png","contentUrl":"https:\/\/ofmjpic.org\/wp-content\/uploads\/2018\/08\/ES_JPIC_Logo_.png","width":3957,"height":4082,"caption":"General office for Justice, Peace and Integrity of Creation"},"image":{"@id":"https:\/\/ofmjpic.org\/it\/#\/schema\/logo\/image\/"},"sameAs":["https:\/\/www.facebook.com\/ofmjpic\/","https:\/\/www.instagram.com\/ofmjpic\/"]},{"@type":"Person","@id":"https:\/\/ofmjpic.org\/it\/#\/schema\/person\/39d264e8b62f999b4bd6d547149132f9","name":"admin","url":"https:\/\/ofmjpic.org\/it\/author\/admin\/"}]}},"_links":{"self":[{"href":"https:\/\/ofmjpic.org\/it\/wp-json\/wp\/v2\/posts\/19619","targetHints":{"allow":["GET"]}}],"collection":[{"href":"https:\/\/ofmjpic.org\/it\/wp-json\/wp\/v2\/posts"}],"about":[{"href":"https:\/\/ofmjpic.org\/it\/wp-json\/wp\/v2\/types\/post"}],"author":[{"embeddable":true,"href":"https:\/\/ofmjpic.org\/it\/wp-json\/wp\/v2\/users\/1"}],"replies":[{"embeddable":true,"href":"https:\/\/ofmjpic.org\/it\/wp-json\/wp\/v2\/comments?post=19619"}],"version-history":[{"count":0,"href":"https:\/\/ofmjpic.org\/it\/wp-json\/wp\/v2\/posts\/19619\/revisions"}],"wp:featuredmedia":[{"embeddable":true,"href":"https:\/\/ofmjpic.org\/it\/wp-json\/wp\/v2\/media\/19611"}],"wp:attachment":[{"href":"https:\/\/ofmjpic.org\/it\/wp-json\/wp\/v2\/media?parent=19619"}],"wp:term":[{"taxonomy":"category","embeddable":true,"href":"https:\/\/ofmjpic.org\/it\/wp-json\/wp\/v2\/categories?post=19619"},{"taxonomy":"post_tag","embeddable":true,"href":"https:\/\/ofmjpic.org\/it\/wp-json\/wp\/v2\/tags?post=19619"}],"curies":[{"name":"wp","href":"https:\/\/api.w.org\/{rel}","templated":true}]}}