{"id":19511,"date":"2025-03-28T19:53:05","date_gmt":"2025-03-28T19:53:05","guid":{"rendered":"https:\/\/ofmjpic.org\/?p=19511"},"modified":"2025-03-28T19:53:05","modified_gmt":"2025-03-28T19:53:05","slug":"famiglia-francescana-del-ruanda","status":"publish","type":"post","link":"https:\/\/ofmjpic.org\/it\/famiglia-francescana-del-ruanda\/","title":{"rendered":"Famiglia francescana del Ruanda"},"content":{"rendered":"<h4><strong>Un comitato per lavorare insieme come unica famiglia<\/strong><\/h4>\n<p>&nbsp;<\/p>\n<p>Il 22 marzo 2025 la\u00a0<strong>Famiglia francescana del Ruanda<\/strong>\u00a0ha preso una decisione storica per la sua esperienza fino ad oggi: unirsi e lavorare insieme come un\u2019unica famiglia, dedicata a vivere e promuovere lo spirito francescano nelle proprie vite e comunit\u00e0.<\/p>\n<p>Durante l\u2019incontro, \u00e8 stato eletto un nuovo comitato per guidare e coordinare i lavori a tal fine. Il dott. Valens Hafashimana, OFS, \u00e8 stato eletto Presidente del comitato, e con la sua competenza e il suo impegno potr\u00e0 guidare il gruppo a raggiungere questa visione condivisa di collaborazione.<br \/>\nFr. Th\u00e9oneste Twahirwa, OFM, Custode della Custodia autonoma di Nostra Signora di Kibeho, \u00e8 stato eletto vicepresidente, e offrir\u00e0 le sue profonde intuizioni spirituali e la sua leadership.<br \/>\nIl team include anche Kemayire Pierre, di\u00a0<i>Mission de la Croix Glorieuse<\/i>, come segretario; Sr. Liberata Kayitesi, ISM, come tesoriere; e i consiglieri Fr. Nsabimana Daicolas, OFM, Fr. Kizito Ngomanzungu, OFM e Sr. Donata Uwitonze delle Suore Francescane del Regno di Ges\u00f9 Cristo.<\/p>\n<p>Questo comitato ha il compito di promuovere l\u2019unit\u00e0 tra tutti i rami francescani presenti in Ruanda e di sviluppare iniziative che riflettano i valori di San Francesco d\u2019Assisi, tra cui pace, giustizia, cura del creato e servizio agli emarginati.<br \/>\nNel corso del 2025 si rafforzer\u00e0 la collaborazione attraverso riunioni, sessioni di formazione congiunte (inclusa la formazione dei formatori) e la creazione di un comitato e di una newsletter dedicati alla giustizia e alla pace. Il comitato si impegner\u00e0 inoltre a risolvere i conflitti familiari, educare i bambini alla maturit\u00e0 umana, spirituale e pastorale e creare un fondo di solidariet\u00e0 per sostenere obiettivi e iniziative condivise incentrate sulla cura della famiglia e sul coinvolgimento dei giovani.<\/p>\n<p><img loading=\"lazy\" decoding=\"async\" class=\"aligncenter size-large wp-image-19507\" src=\"https:\/\/ofmjpic.org\/wp-content\/uploads\/2025\/03\/Famiglia_Francescana_Rwanda_2025-2-1024x768.jpg\" alt=\"\" width=\"1024\" height=\"768\" srcset=\"https:\/\/ofmjpic.org\/wp-content\/uploads\/2025\/03\/Famiglia_Francescana_Rwanda_2025-2-980x735.jpg 980w, https:\/\/ofmjpic.org\/wp-content\/uploads\/2025\/03\/Famiglia_Francescana_Rwanda_2025-2-480x360.jpg 480w\" sizes=\"(min-width: 0px) and (max-width: 480px) 480px, (min-width: 481px) and (max-width: 980px) 980px, (min-width: 981px) 1024px, 100vw\" \/><\/p>\n<p>La Famiglia francescana dar\u00e0 priorit\u00e0 al benessere spirituale attraverso ritiri, ricordi e celebrazioni della Pasqua di San Francesco nel 2026, riaffermando il proprio impegno a vivere i valori francescani sia nei contesti sociali che spirituali.<br \/>\nAttraverso questo sforzo congiunto, i francescani in Ruanda mirano a rafforzare la loro missione spirituale e a creare programmi di impatto che affrontino le sfide sociali, ambientali e spirituali, incarnando il carisma francescano in modi significativi e pratici.<\/p>\n<p>&nbsp;<\/p>\n<p>&nbsp;<\/p>\n","protected":false},"excerpt":{"rendered":"<p>Nel 2025, la Famiglia Francescana in Ruanda si unisce per promuovere pace, giustizia, cura del creato e crescita spirituale.<\/p>\n","protected":false},"author":1,"featured_media":19504,"comment_status":"open","ping_status":"open","sticky":false,"template":"","format":"standard","meta":{"_acf_changed":false,"_et_pb_use_builder":"","_et_pb_old_content":"","_et_gb_content_width":"","footnotes":""},"categories":[961],"tags":[],"class_list":["post-19511","post","type-post","status-publish","format-standard","has-post-thumbnail","hentry","category-notizie"],"acf":[],"yoast_head":"<!-- This site is optimized with the Yoast SEO plugin v28.4 - https:\/\/yoast.com\/product\/yoast-seo-wordpress\/ -->\n<title>Famiglia francescana del Ruanda - OFM JPIC<\/title>\n<meta name=\"description\" content=\"Nel 2025, la Famiglia Francescana in Ruanda si unisce per promuovere pace, giustizia, cura del creato e crescita spirituale.\" \/>\n<meta name=\"robots\" content=\"index, follow, max-snippet:-1, max-image-preview:large, max-video-preview:-1\" \/>\n<link rel=\"canonical\" href=\"https:\/\/ofmjpic.org\/it\/famiglia-francescana-del-ruanda\/\" \/>\n<meta property=\"og:locale\" content=\"it_IT\" \/>\n<meta property=\"og:type\" content=\"article\" \/>\n<meta property=\"og:title\" content=\"Famiglia francescana del Ruanda - OFM JPIC\" \/>\n<meta property=\"og:description\" content=\"Nel 2025, la Famiglia Francescana in Ruanda si unisce per promuovere pace, giustizia, cura del creato e crescita spirituale.\" \/>\n<meta property=\"og:url\" content=\"https:\/\/ofmjpic.org\/it\/famiglia-francescana-del-ruanda\/\" \/>\n<meta property=\"og:site_name\" content=\"OFM JPIC\" \/>\n<meta property=\"article:publisher\" content=\"https:\/\/www.facebook.com\/ofmjpic\/\" \/>\n<meta property=\"article:published_time\" content=\"2025-03-28T19:53:05+00:00\" \/>\n<meta property=\"og:image\" content=\"https:\/\/ofmjpic.org\/wp-content\/uploads\/2025\/03\/Famiglia_Francescana_Rwanda_2025-1.jpg\" \/>\n\t<meta property=\"og:image:width\" content=\"1920\" \/>\n\t<meta property=\"og:image:height\" content=\"1440\" \/>\n\t<meta property=\"og:image:type\" content=\"image\/jpeg\" \/>\n<meta name=\"author\" content=\"admin\" \/>\n<meta name=\"twitter:card\" content=\"summary_large_image\" \/>\n<meta name=\"twitter:label1\" content=\"Scritto da\" \/>\n\t<meta name=\"twitter:data1\" content=\"admin\" \/>\n\t<meta name=\"twitter:label2\" content=\"Tempo di lettura stimato\" \/>\n\t<meta name=\"twitter:data2\" content=\"3 minuti\" \/>\n<script type=\"application\/ld+json\" class=\"yoast-schema-graph\">{\"@context\":\"https:\\\/\\\/schema.org\",\"@graph\":[{\"@type\":\"Article\",\"@id\":\"https:\\\/\\\/ofmjpic.org\\\/it\\\/famiglia-francescana-del-ruanda\\\/#article\",\"isPartOf\":{\"@id\":\"https:\\\/\\\/ofmjpic.org\\\/it\\\/famiglia-francescana-del-ruanda\\\/\"},\"author\":{\"name\":\"admin\",\"@id\":\"https:\\\/\\\/ofmjpic.org\\\/it\\\/#\\\/schema\\\/person\\\/39d264e8b62f999b4bd6d547149132f9\"},\"headline\":\"Famiglia francescana del Ruanda\",\"datePublished\":\"2025-03-28T19:53:05+00:00\",\"mainEntityOfPage\":{\"@id\":\"https:\\\/\\\/ofmjpic.org\\\/it\\\/famiglia-francescana-del-ruanda\\\/\"},\"wordCount\":361,\"commentCount\":0,\"publisher\":{\"@id\":\"https:\\\/\\\/ofmjpic.org\\\/it\\\/#organization\"},\"image\":{\"@id\":\"https:\\\/\\\/ofmjpic.org\\\/it\\\/famiglia-francescana-del-ruanda\\\/#primaryimage\"},\"thumbnailUrl\":\"https:\\\/\\\/ofmjpic.org\\\/wp-content\\\/uploads\\\/2025\\\/03\\\/Famiglia_Francescana_Rwanda_2025-1.jpg\",\"articleSection\":[\"Notizie\"],\"inLanguage\":\"it-IT\",\"potentialAction\":[{\"@type\":\"CommentAction\",\"name\":\"Comment\",\"target\":[\"https:\\\/\\\/ofmjpic.org\\\/it\\\/famiglia-francescana-del-ruanda\\\/#respond\"]}]},{\"@type\":\"WebPage\",\"@id\":\"https:\\\/\\\/ofmjpic.org\\\/it\\\/famiglia-francescana-del-ruanda\\\/\",\"url\":\"https:\\\/\\\/ofmjpic.org\\\/it\\\/famiglia-francescana-del-ruanda\\\/\",\"name\":\"Famiglia francescana del Ruanda - OFM JPIC\",\"isPartOf\":{\"@id\":\"https:\\\/\\\/ofmjpic.org\\\/it\\\/#website\"},\"primaryImageOfPage\":{\"@id\":\"https:\\\/\\\/ofmjpic.org\\\/it\\\/famiglia-francescana-del-ruanda\\\/#primaryimage\"},\"image\":{\"@id\":\"https:\\\/\\\/ofmjpic.org\\\/it\\\/famiglia-francescana-del-ruanda\\\/#primaryimage\"},\"thumbnailUrl\":\"https:\\\/\\\/ofmjpic.org\\\/wp-content\\\/uploads\\\/2025\\\/03\\\/Famiglia_Francescana_Rwanda_2025-1.jpg\",\"datePublished\":\"2025-03-28T19:53:05+00:00\",\"description\":\"Nel 2025, la Famiglia Francescana in Ruanda si unisce per promuovere pace, giustizia, cura del creato e crescita spirituale.\",\"breadcrumb\":{\"@id\":\"https:\\\/\\\/ofmjpic.org\\\/it\\\/famiglia-francescana-del-ruanda\\\/#breadcrumb\"},\"inLanguage\":\"it-IT\",\"potentialAction\":[{\"@type\":\"ReadAction\",\"target\":[\"https:\\\/\\\/ofmjpic.org\\\/it\\\/famiglia-francescana-del-ruanda\\\/\"]}]},{\"@type\":\"ImageObject\",\"inLanguage\":\"it-IT\",\"@id\":\"https:\\\/\\\/ofmjpic.org\\\/it\\\/famiglia-francescana-del-ruanda\\\/#primaryimage\",\"url\":\"https:\\\/\\\/ofmjpic.org\\\/wp-content\\\/uploads\\\/2025\\\/03\\\/Famiglia_Francescana_Rwanda_2025-1.jpg\",\"contentUrl\":\"https:\\\/\\\/ofmjpic.org\\\/wp-content\\\/uploads\\\/2025\\\/03\\\/Famiglia_Francescana_Rwanda_2025-1.jpg\",\"width\":1920,\"height\":1440},{\"@type\":\"BreadcrumbList\",\"@id\":\"https:\\\/\\\/ofmjpic.org\\\/it\\\/famiglia-francescana-del-ruanda\\\/#breadcrumb\",\"itemListElement\":[{\"@type\":\"ListItem\",\"position\":1,\"name\":\"Portada\",\"item\":\"https:\\\/\\\/ofmjpic.org\\\/it\\\/\"},{\"@type\":\"ListItem\",\"position\":2,\"name\":\"Famiglia francescana del Ruanda\"}]},{\"@type\":\"WebSite\",\"@id\":\"https:\\\/\\\/ofmjpic.org\\\/it\\\/#website\",\"url\":\"https:\\\/\\\/ofmjpic.org\\\/it\\\/\",\"name\":\"OFM Justice, Peace and Integrity of Creation\",\"description\":\"\",\"publisher\":{\"@id\":\"https:\\\/\\\/ofmjpic.org\\\/it\\\/#organization\"},\"potentialAction\":[{\"@type\":\"SearchAction\",\"target\":{\"@type\":\"EntryPoint\",\"urlTemplate\":\"https:\\\/\\\/ofmjpic.org\\\/it\\\/?s={search_term_string}\"},\"query-input\":{\"@type\":\"PropertyValueSpecification\",\"valueRequired\":true,\"valueName\":\"search_term_string\"}}],\"inLanguage\":\"it-IT\"},{\"@type\":\"Organization\",\"@id\":\"https:\\\/\\\/ofmjpic.org\\\/it\\\/#organization\",\"name\":\"General office for Justice, Peace and Integrity of Creation\",\"url\":\"https:\\\/\\\/ofmjpic.org\\\/it\\\/\",\"logo\":{\"@type\":\"ImageObject\",\"inLanguage\":\"it-IT\",\"@id\":\"https:\\\/\\\/ofmjpic.org\\\/it\\\/#\\\/schema\\\/logo\\\/image\\\/\",\"url\":\"https:\\\/\\\/ofmjpic.org\\\/wp-content\\\/uploads\\\/2018\\\/08\\\/ES_JPIC_Logo_.png\",\"contentUrl\":\"https:\\\/\\\/ofmjpic.org\\\/wp-content\\\/uploads\\\/2018\\\/08\\\/ES_JPIC_Logo_.png\",\"width\":3957,\"height\":4082,\"caption\":\"General office for Justice, Peace and Integrity of Creation\"},\"image\":{\"@id\":\"https:\\\/\\\/ofmjpic.org\\\/it\\\/#\\\/schema\\\/logo\\\/image\\\/\"},\"sameAs\":[\"https:\\\/\\\/www.facebook.com\\\/ofmjpic\\\/\",\"https:\\\/\\\/www.instagram.com\\\/ofmjpic\\\/\"]},{\"@type\":\"Person\",\"@id\":\"https:\\\/\\\/ofmjpic.org\\\/it\\\/#\\\/schema\\\/person\\\/39d264e8b62f999b4bd6d547149132f9\",\"name\":\"admin\",\"url\":\"https:\\\/\\\/ofmjpic.org\\\/it\\\/author\\\/admin\\\/\"}]}<\/script>\n<!-- \/ Yoast SEO plugin. -->","yoast_head_json":{"title":"Famiglia francescana del Ruanda - OFM JPIC","description":"Nel 2025, la Famiglia Francescana in Ruanda si unisce per promuovere pace, giustizia, cura del creato e crescita spirituale.","robots":{"index":"index","follow":"follow","max-snippet":"max-snippet:-1","max-image-preview":"max-image-preview:large","max-video-preview":"max-video-preview:-1"},"canonical":"https:\/\/ofmjpic.org\/it\/famiglia-francescana-del-ruanda\/","og_locale":"it_IT","og_type":"article","og_title":"Famiglia francescana del Ruanda - OFM JPIC","og_description":"Nel 2025, la Famiglia Francescana in Ruanda si unisce per promuovere pace, giustizia, cura del creato e crescita spirituale.","og_url":"https:\/\/ofmjpic.org\/it\/famiglia-francescana-del-ruanda\/","og_site_name":"OFM JPIC","article_publisher":"https:\/\/www.facebook.com\/ofmjpic\/","article_published_time":"2025-03-28T19:53:05+00:00","og_image":[{"width":1920,"height":1440,"url":"https:\/\/ofmjpic.org\/wp-content\/uploads\/2025\/03\/Famiglia_Francescana_Rwanda_2025-1.jpg","type":"image\/jpeg"}],"author":"admin","twitter_card":"summary_large_image","twitter_misc":{"Scritto da":"admin","Tempo di lettura stimato":"3 minuti"},"schema":{"@context":"https:\/\/schema.org","@graph":[{"@type":"Article","@id":"https:\/\/ofmjpic.org\/it\/famiglia-francescana-del-ruanda\/#article","isPartOf":{"@id":"https:\/\/ofmjpic.org\/it\/famiglia-francescana-del-ruanda\/"},"author":{"name":"admin","@id":"https:\/\/ofmjpic.org\/it\/#\/schema\/person\/39d264e8b62f999b4bd6d547149132f9"},"headline":"Famiglia francescana del Ruanda","datePublished":"2025-03-28T19:53:05+00:00","mainEntityOfPage":{"@id":"https:\/\/ofmjpic.org\/it\/famiglia-francescana-del-ruanda\/"},"wordCount":361,"commentCount":0,"publisher":{"@id":"https:\/\/ofmjpic.org\/it\/#organization"},"image":{"@id":"https:\/\/ofmjpic.org\/it\/famiglia-francescana-del-ruanda\/#primaryimage"},"thumbnailUrl":"https:\/\/ofmjpic.org\/wp-content\/uploads\/2025\/03\/Famiglia_Francescana_Rwanda_2025-1.jpg","articleSection":["Notizie"],"inLanguage":"it-IT","potentialAction":[{"@type":"CommentAction","name":"Comment","target":["https:\/\/ofmjpic.org\/it\/famiglia-francescana-del-ruanda\/#respond"]}]},{"@type":"WebPage","@id":"https:\/\/ofmjpic.org\/it\/famiglia-francescana-del-ruanda\/","url":"https:\/\/ofmjpic.org\/it\/famiglia-francescana-del-ruanda\/","name":"Famiglia francescana del Ruanda - OFM JPIC","isPartOf":{"@id":"https:\/\/ofmjpic.org\/it\/#website"},"primaryImageOfPage":{"@id":"https:\/\/ofmjpic.org\/it\/famiglia-francescana-del-ruanda\/#primaryimage"},"image":{"@id":"https:\/\/ofmjpic.org\/it\/famiglia-francescana-del-ruanda\/#primaryimage"},"thumbnailUrl":"https:\/\/ofmjpic.org\/wp-content\/uploads\/2025\/03\/Famiglia_Francescana_Rwanda_2025-1.jpg","datePublished":"2025-03-28T19:53:05+00:00","description":"Nel 2025, la Famiglia Francescana in Ruanda si unisce per promuovere pace, giustizia, cura del creato e crescita spirituale.","breadcrumb":{"@id":"https:\/\/ofmjpic.org\/it\/famiglia-francescana-del-ruanda\/#breadcrumb"},"inLanguage":"it-IT","potentialAction":[{"@type":"ReadAction","target":["https:\/\/ofmjpic.org\/it\/famiglia-francescana-del-ruanda\/"]}]},{"@type":"ImageObject","inLanguage":"it-IT","@id":"https:\/\/ofmjpic.org\/it\/famiglia-francescana-del-ruanda\/#primaryimage","url":"https:\/\/ofmjpic.org\/wp-content\/uploads\/2025\/03\/Famiglia_Francescana_Rwanda_2025-1.jpg","contentUrl":"https:\/\/ofmjpic.org\/wp-content\/uploads\/2025\/03\/Famiglia_Francescana_Rwanda_2025-1.jpg","width":1920,"height":1440},{"@type":"BreadcrumbList","@id":"https:\/\/ofmjpic.org\/it\/famiglia-francescana-del-ruanda\/#breadcrumb","itemListElement":[{"@type":"ListItem","position":1,"name":"Portada","item":"https:\/\/ofmjpic.org\/it\/"},{"@type":"ListItem","position":2,"name":"Famiglia francescana del Ruanda"}]},{"@type":"WebSite","@id":"https:\/\/ofmjpic.org\/it\/#website","url":"https:\/\/ofmjpic.org\/it\/","name":"OFM Justice, Peace and Integrity of Creation","description":"","publisher":{"@id":"https:\/\/ofmjpic.org\/it\/#organization"},"potentialAction":[{"@type":"SearchAction","target":{"@type":"EntryPoint","urlTemplate":"https:\/\/ofmjpic.org\/it\/?s={search_term_string}"},"query-input":{"@type":"PropertyValueSpecification","valueRequired":true,"valueName":"search_term_string"}}],"inLanguage":"it-IT"},{"@type":"Organization","@id":"https:\/\/ofmjpic.org\/it\/#organization","name":"General office for Justice, Peace and Integrity of Creation","url":"https:\/\/ofmjpic.org\/it\/","logo":{"@type":"ImageObject","inLanguage":"it-IT","@id":"https:\/\/ofmjpic.org\/it\/#\/schema\/logo\/image\/","url":"https:\/\/ofmjpic.org\/wp-content\/uploads\/2018\/08\/ES_JPIC_Logo_.png","contentUrl":"https:\/\/ofmjpic.org\/wp-content\/uploads\/2018\/08\/ES_JPIC_Logo_.png","width":3957,"height":4082,"caption":"General office for Justice, Peace and Integrity of Creation"},"image":{"@id":"https:\/\/ofmjpic.org\/it\/#\/schema\/logo\/image\/"},"sameAs":["https:\/\/www.facebook.com\/ofmjpic\/","https:\/\/www.instagram.com\/ofmjpic\/"]},{"@type":"Person","@id":"https:\/\/ofmjpic.org\/it\/#\/schema\/person\/39d264e8b62f999b4bd6d547149132f9","name":"admin","url":"https:\/\/ofmjpic.org\/it\/author\/admin\/"}]}},"_links":{"self":[{"href":"https:\/\/ofmjpic.org\/it\/wp-json\/wp\/v2\/posts\/19511","targetHints":{"allow":["GET"]}}],"collection":[{"href":"https:\/\/ofmjpic.org\/it\/wp-json\/wp\/v2\/posts"}],"about":[{"href":"https:\/\/ofmjpic.org\/it\/wp-json\/wp\/v2\/types\/post"}],"author":[{"embeddable":true,"href":"https:\/\/ofmjpic.org\/it\/wp-json\/wp\/v2\/users\/1"}],"replies":[{"embeddable":true,"href":"https:\/\/ofmjpic.org\/it\/wp-json\/wp\/v2\/comments?post=19511"}],"version-history":[{"count":0,"href":"https:\/\/ofmjpic.org\/it\/wp-json\/wp\/v2\/posts\/19511\/revisions"}],"wp:featuredmedia":[{"embeddable":true,"href":"https:\/\/ofmjpic.org\/it\/wp-json\/wp\/v2\/media\/19504"}],"wp:attachment":[{"href":"https:\/\/ofmjpic.org\/it\/wp-json\/wp\/v2\/media?parent=19511"}],"wp:term":[{"taxonomy":"category","embeddable":true,"href":"https:\/\/ofmjpic.org\/it\/wp-json\/wp\/v2\/categories?post=19511"},{"taxonomy":"post_tag","embeddable":true,"href":"https:\/\/ofmjpic.org\/it\/wp-json\/wp\/v2\/tags?post=19511"}],"curies":[{"name":"wp","href":"https:\/\/api.w.org\/{rel}","templated":true}]}}