{"id":19498,"date":"2025-03-14T19:02:32","date_gmt":"2025-03-14T19:02:32","guid":{"rendered":"https:\/\/ofmjpic.org\/?p=19498"},"modified":"2025-03-27T19:03:57","modified_gmt":"2025-03-27T19:03:57","slug":"concluso-il-consiglio-internazionale-gpic-2025","status":"publish","type":"post","link":"https:\/\/ofmjpic.org\/it\/concluso-il-consiglio-internazionale-gpic-2025\/","title":{"rendered":"Concluso il Consiglio Internazionale GPIC 2025"},"content":{"rendered":"<h4><strong>Assisi, 1-7 marzo 2025<\/strong><\/h4>\n<p>Con la recita del\u00a0<strong>Cantico delle creature<\/strong>\u00a0in sei lingue si \u00e8 concluso il\u00a0<strong>Consiglio Internazionale per la Giustizia, la Pace e l\u2019Integrit\u00e0 del Creato<\/strong>\u00a0(CIGPIC), tenutosi dal 1\u00b0 al 7 marzo 2025 nella citt\u00e0 di Assisi.<\/p>\n<p>Fr. Francesco Piloni, Ministro provinciale della Provincia Serafica di San Francesco, nel suo discorso di benvenuto ai membri del CIGPIC, ha ricordato che il processo francescano ha tre momenti importanti: conoscere, interpretare e scegliere. Tre verbi che riassumono quanto vissuto e discusso dai partecipanti al CIGPIC, composto dai coordinatori GPIC delle conferenze dell\u2019Ordine e dai membri del Comitato di animazione.<\/p>\n<p>Nella prima parte \u2013\u00a0<strong>conoscere<\/strong>\u00a0\u2013 sono state presentate le sfide che devono affrontare le Conferenze francescane nel mondo e la situazione attuale in ogni continente. \u00c8 stato mostrato ci\u00f2 che \u00e8 stato fatto finora e ci\u00f2 che deve essere ancora realizzato. Inoltre, Blair Matheson TSSF, Direttore esecutivo di\u00a0<i>Franciscans International<\/i>, ha offerto una panoramica dello stato attuale dell\u2019attivit\u00e0 di advocacy che l\u2019organizzazione non governativa francescana svolge presso le Nazioni Unite.<\/p>\n<p>Nella seconda parte \u2013\u00a0<strong>interpretare<\/strong>\u00a0\u2013 il Cantico delle creature \u00e8 stato proposto come chiave di lettura del contesto attuale e delle risposte da offrire a partire dalla mistica francescana, riflessa nella giustizia, nella pace e nella cura della casa comune. Gli interventi dei Segretari generali della Formazione e degli Studi e delle Missioni ed Evangelizzazione hanno evidenziato la necessit\u00e0 di una collaborazione tra questi organismi di animazione.<\/p>\n<p>Nell\u2019ultima parte \u2013\u00a0<strong>scegliere<\/strong>\u00a0\u2013 sono state approvate le linee guida generali che orienteranno e ispireranno l\u2019azione di GPIC nei prossimi anni. Queste linee generali d\u2019azione sono contenute nel Documento finale o Dichiarazione di Assisi 2025, approvato da tutti i partecipanti. A questo proposito, uno di loro ha affermato: \u201cUna sfida [per noi] \u00e8 sviluppare queste linee d\u2019azione nelle nostre Conferenze. La strada da seguire ora \u00e8 quella di incoraggiare i nostri fratelli\u201d.<\/p>\n<p>I momenti di preghiera, le eucaristie e il clima fraterno hanno favorito il discernimento, che ha portato anche all\u2019approvazione di un\u00a0<a href=\"https:\/\/ofmjpic.org\/it\/dichiarazione-di-comunione-fraterna-e-solidarieta-con-il-popolo-del-congo-orientale\/\" target=\"_blank\" rel=\"noopener noreferrer\">messaggio di solidariet\u00e0 per la popolazione sofferente dell\u2019est del Congo<\/a>.<\/p>\n<p><strong>Fr. Daniel Rodr\u00edguez Blanco<\/strong>, Direttore dell\u2019Ufficio generale di GPIC, si \u00e8 rivolto ai fratelli affermando: \u201cSiamo venuti in questo santuario di pace, Assisi, affinch\u00e9 Francesco possa riempire di nuovo i nostri cuori di speranza\u201d.<\/p>\n<p>Cos\u00ec ogni membro del Consiglio Internazionale \u00e8 tornato nella propria regione con il cuore pieno di speranza per continuare la propria missione francescana.<\/p>\n<p><a href=\"https:\/\/ofmjpic.org\/it\/consiglio-internazionale-di-gpic-ad-assisi-giustizia-pace-ed-ecologia-integrale\/\" target=\"_blank\" rel=\"noopener noreferrer\">Leggi l\u2019articolo sui primi giorni dell\u2019incontro<\/a><\/p>\n\n\t\t<style>\n\t\t\t#gallery-1 {\n\t\t\t\tmargin: auto;\n\t\t\t}\n\t\t\t#gallery-1 .gallery-item {\n\t\t\t\tfloat: left;\n\t\t\t\tmargin-top: 10px;\n\t\t\t\ttext-align: center;\n\t\t\t\twidth: 33%;\n\t\t\t}\n\t\t\t#gallery-1 img {\n\t\t\t\tborder: 2px solid #cfcfcf;\n\t\t\t}\n\t\t\t#gallery-1 .gallery-caption {\n\t\t\t\tmargin-left: 0;\n\t\t\t}\n\t\t\t\/* see gallery_shortcode() in wp-includes\/media.php *\/\n\t\t<\/style>\n\t\t<div id='gallery-1' class='gallery galleryid-19498 gallery-columns-3 gallery-size-large'><dl class='gallery-item'>\n\t\t\t<dt class='gallery-icon landscape'>\n\t\t\t\t<a href='https:\/\/ofmjpic.org\/it\/concluso-il-consiglio-internazionale-gpic-2025\/consiglio_internazionale_gpic_finale-3-2-2\/'><img loading=\"lazy\" decoding=\"async\" width=\"1024\" height=\"769\" src=\"https:\/\/ofmjpic.org\/wp-content\/uploads\/2025\/03\/Consiglio_internazionale_GPIC_finale-3-2-1024x769.jpg\" class=\"attachment-large size-large\" alt=\"\" srcset=\"https:\/\/ofmjpic.org\/wp-content\/uploads\/2025\/03\/Consiglio_internazionale_GPIC_finale-3-2-980x736.jpg 980w, https:\/\/ofmjpic.org\/wp-content\/uploads\/2025\/03\/Consiglio_internazionale_GPIC_finale-3-2-480x360.jpg 480w\" sizes=\"(min-width: 0px) and (max-width: 480px) 480px, (min-width: 481px) and (max-width: 980px) 980px, (min-width: 981px) 1024px, 100vw\" \/><\/a>\n\t\t\t<\/dt><\/dl><dl class='gallery-item'>\n\t\t\t<dt class='gallery-icon landscape'>\n\t\t\t\t<a href='https:\/\/ofmjpic.org\/it\/concluso-il-consiglio-internazionale-gpic-2025\/consiglio_internazionale_gpic_finale-2-2-2\/'><img loading=\"lazy\" decoding=\"async\" width=\"1024\" height=\"768\" src=\"https:\/\/ofmjpic.org\/wp-content\/uploads\/2025\/03\/Consiglio_internazionale_GPIC_finale-2-2-1024x768.jpg\" class=\"attachment-large size-large\" alt=\"\" srcset=\"https:\/\/ofmjpic.org\/wp-content\/uploads\/2025\/03\/Consiglio_internazionale_GPIC_finale-2-2-980x735.jpg 980w, https:\/\/ofmjpic.org\/wp-content\/uploads\/2025\/03\/Consiglio_internazionale_GPIC_finale-2-2-480x360.jpg 480w\" sizes=\"(min-width: 0px) and (max-width: 480px) 480px, (min-width: 481px) and (max-width: 980px) 980px, (min-width: 981px) 1024px, 100vw\" \/><\/a>\n\t\t\t<\/dt><\/dl><dl class='gallery-item'>\n\t\t\t<dt class='gallery-icon landscape'>\n\t\t\t\t<a href='https:\/\/ofmjpic.org\/it\/concluso-il-consiglio-internazionale-gpic-2025\/consiglio_internazionale_gpic_finale-1-2-2\/'><img loading=\"lazy\" decoding=\"async\" width=\"1024\" height=\"768\" src=\"https:\/\/ofmjpic.org\/wp-content\/uploads\/2025\/03\/Consiglio_internazionale_GPIC_finale-1-2-1024x768.jpg\" class=\"attachment-large size-large\" alt=\"\" srcset=\"https:\/\/ofmjpic.org\/wp-content\/uploads\/2025\/03\/Consiglio_internazionale_GPIC_finale-1-2-980x735.jpg 980w, https:\/\/ofmjpic.org\/wp-content\/uploads\/2025\/03\/Consiglio_internazionale_GPIC_finale-1-2-480x360.jpg 480w\" sizes=\"(min-width: 0px) and (max-width: 480px) 480px, (min-width: 481px) and (max-width: 980px) 980px, (min-width: 981px) 1024px, 100vw\" \/><\/a>\n\t\t\t<\/dt><\/dl><br style=\"clear: both\" \/>\n\t\t<\/div>\n\n","protected":false},"excerpt":{"rendered":"<p>\u201cSiamo venuti in questo santuario di pace, Assisi, affinch\u00e9 Francesco possa riempire di nuovo i nostri cuori di speranza\u201d.\u00a0<\/p>\n","protected":false},"author":1,"featured_media":19466,"comment_status":"open","ping_status":"open","sticky":false,"template":"","format":"standard","meta":{"_acf_changed":false,"_et_pb_use_builder":"","_et_pb_old_content":"","_et_gb_content_width":"","footnotes":""},"categories":[961],"tags":[],"class_list":["post-19498","post","type-post","status-publish","format-standard","has-post-thumbnail","hentry","category-notizie"],"acf":[],"yoast_head":"<!-- This site is optimized with the Yoast SEO plugin v28.4 - https:\/\/yoast.com\/product\/yoast-seo-wordpress\/ -->\n<title>Concluso il Consiglio Internazionale GPIC 2025 - OFM JPIC<\/title>\n<meta name=\"description\" content=\"\u201cSiamo venuti in questo santuario di pace, Assisi, affinch\u00e9 Francesco possa riempire di nuovo i nostri cuori di speranza\u201d.\u00a0\" \/>\n<meta name=\"robots\" content=\"index, follow, max-snippet:-1, max-image-preview:large, max-video-preview:-1\" \/>\n<link rel=\"canonical\" href=\"https:\/\/ofmjpic.org\/it\/concluso-il-consiglio-internazionale-gpic-2025\/\" \/>\n<meta property=\"og:locale\" content=\"it_IT\" \/>\n<meta property=\"og:type\" content=\"article\" \/>\n<meta property=\"og:title\" content=\"Concluso il Consiglio Internazionale GPIC 2025 - OFM JPIC\" \/>\n<meta property=\"og:description\" content=\"\u201cSiamo venuti in questo santuario di pace, Assisi, affinch\u00e9 Francesco possa riempire di nuovo i nostri cuori di speranza\u201d.\u00a0\" \/>\n<meta property=\"og:url\" content=\"https:\/\/ofmjpic.org\/it\/concluso-il-consiglio-internazionale-gpic-2025\/\" \/>\n<meta property=\"og:site_name\" content=\"OFM JPIC\" \/>\n<meta property=\"article:publisher\" content=\"https:\/\/www.facebook.com\/ofmjpic\/\" \/>\n<meta property=\"article:published_time\" content=\"2025-03-14T19:02:32+00:00\" \/>\n<meta property=\"article:modified_time\" content=\"2025-03-27T19:03:57+00:00\" \/>\n<meta property=\"og:image\" content=\"https:\/\/ofmjpic.org\/wp-content\/uploads\/2025\/03\/Consiglio_internazionale_GPIC_finale-2.jpg\" \/>\n\t<meta property=\"og:image:width\" content=\"1920\" \/>\n\t<meta property=\"og:image:height\" content=\"1080\" \/>\n\t<meta property=\"og:image:type\" content=\"image\/jpeg\" \/>\n<meta name=\"author\" content=\"admin\" \/>\n<meta name=\"twitter:card\" content=\"summary_large_image\" \/>\n<meta name=\"twitter:label1\" content=\"Scritto da\" \/>\n\t<meta name=\"twitter:data1\" content=\"admin\" \/>\n\t<meta name=\"twitter:label2\" content=\"Tempo di lettura stimato\" \/>\n\t<meta name=\"twitter:data2\" content=\"3 minuti\" \/>\n<script type=\"application\/ld+json\" class=\"yoast-schema-graph\">{\"@context\":\"https:\\\/\\\/schema.org\",\"@graph\":[{\"@type\":\"Article\",\"@id\":\"https:\\\/\\\/ofmjpic.org\\\/it\\\/concluso-il-consiglio-internazionale-gpic-2025\\\/#article\",\"isPartOf\":{\"@id\":\"https:\\\/\\\/ofmjpic.org\\\/it\\\/concluso-il-consiglio-internazionale-gpic-2025\\\/\"},\"author\":{\"name\":\"admin\",\"@id\":\"https:\\\/\\\/ofmjpic.org\\\/it\\\/#\\\/schema\\\/person\\\/39d264e8b62f999b4bd6d547149132f9\"},\"headline\":\"Concluso il Consiglio Internazionale GPIC 2025\",\"datePublished\":\"2025-03-14T19:02:32+00:00\",\"dateModified\":\"2025-03-27T19:03:57+00:00\",\"mainEntityOfPage\":{\"@id\":\"https:\\\/\\\/ofmjpic.org\\\/it\\\/concluso-il-consiglio-internazionale-gpic-2025\\\/\"},\"wordCount\":411,\"commentCount\":0,\"publisher\":{\"@id\":\"https:\\\/\\\/ofmjpic.org\\\/it\\\/#organization\"},\"image\":{\"@id\":\"https:\\\/\\\/ofmjpic.org\\\/it\\\/concluso-il-consiglio-internazionale-gpic-2025\\\/#primaryimage\"},\"thumbnailUrl\":\"https:\\\/\\\/ofmjpic.org\\\/wp-content\\\/uploads\\\/2025\\\/03\\\/Consiglio_internazionale_GPIC_finale-2.jpg\",\"articleSection\":[\"Notizie\"],\"inLanguage\":\"it-IT\",\"potentialAction\":[{\"@type\":\"CommentAction\",\"name\":\"Comment\",\"target\":[\"https:\\\/\\\/ofmjpic.org\\\/it\\\/concluso-il-consiglio-internazionale-gpic-2025\\\/#respond\"]}]},{\"@type\":\"WebPage\",\"@id\":\"https:\\\/\\\/ofmjpic.org\\\/it\\\/concluso-il-consiglio-internazionale-gpic-2025\\\/\",\"url\":\"https:\\\/\\\/ofmjpic.org\\\/it\\\/concluso-il-consiglio-internazionale-gpic-2025\\\/\",\"name\":\"Concluso il Consiglio Internazionale GPIC 2025 - OFM JPIC\",\"isPartOf\":{\"@id\":\"https:\\\/\\\/ofmjpic.org\\\/it\\\/#website\"},\"primaryImageOfPage\":{\"@id\":\"https:\\\/\\\/ofmjpic.org\\\/it\\\/concluso-il-consiglio-internazionale-gpic-2025\\\/#primaryimage\"},\"image\":{\"@id\":\"https:\\\/\\\/ofmjpic.org\\\/it\\\/concluso-il-consiglio-internazionale-gpic-2025\\\/#primaryimage\"},\"thumbnailUrl\":\"https:\\\/\\\/ofmjpic.org\\\/wp-content\\\/uploads\\\/2025\\\/03\\\/Consiglio_internazionale_GPIC_finale-2.jpg\",\"datePublished\":\"2025-03-14T19:02:32+00:00\",\"dateModified\":\"2025-03-27T19:03:57+00:00\",\"description\":\"\u201cSiamo venuti in questo santuario di pace, Assisi, affinch\u00e9 Francesco possa riempire di nuovo i nostri cuori di speranza\u201d.\u00a0\",\"breadcrumb\":{\"@id\":\"https:\\\/\\\/ofmjpic.org\\\/it\\\/concluso-il-consiglio-internazionale-gpic-2025\\\/#breadcrumb\"},\"inLanguage\":\"it-IT\",\"potentialAction\":[{\"@type\":\"ReadAction\",\"target\":[\"https:\\\/\\\/ofmjpic.org\\\/it\\\/concluso-il-consiglio-internazionale-gpic-2025\\\/\"]}]},{\"@type\":\"ImageObject\",\"inLanguage\":\"it-IT\",\"@id\":\"https:\\\/\\\/ofmjpic.org\\\/it\\\/concluso-il-consiglio-internazionale-gpic-2025\\\/#primaryimage\",\"url\":\"https:\\\/\\\/ofmjpic.org\\\/wp-content\\\/uploads\\\/2025\\\/03\\\/Consiglio_internazionale_GPIC_finale-2.jpg\",\"contentUrl\":\"https:\\\/\\\/ofmjpic.org\\\/wp-content\\\/uploads\\\/2025\\\/03\\\/Consiglio_internazionale_GPIC_finale-2.jpg\",\"width\":1920,\"height\":1080},{\"@type\":\"BreadcrumbList\",\"@id\":\"https:\\\/\\\/ofmjpic.org\\\/it\\\/concluso-il-consiglio-internazionale-gpic-2025\\\/#breadcrumb\",\"itemListElement\":[{\"@type\":\"ListItem\",\"position\":1,\"name\":\"Portada\",\"item\":\"https:\\\/\\\/ofmjpic.org\\\/it\\\/\"},{\"@type\":\"ListItem\",\"position\":2,\"name\":\"Concluso il Consiglio Internazionale GPIC 2025\"}]},{\"@type\":\"WebSite\",\"@id\":\"https:\\\/\\\/ofmjpic.org\\\/it\\\/#website\",\"url\":\"https:\\\/\\\/ofmjpic.org\\\/it\\\/\",\"name\":\"OFM Justice, Peace and Integrity of Creation\",\"description\":\"\",\"publisher\":{\"@id\":\"https:\\\/\\\/ofmjpic.org\\\/it\\\/#organization\"},\"potentialAction\":[{\"@type\":\"SearchAction\",\"target\":{\"@type\":\"EntryPoint\",\"urlTemplate\":\"https:\\\/\\\/ofmjpic.org\\\/it\\\/?s={search_term_string}\"},\"query-input\":{\"@type\":\"PropertyValueSpecification\",\"valueRequired\":true,\"valueName\":\"search_term_string\"}}],\"inLanguage\":\"it-IT\"},{\"@type\":\"Organization\",\"@id\":\"https:\\\/\\\/ofmjpic.org\\\/it\\\/#organization\",\"name\":\"General office for Justice, Peace and Integrity of Creation\",\"url\":\"https:\\\/\\\/ofmjpic.org\\\/it\\\/\",\"logo\":{\"@type\":\"ImageObject\",\"inLanguage\":\"it-IT\",\"@id\":\"https:\\\/\\\/ofmjpic.org\\\/it\\\/#\\\/schema\\\/logo\\\/image\\\/\",\"url\":\"https:\\\/\\\/ofmjpic.org\\\/wp-content\\\/uploads\\\/2018\\\/08\\\/ES_JPIC_Logo_.png\",\"contentUrl\":\"https:\\\/\\\/ofmjpic.org\\\/wp-content\\\/uploads\\\/2018\\\/08\\\/ES_JPIC_Logo_.png\",\"width\":3957,\"height\":4082,\"caption\":\"General office for Justice, Peace and Integrity of Creation\"},\"image\":{\"@id\":\"https:\\\/\\\/ofmjpic.org\\\/it\\\/#\\\/schema\\\/logo\\\/image\\\/\"},\"sameAs\":[\"https:\\\/\\\/www.facebook.com\\\/ofmjpic\\\/\",\"https:\\\/\\\/www.instagram.com\\\/ofmjpic\\\/\"]},{\"@type\":\"Person\",\"@id\":\"https:\\\/\\\/ofmjpic.org\\\/it\\\/#\\\/schema\\\/person\\\/39d264e8b62f999b4bd6d547149132f9\",\"name\":\"admin\",\"url\":\"https:\\\/\\\/ofmjpic.org\\\/it\\\/author\\\/admin\\\/\"}]}<\/script>\n<!-- \/ Yoast SEO plugin. -->","yoast_head_json":{"title":"Concluso il Consiglio Internazionale GPIC 2025 - OFM JPIC","description":"\u201cSiamo venuti in questo santuario di pace, Assisi, affinch\u00e9 Francesco possa riempire di nuovo i nostri cuori di speranza\u201d.\u00a0","robots":{"index":"index","follow":"follow","max-snippet":"max-snippet:-1","max-image-preview":"max-image-preview:large","max-video-preview":"max-video-preview:-1"},"canonical":"https:\/\/ofmjpic.org\/it\/concluso-il-consiglio-internazionale-gpic-2025\/","og_locale":"it_IT","og_type":"article","og_title":"Concluso il Consiglio Internazionale GPIC 2025 - OFM JPIC","og_description":"\u201cSiamo venuti in questo santuario di pace, Assisi, affinch\u00e9 Francesco possa riempire di nuovo i nostri cuori di speranza\u201d.\u00a0","og_url":"https:\/\/ofmjpic.org\/it\/concluso-il-consiglio-internazionale-gpic-2025\/","og_site_name":"OFM JPIC","article_publisher":"https:\/\/www.facebook.com\/ofmjpic\/","article_published_time":"2025-03-14T19:02:32+00:00","article_modified_time":"2025-03-27T19:03:57+00:00","og_image":[{"width":1920,"height":1080,"url":"https:\/\/ofmjpic.org\/wp-content\/uploads\/2025\/03\/Consiglio_internazionale_GPIC_finale-2.jpg","type":"image\/jpeg"}],"author":"admin","twitter_card":"summary_large_image","twitter_misc":{"Scritto da":"admin","Tempo di lettura stimato":"3 minuti"},"schema":{"@context":"https:\/\/schema.org","@graph":[{"@type":"Article","@id":"https:\/\/ofmjpic.org\/it\/concluso-il-consiglio-internazionale-gpic-2025\/#article","isPartOf":{"@id":"https:\/\/ofmjpic.org\/it\/concluso-il-consiglio-internazionale-gpic-2025\/"},"author":{"name":"admin","@id":"https:\/\/ofmjpic.org\/it\/#\/schema\/person\/39d264e8b62f999b4bd6d547149132f9"},"headline":"Concluso il Consiglio Internazionale GPIC 2025","datePublished":"2025-03-14T19:02:32+00:00","dateModified":"2025-03-27T19:03:57+00:00","mainEntityOfPage":{"@id":"https:\/\/ofmjpic.org\/it\/concluso-il-consiglio-internazionale-gpic-2025\/"},"wordCount":411,"commentCount":0,"publisher":{"@id":"https:\/\/ofmjpic.org\/it\/#organization"},"image":{"@id":"https:\/\/ofmjpic.org\/it\/concluso-il-consiglio-internazionale-gpic-2025\/#primaryimage"},"thumbnailUrl":"https:\/\/ofmjpic.org\/wp-content\/uploads\/2025\/03\/Consiglio_internazionale_GPIC_finale-2.jpg","articleSection":["Notizie"],"inLanguage":"it-IT","potentialAction":[{"@type":"CommentAction","name":"Comment","target":["https:\/\/ofmjpic.org\/it\/concluso-il-consiglio-internazionale-gpic-2025\/#respond"]}]},{"@type":"WebPage","@id":"https:\/\/ofmjpic.org\/it\/concluso-il-consiglio-internazionale-gpic-2025\/","url":"https:\/\/ofmjpic.org\/it\/concluso-il-consiglio-internazionale-gpic-2025\/","name":"Concluso il Consiglio Internazionale GPIC 2025 - OFM JPIC","isPartOf":{"@id":"https:\/\/ofmjpic.org\/it\/#website"},"primaryImageOfPage":{"@id":"https:\/\/ofmjpic.org\/it\/concluso-il-consiglio-internazionale-gpic-2025\/#primaryimage"},"image":{"@id":"https:\/\/ofmjpic.org\/it\/concluso-il-consiglio-internazionale-gpic-2025\/#primaryimage"},"thumbnailUrl":"https:\/\/ofmjpic.org\/wp-content\/uploads\/2025\/03\/Consiglio_internazionale_GPIC_finale-2.jpg","datePublished":"2025-03-14T19:02:32+00:00","dateModified":"2025-03-27T19:03:57+00:00","description":"\u201cSiamo venuti in questo santuario di pace, Assisi, affinch\u00e9 Francesco possa riempire di nuovo i nostri cuori di speranza\u201d.\u00a0","breadcrumb":{"@id":"https:\/\/ofmjpic.org\/it\/concluso-il-consiglio-internazionale-gpic-2025\/#breadcrumb"},"inLanguage":"it-IT","potentialAction":[{"@type":"ReadAction","target":["https:\/\/ofmjpic.org\/it\/concluso-il-consiglio-internazionale-gpic-2025\/"]}]},{"@type":"ImageObject","inLanguage":"it-IT","@id":"https:\/\/ofmjpic.org\/it\/concluso-il-consiglio-internazionale-gpic-2025\/#primaryimage","url":"https:\/\/ofmjpic.org\/wp-content\/uploads\/2025\/03\/Consiglio_internazionale_GPIC_finale-2.jpg","contentUrl":"https:\/\/ofmjpic.org\/wp-content\/uploads\/2025\/03\/Consiglio_internazionale_GPIC_finale-2.jpg","width":1920,"height":1080},{"@type":"BreadcrumbList","@id":"https:\/\/ofmjpic.org\/it\/concluso-il-consiglio-internazionale-gpic-2025\/#breadcrumb","itemListElement":[{"@type":"ListItem","position":1,"name":"Portada","item":"https:\/\/ofmjpic.org\/it\/"},{"@type":"ListItem","position":2,"name":"Concluso il Consiglio Internazionale GPIC 2025"}]},{"@type":"WebSite","@id":"https:\/\/ofmjpic.org\/it\/#website","url":"https:\/\/ofmjpic.org\/it\/","name":"OFM Justice, Peace and Integrity of Creation","description":"","publisher":{"@id":"https:\/\/ofmjpic.org\/it\/#organization"},"potentialAction":[{"@type":"SearchAction","target":{"@type":"EntryPoint","urlTemplate":"https:\/\/ofmjpic.org\/it\/?s={search_term_string}"},"query-input":{"@type":"PropertyValueSpecification","valueRequired":true,"valueName":"search_term_string"}}],"inLanguage":"it-IT"},{"@type":"Organization","@id":"https:\/\/ofmjpic.org\/it\/#organization","name":"General office for Justice, Peace and Integrity of Creation","url":"https:\/\/ofmjpic.org\/it\/","logo":{"@type":"ImageObject","inLanguage":"it-IT","@id":"https:\/\/ofmjpic.org\/it\/#\/schema\/logo\/image\/","url":"https:\/\/ofmjpic.org\/wp-content\/uploads\/2018\/08\/ES_JPIC_Logo_.png","contentUrl":"https:\/\/ofmjpic.org\/wp-content\/uploads\/2018\/08\/ES_JPIC_Logo_.png","width":3957,"height":4082,"caption":"General office for Justice, Peace and Integrity of Creation"},"image":{"@id":"https:\/\/ofmjpic.org\/it\/#\/schema\/logo\/image\/"},"sameAs":["https:\/\/www.facebook.com\/ofmjpic\/","https:\/\/www.instagram.com\/ofmjpic\/"]},{"@type":"Person","@id":"https:\/\/ofmjpic.org\/it\/#\/schema\/person\/39d264e8b62f999b4bd6d547149132f9","name":"admin","url":"https:\/\/ofmjpic.org\/it\/author\/admin\/"}]}},"_links":{"self":[{"href":"https:\/\/ofmjpic.org\/it\/wp-json\/wp\/v2\/posts\/19498","targetHints":{"allow":["GET"]}}],"collection":[{"href":"https:\/\/ofmjpic.org\/it\/wp-json\/wp\/v2\/posts"}],"about":[{"href":"https:\/\/ofmjpic.org\/it\/wp-json\/wp\/v2\/types\/post"}],"author":[{"embeddable":true,"href":"https:\/\/ofmjpic.org\/it\/wp-json\/wp\/v2\/users\/1"}],"replies":[{"embeddable":true,"href":"https:\/\/ofmjpic.org\/it\/wp-json\/wp\/v2\/comments?post=19498"}],"version-history":[{"count":0,"href":"https:\/\/ofmjpic.org\/it\/wp-json\/wp\/v2\/posts\/19498\/revisions"}],"wp:featuredmedia":[{"embeddable":true,"href":"https:\/\/ofmjpic.org\/it\/wp-json\/wp\/v2\/media\/19466"}],"wp:attachment":[{"href":"https:\/\/ofmjpic.org\/it\/wp-json\/wp\/v2\/media?parent=19498"}],"wp:term":[{"taxonomy":"category","embeddable":true,"href":"https:\/\/ofmjpic.org\/it\/wp-json\/wp\/v2\/categories?post=19498"},{"taxonomy":"post_tag","embeddable":true,"href":"https:\/\/ofmjpic.org\/it\/wp-json\/wp\/v2\/tags?post=19498"}],"curies":[{"name":"wp","href":"https:\/\/api.w.org\/{rel}","templated":true}]}}