{"id":19457,"date":"2025-03-09T18:05:28","date_gmt":"2025-03-09T18:05:28","guid":{"rendered":"https:\/\/ofmjpic.org\/?p=19457"},"modified":"2025-03-31T15:20:15","modified_gmt":"2025-03-31T15:20:15","slug":"dichiarazione-di-assisi-marzo-2025","status":"publish","type":"post","link":"https:\/\/ofmjpic.org\/it\/dichiarazione-di-assisi-marzo-2025\/","title":{"rendered":"Dichiarazione di Assisi &#8211; Marzo 2025"},"content":{"rendered":"<p><img loading=\"lazy\" decoding=\"async\" class=\"aligncenter wp-image-19333\" src=\"https:\/\/ofmjpic.org\/wp-content\/uploads\/2025\/03\/IT-JPIC-993x1024.png\" alt=\"\" width=\"198\" height=\"204\" \/><\/p>\n<h6><\/h6>\n<h6 style=\"text-align: center;\"><em><strong>Consiglio Internazionale di Giustizia, Pace e Integrit\u00e0 del Creato<\/strong><\/em><\/h6>\n<p><span style=\"font-weight: 400;\"><span class='et-dropcap'>I<\/span>n occasione del centenario del Cantico delle Creature, noi membri del Consiglio Internazionale per la Giustizia, la Pace e l&#8217;Integrit\u00e0 del Creato (CIGPIC) dell&#8217;Ordine dei Frati Minori, ci siamo riuniti ad Assisi dall&#8217;1 al 7 marzo 2025 per intraprendere un discernimento profetico sui prossimi passi del nostro servizio.<\/span><\/p>\n<p>&nbsp;<\/p>\n<p>&nbsp;<\/p>\n<h3><b>SEGNI DEI TEMPI: CAMPANELLI D&#8217;ALLARME E SEMI DI SPERANZA<\/b><\/h3>\n<p><span style=\"font-weight: 400;\">I segni del nostro tempo ci mostrano che il 2025 \u00e8 un momento critico della storia umana, un vero e proprio bivio. L&#8217;umanit\u00e0 sta giocando con il fuoco nel senso pi\u00f9 letterale del termine, con conseguenze potenzialmente tragiche. Siamo <\/span><b>profondamente allarmati da quanto sta accadendo <\/b><span style=\"font-weight: 400;\">nelle tre dimensioni del nostro ministero: giustizia, pace e integrit\u00e0 del creato. Invece di sperimentare la giustizia, siamo testimoni di terribili ingiustizie inflitte ai pi\u00f9 vulnerabili, come i migranti e i rifugiati. Invece di sperimentare la pace, assistiamo ad un&#8217;intensificazione dello spargimento di sangue di guerre insensate e a una spaventosa corsa agli armamenti. Invece di sperimentare l&#8217;integrit\u00e0 del creato, assistiamo alla sua brutale profanazione, come la follia dell&#8217;espansione dei combustibili fossili e la continua deforestazione, mentre i disastri climatici diventano sempre pi\u00f9 catastrofici e frequenti. Si tratta di una traiettoria terrificante su tutti e tre i fronti del nostro ministero, in ogni angolo del pianeta.<\/span><\/p>\n<p><span style=\"font-weight: 400;\">Paradossalmente, il 2025 \u00e8 anche un anno giubilare, il cui tema \u00e8 proprio <\/span><b>&#8220;Pellegrini di Speranza&#8221;<\/b><span style=\"font-weight: 400;\">. In mezzo a tanta sofferenza e morte, ricordiamo che il Signore della Vita ha vinto la morte. Mentre assistiamo alle pesanti croci portate da tanti fratelli e sorelle, ricordiamo che alla croce segue la tomba vuota. Fondati sulla nostra speranza cristiana, ci impegniamo a intensificare i nostri sforzi affinch\u00e9 prevalgano giustizia, pace e integrit\u00e0 del creato. Come figli di San Francesco ed eredi del suo carisma di servizio a \u201cquesti miei fratelli pi\u00f9 piccoli\u201d (Mt 25,40), decidiamo ancora una volta di servire e camminare insieme alle vittime di varie ingiustizie, conflitti e disastri ambientali, portando speranza al mondo.<\/span><\/p>\n<p>&nbsp;<\/p>\n<h3><b>CONFESSIONE E APPELLO PER UNA MAGGIORE AZIONE<\/b><\/h3>\n<p><span style=\"font-weight: 400;\">C&#8217;\u00e8 molta speranza nel vedere ci\u00f2 che gli animatori di GPIC hanno realizzato in questo ultimo triennio, come illustrato dalle relazioni molto stimolanti delle diverse conferenze. GPIC sta diventando sempre pi\u00f9 una parte importante della vita dell&#8217;Ordine e molti obiettivi sono stati raggiunti. Tuttavia, abbiamo anche accettato l&#8217;invito del nostro Vicario generale, Fr. Ignacio Ceja, ad essere molto onesti riguardo alle &#8220;colpe e alle difficolt\u00e0 che si incontrano&#8221;, un esercizio molto opportuno in questo periodo di Quaresima appena iniziato. Riconosciamo quindi che <\/span><b>le azioni intraprese da noi e dall&#8217;Ordine non sono sufficienti<\/b><span style=\"font-weight: 400;\">. Di fronte all&#8217;espansione esponenziale delle sfide che il nostro mondo si trova ad affrontare, dobbiamo ammettere che l&#8217;Ordine non \u00e8 all&#8217;altezza della situazione. Questo deve cambiare. L&#8217;Ordine deve prendere in considerazione la gravit\u00e0 delle grandi crisi che dobbiamo affrontare con maggiore seriet\u00e0. Per questo motivo, come disse San Francesco, &#8220;cominciamo, fratelli, a servire il Signore Dio, perch\u00e9 finora abbiamo fatto poco o nulla&#8221; (1 Cel 103).<\/span><\/p>\n<p><span style=\"font-weight: 400;\">Una sfida importante che abbiamo individuato \u00e8 che GPIC \u00e8 ancora considerato come qualcosa di &#8220;opzionale&#8221; da molti frati, mentre vari ministri generali hanno definito GPIC come il &#8220;DNA&#8221; del nostro carisma. Purtroppo, si tratta di una grande discrepanza nella vita dell&#8217;Ordine e di un bisogno di conversione che deve essere preso in considerazione. <\/span><b>La nostra vocazione francescana richiede che GPIC sia parte integrante della vita quotidiana<\/b><span style=\"font-weight: 400;\"> di ogni singolo frate, non qualcosa di cui possano occuparsi solo gli animatori di GPIC. Come seguaci di San Francesco, dobbiamo imitare il suo servizio ai lebbrosi e ai pi\u00f9 vulnerabili, i suoi rischiosi tentativi di promuovere la pace, come a Damietta o nel conflitto sindaco-vescovo di Assisi, e il suo affetto fraterno e la sua compassione verso tutte le creature. In questo XXI secolo, questa opzione carismatica per GPIC \u00e8 illuminata dal magistero del nostro amato Papa dal nome francescano, in particolare attraverso le sue encicliche profetiche Laudato Si&#8217; e Fratelli Tutti. \u00c8 giunto il momento di mettere in pratica questi insegnamenti come priorit\u00e0 centrale dell&#8217;Ordine.<\/span><\/p>\n<p>&nbsp;<\/p>\n<h3><b>LINEE D\u2019AZIONE<\/b><\/h3>\n<p><span style=\"font-weight: 400;\">Riuniti in questo sacro luogo di nascita di San Francesco e dell&#8217;Ordine, abbiamo rivisto e riaffermato le linee d&#8217;azione generali delle dichiarazioni di Gerusalemme 2019 e Petropolis 2022, aggiornandole per riflettere sui segni dei tempi in continua evoluzione e discernere ci\u00f2 che lo Spirito Santo ci sta invitando a fare in seguito.<\/span><\/p>\n<p>&nbsp;<\/p>\n<ul>\n<li aria-level=\"1\">\n<h4><b>Ricerca di Giustizia per Migranti e Rifugiati<\/b><\/h4>\n<\/li>\n<\/ul>\n<p><span style=\"font-weight: 400;\">In tutte le parti del mondo assistiamo alla realt\u00e0 di persone in movimento, sia all&#8217;interno che all&#8217;esterno dei confini nazionali. Le ragioni di questo movimento sono complesse, ma stanno diventando sempre pi\u00f9 involontarie a causa di sistemi socio-economici sempre pi\u00f9 ingiusti, di sconvolgimenti climatici e di violenza. Riconosciamo che le persone hanno il diritto di migrare o di non migrare. Purtroppo, i sistemi che dovrebbero garantire una migrazione regolare sono inadeguati. Questi sistemi sono ulteriormente manipolati dai leader politici e sociali che incolpano i migranti e i rifugiati e usano ingiustamente la violenza contro di loro. Questi sforzi disumanizzanti peggiorano la gi\u00e0 difficile e pericolosa condizione di queste sorelle e fratelli.<\/span><\/p>\n<p><span style=\"font-weight: 400;\">Ricordando la natura itinerante della nostra vita francescana, la famiglia francescana si \u00e8 unita per creare reti di sostegno per migranti e rifugiati. Queste reti operano nelle Americhe, nel Mediterraneo, in Africa, in Asia e in Oceania. Ribadiamo con forza il nostro impegno a<\/span><b> favorirne la continuit\u00e0 e il rafforzamento<\/b><span style=\"font-weight: 400;\">, creando opportunit\u00e0 di partecipazione per un maggior numero di persone. Pertanto, chiediamo a tutti i frati, alla Famiglia Francescana e a tutte le persone di buona volont\u00e0 di:<\/span><\/p>\n<p>&nbsp;<\/p>\n<ol>\n<li style=\"font-weight: 400;\" aria-level=\"1\"><b>Sensibilizzare le realt\u00e0 migratorie <\/b><span style=\"font-weight: 400;\">in ciascuna delle nostre entit\u00e0, coordinandosi strettamente con le reti delle Famiglie Francescane.<\/span><\/li>\n<li style=\"font-weight: 400;\" aria-level=\"1\"><span style=\"font-weight: 400;\">Rafforzare e avviare, ove necessario, reti francescane per la <\/span><b>cura pastorale<\/b><span style=\"font-weight: 400;\"> dei migranti, dei rifugiati, delle vittime del traffico di esseri umani e di chi lavora in condizioni di schiavit\u00f9 moderna.<\/span><\/li>\n<li style=\"font-weight: 400;\" aria-level=\"1\"><span style=\"font-weight: 400;\">Sviluppare una <\/span><b>pastorale<\/b><span style=\"font-weight: 400;\"> continua, sistematica e olistica <\/span><b>per i migranti e i rifugiati<\/b><span style=\"font-weight: 400;\">, basata sulla realt\u00e0 locale dei luoghi in cui i frati prestano servizio, insieme alle nostre reti francescane e ad altre agenzie sociali e per i diritti umani; dovrebbero affrontare la complessit\u00e0 delle fasi del viaggio delle famiglie migranti: chi rimane indietro, chi lascia una comunit\u00e0, chi \u00e8 in viaggio e chi arriva in un nuovo luogo.<\/span><\/li>\n<li style=\"font-weight: 400;\" aria-level=\"1\"><span style=\"font-weight: 400;\">Farsi sostenitori attraverso le nostre reti francescane e agire con altri mezzi appropriati per <\/span><b>diminuire i fattori di \u201cspinta\u201d<\/b><span style=\"font-weight: 400;\"> che portano le persone a pensare che la migrazione sia la loro unica possibilit\u00e0 per una vita migliore, e in molti casi per sopravvivere.<\/span><\/li>\n<li style=\"font-weight: 400;\" aria-level=\"1\"><b>Potenziare per i giovani migranti e rifugiati la possibilit\u00e0 di sviluppare<\/b> <b>le proprie competenze<\/b><span style=\"font-weight: 400;\">, in modo che siano maggiormente in grado di prosperare nei loro luoghi di residenza.<\/span><\/li>\n<\/ol>\n<p>&nbsp;<\/p>\n<ul>\n<li aria-level=\"1\">\n<h4><b>Promuovere la Pace in un Mondo Violento<\/b><\/h4>\n<\/li>\n<\/ul>\n<p><span style=\"font-weight: 400;\">Il conflitto \u00e8 un elemento normale della vita. Il modo in cui affrontiamo questo conflitto dipende dal fatto che esso porti alla violenza o alla possibilit\u00e0 di raggiungere la pace. In effetti, riconosciamo che la nostra fede ci ricorda che Dio vuole che tutti gli esseri umani abbiano la pace. In <\/span><i><span style=\"font-weight: 400;\">Fratelli Tutti<\/span><\/i><span style=\"font-weight: 400;\">, Papa Francesco richiama la nostra attenzione sui doni francescani della fraternit\u00e0 e dell&#8217;amicizia sociale, sottolineando l&#8217;importanza centrale del dialogo e dell&#8217;incontro (FT 199). Siamo consapevoli che il modo in cui viviamo la fraternit\u00e0 \u00e8 il nostro primo segno del cammino verso la nonviolenza e la riconciliazione. Da questo punto di vista, applichiamo una spiritualit\u00e0 e una pratica della nonviolenza attiva come percorso di costruzione della pace, che scaturisce dalla nostra tradizione francescana.<\/span><\/p>\n<p><span style=\"font-weight: 400;\">Abbracciando la nostra eredit\u00e0 di &#8220;araldi della pace&#8221;, abbiamo costruito reti in Asia e in Africa e ci siamo uniti ad altre organizzazioni, come Franciscans International e Pax Christi International, per promuovere la pace. In questi sforzi <\/span><b>stiamo sviluppando le nostre capacit\u00e0 e competenze nella mediazione e risoluzione dei conflitti, nella costruzione della pace e nel dialogo<\/b><span style=\"font-weight: 400;\">. Pertanto, chiediamo a tutti i frati, alla famiglia francescana e a tutte le persone di buona volont\u00e0 di:<\/span><\/p>\n<p>&nbsp;<\/p>\n<ol>\n<li style=\"font-weight: 400;\" aria-level=\"4\"><span style=\"font-weight: 400;\">Spezzare i cicli di violenza e trauma fornendo risorse per aiutare i frati a <\/span><b>fornire supporto spirituale, psicologico e di altro tipo alle vittime di violenza<\/b><span style=\"font-weight: 400;\">.<\/span><\/li>\n<li style=\"font-weight: 400;\" aria-level=\"4\"><span style=\"font-weight: 400;\">Lavorare con l&#8217;Iniziativa Cattolica per la Nonviolenza di Pax Christi International e con il suo Centro per la Nonviolenza per sviluppare politiche pubbliche e promuovere l&#8217;insegnamento della Chiesa per costruire strutture per la nonviolenza come <\/span><b>contrappeso alla crescita del militarismo<\/b><span style=\"font-weight: 400;\"> quale principale risorsa per la risoluzione dei conflitti.<\/span><\/li>\n<li style=\"font-weight: 400;\" aria-level=\"4\"><b>Costruire ponti <\/b><span style=\"font-weight: 400;\">tra leader rivali per promuovere la mediazione nonviolenta dei conflitti, sull&#8217;esempio di San Francesco, come tra i Crociati e il Sultano o tra il Sindaco e il Vescovo di Assisi.<\/span><\/li>\n<li style=\"font-weight: 400;\" aria-level=\"4\"><span style=\"font-weight: 400;\">Stare al fianco delle comunit\u00e0 vulnerabili, dato che uno dei motori della violenza \u00e8 la <\/span><b>disumanizzazione degli altri<\/b><span style=\"font-weight: 400;\"> attraverso il razzismo, la xenofobia, la misoginia e gli attacchi ad altri gruppi vulnerabili come i cristiani perseguitati.<\/span><\/li>\n<li style=\"font-weight: 400;\" aria-level=\"4\"><span style=\"font-weight: 400;\">Sostenere Franciscans International e il suo instancabile lavoro per i diritti umani presso le Nazioni Unite, poich\u00e9 siamo preoccupati che molti interessi aziendali stiano cercando di ridurre il ruolo delle organizzazioni non governative (ONG); dobbiamo rafforzare la nostra azione di advocacy affinch\u00e9 ci\u00f2 non avvenga.<\/span><\/li>\n<\/ol>\n<p>&nbsp;<\/p>\n<ul>\n<li aria-level=\"1\">\n<h4><b>Porre fine alla distruzione del Creato<\/b><\/h4>\n<\/li>\n<\/ul>\n<p><span style=\"font-weight: 400;\">Il 2025 segna l&#8217;ottavo centenario del Cantico delle Creature e il decimo anniversario della sua \u201cfiglia\u201d, l&#8217;enciclica <\/span><i><span style=\"font-weight: 400;\">Laudato Si&#8217;<\/span><\/i><span style=\"font-weight: 400;\">. Mentre celebriamo questi due testi profetici, abbiamo avuto la fortuna di visitare il &#8220;Giardino del Cantico&#8221; a San Damiano e di riflettere con Fr. William Short, OFM, sull&#8217;importanza del Cantico nell&#8217;ispirare un&#8217;ecologia integrale. Mentre l&#8217;Ordine, la Chiesa e l&#8217;umanit\u00e0 in generale stanno ancora rispondendo in modo inadeguato all&#8217;appello della <\/span><i><span style=\"font-weight: 400;\">Laudato Si&#8217;<\/span><\/i><span style=\"font-weight: 400;\"> e all&#8217;enorme urgenza della crisi climatica (cfr. <\/span><i><span style=\"font-weight: 400;\">Laudatate Deum<\/span><\/i><span style=\"font-weight: 400;\">), il Cantico ci invita a rivolgere il nostro sguardo a Dio come Creatore e alla sacralit\u00e0 delle creature come motivazione per prendersene cura.<\/span><\/p>\n<p><span style=\"font-weight: 400;\">Tragicamente, la negazione del cambiamento climatico domina ora molte sale del potere e sono in corso piani per accelerare ulteriormente i piani distruttivi dell&#8217;industria dei combustibili fossili e di altre industrie inquinanti. Preoccupati per le grida sempre pi\u00f9 disperate della terra e dei poveri, dobbiamo seguire San Francesco come &#8220;l&#8217;esempio per eccellenza&#8221; di un&#8217;ecologia integrale (<\/span><i><span style=\"font-weight: 400;\">Laudato Si&#8217;<\/span><\/i><span style=\"font-weight: 400;\">, 10), promuovendo una coerente &#8220;cultura della vita&#8221; per proteggere la vita umana in tutte le sue fasi e un pianeta sano che sostenga la vita in tutte le sue forme. Pertanto, chiediamo a tutti i frati, alla Famiglia Francescana e a tutte le persone di buona volont\u00e0 di:<\/span><\/p>\n<p>&nbsp;<\/p>\n<ol>\n<li style=\"font-weight: 400;\" aria-level=\"1\"><span style=\"font-weight: 400;\">Praticare una <\/span><b>&#8220;spiritualit\u00e0 ecologica&#8221;<\/b><span style=\"font-weight: 400;\"> (LS 216) nella nostra vita quotidiana e, al contempo, evangelizzare la sua importanza nei nostri rispettivi ambiti di missione, lodando Dio insieme ai nostri simili (sull\u2019esempio del Cantico) e imparando dal creato, come fonte di motivazione per prendersene cura.\u00a0<\/span><\/li>\n<li style=\"font-weight: 400;\" aria-level=\"1\"><span style=\"font-weight: 400;\">Integrare la <\/span><b><i>Laudato Si&#8217;<\/i><\/b><b> nella nostra vita liturgica<\/b><span style=\"font-weight: 400;\"> per sottolineare come il mistero della Creazione sia al centro della nostra fede, in particolare celebrando la \u201cGiornata della Creazione\u201d (1\u00b0 settembre) come \u201cGiornata Mondiale di Preghiera per il Creato\u201d. Questa celebrazione ci fa ben sperare, perch\u00e9 diventer\u00e0 presto una festa liturgica in molte chiese. In quel mese, incoraggiamo anche la celebrazione del \u201cTempo del Creato\u201d ecumenico.<\/span><\/li>\n<li style=\"font-weight: 400;\" aria-level=\"1\"><span style=\"font-weight: 400;\">Contrastare il consumismo tossico che pervade le nostre societ\u00e0, incarnando <\/span><b>stili di vita sobri<\/b><span style=\"font-weight: 400;\"> secondo lo stile ascetico francescano e attuando iniziative locali per la cura del creato e la promozione del benessere ecologico. Ad esempio, ridurre drasticamente e rendere pi\u00f9 ecologico il nostro consumo energetico, risparmiare acqua e piantare alberi.<\/span><\/li>\n<li style=\"font-weight: 400;\" aria-level=\"1\"><span style=\"font-weight: 400;\">Contribuire a costruire un&#8217;<\/span><b>economia fraterna <\/b><span style=\"font-weight: 400;\">che permetta uno sviluppo sostenibile integrale e una giusta condivisione delle risorse naturali, denunciando le industrie inquinanti come l&#8217;agroindustria, il fracking (fratturazione idraulica), l&#8217;estrazione mineraria selvaggia, ecc., insieme alle loro vittime e ai movimenti sociali. Ci impegniamo inoltre a contribuire alla costruzione di alternative, come l&#8217;agroecologia e le cooperative.<\/span><\/li>\n<li style=\"font-weight: 400;\" aria-level=\"1\"><span style=\"font-weight: 400;\">Denunciare la continua espansione dell&#8217;industria dei <\/span><b>combustibili fossili<\/b><span style=\"font-weight: 400;\">, principale responsabile dell&#8217;emergenza climatica, intensificando gli sforzi di disinvestimento finanziario da parte delle entit\u00e0 OFM, continuando a sostenere il Trattato di non proliferazione dei combustibili fossili.<\/span><\/li>\n<li style=\"font-weight: 400;\" aria-level=\"1\"><span style=\"font-weight: 400;\">Sostenere la giustizia climatica nel corso dei <\/span><b>vertici annuali della COP<\/b><span style=\"font-weight: 400;\">, in particolare nei nostri rispettivi Paesi, in collaborazione con altri attori ecclesiali e sociali, affinch\u00e9 siano mantenute le promesse dell&#8217;Accordo di Parigi.<\/span><\/li>\n<li style=\"font-weight: 400;\" aria-level=\"1\"><span style=\"font-weight: 400;\">Proseguire il processo di creazione e implementazione della rete di <\/span><b>centri Francescani di formazione superiore<\/b><span style=\"font-weight: 400;\"> sull&#8217;ecologia integrale per sostenere gli sforzi dell&#8217;Ordine in questo campo.<\/span><\/li>\n<\/ol>\n<p>&nbsp;<\/p>\n<h3><b>PRIORIT\u00c0 TRASVERSALI<\/b><\/h3>\n<p><span style=\"font-weight: 400;\">Infine, abbiamo identificato alcuni temi trasversali che sono essenziali per tutte e tre le dimensioni del nostro lavoro:<\/span><\/p>\n<p>&nbsp;<\/p>\n<ol>\n<li style=\"font-weight: 400;\" aria-level=\"1\"><span style=\"font-weight: 400;\">Maggiore integrazione di GPIC con i segretariati di <\/span><b>&#8220;Evangelizzazione e Missione&#8221; e &#8220;Formazione e Studi&#8221;<\/b><span style=\"font-weight: 400;\">, come discusso con i loro segretari generali qui ad Assisi. I tre servizi sono infatti profondamente interconnessi nella vita dell&#8217;Ordine, sia a livello di Curia che di Entit\u00e0. In particolare, abbiamo percepito che anche l&#8217;Ufficio Generale di GPIC merita di diventare un segretariato, per segnalare in modo decisivo che GPIC \u00e8 veramente il nostro DNA di francescani, come hanno affermato diversi Ministri generali.<\/span><\/li>\n<li style=\"font-weight: 400;\" aria-level=\"1\"><b>Partecipazione attiva alle reti<\/b><span style=\"font-weight: 400;\">, dato che l&#8217;Ordine non \u00e8 abbastanza grande per affrontare efficacemente le gigantesche sfide che abbiamo di fronte. Queste vanno dalle reti della Famiglia francescana &#8211; come la Rete Francescana per i Migranti nelle Americhe, la Rete Francescana del Mediterraneo, la Rete Francescana per la Pace e l&#8217;Ecologia Integrale in Asia, la Rete Francescana per la Costruzione della Pace e la Giustizia Ecologica in Africa Orientale &#8211; fino alle reti tematiche cattoliche &#8211; come il Movimento Laudato Si&#8217; e l&#8217;Iniziativa Cattolica per la Nonviolenza.<\/span><\/li>\n<li style=\"font-weight: 400;\" aria-level=\"1\"><span style=\"font-weight: 400;\">Maggiore <\/span><b>attenzione alla comunicazione<\/b><span style=\"font-weight: 400;\">, invitando i frati a condividere le proprie storie in modo che tutti noi possiamo trarre spunti e ispirazione dalle migliori pratiche e azioni per GPIC.<\/span><\/li>\n<\/ol>\n<p>&nbsp;<\/p>\n<p><span style=\"font-weight: 400;\">In conclusione, dopo una fruttuosa settimana di condivisione e discernimento fraterno, il Consiglio Internazionale di GPIC si impegna a sostenere tutti i nostri frati affinch\u00e9 diventino <\/span><b>&#8220;Pellegrini di Speranza&#8221;<\/b><span style=\"font-weight: 400;\"> realizzando i sogni di giustizia, pace e integrit\u00e0 del creato in ogni luogo in cui \u00e8 presente una fraternit\u00e0 OFM.<\/span><\/p>\n<p>&nbsp;<\/p>\n<p><strong>Membri del Consiglio Internazionale OFM di Giustizia, Pace e Integrit\u00e0 del Creato:<\/strong><\/p>\n<ol>\n<li style=\"font-weight: 400;\" aria-level=\"1\"><span style=\"font-weight: 400;\">Fr. Daniel Rodr\u00edguez Blanco \u2013 <\/span><b>OFM GPIC Ufficio Generale<\/b><\/li>\n<li style=\"font-weight: 400;\" aria-level=\"1\"><span style=\"font-weight: 400;\">Fr. Taucen Girsang \u2013 <\/span><b>OFM GPIC Ufficio Generale<\/b><\/li>\n<li style=\"font-weight: 400;\" aria-level=\"1\"><span style=\"font-weight: 400;\">Fr. Jean Eric Mutabazi \u2013 <\/span><b>OFM GPIC Comitato d\u2019Animazione<\/b><\/li>\n<li style=\"font-weight: 400;\" aria-level=\"1\"><span style=\"font-weight: 400;\">Sr. Mary Wangari Sebastian, LSSJ \u2013 <\/span><b>OFM GPIC Comitato d\u2019Animazione<\/b><\/li>\n<li style=\"font-weight: 400;\" aria-level=\"1\"><span style=\"font-weight: 400;\">M. Tom\u00e1s Insua \u2013 <\/span><b>OFM GPIC Comitato d\u2019Animazione<\/b><\/li>\n<li style=\"font-weight: 400;\" aria-level=\"1\"><span style=\"font-weight: 400;\">Fr. Carlos Molina \u2013 <\/span><b>Coordinatore Conferenza Terra Santa<\/b><\/li>\n<li style=\"font-weight: 400;\" aria-level=\"1\"><span style=\"font-weight: 400;\">Fr. John Luke Gregory \u2013 <\/span><b>Coordinatore Conferenza Terra Santa<\/b><\/li>\n<li style=\"font-weight: 400;\" aria-level=\"1\"><span style=\"font-weight: 400;\">Fr. Marco Bussi \u2013 <\/span><b>COMPI Coordinatore<\/b><\/li>\n<li style=\"font-weight: 400;\" aria-level=\"1\"><span style=\"font-weight: 400;\">Fr. Natanael Ganter \u2013 <\/span><b>COTAF Coordinatore<\/b><\/li>\n<li style=\"font-weight: 400;\" aria-level=\"1\"><span style=\"font-weight: 400;\">Fr. Fridus Derong \u2013 <\/span><b>SAAOC Coordinatore<\/b><\/li>\n<li style=\"font-weight: 400;\" aria-level=\"1\"><span style=\"font-weight: 400;\">Fr. Cordian Szwarc \u2013 <\/span><b>Coordinatore Conferenza Nord-Slavica<\/b><\/li>\n<li style=\"font-weight: 400;\" aria-level=\"1\"><span style=\"font-weight: 400;\">Fr. Benjamin Milkovic \u2013 <\/span><b>Coordinatore Conferenza Sud-Slavica<\/b><\/li>\n<li style=\"font-weight: 400;\" aria-level=\"1\"><span style=\"font-weight: 400;\">Fr. Flavio Chavez \u2013 <\/span><b>Coordinatore Conferenza Nostra Signora di Guadalupe<\/b><\/li>\n<li style=\"font-weight: 400;\" aria-level=\"1\"><span style=\"font-weight: 400;\">Fr. Augustine Seng Mun Aung \u2013 <\/span><b>EAC Coordinatore<\/b><\/li>\n<li style=\"font-weight: 400;\" aria-level=\"1\"><span style=\"font-weight: 400;\">Fr. Jo\u00e3o Paulo Mendes de Moraes \u2013 <\/span><b>Coordinatore della Conferenza Brasile-Cono Sud<\/b><\/li>\n<li style=\"font-weight: 400;\" aria-level=\"1\">M. Russell Testa \u2013<b> Coordinatrice della Conferenza di Lingua Inglese<\/b><\/li>\n<\/ol>\n","protected":false},"excerpt":{"rendered":"<p>Membri del Consiglio Internazionale per GPIC ci siamo riuniti ad Assisi per intraprendere un discernimento profetico sui prossimi passi del nostro servizio.<\/p>\n","protected":false},"author":1,"featured_media":0,"comment_status":"open","ping_status":"open","sticky":false,"template":"","format":"standard","meta":{"_acf_changed":false,"_et_pb_use_builder":"","_et_pb_old_content":"","_et_gb_content_width":"","footnotes":""},"categories":[961],"tags":[],"class_list":["post-19457","post","type-post","status-publish","format-standard","hentry","category-notizie"],"acf":[],"yoast_head":"<!-- This site is optimized with the Yoast SEO plugin v28.4 - https:\/\/yoast.com\/product\/yoast-seo-wordpress\/ -->\n<title>Dichiarazione di Assisi - Marzo 2025 - OFM JPIC<\/title>\n<meta name=\"description\" content=\"Membri del Consiglio Internazionale per GPIC ci siamo riuniti ad Assisi per intraprendere un discernimento profetico sui prossimi passi del nostro servizio.\" \/>\n<meta name=\"robots\" content=\"index, follow, max-snippet:-1, max-image-preview:large, max-video-preview:-1\" \/>\n<link rel=\"canonical\" href=\"https:\/\/ofmjpic.org\/it\/dichiarazione-di-assisi-marzo-2025\/\" \/>\n<meta property=\"og:locale\" content=\"it_IT\" \/>\n<meta property=\"og:type\" content=\"article\" \/>\n<meta property=\"og:title\" content=\"Dichiarazione di Assisi - Marzo 2025 - OFM JPIC\" \/>\n<meta property=\"og:description\" content=\"Membri del Consiglio Internazionale per GPIC ci siamo riuniti ad Assisi per intraprendere un discernimento profetico sui prossimi passi del nostro servizio.\" \/>\n<meta property=\"og:url\" content=\"https:\/\/ofmjpic.org\/it\/dichiarazione-di-assisi-marzo-2025\/\" \/>\n<meta property=\"og:site_name\" content=\"OFM JPIC\" \/>\n<meta property=\"article:publisher\" content=\"https:\/\/www.facebook.com\/ofmjpic\/\" \/>\n<meta property=\"article:published_time\" content=\"2025-03-09T18:05:28+00:00\" \/>\n<meta property=\"article:modified_time\" content=\"2025-03-31T15:20:15+00:00\" \/>\n<meta property=\"og:image\" content=\"https:\/\/ofmjpic.org\/wp-content\/uploads\/2025\/03\/IT-JPIC.png\" \/>\n\t<meta property=\"og:image:width\" content=\"3957\" \/>\n\t<meta property=\"og:image:height\" content=\"4082\" \/>\n\t<meta property=\"og:image:type\" content=\"image\/png\" \/>\n<meta name=\"author\" content=\"admin\" \/>\n<meta name=\"twitter:card\" content=\"summary_large_image\" \/>\n<meta name=\"twitter:label1\" content=\"Scritto da\" \/>\n\t<meta name=\"twitter:data1\" content=\"admin\" \/>\n\t<meta name=\"twitter:label2\" content=\"Tempo di lettura stimato\" \/>\n\t<meta name=\"twitter:data2\" content=\"12 minuti\" \/>\n<script type=\"application\/ld+json\" class=\"yoast-schema-graph\">{\"@context\":\"https:\\\/\\\/schema.org\",\"@graph\":[{\"@type\":\"Article\",\"@id\":\"https:\\\/\\\/ofmjpic.org\\\/it\\\/dichiarazione-di-assisi-marzo-2025\\\/#article\",\"isPartOf\":{\"@id\":\"https:\\\/\\\/ofmjpic.org\\\/it\\\/dichiarazione-di-assisi-marzo-2025\\\/\"},\"author\":{\"name\":\"admin\",\"@id\":\"https:\\\/\\\/ofmjpic.org\\\/it\\\/#\\\/schema\\\/person\\\/39d264e8b62f999b4bd6d547149132f9\"},\"headline\":\"Dichiarazione di Assisi &#8211; Marzo 2025\",\"datePublished\":\"2025-03-09T18:05:28+00:00\",\"dateModified\":\"2025-03-31T15:20:15+00:00\",\"mainEntityOfPage\":{\"@id\":\"https:\\\/\\\/ofmjpic.org\\\/it\\\/dichiarazione-di-assisi-marzo-2025\\\/\"},\"wordCount\":2464,\"commentCount\":0,\"publisher\":{\"@id\":\"https:\\\/\\\/ofmjpic.org\\\/it\\\/#organization\"},\"image\":{\"@id\":\"https:\\\/\\\/ofmjpic.org\\\/it\\\/dichiarazione-di-assisi-marzo-2025\\\/#primaryimage\"},\"thumbnailUrl\":\"https:\\\/\\\/ofmjpic.org\\\/wp-content\\\/uploads\\\/2025\\\/03\\\/IT-JPIC-993x1024.png\",\"articleSection\":[\"Notizie\"],\"inLanguage\":\"it-IT\",\"potentialAction\":[{\"@type\":\"CommentAction\",\"name\":\"Comment\",\"target\":[\"https:\\\/\\\/ofmjpic.org\\\/it\\\/dichiarazione-di-assisi-marzo-2025\\\/#respond\"]}]},{\"@type\":\"WebPage\",\"@id\":\"https:\\\/\\\/ofmjpic.org\\\/it\\\/dichiarazione-di-assisi-marzo-2025\\\/\",\"url\":\"https:\\\/\\\/ofmjpic.org\\\/it\\\/dichiarazione-di-assisi-marzo-2025\\\/\",\"name\":\"Dichiarazione di Assisi - Marzo 2025 - OFM JPIC\",\"isPartOf\":{\"@id\":\"https:\\\/\\\/ofmjpic.org\\\/it\\\/#website\"},\"primaryImageOfPage\":{\"@id\":\"https:\\\/\\\/ofmjpic.org\\\/it\\\/dichiarazione-di-assisi-marzo-2025\\\/#primaryimage\"},\"image\":{\"@id\":\"https:\\\/\\\/ofmjpic.org\\\/it\\\/dichiarazione-di-assisi-marzo-2025\\\/#primaryimage\"},\"thumbnailUrl\":\"https:\\\/\\\/ofmjpic.org\\\/wp-content\\\/uploads\\\/2025\\\/03\\\/IT-JPIC-993x1024.png\",\"datePublished\":\"2025-03-09T18:05:28+00:00\",\"dateModified\":\"2025-03-31T15:20:15+00:00\",\"description\":\"Membri del Consiglio Internazionale per GPIC ci siamo riuniti ad Assisi per intraprendere un discernimento profetico sui prossimi passi del nostro servizio.\",\"breadcrumb\":{\"@id\":\"https:\\\/\\\/ofmjpic.org\\\/it\\\/dichiarazione-di-assisi-marzo-2025\\\/#breadcrumb\"},\"inLanguage\":\"it-IT\",\"potentialAction\":[{\"@type\":\"ReadAction\",\"target\":[\"https:\\\/\\\/ofmjpic.org\\\/it\\\/dichiarazione-di-assisi-marzo-2025\\\/\"]}]},{\"@type\":\"ImageObject\",\"inLanguage\":\"it-IT\",\"@id\":\"https:\\\/\\\/ofmjpic.org\\\/it\\\/dichiarazione-di-assisi-marzo-2025\\\/#primaryimage\",\"url\":\"https:\\\/\\\/ofmjpic.org\\\/wp-content\\\/uploads\\\/2025\\\/03\\\/IT-JPIC-993x1024.png\",\"contentUrl\":\"https:\\\/\\\/ofmjpic.org\\\/wp-content\\\/uploads\\\/2025\\\/03\\\/IT-JPIC-993x1024.png\"},{\"@type\":\"BreadcrumbList\",\"@id\":\"https:\\\/\\\/ofmjpic.org\\\/it\\\/dichiarazione-di-assisi-marzo-2025\\\/#breadcrumb\",\"itemListElement\":[{\"@type\":\"ListItem\",\"position\":1,\"name\":\"Portada\",\"item\":\"https:\\\/\\\/ofmjpic.org\\\/it\\\/\"},{\"@type\":\"ListItem\",\"position\":2,\"name\":\"Dichiarazione di Assisi &#8211; Marzo 2025\"}]},{\"@type\":\"WebSite\",\"@id\":\"https:\\\/\\\/ofmjpic.org\\\/it\\\/#website\",\"url\":\"https:\\\/\\\/ofmjpic.org\\\/it\\\/\",\"name\":\"OFM Justice, Peace and Integrity of Creation\",\"description\":\"\",\"publisher\":{\"@id\":\"https:\\\/\\\/ofmjpic.org\\\/it\\\/#organization\"},\"potentialAction\":[{\"@type\":\"SearchAction\",\"target\":{\"@type\":\"EntryPoint\",\"urlTemplate\":\"https:\\\/\\\/ofmjpic.org\\\/it\\\/?s={search_term_string}\"},\"query-input\":{\"@type\":\"PropertyValueSpecification\",\"valueRequired\":true,\"valueName\":\"search_term_string\"}}],\"inLanguage\":\"it-IT\"},{\"@type\":\"Organization\",\"@id\":\"https:\\\/\\\/ofmjpic.org\\\/it\\\/#organization\",\"name\":\"General office for Justice, Peace and Integrity of Creation\",\"url\":\"https:\\\/\\\/ofmjpic.org\\\/it\\\/\",\"logo\":{\"@type\":\"ImageObject\",\"inLanguage\":\"it-IT\",\"@id\":\"https:\\\/\\\/ofmjpic.org\\\/it\\\/#\\\/schema\\\/logo\\\/image\\\/\",\"url\":\"https:\\\/\\\/ofmjpic.org\\\/wp-content\\\/uploads\\\/2018\\\/08\\\/ES_JPIC_Logo_.png\",\"contentUrl\":\"https:\\\/\\\/ofmjpic.org\\\/wp-content\\\/uploads\\\/2018\\\/08\\\/ES_JPIC_Logo_.png\",\"width\":3957,\"height\":4082,\"caption\":\"General office for Justice, Peace and Integrity of Creation\"},\"image\":{\"@id\":\"https:\\\/\\\/ofmjpic.org\\\/it\\\/#\\\/schema\\\/logo\\\/image\\\/\"},\"sameAs\":[\"https:\\\/\\\/www.facebook.com\\\/ofmjpic\\\/\",\"https:\\\/\\\/www.instagram.com\\\/ofmjpic\\\/\"]},{\"@type\":\"Person\",\"@id\":\"https:\\\/\\\/ofmjpic.org\\\/it\\\/#\\\/schema\\\/person\\\/39d264e8b62f999b4bd6d547149132f9\",\"name\":\"admin\",\"url\":\"https:\\\/\\\/ofmjpic.org\\\/it\\\/author\\\/admin\\\/\"}]}<\/script>\n<!-- \/ Yoast SEO plugin. -->","yoast_head_json":{"title":"Dichiarazione di Assisi - Marzo 2025 - OFM JPIC","description":"Membri del Consiglio Internazionale per GPIC ci siamo riuniti ad Assisi per intraprendere un discernimento profetico sui prossimi passi del nostro servizio.","robots":{"index":"index","follow":"follow","max-snippet":"max-snippet:-1","max-image-preview":"max-image-preview:large","max-video-preview":"max-video-preview:-1"},"canonical":"https:\/\/ofmjpic.org\/it\/dichiarazione-di-assisi-marzo-2025\/","og_locale":"it_IT","og_type":"article","og_title":"Dichiarazione di Assisi - Marzo 2025 - OFM JPIC","og_description":"Membri del Consiglio Internazionale per GPIC ci siamo riuniti ad Assisi per intraprendere un discernimento profetico sui prossimi passi del nostro servizio.","og_url":"https:\/\/ofmjpic.org\/it\/dichiarazione-di-assisi-marzo-2025\/","og_site_name":"OFM JPIC","article_publisher":"https:\/\/www.facebook.com\/ofmjpic\/","article_published_time":"2025-03-09T18:05:28+00:00","article_modified_time":"2025-03-31T15:20:15+00:00","og_image":[{"width":3957,"height":4082,"url":"https:\/\/ofmjpic.org\/wp-content\/uploads\/2025\/03\/IT-JPIC.png","type":"image\/png"}],"author":"admin","twitter_card":"summary_large_image","twitter_misc":{"Scritto da":"admin","Tempo di lettura stimato":"12 minuti"},"schema":{"@context":"https:\/\/schema.org","@graph":[{"@type":"Article","@id":"https:\/\/ofmjpic.org\/it\/dichiarazione-di-assisi-marzo-2025\/#article","isPartOf":{"@id":"https:\/\/ofmjpic.org\/it\/dichiarazione-di-assisi-marzo-2025\/"},"author":{"name":"admin","@id":"https:\/\/ofmjpic.org\/it\/#\/schema\/person\/39d264e8b62f999b4bd6d547149132f9"},"headline":"Dichiarazione di Assisi &#8211; Marzo 2025","datePublished":"2025-03-09T18:05:28+00:00","dateModified":"2025-03-31T15:20:15+00:00","mainEntityOfPage":{"@id":"https:\/\/ofmjpic.org\/it\/dichiarazione-di-assisi-marzo-2025\/"},"wordCount":2464,"commentCount":0,"publisher":{"@id":"https:\/\/ofmjpic.org\/it\/#organization"},"image":{"@id":"https:\/\/ofmjpic.org\/it\/dichiarazione-di-assisi-marzo-2025\/#primaryimage"},"thumbnailUrl":"https:\/\/ofmjpic.org\/wp-content\/uploads\/2025\/03\/IT-JPIC-993x1024.png","articleSection":["Notizie"],"inLanguage":"it-IT","potentialAction":[{"@type":"CommentAction","name":"Comment","target":["https:\/\/ofmjpic.org\/it\/dichiarazione-di-assisi-marzo-2025\/#respond"]}]},{"@type":"WebPage","@id":"https:\/\/ofmjpic.org\/it\/dichiarazione-di-assisi-marzo-2025\/","url":"https:\/\/ofmjpic.org\/it\/dichiarazione-di-assisi-marzo-2025\/","name":"Dichiarazione di Assisi - Marzo 2025 - OFM JPIC","isPartOf":{"@id":"https:\/\/ofmjpic.org\/it\/#website"},"primaryImageOfPage":{"@id":"https:\/\/ofmjpic.org\/it\/dichiarazione-di-assisi-marzo-2025\/#primaryimage"},"image":{"@id":"https:\/\/ofmjpic.org\/it\/dichiarazione-di-assisi-marzo-2025\/#primaryimage"},"thumbnailUrl":"https:\/\/ofmjpic.org\/wp-content\/uploads\/2025\/03\/IT-JPIC-993x1024.png","datePublished":"2025-03-09T18:05:28+00:00","dateModified":"2025-03-31T15:20:15+00:00","description":"Membri del Consiglio Internazionale per GPIC ci siamo riuniti ad Assisi per intraprendere un discernimento profetico sui prossimi passi del nostro servizio.","breadcrumb":{"@id":"https:\/\/ofmjpic.org\/it\/dichiarazione-di-assisi-marzo-2025\/#breadcrumb"},"inLanguage":"it-IT","potentialAction":[{"@type":"ReadAction","target":["https:\/\/ofmjpic.org\/it\/dichiarazione-di-assisi-marzo-2025\/"]}]},{"@type":"ImageObject","inLanguage":"it-IT","@id":"https:\/\/ofmjpic.org\/it\/dichiarazione-di-assisi-marzo-2025\/#primaryimage","url":"https:\/\/ofmjpic.org\/wp-content\/uploads\/2025\/03\/IT-JPIC-993x1024.png","contentUrl":"https:\/\/ofmjpic.org\/wp-content\/uploads\/2025\/03\/IT-JPIC-993x1024.png"},{"@type":"BreadcrumbList","@id":"https:\/\/ofmjpic.org\/it\/dichiarazione-di-assisi-marzo-2025\/#breadcrumb","itemListElement":[{"@type":"ListItem","position":1,"name":"Portada","item":"https:\/\/ofmjpic.org\/it\/"},{"@type":"ListItem","position":2,"name":"Dichiarazione di Assisi &#8211; Marzo 2025"}]},{"@type":"WebSite","@id":"https:\/\/ofmjpic.org\/it\/#website","url":"https:\/\/ofmjpic.org\/it\/","name":"OFM Justice, Peace and Integrity of Creation","description":"","publisher":{"@id":"https:\/\/ofmjpic.org\/it\/#organization"},"potentialAction":[{"@type":"SearchAction","target":{"@type":"EntryPoint","urlTemplate":"https:\/\/ofmjpic.org\/it\/?s={search_term_string}"},"query-input":{"@type":"PropertyValueSpecification","valueRequired":true,"valueName":"search_term_string"}}],"inLanguage":"it-IT"},{"@type":"Organization","@id":"https:\/\/ofmjpic.org\/it\/#organization","name":"General office for Justice, Peace and Integrity of Creation","url":"https:\/\/ofmjpic.org\/it\/","logo":{"@type":"ImageObject","inLanguage":"it-IT","@id":"https:\/\/ofmjpic.org\/it\/#\/schema\/logo\/image\/","url":"https:\/\/ofmjpic.org\/wp-content\/uploads\/2018\/08\/ES_JPIC_Logo_.png","contentUrl":"https:\/\/ofmjpic.org\/wp-content\/uploads\/2018\/08\/ES_JPIC_Logo_.png","width":3957,"height":4082,"caption":"General office for Justice, Peace and Integrity of Creation"},"image":{"@id":"https:\/\/ofmjpic.org\/it\/#\/schema\/logo\/image\/"},"sameAs":["https:\/\/www.facebook.com\/ofmjpic\/","https:\/\/www.instagram.com\/ofmjpic\/"]},{"@type":"Person","@id":"https:\/\/ofmjpic.org\/it\/#\/schema\/person\/39d264e8b62f999b4bd6d547149132f9","name":"admin","url":"https:\/\/ofmjpic.org\/it\/author\/admin\/"}]}},"_links":{"self":[{"href":"https:\/\/ofmjpic.org\/it\/wp-json\/wp\/v2\/posts\/19457","targetHints":{"allow":["GET"]}}],"collection":[{"href":"https:\/\/ofmjpic.org\/it\/wp-json\/wp\/v2\/posts"}],"about":[{"href":"https:\/\/ofmjpic.org\/it\/wp-json\/wp\/v2\/types\/post"}],"author":[{"embeddable":true,"href":"https:\/\/ofmjpic.org\/it\/wp-json\/wp\/v2\/users\/1"}],"replies":[{"embeddable":true,"href":"https:\/\/ofmjpic.org\/it\/wp-json\/wp\/v2\/comments?post=19457"}],"version-history":[{"count":0,"href":"https:\/\/ofmjpic.org\/it\/wp-json\/wp\/v2\/posts\/19457\/revisions"}],"wp:attachment":[{"href":"https:\/\/ofmjpic.org\/it\/wp-json\/wp\/v2\/media?parent=19457"}],"wp:term":[{"taxonomy":"category","embeddable":true,"href":"https:\/\/ofmjpic.org\/it\/wp-json\/wp\/v2\/categories?post=19457"},{"taxonomy":"post_tag","embeddable":true,"href":"https:\/\/ofmjpic.org\/it\/wp-json\/wp\/v2\/tags?post=19457"}],"curies":[{"name":"wp","href":"https:\/\/api.w.org\/{rel}","templated":true}]}}