{"id":19337,"date":"2025-03-18T15:14:05","date_gmt":"2025-03-18T15:14:05","guid":{"rendered":"https:\/\/ofmjpic.org\/?p=19337"},"modified":"2025-03-18T15:14:05","modified_gmt":"2025-03-18T15:14:05","slug":"dichiarazione-di-comunione-fraterna-e-solidarieta-con-il-popolo-del-congo-orientale","status":"publish","type":"post","link":"https:\/\/ofmjpic.org\/it\/dichiarazione-di-comunione-fraterna-e-solidarieta-con-il-popolo-del-congo-orientale\/","title":{"rendered":"Dichiarazione di comunione fraterna e solidariet\u00e0 con il popolo del Congo orientale"},"content":{"rendered":"<h4><img loading=\"lazy\" decoding=\"async\" class=\"aligncenter  wp-image-19333\" src=\"https:\/\/ofmjpic.org\/wp-content\/uploads\/2025\/03\/IT-JPIC-993x1024.png\" alt=\"\" width=\"129\" height=\"133\" \/><\/h4>\n<h5 style=\"text-align: center;\"><b>ORDINE DEI FRATI MINORI<br \/>\n<\/b><i><span style=\"font-weight: 400;\">Ufficio di Giustizia, Pace e Integrit\u00e0 del Creato<br \/>\n<\/span><\/i><span style=\"font-weight: 400;\">Consiglio Internazionale di Giustizia, Pace e Integrit\u00e0 del Creato<\/span><\/h5>\n<h6><\/h6>\n<h6 style=\"text-align: center;\"><b>&#8220;Signore, fammi strumento di pace\u201d (San Francesco d&#8217;Assisi)<\/b><\/h6>\n<p>&nbsp;<\/p>\n<ul>\n<li style=\"font-weight: 400;\" aria-level=\"1\"><span style=\"font-weight: 400;\">Noi, membri del Consiglio Internazionale per la Giustizia, la Pace e l&#8217;Integrit\u00e0 del Creato dell&#8217;Ordine dei Frati Minori, riuniti ad Assisi dal 1\u00b0 al 7 marzo 2025, desideriamo esprimere solidariet\u00e0 e comunione fraterna con le vittime dei conflitti e della guerra nel Congo orientale. Siamo molto preoccupati per l&#8217;aggravarsi, in questa parte del mondo, della violazione dei diritti umani e della dignit\u00e0 umana. Solidali con tutte le vittime di queste atrocit\u00e0, come seguaci di San Francesco d&#8217;Assisi, araldo di pace, siamo profondamente addolorati per la sofferenza di tante persone e per la perdita di vite innocenti.<\/span><\/li>\n<\/ul>\n<p>&nbsp;<\/p>\n<ul>\n<li>Da pi\u00f9 di trent&#8217;anni, la regione dei Grandi Laghi soffre a causa di conflitti socio-politici e di guerre che hanno inflitto tanta sofferenza a molte generazioni, come testimonia il numero sempre crescente di orfani, vedove, senzatetto e sfollati in questa regione. Mossi da compassione e affetto per questi figli di Dio vulnerabili, non possiamo rimanere in silenzio o indifferenti di fronte a una situazione cos\u00ec devastante.<\/li>\n<\/ul>\n<p>&nbsp;<\/p>\n<ul>\n<li>Questo conflitto \u00e8 stato innescato dal desiderio materiale di controllare i preziosi minerali congolesi, oggi sempre pi\u00f9 richiesti in tutto il mondo. Eppure, le risorse naturali dovrebbero essere una fonte di benedizione e non un motivo di conflitto e di reciproca distruzione. La vita umana ha un valore assoluto, \u00e8 sacra e perci\u00f2 non pu\u00f2 essere oggetto di scambio con nessun\u2019altra cosa, con nessun altro obiettivo. Deve, piuttosto, essere rispettata e difesa ad ogni costo, indipendentemente da chi abbia ragione o torto. Esortiamo pertanto la comunit\u00e0 internazionale a compiere sforzi autentici e leali per risolvere la situazione al pi\u00f9 presto.<\/li>\n<\/ul>\n<p>&nbsp;<\/p>\n<ul>\n<li>Come francescani, siamo vicini alle famiglie di questa regione che hanno perso i loro cari e a tutte le vittime della guerra e dell&#8217;ingiustizia. Condanniamo fermamente ogni tipo di iniziativa generante odio, divisione e guerra, indipendentemente da quale ne sia l\u2019origine e la motivazione. Esortiamo tutti i leader a non pronunciare pi\u00f9 parole di odio che non fanno altro che alimentare la disunione e l&#8217;ostilit\u00e0 nella regione, mettendo i fratelli gli uni contro gli altri. Allo stesso tempo, facciamo appello alla fraternit\u00e0 universale e all&#8217;amicizia sociale al di l\u00e0 di ogni confine, ricordando a ciascuno che siamo tutti fratelli. Incoraggiamo tutti i leader della regione a intraprendere maggiormente delle azioni per proteggere i loro cittadini e per assicurare che lo stato di diritto regni nei rispettivi Paesi.<\/li>\n<\/ul>\n<p>&nbsp;<\/p>\n<ul>\n<li>In linea con Papa Francesco, che durante il suo viaggio apostolico a Kinshasha (gennaio-febbraio 2023) invit\u00f2 gli invasori esterni a togliere le mani dal Congo e dall&#8217;Africa, facciamo appello per il ritiro di ogni forza che perpetui la sofferenza in Congo e nel Continente africano, il che comporta il ritiro immediato di tutte le truppe straniere, talvolta motivate da interessi egoistici o imperialistici, piuttosto che dalla pace e dalla dignit\u00e0 umana.<\/li>\n<\/ul>\n<p>&nbsp;<\/p>\n<ul>\n<li>All&#8217;unisono con l&#8217;Associazione delle Conferenze Episcopali dell&#8217;Africa Centrale (ACEAC), esortiamo i capi di Stato della Comunit\u00e0 dell&#8217;Africa orientale (EAC) e quelli della Comunit\u00e0 per lo sviluppo dell&#8217;Africa meridionale (SADC) a mettere in pratica le risoluzioni prese durante le loro assemblee congiunte. Vogliamo vedere la loro unit\u00e0 e gli sforzi comuni per ripristinare la pace e la tranquillit\u00e0.<\/li>\n<\/ul>\n<p>&nbsp;<\/p>\n<ul>\n<li>Chiediamo a tutte le parti che in questo conflitto hanno delle rivendicazioni da difendere, di farlo non con la guerra o la violenza, ma attraverso il dialogo e altri mezzi nonviolenti. Che coloro che hanno sostenuto la guerra inizino a sostenere la pace e la riconciliazione, in modo che insieme, come famiglia umana, possiamo costruire un mondo in cui tutti si sentano amati, rispettati e a casa.<\/li>\n<\/ul>\n<p>&nbsp;<\/p>\n<p><span style=\"font-weight: 400;\"><strong>Assisi, 7 marzo 2025<\/strong><br \/>\n<\/span>I membri del Consiglio internazionale di giustizia, pace e integrit\u00e0 del creato<\/p>\n<p>&nbsp;<\/p>\n<ol>\n<li style=\"font-weight: 400;\" aria-level=\"1\"><span style=\"font-weight: 400;\">Fr. Daniel Rodr\u00edguez Blanco, <\/span><b>Roma<\/b><\/li>\n<li style=\"font-weight: 400;\" aria-level=\"1\"><span style=\"font-weight: 400;\">Fr. Taucen Girsang, <\/span><b>Roma<\/b><\/li>\n<li style=\"font-weight: 400;\" aria-level=\"1\"><span style=\"font-weight: 400;\">Fr. Jean Eric Mutabazi, <\/span><b>Rwanda<\/b><\/li>\n<li style=\"font-weight: 400;\" aria-level=\"1\"><span style=\"font-weight: 400;\">Sr. Mary Wangari Sebastian, <\/span><b>Kenya<\/b><\/li>\n<li style=\"font-weight: 400;\" aria-level=\"1\"><span style=\"font-weight: 400;\">Fr. Carlos Molina, <\/span><b>Israele<\/b><\/li>\n<li style=\"font-weight: 400;\" aria-level=\"1\"><span style=\"font-weight: 400;\">Fr. John Luke Gregory, <\/span><b>Grecia<\/b><\/li>\n<li style=\"font-weight: 400;\" aria-level=\"1\"><span style=\"font-weight: 400;\">Fr. Marco Bussi, <\/span><b>Italia<\/b><\/li>\n<li style=\"font-weight: 400;\" aria-level=\"1\"><span style=\"font-weight: 400;\">Fr. Natanael Ganter, <\/span><b>Germania<\/b><\/li>\n<li style=\"font-weight: 400;\" aria-level=\"1\"><span style=\"font-weight: 400;\">Fr. Fridus Derong, <\/span><b>Indonesia<\/b><\/li>\n<li style=\"font-weight: 400;\" aria-level=\"1\"><span style=\"font-weight: 400;\">Fr. Cordian Szwarc, <\/span><b>Polonia<\/b><\/li>\n<li style=\"font-weight: 400;\" aria-level=\"1\"><span style=\"font-weight: 400;\">Fr. Benjamin Milkovic, <\/span><b>Croazia<\/b><\/li>\n<li style=\"font-weight: 400;\" aria-level=\"1\"><span style=\"font-weight: 400;\">Fr. Flavio Chavez, <\/span><b>Messico<\/b><\/li>\n<li style=\"font-weight: 400;\" aria-level=\"1\"><span style=\"font-weight: 400;\">Fr. Augustine Seng Mun Aung, <\/span><b>Myanmar<\/b><\/li>\n<li style=\"font-weight: 400;\" aria-level=\"1\"><span style=\"font-weight: 400;\">Fr. Jo\u00e3o Paulo Gabriel Mendes de Moraes, <\/span><b>Brasile<\/b><\/li>\n<li style=\"font-weight: 400;\" aria-level=\"1\"><span style=\"font-weight: 400;\">Mr. Tom\u00e1s Insua, <\/span><b>Argentina<\/b><\/li>\n<li style=\"font-weight: 400;\" aria-level=\"1\"><span style=\"font-weight: 400;\">Mr. Russell Testa, <\/span><b>USA<\/b><\/li>\n<\/ol>\n","protected":false},"excerpt":{"rendered":"<p>Solidariet\u00e0 francescana con le vittime del conflitto in Congo. Un appello alla pace e alla giustizia dal Consiglio Internazionale di GPIC.<\/p>\n","protected":false},"author":1,"featured_media":19322,"comment_status":"open","ping_status":"open","sticky":false,"template":"","format":"standard","meta":{"_acf_changed":false,"_et_pb_use_builder":"","_et_pb_old_content":"","_et_gb_content_width":"","footnotes":""},"categories":[961],"tags":[],"class_list":["post-19337","post","type-post","status-publish","format-standard","has-post-thumbnail","hentry","category-notizie"],"acf":[],"yoast_head":"<!-- This site is optimized with the Yoast SEO plugin v28.4 - https:\/\/yoast.com\/product\/yoast-seo-wordpress\/ -->\n<title>Dichiarazione di comunione fraterna e solidariet\u00e0 con il popolo del Congo orientale - OFM JPIC<\/title>\n<meta name=\"description\" content=\"Solidariet\u00e0 francescana con le vittime del conflitto in Congo. Un appello alla pace e alla giustizia dal Consiglio Internazionale di GPIC.\" \/>\n<meta name=\"robots\" content=\"index, follow, max-snippet:-1, max-image-preview:large, max-video-preview:-1\" \/>\n<link rel=\"canonical\" href=\"https:\/\/ofmjpic.org\/it\/dichiarazione-di-comunione-fraterna-e-solidarieta-con-il-popolo-del-congo-orientale\/\" \/>\n<meta property=\"og:locale\" content=\"it_IT\" \/>\n<meta property=\"og:type\" content=\"article\" \/>\n<meta property=\"og:title\" content=\"Dichiarazione di comunione fraterna e solidariet\u00e0 con il popolo del Congo orientale - OFM JPIC\" \/>\n<meta property=\"og:description\" content=\"Solidariet\u00e0 francescana con le vittime del conflitto in Congo. Un appello alla pace e alla giustizia dal Consiglio Internazionale di GPIC.\" \/>\n<meta property=\"og:url\" content=\"https:\/\/ofmjpic.org\/it\/dichiarazione-di-comunione-fraterna-e-solidarieta-con-il-popolo-del-congo-orientale\/\" \/>\n<meta property=\"og:site_name\" content=\"OFM JPIC\" \/>\n<meta property=\"article:publisher\" content=\"https:\/\/www.facebook.com\/ofmjpic\/\" \/>\n<meta property=\"article:published_time\" content=\"2025-03-18T15:14:05+00:00\" \/>\n<meta property=\"og:image\" content=\"https:\/\/ofmjpic.org\/wp-content\/uploads\/2025\/03\/declaracion-este-del-congo-ofm-jpic-1024x576.png\" \/>\n\t<meta property=\"og:image:width\" content=\"1024\" \/>\n\t<meta property=\"og:image:height\" content=\"576\" \/>\n\t<meta property=\"og:image:type\" content=\"image\/png\" \/>\n<meta name=\"author\" content=\"admin\" \/>\n<meta name=\"twitter:card\" content=\"summary_large_image\" \/>\n<meta name=\"twitter:label1\" content=\"Scritto da\" \/>\n\t<meta name=\"twitter:data1\" content=\"admin\" \/>\n\t<meta name=\"twitter:label2\" content=\"Tempo di lettura stimato\" \/>\n\t<meta name=\"twitter:data2\" content=\"4 minuti\" \/>\n<script type=\"application\/ld+json\" class=\"yoast-schema-graph\">{\"@context\":\"https:\\\/\\\/schema.org\",\"@graph\":[{\"@type\":\"Article\",\"@id\":\"https:\\\/\\\/ofmjpic.org\\\/it\\\/dichiarazione-di-comunione-fraterna-e-solidarieta-con-il-popolo-del-congo-orientale\\\/#article\",\"isPartOf\":{\"@id\":\"https:\\\/\\\/ofmjpic.org\\\/it\\\/dichiarazione-di-comunione-fraterna-e-solidarieta-con-il-popolo-del-congo-orientale\\\/\"},\"author\":{\"name\":\"admin\",\"@id\":\"https:\\\/\\\/ofmjpic.org\\\/it\\\/#\\\/schema\\\/person\\\/39d264e8b62f999b4bd6d547149132f9\"},\"headline\":\"Dichiarazione di comunione fraterna e solidariet\u00e0 con il popolo del Congo orientale\",\"datePublished\":\"2025-03-18T15:14:05+00:00\",\"mainEntityOfPage\":{\"@id\":\"https:\\\/\\\/ofmjpic.org\\\/it\\\/dichiarazione-di-comunione-fraterna-e-solidarieta-con-il-popolo-del-congo-orientale\\\/\"},\"wordCount\":736,\"commentCount\":0,\"publisher\":{\"@id\":\"https:\\\/\\\/ofmjpic.org\\\/it\\\/#organization\"},\"image\":{\"@id\":\"https:\\\/\\\/ofmjpic.org\\\/it\\\/dichiarazione-di-comunione-fraterna-e-solidarieta-con-il-popolo-del-congo-orientale\\\/#primaryimage\"},\"thumbnailUrl\":\"https:\\\/\\\/ofmjpic.org\\\/wp-content\\\/uploads\\\/2025\\\/03\\\/declaracion-este-del-congo-ofm-jpic.png\",\"articleSection\":[\"Notizie\"],\"inLanguage\":\"it-IT\",\"potentialAction\":[{\"@type\":\"CommentAction\",\"name\":\"Comment\",\"target\":[\"https:\\\/\\\/ofmjpic.org\\\/it\\\/dichiarazione-di-comunione-fraterna-e-solidarieta-con-il-popolo-del-congo-orientale\\\/#respond\"]}]},{\"@type\":\"WebPage\",\"@id\":\"https:\\\/\\\/ofmjpic.org\\\/it\\\/dichiarazione-di-comunione-fraterna-e-solidarieta-con-il-popolo-del-congo-orientale\\\/\",\"url\":\"https:\\\/\\\/ofmjpic.org\\\/it\\\/dichiarazione-di-comunione-fraterna-e-solidarieta-con-il-popolo-del-congo-orientale\\\/\",\"name\":\"Dichiarazione di comunione fraterna e solidariet\u00e0 con il popolo del Congo orientale - OFM JPIC\",\"isPartOf\":{\"@id\":\"https:\\\/\\\/ofmjpic.org\\\/it\\\/#website\"},\"primaryImageOfPage\":{\"@id\":\"https:\\\/\\\/ofmjpic.org\\\/it\\\/dichiarazione-di-comunione-fraterna-e-solidarieta-con-il-popolo-del-congo-orientale\\\/#primaryimage\"},\"image\":{\"@id\":\"https:\\\/\\\/ofmjpic.org\\\/it\\\/dichiarazione-di-comunione-fraterna-e-solidarieta-con-il-popolo-del-congo-orientale\\\/#primaryimage\"},\"thumbnailUrl\":\"https:\\\/\\\/ofmjpic.org\\\/wp-content\\\/uploads\\\/2025\\\/03\\\/declaracion-este-del-congo-ofm-jpic.png\",\"datePublished\":\"2025-03-18T15:14:05+00:00\",\"description\":\"Solidariet\u00e0 francescana con le vittime del conflitto in Congo. Un appello alla pace e alla giustizia dal Consiglio Internazionale di GPIC.\",\"breadcrumb\":{\"@id\":\"https:\\\/\\\/ofmjpic.org\\\/it\\\/dichiarazione-di-comunione-fraterna-e-solidarieta-con-il-popolo-del-congo-orientale\\\/#breadcrumb\"},\"inLanguage\":\"it-IT\",\"potentialAction\":[{\"@type\":\"ReadAction\",\"target\":[\"https:\\\/\\\/ofmjpic.org\\\/it\\\/dichiarazione-di-comunione-fraterna-e-solidarieta-con-il-popolo-del-congo-orientale\\\/\"]}]},{\"@type\":\"ImageObject\",\"inLanguage\":\"it-IT\",\"@id\":\"https:\\\/\\\/ofmjpic.org\\\/it\\\/dichiarazione-di-comunione-fraterna-e-solidarieta-con-il-popolo-del-congo-orientale\\\/#primaryimage\",\"url\":\"https:\\\/\\\/ofmjpic.org\\\/wp-content\\\/uploads\\\/2025\\\/03\\\/declaracion-este-del-congo-ofm-jpic.png\",\"contentUrl\":\"https:\\\/\\\/ofmjpic.org\\\/wp-content\\\/uploads\\\/2025\\\/03\\\/declaracion-este-del-congo-ofm-jpic.png\",\"width\":2240,\"height\":1260},{\"@type\":\"BreadcrumbList\",\"@id\":\"https:\\\/\\\/ofmjpic.org\\\/it\\\/dichiarazione-di-comunione-fraterna-e-solidarieta-con-il-popolo-del-congo-orientale\\\/#breadcrumb\",\"itemListElement\":[{\"@type\":\"ListItem\",\"position\":1,\"name\":\"Portada\",\"item\":\"https:\\\/\\\/ofmjpic.org\\\/it\\\/\"},{\"@type\":\"ListItem\",\"position\":2,\"name\":\"Dichiarazione di comunione fraterna e solidariet\u00e0 con il popolo del Congo orientale\"}]},{\"@type\":\"WebSite\",\"@id\":\"https:\\\/\\\/ofmjpic.org\\\/it\\\/#website\",\"url\":\"https:\\\/\\\/ofmjpic.org\\\/it\\\/\",\"name\":\"OFM Justice, Peace and Integrity of Creation\",\"description\":\"\",\"publisher\":{\"@id\":\"https:\\\/\\\/ofmjpic.org\\\/it\\\/#organization\"},\"potentialAction\":[{\"@type\":\"SearchAction\",\"target\":{\"@type\":\"EntryPoint\",\"urlTemplate\":\"https:\\\/\\\/ofmjpic.org\\\/it\\\/?s={search_term_string}\"},\"query-input\":{\"@type\":\"PropertyValueSpecification\",\"valueRequired\":true,\"valueName\":\"search_term_string\"}}],\"inLanguage\":\"it-IT\"},{\"@type\":\"Organization\",\"@id\":\"https:\\\/\\\/ofmjpic.org\\\/it\\\/#organization\",\"name\":\"General office for Justice, Peace and Integrity of Creation\",\"url\":\"https:\\\/\\\/ofmjpic.org\\\/it\\\/\",\"logo\":{\"@type\":\"ImageObject\",\"inLanguage\":\"it-IT\",\"@id\":\"https:\\\/\\\/ofmjpic.org\\\/it\\\/#\\\/schema\\\/logo\\\/image\\\/\",\"url\":\"https:\\\/\\\/ofmjpic.org\\\/wp-content\\\/uploads\\\/2018\\\/08\\\/ES_JPIC_Logo_.png\",\"contentUrl\":\"https:\\\/\\\/ofmjpic.org\\\/wp-content\\\/uploads\\\/2018\\\/08\\\/ES_JPIC_Logo_.png\",\"width\":3957,\"height\":4082,\"caption\":\"General office for Justice, Peace and Integrity of Creation\"},\"image\":{\"@id\":\"https:\\\/\\\/ofmjpic.org\\\/it\\\/#\\\/schema\\\/logo\\\/image\\\/\"},\"sameAs\":[\"https:\\\/\\\/www.facebook.com\\\/ofmjpic\\\/\",\"https:\\\/\\\/www.instagram.com\\\/ofmjpic\\\/\"]},{\"@type\":\"Person\",\"@id\":\"https:\\\/\\\/ofmjpic.org\\\/it\\\/#\\\/schema\\\/person\\\/39d264e8b62f999b4bd6d547149132f9\",\"name\":\"admin\",\"url\":\"https:\\\/\\\/ofmjpic.org\\\/it\\\/author\\\/admin\\\/\"}]}<\/script>\n<!-- \/ Yoast SEO plugin. -->","yoast_head_json":{"title":"Dichiarazione di comunione fraterna e solidariet\u00e0 con il popolo del Congo orientale - OFM JPIC","description":"Solidariet\u00e0 francescana con le vittime del conflitto in Congo. Un appello alla pace e alla giustizia dal Consiglio Internazionale di GPIC.","robots":{"index":"index","follow":"follow","max-snippet":"max-snippet:-1","max-image-preview":"max-image-preview:large","max-video-preview":"max-video-preview:-1"},"canonical":"https:\/\/ofmjpic.org\/it\/dichiarazione-di-comunione-fraterna-e-solidarieta-con-il-popolo-del-congo-orientale\/","og_locale":"it_IT","og_type":"article","og_title":"Dichiarazione di comunione fraterna e solidariet\u00e0 con il popolo del Congo orientale - OFM JPIC","og_description":"Solidariet\u00e0 francescana con le vittime del conflitto in Congo. Un appello alla pace e alla giustizia dal Consiglio Internazionale di GPIC.","og_url":"https:\/\/ofmjpic.org\/it\/dichiarazione-di-comunione-fraterna-e-solidarieta-con-il-popolo-del-congo-orientale\/","og_site_name":"OFM JPIC","article_publisher":"https:\/\/www.facebook.com\/ofmjpic\/","article_published_time":"2025-03-18T15:14:05+00:00","og_image":[{"width":1024,"height":576,"url":"https:\/\/ofmjpic.org\/wp-content\/uploads\/2025\/03\/declaracion-este-del-congo-ofm-jpic-1024x576.png","type":"image\/png"}],"author":"admin","twitter_card":"summary_large_image","twitter_misc":{"Scritto da":"admin","Tempo di lettura stimato":"4 minuti"},"schema":{"@context":"https:\/\/schema.org","@graph":[{"@type":"Article","@id":"https:\/\/ofmjpic.org\/it\/dichiarazione-di-comunione-fraterna-e-solidarieta-con-il-popolo-del-congo-orientale\/#article","isPartOf":{"@id":"https:\/\/ofmjpic.org\/it\/dichiarazione-di-comunione-fraterna-e-solidarieta-con-il-popolo-del-congo-orientale\/"},"author":{"name":"admin","@id":"https:\/\/ofmjpic.org\/it\/#\/schema\/person\/39d264e8b62f999b4bd6d547149132f9"},"headline":"Dichiarazione di comunione fraterna e solidariet\u00e0 con il popolo del Congo orientale","datePublished":"2025-03-18T15:14:05+00:00","mainEntityOfPage":{"@id":"https:\/\/ofmjpic.org\/it\/dichiarazione-di-comunione-fraterna-e-solidarieta-con-il-popolo-del-congo-orientale\/"},"wordCount":736,"commentCount":0,"publisher":{"@id":"https:\/\/ofmjpic.org\/it\/#organization"},"image":{"@id":"https:\/\/ofmjpic.org\/it\/dichiarazione-di-comunione-fraterna-e-solidarieta-con-il-popolo-del-congo-orientale\/#primaryimage"},"thumbnailUrl":"https:\/\/ofmjpic.org\/wp-content\/uploads\/2025\/03\/declaracion-este-del-congo-ofm-jpic.png","articleSection":["Notizie"],"inLanguage":"it-IT","potentialAction":[{"@type":"CommentAction","name":"Comment","target":["https:\/\/ofmjpic.org\/it\/dichiarazione-di-comunione-fraterna-e-solidarieta-con-il-popolo-del-congo-orientale\/#respond"]}]},{"@type":"WebPage","@id":"https:\/\/ofmjpic.org\/it\/dichiarazione-di-comunione-fraterna-e-solidarieta-con-il-popolo-del-congo-orientale\/","url":"https:\/\/ofmjpic.org\/it\/dichiarazione-di-comunione-fraterna-e-solidarieta-con-il-popolo-del-congo-orientale\/","name":"Dichiarazione di comunione fraterna e solidariet\u00e0 con il popolo del Congo orientale - OFM JPIC","isPartOf":{"@id":"https:\/\/ofmjpic.org\/it\/#website"},"primaryImageOfPage":{"@id":"https:\/\/ofmjpic.org\/it\/dichiarazione-di-comunione-fraterna-e-solidarieta-con-il-popolo-del-congo-orientale\/#primaryimage"},"image":{"@id":"https:\/\/ofmjpic.org\/it\/dichiarazione-di-comunione-fraterna-e-solidarieta-con-il-popolo-del-congo-orientale\/#primaryimage"},"thumbnailUrl":"https:\/\/ofmjpic.org\/wp-content\/uploads\/2025\/03\/declaracion-este-del-congo-ofm-jpic.png","datePublished":"2025-03-18T15:14:05+00:00","description":"Solidariet\u00e0 francescana con le vittime del conflitto in Congo. Un appello alla pace e alla giustizia dal Consiglio Internazionale di GPIC.","breadcrumb":{"@id":"https:\/\/ofmjpic.org\/it\/dichiarazione-di-comunione-fraterna-e-solidarieta-con-il-popolo-del-congo-orientale\/#breadcrumb"},"inLanguage":"it-IT","potentialAction":[{"@type":"ReadAction","target":["https:\/\/ofmjpic.org\/it\/dichiarazione-di-comunione-fraterna-e-solidarieta-con-il-popolo-del-congo-orientale\/"]}]},{"@type":"ImageObject","inLanguage":"it-IT","@id":"https:\/\/ofmjpic.org\/it\/dichiarazione-di-comunione-fraterna-e-solidarieta-con-il-popolo-del-congo-orientale\/#primaryimage","url":"https:\/\/ofmjpic.org\/wp-content\/uploads\/2025\/03\/declaracion-este-del-congo-ofm-jpic.png","contentUrl":"https:\/\/ofmjpic.org\/wp-content\/uploads\/2025\/03\/declaracion-este-del-congo-ofm-jpic.png","width":2240,"height":1260},{"@type":"BreadcrumbList","@id":"https:\/\/ofmjpic.org\/it\/dichiarazione-di-comunione-fraterna-e-solidarieta-con-il-popolo-del-congo-orientale\/#breadcrumb","itemListElement":[{"@type":"ListItem","position":1,"name":"Portada","item":"https:\/\/ofmjpic.org\/it\/"},{"@type":"ListItem","position":2,"name":"Dichiarazione di comunione fraterna e solidariet\u00e0 con il popolo del Congo orientale"}]},{"@type":"WebSite","@id":"https:\/\/ofmjpic.org\/it\/#website","url":"https:\/\/ofmjpic.org\/it\/","name":"OFM Justice, Peace and Integrity of Creation","description":"","publisher":{"@id":"https:\/\/ofmjpic.org\/it\/#organization"},"potentialAction":[{"@type":"SearchAction","target":{"@type":"EntryPoint","urlTemplate":"https:\/\/ofmjpic.org\/it\/?s={search_term_string}"},"query-input":{"@type":"PropertyValueSpecification","valueRequired":true,"valueName":"search_term_string"}}],"inLanguage":"it-IT"},{"@type":"Organization","@id":"https:\/\/ofmjpic.org\/it\/#organization","name":"General office for Justice, Peace and Integrity of Creation","url":"https:\/\/ofmjpic.org\/it\/","logo":{"@type":"ImageObject","inLanguage":"it-IT","@id":"https:\/\/ofmjpic.org\/it\/#\/schema\/logo\/image\/","url":"https:\/\/ofmjpic.org\/wp-content\/uploads\/2018\/08\/ES_JPIC_Logo_.png","contentUrl":"https:\/\/ofmjpic.org\/wp-content\/uploads\/2018\/08\/ES_JPIC_Logo_.png","width":3957,"height":4082,"caption":"General office for Justice, Peace and Integrity of Creation"},"image":{"@id":"https:\/\/ofmjpic.org\/it\/#\/schema\/logo\/image\/"},"sameAs":["https:\/\/www.facebook.com\/ofmjpic\/","https:\/\/www.instagram.com\/ofmjpic\/"]},{"@type":"Person","@id":"https:\/\/ofmjpic.org\/it\/#\/schema\/person\/39d264e8b62f999b4bd6d547149132f9","name":"admin","url":"https:\/\/ofmjpic.org\/it\/author\/admin\/"}]}},"_links":{"self":[{"href":"https:\/\/ofmjpic.org\/it\/wp-json\/wp\/v2\/posts\/19337","targetHints":{"allow":["GET"]}}],"collection":[{"href":"https:\/\/ofmjpic.org\/it\/wp-json\/wp\/v2\/posts"}],"about":[{"href":"https:\/\/ofmjpic.org\/it\/wp-json\/wp\/v2\/types\/post"}],"author":[{"embeddable":true,"href":"https:\/\/ofmjpic.org\/it\/wp-json\/wp\/v2\/users\/1"}],"replies":[{"embeddable":true,"href":"https:\/\/ofmjpic.org\/it\/wp-json\/wp\/v2\/comments?post=19337"}],"version-history":[{"count":0,"href":"https:\/\/ofmjpic.org\/it\/wp-json\/wp\/v2\/posts\/19337\/revisions"}],"wp:featuredmedia":[{"embeddable":true,"href":"https:\/\/ofmjpic.org\/it\/wp-json\/wp\/v2\/media\/19322"}],"wp:attachment":[{"href":"https:\/\/ofmjpic.org\/it\/wp-json\/wp\/v2\/media?parent=19337"}],"wp:term":[{"taxonomy":"category","embeddable":true,"href":"https:\/\/ofmjpic.org\/it\/wp-json\/wp\/v2\/categories?post=19337"},{"taxonomy":"post_tag","embeddable":true,"href":"https:\/\/ofmjpic.org\/it\/wp-json\/wp\/v2\/tags?post=19337"}],"curies":[{"name":"wp","href":"https:\/\/api.w.org\/{rel}","templated":true}]}}