{"id":19150,"date":"2025-02-03T16:02:11","date_gmt":"2025-02-03T16:02:11","guid":{"rendered":"https:\/\/ofmjpic.org\/?p=19150"},"modified":"2025-02-03T16:36:58","modified_gmt":"2025-02-03T16:36:58","slug":"proteggere-la-dignita-di-tutti-una-dichiarazione-sui-cambiamenti-drastici-alla-legge-e-alla-politica-sullimmigrazione-negli-stati-uniti","status":"publish","type":"post","link":"https:\/\/ofmjpic.org\/it\/proteggere-la-dignita-di-tutti-una-dichiarazione-sui-cambiamenti-drastici-alla-legge-e-alla-politica-sullimmigrazione-negli-stati-uniti\/","title":{"rendered":"Proteggere la Dignit\u00e0 di Tutti: Una dichiarazione sui cambiamenti drastici alla legge e alla politica sull&#8217;immigrazione negli Stati Uniti"},"content":{"rendered":"<p><strong>Il Consiglio provinciale della Provincia di Nostra Signora di Guadalupe sta rispondendo ai cambiamenti nella Legislazione e nella Politica sull&#8217;immigrazione negli Stati Uniti e per le deportazioni di massa che si stanno verificando in tutto il Paese. Chiede un approccio giusto e compassionevole per proteggere la dignit\u00e0 di tutti. Questa risposta \u00e8 in linea con il <a href=\"https:\/\/friars.us\/news-and-media\/synod\" target=\"_blank\" rel=\"noopener\">Sinodo Francescano<\/a><\/strong><span style=\"font-weight: 400;\"><strong>, che si \u00e8 concluso a gennaio, con il quale si sono impegnati a rispondere alla chiamata del Vangelo per affrontare i bisogni dei poveri, degli emarginati, dei vulnerabili e della nostra casa comune.<\/strong> <\/span><\/p>\n<hr \/>\n<p><span style=\"font-weight: 400;\">Come cristiani cattolici della tradizione francescana, uniamo le nostre voci a quelle di innumerevoli figure responsabili nella Chiesa e nell&#8217;opinione pubblica che, profondamente preoccupati, si oppongono ai drastici cambiamenti alla legge e alla politica sull&#8217;immigrazione degli Stati Uniti contenuti negli ordini esecutivi e nei proclami emessi la scorsa settimana dalla nuova amministrazione. A nostro avviso, essi mirano a realizzare &#8220;il pi\u00f9 grande programma di deportazione nella storia degli Stati Uniti&#8221;, a porre fine al reinsediamento dei rifugiati, a revocare le concessioni di libert\u00e0 vigilata per motivi umanitari e a porre fine alla cittadinanza per diritto di nascita. Riteniamo che tale linea d&#8217;azione comporter\u00e0 conseguenze negative e non necessarie che danneggeranno i pi\u00f9 vulnerabili tra noi.<\/span><\/p>\n<p><span style=\"font-weight: 400;\">La nostra opposizione si fonda sulla nostra tradizione di fede giudaico-cristiana che, dalle Scritture ebraiche, attraverso le Scritture cristiane, fino alle pi\u00f9 recenti dichiarazioni papali e della Chiesa, ci chiama ad accogliere lo straniero e a esercitare giustizia e compassione verso chi \u00e8 vulnerabile. L&#8217;insegnamento sociale cattolico ci invita a riconoscere che tutti gli esseri umani sono creati a immagine di Dio e pertanto possiedono una dignit\u00e0 e un rispetto intrinseci e inalienabili. I diritti umani che derivano dalla dignit\u00e0 di ogni persona umana includono il diritto di migrare in risposta a gravi violenze o a situazioni di povert\u00e0 estrema.\u00a0<\/span><\/p>\n<p><span style=\"font-weight: 400;\">Pur concordando sul fatto che il sistema di immigrazione degli Stati Uniti necessita da tempo di cambiamenti e aggiornamenti significativi, riteniamo che la direzione intrapresa dalla nuova amministrazione causer\u00e0 pi\u00f9 danni che benefici, ad esempio separando le famiglie, avviandoci verso uno Stato di polizia, seminando paura, caos e confusione tra gli immigrati che lavorano duramente, rispettano la legge e fanno parte delle nostre comunit\u00e0 da molti anni e invitando a demonizzare ulteriormente gli immigrati.\u00a0<\/span><\/p>\n<p><span style=\"font-weight: 400;\">Pertanto, insieme a molte comunit\u00e0 religiose degli Stati Uniti, chiediamo al Congresso e all&#8217;Amministrazione di:\u00a0<\/span><\/p>\n<p><span style=\"font-weight: 400;\">Opporsi alle deportazioni di massa come strumento per ottenere una riforma dell&#8217;immigrazione necessaria ed efficace.\u00a0<\/span><\/p>\n<p><span style=\"font-weight: 400;\">In quanto nazione, scegliamo un modo di procedere che protegga efficacemente le nostre frontiere, pur tutelando la dignit\u00e0 di tutti coloro che giungono sulle nostre coste, attraverso un sistema di immigrazione governato dalla misericordia e dalla giustizia.<\/span><\/p>\n<p>&nbsp;<\/p>\n<p style=\"text-align: center;\"><span style=\"font-weight: 400;\">Nostra Signora di Guadalupe<br \/>\n<\/span><span style=\"font-weight: 400;\">Dona conforto a quanti, in tutto il mondo, sono costretti a fuggire dalle proprie case.<br \/>\n<\/span><span style=\"font-weight: 400;\">in fuga dalla povert\u00e0, dalla violenza e dai conflitti.<br \/>\n<\/span><span style=\"font-weight: 400;\">Proteggili nelle loro tribolazioni,<br \/>\n<\/span><span style=\"font-weight: 400;\">D\u00e0 loro la forza di costruire una nuova vita,<br \/>\n<\/span><span style=\"font-weight: 400;\">Riempi il nostro mondo sofferente della tua grazia e della tua compassione.<\/span><\/p>\n<p style=\"text-align: center;\"><span style=\"font-weight: 400;\">Madre di tutti,<br \/>\n<\/span><span style=\"font-weight: 400;\">Tu vedi la bellezza e la santit\u00e0 in ognuno di noi:<br \/>\n<\/span><span style=\"font-weight: 400;\">Apri i cuori di coloro che non vedono ancora<br \/>\n<\/span><span style=\"font-weight: 400;\">la dignit\u00e0 dei tuoi figli che cercano rifugio.<br \/>\n<\/span><span style=\"font-weight: 400;\">Uniscici per accogliere lo straniero nel tuo nome,<br \/>\n<\/span><span style=\"font-weight: 400;\">concedici il coraggio di abbattere i muri che ci dividono,<br \/>\n<\/span><span style=\"font-weight: 400;\">guidaci mentre ci battiamo per la giustizia e la pace. AMEN.<\/span><\/p>\n<p>&nbsp;<\/p>\n<p><strong>Consiglio Provinciale dei Frati Francescani<br \/>\nProvincia di Nostra Signora di Guadalupe<\/strong><\/p>\n<p>Lawrence J. Hayes, O.F.M.<br \/>\nMark Soehner, O.F.M.<br \/>\nJohn Eaton, O.F.M.<br \/>\nErick L\u00f3pez, O.F.M.<br \/>\nRoger L\u00f3pez, O.F.M.<br \/>\nSam Nasada, O.F.M.<br \/>\nRommel P\u00e9rez, O.F.M.<br \/>\nJos\u00e9 Rodr\u00edguez, O.F.M.<br \/>\nEdward Tlucek, O.F.M.<\/p>\n<p><strong>Grafica: Fr. Kevin Hamzik OFM<\/strong><\/p>\n","protected":false},"excerpt":{"rendered":"<p>L&#8217;impatto della riforma dell&#8217;immigrazione e l&#8217;importanza di una politica migratoria umanitaria che protegga la dignit\u00e0 di tutti.<\/p>\n","protected":false},"author":1,"featured_media":19136,"comment_status":"open","ping_status":"open","sticky":false,"template":"","format":"standard","meta":{"_acf_changed":false,"_et_pb_use_builder":"","_et_pb_old_content":"","_et_gb_content_width":"","footnotes":""},"categories":[961],"tags":[],"class_list":["post-19150","post","type-post","status-publish","format-standard","has-post-thumbnail","hentry","category-notizie"],"acf":[],"yoast_head":"<!-- This site is optimized with the Yoast SEO plugin v28.4 - https:\/\/yoast.com\/product\/yoast-seo-wordpress\/ -->\n<title>Proteggere la Dignit\u00e0 di Tutti: Una dichiarazione sui cambiamenti drastici alla legge e alla politica sull&#039;immigrazione negli Stati Uniti - OFM JPIC<\/title>\n<meta name=\"description\" content=\"L&#039;impatto della riforma dell&#039;immigrazione e l&#039;importanza di una politica migratoria umanitaria che protegga la dignit\u00e0 di tutti.\" \/>\n<meta name=\"robots\" content=\"index, follow, max-snippet:-1, max-image-preview:large, max-video-preview:-1\" \/>\n<link rel=\"canonical\" href=\"https:\/\/ofmjpic.org\/it\/proteggere-la-dignita-di-tutti-una-dichiarazione-sui-cambiamenti-drastici-alla-legge-e-alla-politica-sullimmigrazione-negli-stati-uniti\/\" \/>\n<meta property=\"og:locale\" content=\"it_IT\" \/>\n<meta property=\"og:type\" content=\"article\" \/>\n<meta property=\"og:title\" content=\"Proteggere la Dignit\u00e0 di Tutti: Una dichiarazione sui cambiamenti drastici alla legge e alla politica sull&#039;immigrazione negli Stati Uniti - OFM JPIC\" \/>\n<meta property=\"og:description\" content=\"L&#039;impatto della riforma dell&#039;immigrazione e l&#039;importanza di una politica migratoria umanitaria che protegga la dignit\u00e0 di tutti.\" \/>\n<meta property=\"og:url\" content=\"https:\/\/ofmjpic.org\/it\/proteggere-la-dignita-di-tutti-una-dichiarazione-sui-cambiamenti-drastici-alla-legge-e-alla-politica-sullimmigrazione-negli-stati-uniti\/\" \/>\n<meta property=\"og:site_name\" content=\"OFM JPIC\" \/>\n<meta property=\"article:publisher\" content=\"https:\/\/www.facebook.com\/ofmjpic\/\" \/>\n<meta property=\"article:published_time\" content=\"2025-02-03T16:02:11+00:00\" \/>\n<meta property=\"article:modified_time\" content=\"2025-02-03T16:36:58+00:00\" \/>\n<meta property=\"og:image\" content=\"https:\/\/ofmjpic.org\/wp-content\/uploads\/2025\/01\/kevin-hamzik-migrant-art-1024x512.png\" \/>\n\t<meta property=\"og:image:width\" content=\"1024\" \/>\n\t<meta property=\"og:image:height\" content=\"512\" \/>\n\t<meta property=\"og:image:type\" content=\"image\/png\" \/>\n<meta name=\"author\" content=\"admin\" \/>\n<meta name=\"twitter:card\" content=\"summary_large_image\" \/>\n<meta name=\"twitter:label1\" content=\"Scritto da\" \/>\n\t<meta name=\"twitter:data1\" content=\"admin\" \/>\n\t<meta name=\"twitter:label2\" content=\"Tempo di lettura stimato\" \/>\n\t<meta name=\"twitter:data2\" content=\"3 minuti\" \/>\n<script type=\"application\/ld+json\" class=\"yoast-schema-graph\">{\"@context\":\"https:\\\/\\\/schema.org\",\"@graph\":[{\"@type\":\"Article\",\"@id\":\"https:\\\/\\\/ofmjpic.org\\\/it\\\/proteggere-la-dignita-di-tutti-una-dichiarazione-sui-cambiamenti-drastici-alla-legge-e-alla-politica-sullimmigrazione-negli-stati-uniti\\\/#article\",\"isPartOf\":{\"@id\":\"https:\\\/\\\/ofmjpic.org\\\/it\\\/proteggere-la-dignita-di-tutti-una-dichiarazione-sui-cambiamenti-drastici-alla-legge-e-alla-politica-sullimmigrazione-negli-stati-uniti\\\/\"},\"author\":{\"name\":\"admin\",\"@id\":\"https:\\\/\\\/ofmjpic.org\\\/it\\\/#\\\/schema\\\/person\\\/39d264e8b62f999b4bd6d547149132f9\"},\"headline\":\"Proteggere la Dignit\u00e0 di Tutti: Una dichiarazione sui cambiamenti drastici alla legge e alla politica sull&#8217;immigrazione negli Stati Uniti\",\"datePublished\":\"2025-02-03T16:02:11+00:00\",\"dateModified\":\"2025-02-03T16:36:58+00:00\",\"mainEntityOfPage\":{\"@id\":\"https:\\\/\\\/ofmjpic.org\\\/it\\\/proteggere-la-dignita-di-tutti-una-dichiarazione-sui-cambiamenti-drastici-alla-legge-e-alla-politica-sullimmigrazione-negli-stati-uniti\\\/\"},\"wordCount\":652,\"commentCount\":0,\"publisher\":{\"@id\":\"https:\\\/\\\/ofmjpic.org\\\/it\\\/#organization\"},\"image\":{\"@id\":\"https:\\\/\\\/ofmjpic.org\\\/it\\\/proteggere-la-dignita-di-tutti-una-dichiarazione-sui-cambiamenti-drastici-alla-legge-e-alla-politica-sullimmigrazione-negli-stati-uniti\\\/#primaryimage\"},\"thumbnailUrl\":\"https:\\\/\\\/ofmjpic.org\\\/wp-content\\\/uploads\\\/2025\\\/01\\\/kevin-hamzik-migrant-art.png\",\"articleSection\":[\"Notizie\"],\"inLanguage\":\"it-IT\",\"potentialAction\":[{\"@type\":\"CommentAction\",\"name\":\"Comment\",\"target\":[\"https:\\\/\\\/ofmjpic.org\\\/it\\\/proteggere-la-dignita-di-tutti-una-dichiarazione-sui-cambiamenti-drastici-alla-legge-e-alla-politica-sullimmigrazione-negli-stati-uniti\\\/#respond\"]}]},{\"@type\":\"WebPage\",\"@id\":\"https:\\\/\\\/ofmjpic.org\\\/it\\\/proteggere-la-dignita-di-tutti-una-dichiarazione-sui-cambiamenti-drastici-alla-legge-e-alla-politica-sullimmigrazione-negli-stati-uniti\\\/\",\"url\":\"https:\\\/\\\/ofmjpic.org\\\/it\\\/proteggere-la-dignita-di-tutti-una-dichiarazione-sui-cambiamenti-drastici-alla-legge-e-alla-politica-sullimmigrazione-negli-stati-uniti\\\/\",\"name\":\"Proteggere la Dignit\u00e0 di Tutti: Una dichiarazione sui cambiamenti drastici alla legge e alla politica sull'immigrazione negli Stati Uniti - OFM JPIC\",\"isPartOf\":{\"@id\":\"https:\\\/\\\/ofmjpic.org\\\/it\\\/#website\"},\"primaryImageOfPage\":{\"@id\":\"https:\\\/\\\/ofmjpic.org\\\/it\\\/proteggere-la-dignita-di-tutti-una-dichiarazione-sui-cambiamenti-drastici-alla-legge-e-alla-politica-sullimmigrazione-negli-stati-uniti\\\/#primaryimage\"},\"image\":{\"@id\":\"https:\\\/\\\/ofmjpic.org\\\/it\\\/proteggere-la-dignita-di-tutti-una-dichiarazione-sui-cambiamenti-drastici-alla-legge-e-alla-politica-sullimmigrazione-negli-stati-uniti\\\/#primaryimage\"},\"thumbnailUrl\":\"https:\\\/\\\/ofmjpic.org\\\/wp-content\\\/uploads\\\/2025\\\/01\\\/kevin-hamzik-migrant-art.png\",\"datePublished\":\"2025-02-03T16:02:11+00:00\",\"dateModified\":\"2025-02-03T16:36:58+00:00\",\"description\":\"L'impatto della riforma dell'immigrazione e l'importanza di una politica migratoria umanitaria che protegga la dignit\u00e0 di tutti.\",\"breadcrumb\":{\"@id\":\"https:\\\/\\\/ofmjpic.org\\\/it\\\/proteggere-la-dignita-di-tutti-una-dichiarazione-sui-cambiamenti-drastici-alla-legge-e-alla-politica-sullimmigrazione-negli-stati-uniti\\\/#breadcrumb\"},\"inLanguage\":\"it-IT\",\"potentialAction\":[{\"@type\":\"ReadAction\",\"target\":[\"https:\\\/\\\/ofmjpic.org\\\/it\\\/proteggere-la-dignita-di-tutti-una-dichiarazione-sui-cambiamenti-drastici-alla-legge-e-alla-politica-sullimmigrazione-negli-stati-uniti\\\/\"]}]},{\"@type\":\"ImageObject\",\"inLanguage\":\"it-IT\",\"@id\":\"https:\\\/\\\/ofmjpic.org\\\/it\\\/proteggere-la-dignita-di-tutti-una-dichiarazione-sui-cambiamenti-drastici-alla-legge-e-alla-politica-sullimmigrazione-negli-stati-uniti\\\/#primaryimage\",\"url\":\"https:\\\/\\\/ofmjpic.org\\\/wp-content\\\/uploads\\\/2025\\\/01\\\/kevin-hamzik-migrant-art.png\",\"contentUrl\":\"https:\\\/\\\/ofmjpic.org\\\/wp-content\\\/uploads\\\/2025\\\/01\\\/kevin-hamzik-migrant-art.png\",\"width\":2000,\"height\":1000},{\"@type\":\"BreadcrumbList\",\"@id\":\"https:\\\/\\\/ofmjpic.org\\\/it\\\/proteggere-la-dignita-di-tutti-una-dichiarazione-sui-cambiamenti-drastici-alla-legge-e-alla-politica-sullimmigrazione-negli-stati-uniti\\\/#breadcrumb\",\"itemListElement\":[{\"@type\":\"ListItem\",\"position\":1,\"name\":\"Portada\",\"item\":\"https:\\\/\\\/ofmjpic.org\\\/it\\\/\"},{\"@type\":\"ListItem\",\"position\":2,\"name\":\"Proteggere la Dignit\u00e0 di Tutti: Una dichiarazione sui cambiamenti drastici alla legge e alla politica sull&#8217;immigrazione negli Stati Uniti\"}]},{\"@type\":\"WebSite\",\"@id\":\"https:\\\/\\\/ofmjpic.org\\\/it\\\/#website\",\"url\":\"https:\\\/\\\/ofmjpic.org\\\/it\\\/\",\"name\":\"OFM Justice, Peace and Integrity of Creation\",\"description\":\"\",\"publisher\":{\"@id\":\"https:\\\/\\\/ofmjpic.org\\\/it\\\/#organization\"},\"potentialAction\":[{\"@type\":\"SearchAction\",\"target\":{\"@type\":\"EntryPoint\",\"urlTemplate\":\"https:\\\/\\\/ofmjpic.org\\\/it\\\/?s={search_term_string}\"},\"query-input\":{\"@type\":\"PropertyValueSpecification\",\"valueRequired\":true,\"valueName\":\"search_term_string\"}}],\"inLanguage\":\"it-IT\"},{\"@type\":\"Organization\",\"@id\":\"https:\\\/\\\/ofmjpic.org\\\/it\\\/#organization\",\"name\":\"General office for Justice, Peace and Integrity of Creation\",\"url\":\"https:\\\/\\\/ofmjpic.org\\\/it\\\/\",\"logo\":{\"@type\":\"ImageObject\",\"inLanguage\":\"it-IT\",\"@id\":\"https:\\\/\\\/ofmjpic.org\\\/it\\\/#\\\/schema\\\/logo\\\/image\\\/\",\"url\":\"https:\\\/\\\/ofmjpic.org\\\/wp-content\\\/uploads\\\/2018\\\/08\\\/ES_JPIC_Logo_.png\",\"contentUrl\":\"https:\\\/\\\/ofmjpic.org\\\/wp-content\\\/uploads\\\/2018\\\/08\\\/ES_JPIC_Logo_.png\",\"width\":3957,\"height\":4082,\"caption\":\"General office for Justice, Peace and Integrity of Creation\"},\"image\":{\"@id\":\"https:\\\/\\\/ofmjpic.org\\\/it\\\/#\\\/schema\\\/logo\\\/image\\\/\"},\"sameAs\":[\"https:\\\/\\\/www.facebook.com\\\/ofmjpic\\\/\",\"https:\\\/\\\/www.instagram.com\\\/ofmjpic\\\/\"]},{\"@type\":\"Person\",\"@id\":\"https:\\\/\\\/ofmjpic.org\\\/it\\\/#\\\/schema\\\/person\\\/39d264e8b62f999b4bd6d547149132f9\",\"name\":\"admin\",\"url\":\"https:\\\/\\\/ofmjpic.org\\\/it\\\/author\\\/admin\\\/\"}]}<\/script>\n<!-- \/ Yoast SEO plugin. -->","yoast_head_json":{"title":"Proteggere la Dignit\u00e0 di Tutti: Una dichiarazione sui cambiamenti drastici alla legge e alla politica sull'immigrazione negli Stati Uniti - OFM JPIC","description":"L'impatto della riforma dell'immigrazione e l'importanza di una politica migratoria umanitaria che protegga la dignit\u00e0 di tutti.","robots":{"index":"index","follow":"follow","max-snippet":"max-snippet:-1","max-image-preview":"max-image-preview:large","max-video-preview":"max-video-preview:-1"},"canonical":"https:\/\/ofmjpic.org\/it\/proteggere-la-dignita-di-tutti-una-dichiarazione-sui-cambiamenti-drastici-alla-legge-e-alla-politica-sullimmigrazione-negli-stati-uniti\/","og_locale":"it_IT","og_type":"article","og_title":"Proteggere la Dignit\u00e0 di Tutti: Una dichiarazione sui cambiamenti drastici alla legge e alla politica sull'immigrazione negli Stati Uniti - OFM JPIC","og_description":"L'impatto della riforma dell'immigrazione e l'importanza di una politica migratoria umanitaria che protegga la dignit\u00e0 di tutti.","og_url":"https:\/\/ofmjpic.org\/it\/proteggere-la-dignita-di-tutti-una-dichiarazione-sui-cambiamenti-drastici-alla-legge-e-alla-politica-sullimmigrazione-negli-stati-uniti\/","og_site_name":"OFM JPIC","article_publisher":"https:\/\/www.facebook.com\/ofmjpic\/","article_published_time":"2025-02-03T16:02:11+00:00","article_modified_time":"2025-02-03T16:36:58+00:00","og_image":[{"width":1024,"height":512,"url":"https:\/\/ofmjpic.org\/wp-content\/uploads\/2025\/01\/kevin-hamzik-migrant-art-1024x512.png","type":"image\/png"}],"author":"admin","twitter_card":"summary_large_image","twitter_misc":{"Scritto da":"admin","Tempo di lettura stimato":"3 minuti"},"schema":{"@context":"https:\/\/schema.org","@graph":[{"@type":"Article","@id":"https:\/\/ofmjpic.org\/it\/proteggere-la-dignita-di-tutti-una-dichiarazione-sui-cambiamenti-drastici-alla-legge-e-alla-politica-sullimmigrazione-negli-stati-uniti\/#article","isPartOf":{"@id":"https:\/\/ofmjpic.org\/it\/proteggere-la-dignita-di-tutti-una-dichiarazione-sui-cambiamenti-drastici-alla-legge-e-alla-politica-sullimmigrazione-negli-stati-uniti\/"},"author":{"name":"admin","@id":"https:\/\/ofmjpic.org\/it\/#\/schema\/person\/39d264e8b62f999b4bd6d547149132f9"},"headline":"Proteggere la Dignit\u00e0 di Tutti: Una dichiarazione sui cambiamenti drastici alla legge e alla politica sull&#8217;immigrazione negli Stati Uniti","datePublished":"2025-02-03T16:02:11+00:00","dateModified":"2025-02-03T16:36:58+00:00","mainEntityOfPage":{"@id":"https:\/\/ofmjpic.org\/it\/proteggere-la-dignita-di-tutti-una-dichiarazione-sui-cambiamenti-drastici-alla-legge-e-alla-politica-sullimmigrazione-negli-stati-uniti\/"},"wordCount":652,"commentCount":0,"publisher":{"@id":"https:\/\/ofmjpic.org\/it\/#organization"},"image":{"@id":"https:\/\/ofmjpic.org\/it\/proteggere-la-dignita-di-tutti-una-dichiarazione-sui-cambiamenti-drastici-alla-legge-e-alla-politica-sullimmigrazione-negli-stati-uniti\/#primaryimage"},"thumbnailUrl":"https:\/\/ofmjpic.org\/wp-content\/uploads\/2025\/01\/kevin-hamzik-migrant-art.png","articleSection":["Notizie"],"inLanguage":"it-IT","potentialAction":[{"@type":"CommentAction","name":"Comment","target":["https:\/\/ofmjpic.org\/it\/proteggere-la-dignita-di-tutti-una-dichiarazione-sui-cambiamenti-drastici-alla-legge-e-alla-politica-sullimmigrazione-negli-stati-uniti\/#respond"]}]},{"@type":"WebPage","@id":"https:\/\/ofmjpic.org\/it\/proteggere-la-dignita-di-tutti-una-dichiarazione-sui-cambiamenti-drastici-alla-legge-e-alla-politica-sullimmigrazione-negli-stati-uniti\/","url":"https:\/\/ofmjpic.org\/it\/proteggere-la-dignita-di-tutti-una-dichiarazione-sui-cambiamenti-drastici-alla-legge-e-alla-politica-sullimmigrazione-negli-stati-uniti\/","name":"Proteggere la Dignit\u00e0 di Tutti: Una dichiarazione sui cambiamenti drastici alla legge e alla politica sull'immigrazione negli Stati Uniti - OFM JPIC","isPartOf":{"@id":"https:\/\/ofmjpic.org\/it\/#website"},"primaryImageOfPage":{"@id":"https:\/\/ofmjpic.org\/it\/proteggere-la-dignita-di-tutti-una-dichiarazione-sui-cambiamenti-drastici-alla-legge-e-alla-politica-sullimmigrazione-negli-stati-uniti\/#primaryimage"},"image":{"@id":"https:\/\/ofmjpic.org\/it\/proteggere-la-dignita-di-tutti-una-dichiarazione-sui-cambiamenti-drastici-alla-legge-e-alla-politica-sullimmigrazione-negli-stati-uniti\/#primaryimage"},"thumbnailUrl":"https:\/\/ofmjpic.org\/wp-content\/uploads\/2025\/01\/kevin-hamzik-migrant-art.png","datePublished":"2025-02-03T16:02:11+00:00","dateModified":"2025-02-03T16:36:58+00:00","description":"L'impatto della riforma dell'immigrazione e l'importanza di una politica migratoria umanitaria che protegga la dignit\u00e0 di tutti.","breadcrumb":{"@id":"https:\/\/ofmjpic.org\/it\/proteggere-la-dignita-di-tutti-una-dichiarazione-sui-cambiamenti-drastici-alla-legge-e-alla-politica-sullimmigrazione-negli-stati-uniti\/#breadcrumb"},"inLanguage":"it-IT","potentialAction":[{"@type":"ReadAction","target":["https:\/\/ofmjpic.org\/it\/proteggere-la-dignita-di-tutti-una-dichiarazione-sui-cambiamenti-drastici-alla-legge-e-alla-politica-sullimmigrazione-negli-stati-uniti\/"]}]},{"@type":"ImageObject","inLanguage":"it-IT","@id":"https:\/\/ofmjpic.org\/it\/proteggere-la-dignita-di-tutti-una-dichiarazione-sui-cambiamenti-drastici-alla-legge-e-alla-politica-sullimmigrazione-negli-stati-uniti\/#primaryimage","url":"https:\/\/ofmjpic.org\/wp-content\/uploads\/2025\/01\/kevin-hamzik-migrant-art.png","contentUrl":"https:\/\/ofmjpic.org\/wp-content\/uploads\/2025\/01\/kevin-hamzik-migrant-art.png","width":2000,"height":1000},{"@type":"BreadcrumbList","@id":"https:\/\/ofmjpic.org\/it\/proteggere-la-dignita-di-tutti-una-dichiarazione-sui-cambiamenti-drastici-alla-legge-e-alla-politica-sullimmigrazione-negli-stati-uniti\/#breadcrumb","itemListElement":[{"@type":"ListItem","position":1,"name":"Portada","item":"https:\/\/ofmjpic.org\/it\/"},{"@type":"ListItem","position":2,"name":"Proteggere la Dignit\u00e0 di Tutti: Una dichiarazione sui cambiamenti drastici alla legge e alla politica sull&#8217;immigrazione negli Stati Uniti"}]},{"@type":"WebSite","@id":"https:\/\/ofmjpic.org\/it\/#website","url":"https:\/\/ofmjpic.org\/it\/","name":"OFM Justice, Peace and Integrity of Creation","description":"","publisher":{"@id":"https:\/\/ofmjpic.org\/it\/#organization"},"potentialAction":[{"@type":"SearchAction","target":{"@type":"EntryPoint","urlTemplate":"https:\/\/ofmjpic.org\/it\/?s={search_term_string}"},"query-input":{"@type":"PropertyValueSpecification","valueRequired":true,"valueName":"search_term_string"}}],"inLanguage":"it-IT"},{"@type":"Organization","@id":"https:\/\/ofmjpic.org\/it\/#organization","name":"General office for Justice, Peace and Integrity of Creation","url":"https:\/\/ofmjpic.org\/it\/","logo":{"@type":"ImageObject","inLanguage":"it-IT","@id":"https:\/\/ofmjpic.org\/it\/#\/schema\/logo\/image\/","url":"https:\/\/ofmjpic.org\/wp-content\/uploads\/2018\/08\/ES_JPIC_Logo_.png","contentUrl":"https:\/\/ofmjpic.org\/wp-content\/uploads\/2018\/08\/ES_JPIC_Logo_.png","width":3957,"height":4082,"caption":"General office for Justice, Peace and Integrity of Creation"},"image":{"@id":"https:\/\/ofmjpic.org\/it\/#\/schema\/logo\/image\/"},"sameAs":["https:\/\/www.facebook.com\/ofmjpic\/","https:\/\/www.instagram.com\/ofmjpic\/"]},{"@type":"Person","@id":"https:\/\/ofmjpic.org\/it\/#\/schema\/person\/39d264e8b62f999b4bd6d547149132f9","name":"admin","url":"https:\/\/ofmjpic.org\/it\/author\/admin\/"}]}},"_links":{"self":[{"href":"https:\/\/ofmjpic.org\/it\/wp-json\/wp\/v2\/posts\/19150","targetHints":{"allow":["GET"]}}],"collection":[{"href":"https:\/\/ofmjpic.org\/it\/wp-json\/wp\/v2\/posts"}],"about":[{"href":"https:\/\/ofmjpic.org\/it\/wp-json\/wp\/v2\/types\/post"}],"author":[{"embeddable":true,"href":"https:\/\/ofmjpic.org\/it\/wp-json\/wp\/v2\/users\/1"}],"replies":[{"embeddable":true,"href":"https:\/\/ofmjpic.org\/it\/wp-json\/wp\/v2\/comments?post=19150"}],"version-history":[{"count":0,"href":"https:\/\/ofmjpic.org\/it\/wp-json\/wp\/v2\/posts\/19150\/revisions"}],"wp:featuredmedia":[{"embeddable":true,"href":"https:\/\/ofmjpic.org\/it\/wp-json\/wp\/v2\/media\/19136"}],"wp:attachment":[{"href":"https:\/\/ofmjpic.org\/it\/wp-json\/wp\/v2\/media?parent=19150"}],"wp:term":[{"taxonomy":"category","embeddable":true,"href":"https:\/\/ofmjpic.org\/it\/wp-json\/wp\/v2\/categories?post=19150"},{"taxonomy":"post_tag","embeddable":true,"href":"https:\/\/ofmjpic.org\/it\/wp-json\/wp\/v2\/tags?post=19150"}],"curies":[{"name":"wp","href":"https:\/\/api.w.org\/{rel}","templated":true}]}}