{"id":19074,"date":"2025-01-23T20:16:28","date_gmt":"2025-01-23T20:16:28","guid":{"rendered":"https:\/\/ofmjpic.org\/?p=19074"},"modified":"2025-01-23T20:16:28","modified_gmt":"2025-01-23T20:16:28","slug":"il-potenziamento-socio-economico-come-via-per-la-costruzione-della-pace","status":"publish","type":"post","link":"https:\/\/ofmjpic.org\/it\/il-potenziamento-socio-economico-come-via-per-la-costruzione-della-pace\/","title":{"rendered":"Il potenziamento socio-economico come via per la costruzione della pace"},"content":{"rendered":"<p><span style=\"font-weight: 400;\">Nello spirito dell&#8217;enciclica <\/span><i><span style=\"font-weight: 400;\">Fratelli Tutti<\/span><\/i><span style=\"font-weight: 400;\"> e in linea con il pensiero di Papa Paolo VI, che nella sua enciclica Populorum Progressio del 1967 afferm\u00f2: &#8220;Lo sviluppo \u00e8 il nuovo nome della pace&#8221;, i frati della parrocchia di San Francesco d&#8217;Assisi a Karama, nell&#8217;arcidiocesi di Kigali, hanno donato 129 capre a 43 piccole comunit\u00e0 cristiane e movimenti cattolici il 23 dicembre 2024 per migliorare i loro mezzi di sussistenza e rafforzare la fraternit\u00e0 e la coesione sociale.\u00a0<\/span><\/p>\n<p><img loading=\"lazy\" decoding=\"async\" class=\"aligncenter size-large wp-image-19036\" src=\"https:\/\/ofmjpic.org\/wp-content\/uploads\/2025\/01\/animales-fraile-ofm-jpic-1024x419.jpg\" alt=\"\" width=\"1024\" height=\"419\" srcset=\"https:\/\/ofmjpic.org\/wp-content\/uploads\/2025\/01\/animales-fraile-ofm-jpic-980x401.jpg 980w, https:\/\/ofmjpic.org\/wp-content\/uploads\/2025\/01\/animales-fraile-ofm-jpic-480x197.jpg 480w\" sizes=\"(min-width: 0px) and (max-width: 480px) 480px, (min-width: 481px) and (max-width: 980px) 980px, (min-width: 981px) 1024px, 100vw\" \/><\/p>\n<p><span style=\"font-weight: 400;\">I Frati continueranno a sostenere queste comunit\u00e0 e questi movimenti con il monitoraggio medico delle capre per sei mesi, per garantire che il progetto raggiunga i risultati desiderati. Questo progetto \u00e8 stato reso possibile grazie al sostegno di MZF, Germania. Ci auguriamo che la condivisione del bestiame contribuisca a consolidare l&#8217;unit\u00e0 e la collaborazione tra i membri dei gruppi citati, portando cos\u00ec a una convivenza pi\u00f9 pacifica. Questi gruppi spesso mettono insieme alcuni fondi per sostenersi a vicenda, soprattutto quando un membro \u00e8 ricoverato in ospedale, ha perso una persona cara della famiglia, ha partorito o ha un&#8217;altra necessit\u00e0 che richiede assistenza urgente. A volte individuano anche persone vulnerabili alle quali pagare l&#8217;assicurazione sanitaria o la retta scolastica dei figli. \u00c8 questa nobile pratica di sostegno reciproco che ci ha spinti a mobilitare gli aiuti per loro e siamo convinti che, grazie al ricavato di queste capre, i beneficiari potranno sostenersi a vicenda in modo pi\u00f9 significativo.\u00a0<\/span><\/p>\n<p><span style=\"font-weight: 400;\">Come \u00e8 tipico della cultura locale, la prima capra nata da ogni gruppo sar\u00e0 donata alla parrocchia, che a sua volta la regaler\u00e0 a una persona vulnerabile individuata. Ci\u00f2 significa che, nel giro di un anno, i quarantatr\u00e9 gruppi che hanno ricevuto la donazione avranno donato una capra alla parrocchia, e quindi quarantatr\u00e9 persone vulnerabili saranno state aiutate.\u00a0<\/span><\/p>\n\n\t\t<style>\n\t\t\t#gallery-1 {\n\t\t\t\tmargin: auto;\n\t\t\t}\n\t\t\t#gallery-1 .gallery-item {\n\t\t\t\tfloat: left;\n\t\t\t\tmargin-top: 10px;\n\t\t\t\ttext-align: center;\n\t\t\t\twidth: 25%;\n\t\t\t}\n\t\t\t#gallery-1 img {\n\t\t\t\tborder: 2px solid #cfcfcf;\n\t\t\t}\n\t\t\t#gallery-1 .gallery-caption {\n\t\t\t\tmargin-left: 0;\n\t\t\t}\n\t\t\t\/* see gallery_shortcode() in wp-includes\/media.php *\/\n\t\t<\/style>\n\t\t<div id='gallery-1' class='gallery galleryid-19074 gallery-columns-4 gallery-size-thumbnail'><dl class='gallery-item'>\n\t\t\t<dt class='gallery-icon landscape'>\n\t\t\t\t<a href='https:\/\/ofmjpic.org\/it\/il-potenziamento-socio-economico-come-via-per-la-costruzione-della-pace\/ofm-jpic-fr-eric-mutabazi-2\/'><img loading=\"lazy\" decoding=\"async\" width=\"150\" height=\"150\" src=\"https:\/\/ofmjpic.org\/wp-content\/uploads\/2025\/01\/ofm-jpic-fr-eric-mutabazi-150x150.jpg\" class=\"attachment-thumbnail size-thumbnail\" alt=\"\" \/><\/a>\n\t\t\t<\/dt><\/dl><dl class='gallery-item'>\n\t\t\t<dt class='gallery-icon landscape'>\n\t\t\t\t<a href='https:\/\/ofmjpic.org\/it\/il-potenziamento-socio-economico-come-via-per-la-costruzione-della-pace\/naturaleza-ofm-jpic-frailes-2\/'><img loading=\"lazy\" decoding=\"async\" width=\"150\" height=\"150\" src=\"https:\/\/ofmjpic.org\/wp-content\/uploads\/2025\/01\/naturaleza-ofm-jpic-frailes-150x150.jpg\" class=\"attachment-thumbnail size-thumbnail\" alt=\"\" \/><\/a>\n\t\t\t<\/dt><\/dl><dl class='gallery-item'>\n\t\t\t<dt class='gallery-icon portrait'>\n\t\t\t\t<a href='https:\/\/ofmjpic.org\/it\/il-potenziamento-socio-economico-come-via-per-la-costruzione-della-pace\/animales-fr-eric-mutabazi-ofm-jpic-2\/'><img loading=\"lazy\" decoding=\"async\" width=\"150\" height=\"150\" src=\"https:\/\/ofmjpic.org\/wp-content\/uploads\/2025\/01\/animales-fr-eric-mutabazi-ofm-jpic-150x150.jpg\" class=\"attachment-thumbnail size-thumbnail\" alt=\"\" \/><\/a>\n\t\t\t<\/dt><\/dl><dl class='gallery-item'>\n\t\t\t<dt class='gallery-icon portrait'>\n\t\t\t\t<a href='https:\/\/ofmjpic.org\/it\/il-potenziamento-socio-economico-come-via-per-la-costruzione-della-pace\/fr-eric-mutabazi-ofm-jpic-2\/'><img loading=\"lazy\" decoding=\"async\" width=\"150\" height=\"150\" src=\"https:\/\/ofmjpic.org\/wp-content\/uploads\/2025\/01\/fr-eric-mutabazi-ofm-jpic-150x150.jpg\" class=\"attachment-thumbnail size-thumbnail\" alt=\"\" \/><\/a>\n\t\t\t<\/dt><\/dl><br style=\"clear: both\" \/>\n\t\t<\/div>\n\n<p><span style=\"font-weight: 400;\">Il primo nato delle capre donate a queste persone sar\u00e0 dato anche alla parrocchia, che a sua volta lo doner\u00e0 a un altro povero e lo stesso processo andr\u00e0 avanti all&#8217;infinito. Uno dei benefattori ha dichiarato: <\/span><i><span style=\"font-weight: 400;\">\u201cGrazie a questa visione, ricevere queste capre creer\u00e0 una catena indissolubile di doni e regali che ci aiuter\u00e0 necessariamente a legarci come comunit\u00e0 unita dal sostegno reciproco. In altre parole, questo ci aiuter\u00e0 a superare i conflitti sociali che tendono a dividerci&#8221;<\/span><\/i><span style=\"font-weight: 400;\">.<\/span><\/p>\n<p>&nbsp;<\/p>\n<p style=\"text-align: right;\"><strong>Fr. Jean Eric Mutabazi, OFM<br \/>\nAnimatore di GPIC<\/strong><\/p>\n<p style=\"text-align: right;\"><strong>\u00a0<\/strong><\/p>\n","protected":false},"excerpt":{"rendered":"<p>Nel contesto dell&#8217;enciclica Fratelli Tutti, i frati della Parrocchia di San Francesco d&#8217;Assisi di Karama, a Kigali, hanno distribuito 129 capre a 43 comunit\u00e0 cristiane per migliorare i loro mezzi di sussistenza e promuovere la coesione sociale.<\/p>\n","protected":false},"author":1,"featured_media":19040,"comment_status":"open","ping_status":"open","sticky":false,"template":"","format":"standard","meta":{"_acf_changed":false,"_et_pb_use_builder":"","_et_pb_old_content":"","_et_gb_content_width":"","footnotes":""},"categories":[961],"tags":[],"class_list":["post-19074","post","type-post","status-publish","format-standard","has-post-thumbnail","hentry","category-notizie"],"acf":[],"yoast_head":"<!-- This site is optimized with the Yoast SEO plugin v28.4 - https:\/\/yoast.com\/product\/yoast-seo-wordpress\/ -->\n<title>Il potenziamento socio-economico come via per la costruzione della pace - OFM JPIC<\/title>\n<meta name=\"robots\" content=\"index, follow, max-snippet:-1, max-image-preview:large, max-video-preview:-1\" \/>\n<link rel=\"canonical\" href=\"https:\/\/ofmjpic.org\/it\/il-potenziamento-socio-economico-come-via-per-la-costruzione-della-pace\/\" \/>\n<meta property=\"og:locale\" content=\"it_IT\" \/>\n<meta property=\"og:type\" content=\"article\" \/>\n<meta property=\"og:title\" content=\"Il potenziamento socio-economico come via per la costruzione della pace - OFM JPIC\" \/>\n<meta property=\"og:description\" content=\"Nel contesto dell&#039;enciclica Fratelli Tutti, i frati della Parrocchia di San Francesco d&#039;Assisi di Karama, a Kigali, hanno distribuito 129 capre a 43 comunit\u00e0 cristiane per migliorare i loro mezzi di sussistenza e promuovere la coesione sociale.\" \/>\n<meta property=\"og:url\" content=\"https:\/\/ofmjpic.org\/it\/il-potenziamento-socio-economico-come-via-per-la-costruzione-della-pace\/\" \/>\n<meta property=\"og:site_name\" content=\"OFM JPIC\" \/>\n<meta property=\"article:publisher\" content=\"https:\/\/www.facebook.com\/ofmjpic\/\" \/>\n<meta property=\"article:published_time\" content=\"2025-01-23T20:16:28+00:00\" \/>\n<meta property=\"og:image\" content=\"https:\/\/ofmjpic.org\/wp-content\/uploads\/2025\/01\/ofm-jpic-fraile-eric-mutabazi-scaled.jpg\" \/>\n\t<meta property=\"og:image:width\" content=\"2560\" \/>\n\t<meta property=\"og:image:height\" content=\"1048\" \/>\n\t<meta property=\"og:image:type\" content=\"image\/jpeg\" \/>\n<meta name=\"author\" content=\"admin\" \/>\n<meta name=\"twitter:card\" content=\"summary_large_image\" \/>\n<meta name=\"twitter:label1\" content=\"Scritto da\" \/>\n\t<meta name=\"twitter:data1\" content=\"admin\" \/>\n\t<meta name=\"twitter:label2\" content=\"Tempo di lettura stimato\" \/>\n\t<meta name=\"twitter:data2\" content=\"2 minuti\" \/>\n<script type=\"application\/ld+json\" class=\"yoast-schema-graph\">{\"@context\":\"https:\\\/\\\/schema.org\",\"@graph\":[{\"@type\":\"Article\",\"@id\":\"https:\\\/\\\/ofmjpic.org\\\/it\\\/il-potenziamento-socio-economico-come-via-per-la-costruzione-della-pace\\\/#article\",\"isPartOf\":{\"@id\":\"https:\\\/\\\/ofmjpic.org\\\/it\\\/il-potenziamento-socio-economico-come-via-per-la-costruzione-della-pace\\\/\"},\"author\":{\"name\":\"admin\",\"@id\":\"https:\\\/\\\/ofmjpic.org\\\/it\\\/#\\\/schema\\\/person\\\/39d264e8b62f999b4bd6d547149132f9\"},\"headline\":\"Il potenziamento socio-economico come via per la costruzione della pace\",\"datePublished\":\"2025-01-23T20:16:28+00:00\",\"mainEntityOfPage\":{\"@id\":\"https:\\\/\\\/ofmjpic.org\\\/it\\\/il-potenziamento-socio-economico-come-via-per-la-costruzione-della-pace\\\/\"},\"wordCount\":388,\"commentCount\":0,\"publisher\":{\"@id\":\"https:\\\/\\\/ofmjpic.org\\\/it\\\/#organization\"},\"image\":{\"@id\":\"https:\\\/\\\/ofmjpic.org\\\/it\\\/il-potenziamento-socio-economico-come-via-per-la-costruzione-della-pace\\\/#primaryimage\"},\"thumbnailUrl\":\"https:\\\/\\\/ofmjpic.org\\\/wp-content\\\/uploads\\\/2025\\\/01\\\/ofm-jpic-fraile-eric-mutabazi-scaled.jpg\",\"articleSection\":[\"Notizie\"],\"inLanguage\":\"it-IT\",\"potentialAction\":[{\"@type\":\"CommentAction\",\"name\":\"Comment\",\"target\":[\"https:\\\/\\\/ofmjpic.org\\\/it\\\/il-potenziamento-socio-economico-come-via-per-la-costruzione-della-pace\\\/#respond\"]}]},{\"@type\":\"WebPage\",\"@id\":\"https:\\\/\\\/ofmjpic.org\\\/it\\\/il-potenziamento-socio-economico-come-via-per-la-costruzione-della-pace\\\/\",\"url\":\"https:\\\/\\\/ofmjpic.org\\\/it\\\/il-potenziamento-socio-economico-come-via-per-la-costruzione-della-pace\\\/\",\"name\":\"Il potenziamento socio-economico come via per la costruzione della pace - OFM JPIC\",\"isPartOf\":{\"@id\":\"https:\\\/\\\/ofmjpic.org\\\/it\\\/#website\"},\"primaryImageOfPage\":{\"@id\":\"https:\\\/\\\/ofmjpic.org\\\/it\\\/il-potenziamento-socio-economico-come-via-per-la-costruzione-della-pace\\\/#primaryimage\"},\"image\":{\"@id\":\"https:\\\/\\\/ofmjpic.org\\\/it\\\/il-potenziamento-socio-economico-come-via-per-la-costruzione-della-pace\\\/#primaryimage\"},\"thumbnailUrl\":\"https:\\\/\\\/ofmjpic.org\\\/wp-content\\\/uploads\\\/2025\\\/01\\\/ofm-jpic-fraile-eric-mutabazi-scaled.jpg\",\"datePublished\":\"2025-01-23T20:16:28+00:00\",\"breadcrumb\":{\"@id\":\"https:\\\/\\\/ofmjpic.org\\\/it\\\/il-potenziamento-socio-economico-come-via-per-la-costruzione-della-pace\\\/#breadcrumb\"},\"inLanguage\":\"it-IT\",\"potentialAction\":[{\"@type\":\"ReadAction\",\"target\":[\"https:\\\/\\\/ofmjpic.org\\\/it\\\/il-potenziamento-socio-economico-come-via-per-la-costruzione-della-pace\\\/\"]}]},{\"@type\":\"ImageObject\",\"inLanguage\":\"it-IT\",\"@id\":\"https:\\\/\\\/ofmjpic.org\\\/it\\\/il-potenziamento-socio-economico-come-via-per-la-costruzione-della-pace\\\/#primaryimage\",\"url\":\"https:\\\/\\\/ofmjpic.org\\\/wp-content\\\/uploads\\\/2025\\\/01\\\/ofm-jpic-fraile-eric-mutabazi-scaled.jpg\",\"contentUrl\":\"https:\\\/\\\/ofmjpic.org\\\/wp-content\\\/uploads\\\/2025\\\/01\\\/ofm-jpic-fraile-eric-mutabazi-scaled.jpg\",\"width\":2560,\"height\":1048},{\"@type\":\"BreadcrumbList\",\"@id\":\"https:\\\/\\\/ofmjpic.org\\\/it\\\/il-potenziamento-socio-economico-come-via-per-la-costruzione-della-pace\\\/#breadcrumb\",\"itemListElement\":[{\"@type\":\"ListItem\",\"position\":1,\"name\":\"Portada\",\"item\":\"https:\\\/\\\/ofmjpic.org\\\/it\\\/\"},{\"@type\":\"ListItem\",\"position\":2,\"name\":\"Il potenziamento socio-economico come via per la costruzione della pace\"}]},{\"@type\":\"WebSite\",\"@id\":\"https:\\\/\\\/ofmjpic.org\\\/it\\\/#website\",\"url\":\"https:\\\/\\\/ofmjpic.org\\\/it\\\/\",\"name\":\"OFM Justice, Peace and Integrity of Creation\",\"description\":\"\",\"publisher\":{\"@id\":\"https:\\\/\\\/ofmjpic.org\\\/it\\\/#organization\"},\"potentialAction\":[{\"@type\":\"SearchAction\",\"target\":{\"@type\":\"EntryPoint\",\"urlTemplate\":\"https:\\\/\\\/ofmjpic.org\\\/it\\\/?s={search_term_string}\"},\"query-input\":{\"@type\":\"PropertyValueSpecification\",\"valueRequired\":true,\"valueName\":\"search_term_string\"}}],\"inLanguage\":\"it-IT\"},{\"@type\":\"Organization\",\"@id\":\"https:\\\/\\\/ofmjpic.org\\\/it\\\/#organization\",\"name\":\"General office for Justice, Peace and Integrity of Creation\",\"url\":\"https:\\\/\\\/ofmjpic.org\\\/it\\\/\",\"logo\":{\"@type\":\"ImageObject\",\"inLanguage\":\"it-IT\",\"@id\":\"https:\\\/\\\/ofmjpic.org\\\/it\\\/#\\\/schema\\\/logo\\\/image\\\/\",\"url\":\"https:\\\/\\\/ofmjpic.org\\\/wp-content\\\/uploads\\\/2018\\\/08\\\/ES_JPIC_Logo_.png\",\"contentUrl\":\"https:\\\/\\\/ofmjpic.org\\\/wp-content\\\/uploads\\\/2018\\\/08\\\/ES_JPIC_Logo_.png\",\"width\":3957,\"height\":4082,\"caption\":\"General office for Justice, Peace and Integrity of Creation\"},\"image\":{\"@id\":\"https:\\\/\\\/ofmjpic.org\\\/it\\\/#\\\/schema\\\/logo\\\/image\\\/\"},\"sameAs\":[\"https:\\\/\\\/www.facebook.com\\\/ofmjpic\\\/\",\"https:\\\/\\\/www.instagram.com\\\/ofmjpic\\\/\"]},{\"@type\":\"Person\",\"@id\":\"https:\\\/\\\/ofmjpic.org\\\/it\\\/#\\\/schema\\\/person\\\/39d264e8b62f999b4bd6d547149132f9\",\"name\":\"admin\",\"url\":\"https:\\\/\\\/ofmjpic.org\\\/it\\\/author\\\/admin\\\/\"}]}<\/script>\n<!-- \/ Yoast SEO plugin. -->","yoast_head_json":{"title":"Il potenziamento socio-economico come via per la costruzione della pace - OFM JPIC","robots":{"index":"index","follow":"follow","max-snippet":"max-snippet:-1","max-image-preview":"max-image-preview:large","max-video-preview":"max-video-preview:-1"},"canonical":"https:\/\/ofmjpic.org\/it\/il-potenziamento-socio-economico-come-via-per-la-costruzione-della-pace\/","og_locale":"it_IT","og_type":"article","og_title":"Il potenziamento socio-economico come via per la costruzione della pace - OFM JPIC","og_description":"Nel contesto dell'enciclica Fratelli Tutti, i frati della Parrocchia di San Francesco d'Assisi di Karama, a Kigali, hanno distribuito 129 capre a 43 comunit\u00e0 cristiane per migliorare i loro mezzi di sussistenza e promuovere la coesione sociale.","og_url":"https:\/\/ofmjpic.org\/it\/il-potenziamento-socio-economico-come-via-per-la-costruzione-della-pace\/","og_site_name":"OFM JPIC","article_publisher":"https:\/\/www.facebook.com\/ofmjpic\/","article_published_time":"2025-01-23T20:16:28+00:00","og_image":[{"width":2560,"height":1048,"url":"https:\/\/ofmjpic.org\/wp-content\/uploads\/2025\/01\/ofm-jpic-fraile-eric-mutabazi-scaled.jpg","type":"image\/jpeg"}],"author":"admin","twitter_card":"summary_large_image","twitter_misc":{"Scritto da":"admin","Tempo di lettura stimato":"2 minuti"},"schema":{"@context":"https:\/\/schema.org","@graph":[{"@type":"Article","@id":"https:\/\/ofmjpic.org\/it\/il-potenziamento-socio-economico-come-via-per-la-costruzione-della-pace\/#article","isPartOf":{"@id":"https:\/\/ofmjpic.org\/it\/il-potenziamento-socio-economico-come-via-per-la-costruzione-della-pace\/"},"author":{"name":"admin","@id":"https:\/\/ofmjpic.org\/it\/#\/schema\/person\/39d264e8b62f999b4bd6d547149132f9"},"headline":"Il potenziamento socio-economico come via per la costruzione della pace","datePublished":"2025-01-23T20:16:28+00:00","mainEntityOfPage":{"@id":"https:\/\/ofmjpic.org\/it\/il-potenziamento-socio-economico-come-via-per-la-costruzione-della-pace\/"},"wordCount":388,"commentCount":0,"publisher":{"@id":"https:\/\/ofmjpic.org\/it\/#organization"},"image":{"@id":"https:\/\/ofmjpic.org\/it\/il-potenziamento-socio-economico-come-via-per-la-costruzione-della-pace\/#primaryimage"},"thumbnailUrl":"https:\/\/ofmjpic.org\/wp-content\/uploads\/2025\/01\/ofm-jpic-fraile-eric-mutabazi-scaled.jpg","articleSection":["Notizie"],"inLanguage":"it-IT","potentialAction":[{"@type":"CommentAction","name":"Comment","target":["https:\/\/ofmjpic.org\/it\/il-potenziamento-socio-economico-come-via-per-la-costruzione-della-pace\/#respond"]}]},{"@type":"WebPage","@id":"https:\/\/ofmjpic.org\/it\/il-potenziamento-socio-economico-come-via-per-la-costruzione-della-pace\/","url":"https:\/\/ofmjpic.org\/it\/il-potenziamento-socio-economico-come-via-per-la-costruzione-della-pace\/","name":"Il potenziamento socio-economico come via per la costruzione della pace - OFM JPIC","isPartOf":{"@id":"https:\/\/ofmjpic.org\/it\/#website"},"primaryImageOfPage":{"@id":"https:\/\/ofmjpic.org\/it\/il-potenziamento-socio-economico-come-via-per-la-costruzione-della-pace\/#primaryimage"},"image":{"@id":"https:\/\/ofmjpic.org\/it\/il-potenziamento-socio-economico-come-via-per-la-costruzione-della-pace\/#primaryimage"},"thumbnailUrl":"https:\/\/ofmjpic.org\/wp-content\/uploads\/2025\/01\/ofm-jpic-fraile-eric-mutabazi-scaled.jpg","datePublished":"2025-01-23T20:16:28+00:00","breadcrumb":{"@id":"https:\/\/ofmjpic.org\/it\/il-potenziamento-socio-economico-come-via-per-la-costruzione-della-pace\/#breadcrumb"},"inLanguage":"it-IT","potentialAction":[{"@type":"ReadAction","target":["https:\/\/ofmjpic.org\/it\/il-potenziamento-socio-economico-come-via-per-la-costruzione-della-pace\/"]}]},{"@type":"ImageObject","inLanguage":"it-IT","@id":"https:\/\/ofmjpic.org\/it\/il-potenziamento-socio-economico-come-via-per-la-costruzione-della-pace\/#primaryimage","url":"https:\/\/ofmjpic.org\/wp-content\/uploads\/2025\/01\/ofm-jpic-fraile-eric-mutabazi-scaled.jpg","contentUrl":"https:\/\/ofmjpic.org\/wp-content\/uploads\/2025\/01\/ofm-jpic-fraile-eric-mutabazi-scaled.jpg","width":2560,"height":1048},{"@type":"BreadcrumbList","@id":"https:\/\/ofmjpic.org\/it\/il-potenziamento-socio-economico-come-via-per-la-costruzione-della-pace\/#breadcrumb","itemListElement":[{"@type":"ListItem","position":1,"name":"Portada","item":"https:\/\/ofmjpic.org\/it\/"},{"@type":"ListItem","position":2,"name":"Il potenziamento socio-economico come via per la costruzione della pace"}]},{"@type":"WebSite","@id":"https:\/\/ofmjpic.org\/it\/#website","url":"https:\/\/ofmjpic.org\/it\/","name":"OFM Justice, Peace and Integrity of Creation","description":"","publisher":{"@id":"https:\/\/ofmjpic.org\/it\/#organization"},"potentialAction":[{"@type":"SearchAction","target":{"@type":"EntryPoint","urlTemplate":"https:\/\/ofmjpic.org\/it\/?s={search_term_string}"},"query-input":{"@type":"PropertyValueSpecification","valueRequired":true,"valueName":"search_term_string"}}],"inLanguage":"it-IT"},{"@type":"Organization","@id":"https:\/\/ofmjpic.org\/it\/#organization","name":"General office for Justice, Peace and Integrity of Creation","url":"https:\/\/ofmjpic.org\/it\/","logo":{"@type":"ImageObject","inLanguage":"it-IT","@id":"https:\/\/ofmjpic.org\/it\/#\/schema\/logo\/image\/","url":"https:\/\/ofmjpic.org\/wp-content\/uploads\/2018\/08\/ES_JPIC_Logo_.png","contentUrl":"https:\/\/ofmjpic.org\/wp-content\/uploads\/2018\/08\/ES_JPIC_Logo_.png","width":3957,"height":4082,"caption":"General office for Justice, Peace and Integrity of Creation"},"image":{"@id":"https:\/\/ofmjpic.org\/it\/#\/schema\/logo\/image\/"},"sameAs":["https:\/\/www.facebook.com\/ofmjpic\/","https:\/\/www.instagram.com\/ofmjpic\/"]},{"@type":"Person","@id":"https:\/\/ofmjpic.org\/it\/#\/schema\/person\/39d264e8b62f999b4bd6d547149132f9","name":"admin","url":"https:\/\/ofmjpic.org\/it\/author\/admin\/"}]}},"_links":{"self":[{"href":"https:\/\/ofmjpic.org\/it\/wp-json\/wp\/v2\/posts\/19074","targetHints":{"allow":["GET"]}}],"collection":[{"href":"https:\/\/ofmjpic.org\/it\/wp-json\/wp\/v2\/posts"}],"about":[{"href":"https:\/\/ofmjpic.org\/it\/wp-json\/wp\/v2\/types\/post"}],"author":[{"embeddable":true,"href":"https:\/\/ofmjpic.org\/it\/wp-json\/wp\/v2\/users\/1"}],"replies":[{"embeddable":true,"href":"https:\/\/ofmjpic.org\/it\/wp-json\/wp\/v2\/comments?post=19074"}],"version-history":[{"count":0,"href":"https:\/\/ofmjpic.org\/it\/wp-json\/wp\/v2\/posts\/19074\/revisions"}],"wp:featuredmedia":[{"embeddable":true,"href":"https:\/\/ofmjpic.org\/it\/wp-json\/wp\/v2\/media\/19040"}],"wp:attachment":[{"href":"https:\/\/ofmjpic.org\/it\/wp-json\/wp\/v2\/media?parent=19074"}],"wp:term":[{"taxonomy":"category","embeddable":true,"href":"https:\/\/ofmjpic.org\/it\/wp-json\/wp\/v2\/categories?post=19074"},{"taxonomy":"post_tag","embeddable":true,"href":"https:\/\/ofmjpic.org\/it\/wp-json\/wp\/v2\/tags?post=19074"}],"curies":[{"name":"wp","href":"https:\/\/api.w.org\/{rel}","templated":true}]}}