{"id":19071,"date":"2025-01-23T20:06:49","date_gmt":"2025-01-23T20:06:49","guid":{"rendered":"https:\/\/ofmjpic.org\/?p=19071"},"modified":"2025-01-23T20:07:58","modified_gmt":"2025-01-23T20:07:58","slug":"attivita-jpic-2025-laudato-si-e-800-anni-del-cantico-delle-creature","status":"publish","type":"post","link":"https:\/\/ofmjpic.org\/it\/attivita-jpic-2025-laudato-si-e-800-anni-del-cantico-delle-creature\/","title":{"rendered":"Attivit\u00e0 JPIC 2025: Laudato Si\u2019 e 800 Anni del C\u00e1ntico delle Creature"},"content":{"rendered":"<p><span style=\"font-weight: 400;\">Nei Paesi Bassi e nelle Fiandre, il numero di frati \u00e8 limitato, ma grazie alla buona collaborazione con l&#8217;Ordine Francescano Secolare (OFS), GPIC \u00e8 composta da quattro membri (un frate francescano e tre membri dell&#8217;OFS).<\/span><\/p>\n<h5><b>Invio di una cartolina digitale<\/b><\/h5>\n<p><span style=\"font-weight: 400;\">Ogni tre mesi inviamo un&#8217;e-mail a tutti i Frati Minori, alle fraternit\u00e0 dell&#8217;OFS e alle case dei Conventuali, dei Cappuccini e delle Clarisse. L&#8217;e-mail consiste in una breve lettera su un aspetto della <\/span><i><span style=\"font-weight: 400;\">Laudato Si&#8217;<\/span><\/i><span style=\"font-weight: 400;\">, con alcuni suggerimenti pratici e un breve testo di San Francesco o Santa Chiara, accompagnato da un&#8217;immagine da illustrare o meditare.<\/span><\/p>\n<p><span style=\"font-weight: 400;\">Molte idee sono tratte dall&#8217;<\/span><i><span style=\"font-weight: 400;\">Alleanza Laudato Si&#8217;<\/span><\/i><span style=\"font-weight: 400;\">. L&#8217;Alleanza Laudato Si&#8217; riunisce 21 organizzazioni cattoliche e protestanti che condividono e combinano le proprie idee, attivit\u00e0 e materiale liturgico riguardanti l&#8217;ambiente, la giustizia e la pace. Nel 2025, i nostri temi saranno incentrati sul &#8220;Cantico delle Creature&#8221;.<\/span><\/p>\n<h5><b>Concentrarsi sui giovani<\/b><\/h5>\n<p><span style=\"font-weight: 400;\">Nel periodo di Quaresima, collaboriamo con la Giovent\u00f9 Francescana. Ogni settimana invieremo e pubblicheremo alcune domande pratiche per sensibilizzare i giovani alla loro impronta ecologica. Ad esempio, con la domanda: da quanti Paesi provengono i vestiti che indossate oggi? Osservate le etichette dei vostri vestiti: cosa sapete dei Paesi da cui provengono, del loro ambiente e della loro cultura? Da dove proviene il vostro cibo? Come vi spostate per andare al lavoro o a scuola? In auto, in moto, in bicicletta o in treno? Quanto spesso visitate un parco o fate un&#8217;attivit\u00e0 con i vostri amici per godere dell&#8217;ambiente o per contribuire a migliorarne la qualit\u00e0?<\/span><\/p>\n<h5><img loading=\"lazy\" decoding=\"async\" class=\"alignleft wp-image-19020 \" src=\"https:\/\/ofmjpic.org\/wp-content\/uploads\/2025\/01\/fraile-ofm-jpic-683x1024.jpg\" alt=\"\" width=\"339\" height=\"509\" \/><b>Pellegrinaggio<\/b><\/h5>\n<p><span style=\"font-weight: 400;\">Insieme a diversi gruppi francescani, stiamo organizzando una serie di attivit\u00e0 per celebrare l&#8217;800\u00b0 anniversario del Cantico delle Creature. Si tratta di un pellegrinaggio attraverso la campagna, passando per diverse case e luoghi in cui le persone possono partecipare al lavoro con madre natura, o ancora meravigliarsi di fronte a progetti ecologici di successo. In occasione di festival secolari (musicali, artistici o accademici), vogliamo essere presenti con una mostra e condividere e discutere idee sulla cura dell&#8217;ambiente.<\/span><\/p>\n<h5><b>Mostre<\/b><\/h5>\n<p><span style=\"font-weight: 400;\">Nella parrocchia in cui lavoro, abbiamo deciso di ospitare per un mese la mostra d&#8217;arte intitolata \u201cTutta la Terra\u201d. Grazie allo stretto contatto con le chiese protestanti dei dintorni, siamo riusciti a sostenere questa iniziativa. Insieme a queste chiese, non solo finanziamo la mostra, ma organizziamo anche un programma di attivit\u00e0 che include conferenze ed escursioni per i membri delle chiese, per le scuole pubbliche e per altre persone che non frequentano le chiese.<\/span><\/p>\n<p><span style=\"font-weight: 400;\">Tra le tradizioni protestanti vi sono le &#8220;Giornate di preghiera per il raccolto&#8221; a marzo e le &#8220;Giornate di ringraziamento per il raccolto&#8221; in autunno. In occasione della mostra, quest&#8217;anno la preghiera serale sar\u00e0 ecumenica.<\/span><\/p>\n<h5><b>Restituire alla natura<\/b><\/h5>\n<p><span style=\"font-weight: 400;\">Nei conventi e nei monasteri delle Clarisse in Olanda abbiamo una lunga tradizione di giardinaggio sostenibile. Nella fraternit\u00e0 di Megen (Paesi Bassi) abbiamo un &#8220;giardino liturgico&#8221; nel quale abbiamo dedicato uno spazio speciale al Cantico delle Creature. Come nel giardino di Megen, anche a Den Bosch (un altro convento olandese) ci avvaliamo di un gruppo di volontari che ricoprono un ruolo fondamentale nell&#8217;organizzazione e nella cura del giardino. Riteniamo che questo sia necessario, non solo per il numero limitato di frati che possono lavorare l\u00ec, ma anche per garantire la continuit\u00e0 e per raggiungere quante pi\u00f9 persone possibile con il nostro messaggio, soprattutto in un Paese pi\u00f9 secolarizzato.\u00a0<\/span><\/p>\n<p><img loading=\"lazy\" decoding=\"async\" class=\"aligncenter size-large wp-image-19026\" src=\"https:\/\/ofmjpic.org\/wp-content\/uploads\/2025\/01\/frailes-religiosas-ofm-jpic-1-1024x768.jpg\" alt=\"\" width=\"1024\" height=\"768\" srcset=\"https:\/\/ofmjpic.org\/wp-content\/uploads\/2025\/01\/frailes-religiosas-ofm-jpic-1-1024x768.jpg 1024w, https:\/\/ofmjpic.org\/wp-content\/uploads\/2025\/01\/frailes-religiosas-ofm-jpic-1-980x735.jpg 980w, https:\/\/ofmjpic.org\/wp-content\/uploads\/2025\/01\/frailes-religiosas-ofm-jpic-1-480x360.jpg 480w\" sizes=\"(min-width: 0px) and (max-width: 480px) 480px, (min-width: 481px) and (max-width: 980px) 980px, (min-width: 981px) 1024px, 100vw\" \/><\/p>\n<p><span style=\"font-weight: 400;\">Apriamo i nostri giardini a tutti perch\u00e9 possano lasciarsi ispirare dalla bellezza, dalla tranquillit\u00e0 e dal canto degli uccelli e prendersi pi\u00f9 cura della natura nel proprio quartiere. Abbiamo constatato che l&#8217;atmosfera del giardino favorisce le relazioni tra le persone e la comunicazione con i frati o le suore presenti, che sono a disposizione per ascoltare e offrire il proprio sostegno.<\/span><\/p>\n<h5><b>Fratelli tutti<\/b><\/h5>\n<p><span style=\"font-weight: 400;\">Lavorando con il Cantico delle Creature, abbiamo sperimentato che le persone capiscono pi\u00f9 facilmente che siamo tutti legati, soprattutto alla natura vulnerabile e ai poveri, e che siamo tutti amati da un Dio che ci invita a prenderci cura di tutto ci\u00f2 che ci ha affidato.<\/span><\/p>\n<p>&nbsp;<\/p>\n<p>&nbsp;<\/p>\n<p style=\"text-align: right;\"><strong>Fr. Roland Putman OFM<br \/>\nAnimatore di GPIC della Provincia dei Martiri di Gorkum<br \/>\nPaesi Bassi<\/strong><\/p>\n<p style=\"text-align: right;\"><strong>\u00a0<\/strong><\/p>\n","protected":false},"excerpt":{"rendered":"<p>Nei Paesi Bassi e nelle Fiandre, il team di JPIC collabora con l&#8217;Ordine Francescano Secolare per promuovere la giustizia, la pace e l&#8217;integrit\u00e0 del creato. Attraverso attivit\u00e0 come mostre, pellegrinaggi e azioni con i giovani, si promuove la cura dell&#8217;ambiente e l&#8217;impegno verso la natura, ispirati al C\u00e1ntico delle Creature.<\/p>\n","protected":false},"author":1,"featured_media":19016,"comment_status":"open","ping_status":"open","sticky":false,"template":"","format":"standard","meta":{"_acf_changed":false,"_et_pb_use_builder":"","_et_pb_old_content":"","_et_gb_content_width":"","footnotes":""},"categories":[961],"tags":[],"class_list":["post-19071","post","type-post","status-publish","format-standard","has-post-thumbnail","hentry","category-notizie"],"acf":[],"yoast_head":"<!-- This site is optimized with the Yoast SEO plugin v28.4 - https:\/\/yoast.com\/product\/yoast-seo-wordpress\/ -->\n<title>Attivit\u00e0 JPIC 2025: Laudato Si\u2019 e 800 Anni del C\u00e1ntico delle Creature - OFM JPIC<\/title>\n<meta name=\"robots\" content=\"index, follow, max-snippet:-1, max-image-preview:large, max-video-preview:-1\" \/>\n<link rel=\"canonical\" href=\"https:\/\/ofmjpic.org\/it\/attivita-jpic-2025-laudato-si-e-800-anni-del-cantico-delle-creature\/\" \/>\n<meta property=\"og:locale\" content=\"it_IT\" \/>\n<meta property=\"og:type\" content=\"article\" \/>\n<meta property=\"og:title\" content=\"Attivit\u00e0 JPIC 2025: Laudato Si\u2019 e 800 Anni del C\u00e1ntico delle Creature - OFM JPIC\" \/>\n<meta property=\"og:description\" content=\"Nei Paesi Bassi e nelle Fiandre, il team di JPIC collabora con l&#039;Ordine Francescano Secolare per promuovere la giustizia, la pace e l&#039;integrit\u00e0 del creato. Attraverso attivit\u00e0 come mostre, pellegrinaggi e azioni con i giovani, si promuove la cura dell&#039;ambiente e l&#039;impegno verso la natura, ispirati al C\u00e1ntico delle Creature.\" \/>\n<meta property=\"og:url\" content=\"https:\/\/ofmjpic.org\/it\/attivita-jpic-2025-laudato-si-e-800-anni-del-cantico-delle-creature\/\" \/>\n<meta property=\"og:site_name\" content=\"OFM JPIC\" \/>\n<meta property=\"article:publisher\" content=\"https:\/\/www.facebook.com\/ofmjpic\/\" \/>\n<meta property=\"article:published_time\" content=\"2025-01-23T20:06:49+00:00\" \/>\n<meta property=\"article:modified_time\" content=\"2025-01-23T20:07:58+00:00\" \/>\n<meta property=\"og:image\" content=\"https:\/\/ofmjpic.org\/wp-content\/uploads\/2025\/01\/ofm-jpic-paises-bajos.jpg\" \/>\n\t<meta property=\"og:image:width\" content=\"2048\" \/>\n\t<meta property=\"og:image:height\" content=\"1365\" \/>\n\t<meta property=\"og:image:type\" content=\"image\/jpeg\" \/>\n<meta name=\"author\" content=\"admin\" \/>\n<meta name=\"twitter:card\" content=\"summary_large_image\" \/>\n<meta name=\"twitter:label1\" content=\"Scritto da\" \/>\n\t<meta name=\"twitter:data1\" content=\"admin\" \/>\n\t<meta name=\"twitter:label2\" content=\"Tempo di lettura stimato\" \/>\n\t<meta name=\"twitter:data2\" content=\"3 minuti\" \/>\n<script type=\"application\/ld+json\" class=\"yoast-schema-graph\">{\"@context\":\"https:\\\/\\\/schema.org\",\"@graph\":[{\"@type\":\"Article\",\"@id\":\"https:\\\/\\\/ofmjpic.org\\\/it\\\/attivita-jpic-2025-laudato-si-e-800-anni-del-cantico-delle-creature\\\/#article\",\"isPartOf\":{\"@id\":\"https:\\\/\\\/ofmjpic.org\\\/it\\\/attivita-jpic-2025-laudato-si-e-800-anni-del-cantico-delle-creature\\\/\"},\"author\":{\"name\":\"admin\",\"@id\":\"https:\\\/\\\/ofmjpic.org\\\/it\\\/#\\\/schema\\\/person\\\/39d264e8b62f999b4bd6d547149132f9\"},\"headline\":\"Attivit\u00e0 JPIC 2025: Laudato Si\u2019 e 800 Anni del C\u00e1ntico delle Creature\",\"datePublished\":\"2025-01-23T20:06:49+00:00\",\"dateModified\":\"2025-01-23T20:07:58+00:00\",\"mainEntityOfPage\":{\"@id\":\"https:\\\/\\\/ofmjpic.org\\\/it\\\/attivita-jpic-2025-laudato-si-e-800-anni-del-cantico-delle-creature\\\/\"},\"wordCount\":698,\"commentCount\":0,\"publisher\":{\"@id\":\"https:\\\/\\\/ofmjpic.org\\\/it\\\/#organization\"},\"image\":{\"@id\":\"https:\\\/\\\/ofmjpic.org\\\/it\\\/attivita-jpic-2025-laudato-si-e-800-anni-del-cantico-delle-creature\\\/#primaryimage\"},\"thumbnailUrl\":\"https:\\\/\\\/ofmjpic.org\\\/wp-content\\\/uploads\\\/2025\\\/01\\\/ofm-jpic-paises-bajos.jpg\",\"articleSection\":[\"Notizie\"],\"inLanguage\":\"it-IT\",\"potentialAction\":[{\"@type\":\"CommentAction\",\"name\":\"Comment\",\"target\":[\"https:\\\/\\\/ofmjpic.org\\\/it\\\/attivita-jpic-2025-laudato-si-e-800-anni-del-cantico-delle-creature\\\/#respond\"]}]},{\"@type\":\"WebPage\",\"@id\":\"https:\\\/\\\/ofmjpic.org\\\/it\\\/attivita-jpic-2025-laudato-si-e-800-anni-del-cantico-delle-creature\\\/\",\"url\":\"https:\\\/\\\/ofmjpic.org\\\/it\\\/attivita-jpic-2025-laudato-si-e-800-anni-del-cantico-delle-creature\\\/\",\"name\":\"Attivit\u00e0 JPIC 2025: Laudato Si\u2019 e 800 Anni del C\u00e1ntico delle Creature - OFM JPIC\",\"isPartOf\":{\"@id\":\"https:\\\/\\\/ofmjpic.org\\\/it\\\/#website\"},\"primaryImageOfPage\":{\"@id\":\"https:\\\/\\\/ofmjpic.org\\\/it\\\/attivita-jpic-2025-laudato-si-e-800-anni-del-cantico-delle-creature\\\/#primaryimage\"},\"image\":{\"@id\":\"https:\\\/\\\/ofmjpic.org\\\/it\\\/attivita-jpic-2025-laudato-si-e-800-anni-del-cantico-delle-creature\\\/#primaryimage\"},\"thumbnailUrl\":\"https:\\\/\\\/ofmjpic.org\\\/wp-content\\\/uploads\\\/2025\\\/01\\\/ofm-jpic-paises-bajos.jpg\",\"datePublished\":\"2025-01-23T20:06:49+00:00\",\"dateModified\":\"2025-01-23T20:07:58+00:00\",\"breadcrumb\":{\"@id\":\"https:\\\/\\\/ofmjpic.org\\\/it\\\/attivita-jpic-2025-laudato-si-e-800-anni-del-cantico-delle-creature\\\/#breadcrumb\"},\"inLanguage\":\"it-IT\",\"potentialAction\":[{\"@type\":\"ReadAction\",\"target\":[\"https:\\\/\\\/ofmjpic.org\\\/it\\\/attivita-jpic-2025-laudato-si-e-800-anni-del-cantico-delle-creature\\\/\"]}]},{\"@type\":\"ImageObject\",\"inLanguage\":\"it-IT\",\"@id\":\"https:\\\/\\\/ofmjpic.org\\\/it\\\/attivita-jpic-2025-laudato-si-e-800-anni-del-cantico-delle-creature\\\/#primaryimage\",\"url\":\"https:\\\/\\\/ofmjpic.org\\\/wp-content\\\/uploads\\\/2025\\\/01\\\/ofm-jpic-paises-bajos.jpg\",\"contentUrl\":\"https:\\\/\\\/ofmjpic.org\\\/wp-content\\\/uploads\\\/2025\\\/01\\\/ofm-jpic-paises-bajos.jpg\",\"width\":2048,\"height\":1365},{\"@type\":\"BreadcrumbList\",\"@id\":\"https:\\\/\\\/ofmjpic.org\\\/it\\\/attivita-jpic-2025-laudato-si-e-800-anni-del-cantico-delle-creature\\\/#breadcrumb\",\"itemListElement\":[{\"@type\":\"ListItem\",\"position\":1,\"name\":\"Portada\",\"item\":\"https:\\\/\\\/ofmjpic.org\\\/it\\\/\"},{\"@type\":\"ListItem\",\"position\":2,\"name\":\"Attivit\u00e0 JPIC 2025: Laudato Si\u2019 e 800 Anni del C\u00e1ntico delle Creature\"}]},{\"@type\":\"WebSite\",\"@id\":\"https:\\\/\\\/ofmjpic.org\\\/it\\\/#website\",\"url\":\"https:\\\/\\\/ofmjpic.org\\\/it\\\/\",\"name\":\"OFM Justice, Peace and Integrity of Creation\",\"description\":\"\",\"publisher\":{\"@id\":\"https:\\\/\\\/ofmjpic.org\\\/it\\\/#organization\"},\"potentialAction\":[{\"@type\":\"SearchAction\",\"target\":{\"@type\":\"EntryPoint\",\"urlTemplate\":\"https:\\\/\\\/ofmjpic.org\\\/it\\\/?s={search_term_string}\"},\"query-input\":{\"@type\":\"PropertyValueSpecification\",\"valueRequired\":true,\"valueName\":\"search_term_string\"}}],\"inLanguage\":\"it-IT\"},{\"@type\":\"Organization\",\"@id\":\"https:\\\/\\\/ofmjpic.org\\\/it\\\/#organization\",\"name\":\"General office for Justice, Peace and Integrity of Creation\",\"url\":\"https:\\\/\\\/ofmjpic.org\\\/it\\\/\",\"logo\":{\"@type\":\"ImageObject\",\"inLanguage\":\"it-IT\",\"@id\":\"https:\\\/\\\/ofmjpic.org\\\/it\\\/#\\\/schema\\\/logo\\\/image\\\/\",\"url\":\"https:\\\/\\\/ofmjpic.org\\\/wp-content\\\/uploads\\\/2018\\\/08\\\/ES_JPIC_Logo_.png\",\"contentUrl\":\"https:\\\/\\\/ofmjpic.org\\\/wp-content\\\/uploads\\\/2018\\\/08\\\/ES_JPIC_Logo_.png\",\"width\":3957,\"height\":4082,\"caption\":\"General office for Justice, Peace and Integrity of Creation\"},\"image\":{\"@id\":\"https:\\\/\\\/ofmjpic.org\\\/it\\\/#\\\/schema\\\/logo\\\/image\\\/\"},\"sameAs\":[\"https:\\\/\\\/www.facebook.com\\\/ofmjpic\\\/\",\"https:\\\/\\\/www.instagram.com\\\/ofmjpic\\\/\"]},{\"@type\":\"Person\",\"@id\":\"https:\\\/\\\/ofmjpic.org\\\/it\\\/#\\\/schema\\\/person\\\/39d264e8b62f999b4bd6d547149132f9\",\"name\":\"admin\",\"url\":\"https:\\\/\\\/ofmjpic.org\\\/it\\\/author\\\/admin\\\/\"}]}<\/script>\n<!-- \/ Yoast SEO plugin. -->","yoast_head_json":{"title":"Attivit\u00e0 JPIC 2025: Laudato Si\u2019 e 800 Anni del C\u00e1ntico delle Creature - OFM JPIC","robots":{"index":"index","follow":"follow","max-snippet":"max-snippet:-1","max-image-preview":"max-image-preview:large","max-video-preview":"max-video-preview:-1"},"canonical":"https:\/\/ofmjpic.org\/it\/attivita-jpic-2025-laudato-si-e-800-anni-del-cantico-delle-creature\/","og_locale":"it_IT","og_type":"article","og_title":"Attivit\u00e0 JPIC 2025: Laudato Si\u2019 e 800 Anni del C\u00e1ntico delle Creature - OFM JPIC","og_description":"Nei Paesi Bassi e nelle Fiandre, il team di JPIC collabora con l'Ordine Francescano Secolare per promuovere la giustizia, la pace e l'integrit\u00e0 del creato. Attraverso attivit\u00e0 come mostre, pellegrinaggi e azioni con i giovani, si promuove la cura dell'ambiente e l'impegno verso la natura, ispirati al C\u00e1ntico delle Creature.","og_url":"https:\/\/ofmjpic.org\/it\/attivita-jpic-2025-laudato-si-e-800-anni-del-cantico-delle-creature\/","og_site_name":"OFM JPIC","article_publisher":"https:\/\/www.facebook.com\/ofmjpic\/","article_published_time":"2025-01-23T20:06:49+00:00","article_modified_time":"2025-01-23T20:07:58+00:00","og_image":[{"width":2048,"height":1365,"url":"https:\/\/ofmjpic.org\/wp-content\/uploads\/2025\/01\/ofm-jpic-paises-bajos.jpg","type":"image\/jpeg"}],"author":"admin","twitter_card":"summary_large_image","twitter_misc":{"Scritto da":"admin","Tempo di lettura stimato":"3 minuti"},"schema":{"@context":"https:\/\/schema.org","@graph":[{"@type":"Article","@id":"https:\/\/ofmjpic.org\/it\/attivita-jpic-2025-laudato-si-e-800-anni-del-cantico-delle-creature\/#article","isPartOf":{"@id":"https:\/\/ofmjpic.org\/it\/attivita-jpic-2025-laudato-si-e-800-anni-del-cantico-delle-creature\/"},"author":{"name":"admin","@id":"https:\/\/ofmjpic.org\/it\/#\/schema\/person\/39d264e8b62f999b4bd6d547149132f9"},"headline":"Attivit\u00e0 JPIC 2025: Laudato Si\u2019 e 800 Anni del C\u00e1ntico delle Creature","datePublished":"2025-01-23T20:06:49+00:00","dateModified":"2025-01-23T20:07:58+00:00","mainEntityOfPage":{"@id":"https:\/\/ofmjpic.org\/it\/attivita-jpic-2025-laudato-si-e-800-anni-del-cantico-delle-creature\/"},"wordCount":698,"commentCount":0,"publisher":{"@id":"https:\/\/ofmjpic.org\/it\/#organization"},"image":{"@id":"https:\/\/ofmjpic.org\/it\/attivita-jpic-2025-laudato-si-e-800-anni-del-cantico-delle-creature\/#primaryimage"},"thumbnailUrl":"https:\/\/ofmjpic.org\/wp-content\/uploads\/2025\/01\/ofm-jpic-paises-bajos.jpg","articleSection":["Notizie"],"inLanguage":"it-IT","potentialAction":[{"@type":"CommentAction","name":"Comment","target":["https:\/\/ofmjpic.org\/it\/attivita-jpic-2025-laudato-si-e-800-anni-del-cantico-delle-creature\/#respond"]}]},{"@type":"WebPage","@id":"https:\/\/ofmjpic.org\/it\/attivita-jpic-2025-laudato-si-e-800-anni-del-cantico-delle-creature\/","url":"https:\/\/ofmjpic.org\/it\/attivita-jpic-2025-laudato-si-e-800-anni-del-cantico-delle-creature\/","name":"Attivit\u00e0 JPIC 2025: Laudato Si\u2019 e 800 Anni del C\u00e1ntico delle Creature - OFM JPIC","isPartOf":{"@id":"https:\/\/ofmjpic.org\/it\/#website"},"primaryImageOfPage":{"@id":"https:\/\/ofmjpic.org\/it\/attivita-jpic-2025-laudato-si-e-800-anni-del-cantico-delle-creature\/#primaryimage"},"image":{"@id":"https:\/\/ofmjpic.org\/it\/attivita-jpic-2025-laudato-si-e-800-anni-del-cantico-delle-creature\/#primaryimage"},"thumbnailUrl":"https:\/\/ofmjpic.org\/wp-content\/uploads\/2025\/01\/ofm-jpic-paises-bajos.jpg","datePublished":"2025-01-23T20:06:49+00:00","dateModified":"2025-01-23T20:07:58+00:00","breadcrumb":{"@id":"https:\/\/ofmjpic.org\/it\/attivita-jpic-2025-laudato-si-e-800-anni-del-cantico-delle-creature\/#breadcrumb"},"inLanguage":"it-IT","potentialAction":[{"@type":"ReadAction","target":["https:\/\/ofmjpic.org\/it\/attivita-jpic-2025-laudato-si-e-800-anni-del-cantico-delle-creature\/"]}]},{"@type":"ImageObject","inLanguage":"it-IT","@id":"https:\/\/ofmjpic.org\/it\/attivita-jpic-2025-laudato-si-e-800-anni-del-cantico-delle-creature\/#primaryimage","url":"https:\/\/ofmjpic.org\/wp-content\/uploads\/2025\/01\/ofm-jpic-paises-bajos.jpg","contentUrl":"https:\/\/ofmjpic.org\/wp-content\/uploads\/2025\/01\/ofm-jpic-paises-bajos.jpg","width":2048,"height":1365},{"@type":"BreadcrumbList","@id":"https:\/\/ofmjpic.org\/it\/attivita-jpic-2025-laudato-si-e-800-anni-del-cantico-delle-creature\/#breadcrumb","itemListElement":[{"@type":"ListItem","position":1,"name":"Portada","item":"https:\/\/ofmjpic.org\/it\/"},{"@type":"ListItem","position":2,"name":"Attivit\u00e0 JPIC 2025: Laudato Si\u2019 e 800 Anni del C\u00e1ntico delle Creature"}]},{"@type":"WebSite","@id":"https:\/\/ofmjpic.org\/it\/#website","url":"https:\/\/ofmjpic.org\/it\/","name":"OFM Justice, Peace and Integrity of Creation","description":"","publisher":{"@id":"https:\/\/ofmjpic.org\/it\/#organization"},"potentialAction":[{"@type":"SearchAction","target":{"@type":"EntryPoint","urlTemplate":"https:\/\/ofmjpic.org\/it\/?s={search_term_string}"},"query-input":{"@type":"PropertyValueSpecification","valueRequired":true,"valueName":"search_term_string"}}],"inLanguage":"it-IT"},{"@type":"Organization","@id":"https:\/\/ofmjpic.org\/it\/#organization","name":"General office for Justice, Peace and Integrity of Creation","url":"https:\/\/ofmjpic.org\/it\/","logo":{"@type":"ImageObject","inLanguage":"it-IT","@id":"https:\/\/ofmjpic.org\/it\/#\/schema\/logo\/image\/","url":"https:\/\/ofmjpic.org\/wp-content\/uploads\/2018\/08\/ES_JPIC_Logo_.png","contentUrl":"https:\/\/ofmjpic.org\/wp-content\/uploads\/2018\/08\/ES_JPIC_Logo_.png","width":3957,"height":4082,"caption":"General office for Justice, Peace and Integrity of Creation"},"image":{"@id":"https:\/\/ofmjpic.org\/it\/#\/schema\/logo\/image\/"},"sameAs":["https:\/\/www.facebook.com\/ofmjpic\/","https:\/\/www.instagram.com\/ofmjpic\/"]},{"@type":"Person","@id":"https:\/\/ofmjpic.org\/it\/#\/schema\/person\/39d264e8b62f999b4bd6d547149132f9","name":"admin","url":"https:\/\/ofmjpic.org\/it\/author\/admin\/"}]}},"_links":{"self":[{"href":"https:\/\/ofmjpic.org\/it\/wp-json\/wp\/v2\/posts\/19071","targetHints":{"allow":["GET"]}}],"collection":[{"href":"https:\/\/ofmjpic.org\/it\/wp-json\/wp\/v2\/posts"}],"about":[{"href":"https:\/\/ofmjpic.org\/it\/wp-json\/wp\/v2\/types\/post"}],"author":[{"embeddable":true,"href":"https:\/\/ofmjpic.org\/it\/wp-json\/wp\/v2\/users\/1"}],"replies":[{"embeddable":true,"href":"https:\/\/ofmjpic.org\/it\/wp-json\/wp\/v2\/comments?post=19071"}],"version-history":[{"count":0,"href":"https:\/\/ofmjpic.org\/it\/wp-json\/wp\/v2\/posts\/19071\/revisions"}],"wp:featuredmedia":[{"embeddable":true,"href":"https:\/\/ofmjpic.org\/it\/wp-json\/wp\/v2\/media\/19016"}],"wp:attachment":[{"href":"https:\/\/ofmjpic.org\/it\/wp-json\/wp\/v2\/media?parent=19071"}],"wp:term":[{"taxonomy":"category","embeddable":true,"href":"https:\/\/ofmjpic.org\/it\/wp-json\/wp\/v2\/categories?post=19071"},{"taxonomy":"post_tag","embeddable":true,"href":"https:\/\/ofmjpic.org\/it\/wp-json\/wp\/v2\/tags?post=19071"}],"curies":[{"name":"wp","href":"https:\/\/api.w.org\/{rel}","templated":true}]}}