{"id":17665,"date":"2024-05-17T07:11:09","date_gmt":"2024-05-17T07:11:09","guid":{"rendered":"http:\/\/www.ofmjpic.org\/?p=17665"},"modified":"2024-05-17T07:11:09","modified_gmt":"2024-05-17T07:11:09","slug":"giustizia-medioambientale-in-africa","status":"publish","type":"post","link":"https:\/\/ofmjpic.org\/it\/giustizia-medioambientale-in-africa\/","title":{"rendered":"Giustizia Medioambientale in Africa"},"content":{"rendered":"<p>[et_pb_section fb_built=&#8221;1&#8243; theme_builder_area=&#8221;post_content&#8221; _builder_version=&#8221;4.25.1&#8243; _module_preset=&#8221;default&#8221;][et_pb_row _builder_version=&#8221;4.25.1&#8243; _module_preset=&#8221;default&#8221; theme_builder_area=&#8221;post_content&#8221;][et_pb_column _builder_version=&#8221;4.25.1&#8243; _module_preset=&#8221;default&#8221; type=&#8221;4_4&#8243; theme_builder_area=&#8221;post_content&#8221;][et_pb_text _builder_version=&#8221;4.25.1&#8243; _module_preset=&#8221;default&#8221; theme_builder_area=&#8221;post_content&#8221; hover_enabled=&#8221;0&#8243; sticky_enabled=&#8221;0&#8243;]<\/p>\n<blockquote>\n<h3 style=\"font-weight: 400; text-align: justify;\"><span style=\"color: #993300;\"><strong>L&#8217;ufficio francescano per la Giustizia, la Pace e l&#8217;Integrit\u00e0 del Creato in Africa (\u201cGPIC-FA\u201d), con sede a Nairobi, in Kenya, ha guidato giovani e persone di fede nella promozione della giustizia climatica e nel ripristino della perdita della biodiversit\u00e0.<\/strong><\/span><\/h3>\n<\/blockquote>\n<p>[\/et_pb_text][et_pb_text _builder_version=&#8221;4.25.1&#8243; _module_preset=&#8221;default&#8221; theme_builder_area=&#8221;post_content&#8221; hover_enabled=&#8221;0&#8243; sticky_enabled=&#8221;0&#8243;]<\/p>\n<p style=\"font-weight: 400; text-align: justify;\"><span>Oltre a sostenere le comunit\u00e0 locali nell&#8217;azione a livello di base, l&#8217;\u00e9quipe di GPIC-FA ha dato un importante contributo al dibattito globale sulla Convenzione della diversit\u00e0 biologica.<\/span><\/p>\n<p style=\"font-weight: 400; text-align: justify;\"><span>Nell&#8217;ambito dell&#8217;azione globale e regionale, l&#8217;ufficio di GPIC-FA ha partecipato alle Campagne Liberi dal Fossile per \u201cSalvare Virunga e il bacino del Congo\u201d nella Repubblica Democratica del Congo e \u201cStop EACOP\u201d che collega Uganda e Tanzania.<\/span><\/p>\n<p style=\"font-weight: 400; text-align: justify;\"><span>Nel 2021, GPIC-FA \u00e8 stata l&#8217;organizzazione principale a partecipare al Programma per gli Accordi Multilaterali Ambientali di Africa, Caraibi e Pacifico (ACP MEAs), un dialogo tra giovani africani volto a ripensare la proposta di Concetto sulla Diversit\u00e0 Biologica (CBD) che ha portato al Quadro Globale sulla Biodiversit\u00e0 (GBF) e che \u00e8 stato adottato alla COP15 lo scorso anno a Montreal, in Canada. Dei 35 giovani che hanno partecipato al programma, 26 sono membri di GPIC-FA provenienti da Kenya, Burundi, Ruanda e Tanzania.<\/span><\/p>\n<p style=\"font-weight: 400; text-align: justify;\"><span>Tre dei Paesi ACP MEAs hanno sostenuto la sensibilizzazione e la formazione dei giovani sulle questioni di governance ambientale e sull&#8217;attuazione degli accordi ambientali multilaterali (MEAs). <\/span><\/p>\n<p>[\/et_pb_text][et_pb_image src=&#8221;http:\/\/www.ofmjpic.org\/wp-content\/uploads\/2024\/04\/Copia-de-2DA-FOTO-ARTiCULOS-2022-11.png&#8221; _builder_version=&#8221;4.25.1&#8243; _module_preset=&#8221;default&#8221; theme_builder_area=&#8221;post_content&#8221; title_text=&#8221;Copia de 2DA FOTO ART\u00edCULOS 2022-11&#8243; hover_enabled=&#8221;0&#8243; sticky_enabled=&#8221;0&#8243;][\/et_pb_image][et_pb_text _builder_version=&#8221;4.25.1&#8243; _module_preset=&#8221;default&#8221; theme_builder_area=&#8221;post_content&#8221; hover_enabled=&#8221;0&#8243; sticky_enabled=&#8221;0&#8243;]<\/p>\n<p style=\"font-weight: 400; text-align: justify;\"><span>In primo luogo, l&#8217;impegno dei giovani si \u00e8 concentrato sulle questioni relative alla Convenzione sulla Diversit\u00e0 Biologica (CBD), mentre la Convenzione discuteva la finalizzazione di un quadro decennale di biodiversit\u00e0 globale, che veniva negoziato da 196 Paesi. L&#8217;impegno con i giovani si \u00e8 concentrato su come migliorare la comprensione delle questioni relative alla CBD, il suo mandato e le sue attivit\u00e0, le discussioni sul quadro globale della biodiversit\u00e0, seguite da un impegno specifico a fornire un contributo dal punto di vista dei giovani.<\/span><\/p>\n<p style=\"font-weight: 400; text-align: justify;\"><span>Dopo che i giovani hanno lavorato in gruppi tematici, il PNUMA ha pubblicato sei interessanti relazioni.<\/span><\/p>\n<p style=\"font-weight: 400; text-align: justify;\"><span>Le relazioni dei giovani offrono un ragionamento significativo su ci\u00f2 che pu\u00f2 funzionare meglio in relazione al Quadro Globale per la Biodiversit\u00e0. L&#8217;uso dei social media, la considerazione delle comunit\u00e0 indigene, le idee importanti sulla mobilitazione delle risorse a sostegno del GBF e soprattutto l&#8217;uso del Debito Ecologico tra il Nord e il Sud del mondo, ispirato dalla lettera enciclica <em>Laudato Si&#8217;<\/em> di Papa Francesco.<\/span><\/p>\n<p style=\"font-weight: 400; text-align: justify;\"><span>Come GPIC-FA e come francescani nel mondo siamo felici che il GBF sia stato approvato dagli Stati membri a Montreal, in Canada, durante la COP15 e siamo orgogliosi di vedere che nel GBF c&#8217;\u00e8 la mano dei nostri giovani francescani che rappresentano le voci dei giovani in Africa.<\/span><\/p>\n<p>[\/et_pb_text][et_pb_gallery _builder_version=&#8221;4.25.1&#8243; _module_preset=&#8221;default&#8221; theme_builder_area=&#8221;post_content&#8221; gallery_ids=&#8221;17432,17429&#8243; show_title_and_caption=&#8221;off&#8221; hover_enabled=&#8221;0&#8243; sticky_enabled=&#8221;0&#8243;][\/et_pb_gallery][\/et_pb_column][\/et_pb_row][\/et_pb_section]<\/p>\n","protected":false},"excerpt":{"rendered":"<p>L&#8217;ufficio francescano per la Giustizia, la Pace e l&#8217;Integrit\u00e0 del Creato in Africa (\u201cGPIC-FA\u201d), con sede a Nairobi, in Kenya, ha guidato giovani e persone di fede nella promozione della giustizia climatica e nel ripristino della perdita della biodiversit\u00e0.<\/p>\n","protected":false},"author":6,"featured_media":17418,"comment_status":"open","ping_status":"open","sticky":true,"template":"","format":"standard","meta":{"_acf_changed":false,"_et_pb_use_builder":"on","_et_pb_old_content":"","_et_gb_content_width":"","footnotes":""},"categories":[597,489,595,551,596,434,488,552,381],"tags":[185,108,600,80,876,98,580,542,543],"class_list":["post-17665","post","type-post","status-publish","format-standard","has-post-thumbnail","hentry","category-accion-climatica-it","category-azione-per-il-clima","category-derechos-humanos-it","category-diritti-umani","category-ecologia-integral-2-it","category-ecologia-integrale","category-giustizia-climatica","category-justicia-climatica-it","category-pace","tag-diritti-umani","tag-ecologia-integrale","tag-ecologia-intergral-it","tag-gpic","tag-integridad-de-la-creacion-it","tag-integrita-del-creato","tag-laudato-si-it","tag-ofmjpic-it","tag-paz-it"],"acf":[],"yoast_head":"<!-- This site is optimized with the Yoast SEO plugin v28.4 - https:\/\/yoast.com\/product\/yoast-seo-wordpress\/ -->\n<title>Giustizia Medioambientale in Africa - OFM JPIC<\/title>\n<meta name=\"robots\" content=\"index, follow, max-snippet:-1, max-image-preview:large, max-video-preview:-1\" \/>\n<link rel=\"canonical\" href=\"https:\/\/ofmjpic.org\/it\/giustizia-medioambientale-in-africa\/\" \/>\n<meta property=\"og:locale\" content=\"it_IT\" \/>\n<meta property=\"og:type\" content=\"article\" \/>\n<meta property=\"og:title\" content=\"Giustizia Medioambientale in Africa - OFM JPIC\" \/>\n<meta property=\"og:description\" content=\"L&#039;ufficio francescano per la Giustizia, la Pace e l&#039;Integrit\u00e0 del Creato in Africa (\u201cGPIC-FA\u201d), con sede a Nairobi, in Kenya, ha guidato giovani e persone di fede nella promozione della giustizia climatica e nel ripristino della perdita della biodiversit\u00e0.\" \/>\n<meta property=\"og:url\" content=\"https:\/\/ofmjpic.org\/it\/giustizia-medioambientale-in-africa\/\" \/>\n<meta property=\"og:site_name\" content=\"OFM JPIC\" \/>\n<meta property=\"article:publisher\" content=\"https:\/\/www.facebook.com\/ofmjpic\/\" \/>\n<meta property=\"article:published_time\" content=\"2024-05-17T07:11:09+00:00\" \/>\n<meta property=\"og:image\" content=\"https:\/\/ofmjpic.org\/wp-content\/uploads\/2024\/04\/Copia-de-Portada-Noticias-2-ofmjpic.org-2.png\" \/>\n\t<meta property=\"og:image:width\" content=\"800\" \/>\n\t<meta property=\"og:image:height\" content=\"400\" \/>\n\t<meta property=\"og:image:type\" content=\"image\/png\" \/>\n<meta name=\"author\" content=\"Daniel\" \/>\n<meta name=\"twitter:card\" content=\"summary_large_image\" \/>\n<meta name=\"twitter:label1\" content=\"Scritto da\" \/>\n\t<meta name=\"twitter:data1\" content=\"Daniel\" \/>\n\t<meta name=\"twitter:label2\" content=\"Tempo di lettura stimato\" \/>\n\t<meta name=\"twitter:data2\" content=\"3 minuti\" \/>\n<script type=\"application\/ld+json\" class=\"yoast-schema-graph\">{\"@context\":\"https:\\\/\\\/schema.org\",\"@graph\":[{\"@type\":\"Article\",\"@id\":\"https:\\\/\\\/ofmjpic.org\\\/it\\\/giustizia-medioambientale-in-africa\\\/#article\",\"isPartOf\":{\"@id\":\"https:\\\/\\\/ofmjpic.org\\\/it\\\/giustizia-medioambientale-in-africa\\\/\"},\"author\":{\"name\":\"Daniel\",\"@id\":\"https:\\\/\\\/ofmjpic.org\\\/it\\\/#\\\/schema\\\/person\\\/ff7331a2fb274f17ea86ea0f6e1696cd\"},\"headline\":\"Giustizia Medioambientale in Africa\",\"datePublished\":\"2024-05-17T07:11:09+00:00\",\"mainEntityOfPage\":{\"@id\":\"https:\\\/\\\/ofmjpic.org\\\/it\\\/giustizia-medioambientale-in-africa\\\/\"},\"wordCount\":609,\"commentCount\":0,\"publisher\":{\"@id\":\"https:\\\/\\\/ofmjpic.org\\\/it\\\/#organization\"},\"image\":{\"@id\":\"https:\\\/\\\/ofmjpic.org\\\/it\\\/giustizia-medioambientale-in-africa\\\/#primaryimage\"},\"thumbnailUrl\":\"https:\\\/\\\/ofmjpic.org\\\/wp-content\\\/uploads\\\/2024\\\/04\\\/Copia-de-Portada-Noticias-2-ofmjpic.org-2.png\",\"keywords\":[\"diritti umani\",\"Ecologia integrale\",\"ecologia intergral\",\"GPIC\",\"integridad de la creacion\",\"Integrit\u00e0 del Creato\",\"laudato si\",\"ofmjpic\",\"Paz\"],\"articleSection\":[\"Acci\u00f3n clim\u00e1tica\",\"Azione per il clima\",\"Derechos humanos\",\"Diritti umani\",\"Ecolog\u00eda Integral\",\"Ecologia Integrale\",\"Giustizia climatica\",\"Justicia clim\u00e1tica\",\"Pace\"],\"inLanguage\":\"it-IT\",\"potentialAction\":[{\"@type\":\"CommentAction\",\"name\":\"Comment\",\"target\":[\"https:\\\/\\\/ofmjpic.org\\\/it\\\/giustizia-medioambientale-in-africa\\\/#respond\"]}]},{\"@type\":\"WebPage\",\"@id\":\"https:\\\/\\\/ofmjpic.org\\\/it\\\/giustizia-medioambientale-in-africa\\\/\",\"url\":\"https:\\\/\\\/ofmjpic.org\\\/it\\\/giustizia-medioambientale-in-africa\\\/\",\"name\":\"Giustizia Medioambientale in Africa - OFM JPIC\",\"isPartOf\":{\"@id\":\"https:\\\/\\\/ofmjpic.org\\\/it\\\/#website\"},\"primaryImageOfPage\":{\"@id\":\"https:\\\/\\\/ofmjpic.org\\\/it\\\/giustizia-medioambientale-in-africa\\\/#primaryimage\"},\"image\":{\"@id\":\"https:\\\/\\\/ofmjpic.org\\\/it\\\/giustizia-medioambientale-in-africa\\\/#primaryimage\"},\"thumbnailUrl\":\"https:\\\/\\\/ofmjpic.org\\\/wp-content\\\/uploads\\\/2024\\\/04\\\/Copia-de-Portada-Noticias-2-ofmjpic.org-2.png\",\"datePublished\":\"2024-05-17T07:11:09+00:00\",\"breadcrumb\":{\"@id\":\"https:\\\/\\\/ofmjpic.org\\\/it\\\/giustizia-medioambientale-in-africa\\\/#breadcrumb\"},\"inLanguage\":\"it-IT\",\"potentialAction\":[{\"@type\":\"ReadAction\",\"target\":[\"https:\\\/\\\/ofmjpic.org\\\/it\\\/giustizia-medioambientale-in-africa\\\/\"]}]},{\"@type\":\"ImageObject\",\"inLanguage\":\"it-IT\",\"@id\":\"https:\\\/\\\/ofmjpic.org\\\/it\\\/giustizia-medioambientale-in-africa\\\/#primaryimage\",\"url\":\"https:\\\/\\\/ofmjpic.org\\\/wp-content\\\/uploads\\\/2024\\\/04\\\/Copia-de-Portada-Noticias-2-ofmjpic.org-2.png\",\"contentUrl\":\"https:\\\/\\\/ofmjpic.org\\\/wp-content\\\/uploads\\\/2024\\\/04\\\/Copia-de-Portada-Noticias-2-ofmjpic.org-2.png\",\"width\":800,\"height\":400},{\"@type\":\"BreadcrumbList\",\"@id\":\"https:\\\/\\\/ofmjpic.org\\\/it\\\/giustizia-medioambientale-in-africa\\\/#breadcrumb\",\"itemListElement\":[{\"@type\":\"ListItem\",\"position\":1,\"name\":\"Portada\",\"item\":\"https:\\\/\\\/ofmjpic.org\\\/it\\\/\"},{\"@type\":\"ListItem\",\"position\":2,\"name\":\"Giustizia Medioambientale in Africa\"}]},{\"@type\":\"WebSite\",\"@id\":\"https:\\\/\\\/ofmjpic.org\\\/it\\\/#website\",\"url\":\"https:\\\/\\\/ofmjpic.org\\\/it\\\/\",\"name\":\"OFM Justice, Peace and Integrity of Creation\",\"description\":\"\",\"publisher\":{\"@id\":\"https:\\\/\\\/ofmjpic.org\\\/it\\\/#organization\"},\"potentialAction\":[{\"@type\":\"SearchAction\",\"target\":{\"@type\":\"EntryPoint\",\"urlTemplate\":\"https:\\\/\\\/ofmjpic.org\\\/it\\\/?s={search_term_string}\"},\"query-input\":{\"@type\":\"PropertyValueSpecification\",\"valueRequired\":true,\"valueName\":\"search_term_string\"}}],\"inLanguage\":\"it-IT\"},{\"@type\":\"Organization\",\"@id\":\"https:\\\/\\\/ofmjpic.org\\\/it\\\/#organization\",\"name\":\"General office for Justice, Peace and Integrity of Creation\",\"url\":\"https:\\\/\\\/ofmjpic.org\\\/it\\\/\",\"logo\":{\"@type\":\"ImageObject\",\"inLanguage\":\"it-IT\",\"@id\":\"https:\\\/\\\/ofmjpic.org\\\/it\\\/#\\\/schema\\\/logo\\\/image\\\/\",\"url\":\"https:\\\/\\\/ofmjpic.org\\\/wp-content\\\/uploads\\\/2018\\\/08\\\/ES_JPIC_Logo_.png\",\"contentUrl\":\"https:\\\/\\\/ofmjpic.org\\\/wp-content\\\/uploads\\\/2018\\\/08\\\/ES_JPIC_Logo_.png\",\"width\":3957,\"height\":4082,\"caption\":\"General office for Justice, Peace and Integrity of Creation\"},\"image\":{\"@id\":\"https:\\\/\\\/ofmjpic.org\\\/it\\\/#\\\/schema\\\/logo\\\/image\\\/\"},\"sameAs\":[\"https:\\\/\\\/www.facebook.com\\\/ofmjpic\\\/\",\"https:\\\/\\\/www.instagram.com\\\/ofmjpic\\\/\"]},{\"@type\":\"Person\",\"@id\":\"https:\\\/\\\/ofmjpic.org\\\/it\\\/#\\\/schema\\\/person\\\/ff7331a2fb274f17ea86ea0f6e1696cd\",\"name\":\"Daniel\",\"url\":\"https:\\\/\\\/ofmjpic.org\\\/it\\\/author\\\/drodriguez\\\/\"}]}<\/script>\n<!-- \/ Yoast SEO plugin. -->","yoast_head_json":{"title":"Giustizia Medioambientale in Africa - OFM JPIC","robots":{"index":"index","follow":"follow","max-snippet":"max-snippet:-1","max-image-preview":"max-image-preview:large","max-video-preview":"max-video-preview:-1"},"canonical":"https:\/\/ofmjpic.org\/it\/giustizia-medioambientale-in-africa\/","og_locale":"it_IT","og_type":"article","og_title":"Giustizia Medioambientale in Africa - OFM JPIC","og_description":"L'ufficio francescano per la Giustizia, la Pace e l'Integrit\u00e0 del Creato in Africa (\u201cGPIC-FA\u201d), con sede a Nairobi, in Kenya, ha guidato giovani e persone di fede nella promozione della giustizia climatica e nel ripristino della perdita della biodiversit\u00e0.","og_url":"https:\/\/ofmjpic.org\/it\/giustizia-medioambientale-in-africa\/","og_site_name":"OFM JPIC","article_publisher":"https:\/\/www.facebook.com\/ofmjpic\/","article_published_time":"2024-05-17T07:11:09+00:00","og_image":[{"width":800,"height":400,"url":"https:\/\/ofmjpic.org\/wp-content\/uploads\/2024\/04\/Copia-de-Portada-Noticias-2-ofmjpic.org-2.png","type":"image\/png"}],"author":"Daniel","twitter_card":"summary_large_image","twitter_misc":{"Scritto da":"Daniel","Tempo di lettura stimato":"3 minuti"},"schema":{"@context":"https:\/\/schema.org","@graph":[{"@type":"Article","@id":"https:\/\/ofmjpic.org\/it\/giustizia-medioambientale-in-africa\/#article","isPartOf":{"@id":"https:\/\/ofmjpic.org\/it\/giustizia-medioambientale-in-africa\/"},"author":{"name":"Daniel","@id":"https:\/\/ofmjpic.org\/it\/#\/schema\/person\/ff7331a2fb274f17ea86ea0f6e1696cd"},"headline":"Giustizia Medioambientale in Africa","datePublished":"2024-05-17T07:11:09+00:00","mainEntityOfPage":{"@id":"https:\/\/ofmjpic.org\/it\/giustizia-medioambientale-in-africa\/"},"wordCount":609,"commentCount":0,"publisher":{"@id":"https:\/\/ofmjpic.org\/it\/#organization"},"image":{"@id":"https:\/\/ofmjpic.org\/it\/giustizia-medioambientale-in-africa\/#primaryimage"},"thumbnailUrl":"https:\/\/ofmjpic.org\/wp-content\/uploads\/2024\/04\/Copia-de-Portada-Noticias-2-ofmjpic.org-2.png","keywords":["diritti umani","Ecologia integrale","ecologia intergral","GPIC","integridad de la creacion","Integrit\u00e0 del Creato","laudato si","ofmjpic","Paz"],"articleSection":["Acci\u00f3n clim\u00e1tica","Azione per il clima","Derechos humanos","Diritti umani","Ecolog\u00eda Integral","Ecologia Integrale","Giustizia climatica","Justicia clim\u00e1tica","Pace"],"inLanguage":"it-IT","potentialAction":[{"@type":"CommentAction","name":"Comment","target":["https:\/\/ofmjpic.org\/it\/giustizia-medioambientale-in-africa\/#respond"]}]},{"@type":"WebPage","@id":"https:\/\/ofmjpic.org\/it\/giustizia-medioambientale-in-africa\/","url":"https:\/\/ofmjpic.org\/it\/giustizia-medioambientale-in-africa\/","name":"Giustizia Medioambientale in Africa - OFM JPIC","isPartOf":{"@id":"https:\/\/ofmjpic.org\/it\/#website"},"primaryImageOfPage":{"@id":"https:\/\/ofmjpic.org\/it\/giustizia-medioambientale-in-africa\/#primaryimage"},"image":{"@id":"https:\/\/ofmjpic.org\/it\/giustizia-medioambientale-in-africa\/#primaryimage"},"thumbnailUrl":"https:\/\/ofmjpic.org\/wp-content\/uploads\/2024\/04\/Copia-de-Portada-Noticias-2-ofmjpic.org-2.png","datePublished":"2024-05-17T07:11:09+00:00","breadcrumb":{"@id":"https:\/\/ofmjpic.org\/it\/giustizia-medioambientale-in-africa\/#breadcrumb"},"inLanguage":"it-IT","potentialAction":[{"@type":"ReadAction","target":["https:\/\/ofmjpic.org\/it\/giustizia-medioambientale-in-africa\/"]}]},{"@type":"ImageObject","inLanguage":"it-IT","@id":"https:\/\/ofmjpic.org\/it\/giustizia-medioambientale-in-africa\/#primaryimage","url":"https:\/\/ofmjpic.org\/wp-content\/uploads\/2024\/04\/Copia-de-Portada-Noticias-2-ofmjpic.org-2.png","contentUrl":"https:\/\/ofmjpic.org\/wp-content\/uploads\/2024\/04\/Copia-de-Portada-Noticias-2-ofmjpic.org-2.png","width":800,"height":400},{"@type":"BreadcrumbList","@id":"https:\/\/ofmjpic.org\/it\/giustizia-medioambientale-in-africa\/#breadcrumb","itemListElement":[{"@type":"ListItem","position":1,"name":"Portada","item":"https:\/\/ofmjpic.org\/it\/"},{"@type":"ListItem","position":2,"name":"Giustizia Medioambientale in Africa"}]},{"@type":"WebSite","@id":"https:\/\/ofmjpic.org\/it\/#website","url":"https:\/\/ofmjpic.org\/it\/","name":"OFM Justice, Peace and Integrity of Creation","description":"","publisher":{"@id":"https:\/\/ofmjpic.org\/it\/#organization"},"potentialAction":[{"@type":"SearchAction","target":{"@type":"EntryPoint","urlTemplate":"https:\/\/ofmjpic.org\/it\/?s={search_term_string}"},"query-input":{"@type":"PropertyValueSpecification","valueRequired":true,"valueName":"search_term_string"}}],"inLanguage":"it-IT"},{"@type":"Organization","@id":"https:\/\/ofmjpic.org\/it\/#organization","name":"General office for Justice, Peace and Integrity of Creation","url":"https:\/\/ofmjpic.org\/it\/","logo":{"@type":"ImageObject","inLanguage":"it-IT","@id":"https:\/\/ofmjpic.org\/it\/#\/schema\/logo\/image\/","url":"https:\/\/ofmjpic.org\/wp-content\/uploads\/2018\/08\/ES_JPIC_Logo_.png","contentUrl":"https:\/\/ofmjpic.org\/wp-content\/uploads\/2018\/08\/ES_JPIC_Logo_.png","width":3957,"height":4082,"caption":"General office for Justice, Peace and Integrity of Creation"},"image":{"@id":"https:\/\/ofmjpic.org\/it\/#\/schema\/logo\/image\/"},"sameAs":["https:\/\/www.facebook.com\/ofmjpic\/","https:\/\/www.instagram.com\/ofmjpic\/"]},{"@type":"Person","@id":"https:\/\/ofmjpic.org\/it\/#\/schema\/person\/ff7331a2fb274f17ea86ea0f6e1696cd","name":"Daniel","url":"https:\/\/ofmjpic.org\/it\/author\/drodriguez\/"}]}},"_links":{"self":[{"href":"https:\/\/ofmjpic.org\/it\/wp-json\/wp\/v2\/posts\/17665","targetHints":{"allow":["GET"]}}],"collection":[{"href":"https:\/\/ofmjpic.org\/it\/wp-json\/wp\/v2\/posts"}],"about":[{"href":"https:\/\/ofmjpic.org\/it\/wp-json\/wp\/v2\/types\/post"}],"author":[{"embeddable":true,"href":"https:\/\/ofmjpic.org\/it\/wp-json\/wp\/v2\/users\/6"}],"replies":[{"embeddable":true,"href":"https:\/\/ofmjpic.org\/it\/wp-json\/wp\/v2\/comments?post=17665"}],"version-history":[{"count":0,"href":"https:\/\/ofmjpic.org\/it\/wp-json\/wp\/v2\/posts\/17665\/revisions"}],"wp:featuredmedia":[{"embeddable":true,"href":"https:\/\/ofmjpic.org\/it\/wp-json\/wp\/v2\/media\/17418"}],"wp:attachment":[{"href":"https:\/\/ofmjpic.org\/it\/wp-json\/wp\/v2\/media?parent=17665"}],"wp:term":[{"taxonomy":"category","embeddable":true,"href":"https:\/\/ofmjpic.org\/it\/wp-json\/wp\/v2\/categories?post=17665"},{"taxonomy":"post_tag","embeddable":true,"href":"https:\/\/ofmjpic.org\/it\/wp-json\/wp\/v2\/tags?post=17665"}],"curies":[{"name":"wp","href":"https:\/\/api.w.org\/{rel}","templated":true}]}}