{"id":17252,"date":"2024-02-17T12:22:45","date_gmt":"2024-02-17T12:22:45","guid":{"rendered":"http:\/\/www.ofmjpic.org\/?p=17252"},"modified":"2025-01-02T23:05:41","modified_gmt":"2025-01-02T23:05:41","slug":"il-primo-meeting-romano-vi-del-2024","status":"publish","type":"post","link":"https:\/\/ofmjpic.org\/it\/il-primo-meeting-romano-vi-del-2024\/","title":{"rendered":"Il Primo Meeting Romano VI del 2024"},"content":{"rendered":"<p>[et_pb_section fb_built=&#8221;1&#8243; _builder_version=&#8221;4.24.1&#8243; _module_preset=&#8221;default&#8221; global_colors_info=&#8221;{}&#8221;][et_pb_row _builder_version=&#8221;4.24.1&#8243; _module_preset=&#8221;default&#8221; global_colors_info=&#8221;{}&#8221;][et_pb_column type=&#8221;4_4&#8243; _builder_version=&#8221;4.24.1&#8243; _module_preset=&#8221;default&#8221; global_colors_info=&#8221;{}&#8221;][et_pb_text _builder_version=&#8221;4.24.1&#8243; _module_preset=&#8221;default&#8221; hover_enabled=&#8221;0&#8243; global_colors_info=&#8221;{}&#8221; sticky_enabled=&#8221;0&#8243;]<\/p>\n<blockquote>\n<h2 style=\"font-weight: 400; text-align: justify;\"><span style=\"color: #993300;\"><strong>La Famiglia Inter-francescana per la Giustizia, la Pace e l&#8217;Integrit\u00e0 del Creato, o Famiglia Romana VI, si \u00e8 riunita al Seraphicum di Roma mercoled\u00ec 8 febbraio 2024.<\/strong><\/span><\/h2>\n<\/blockquote>\n<p>[\/et_pb_text][et_pb_text _builder_version=&#8221;4.24.1&#8243; _module_preset=&#8221;default&#8221; global_colors_info=&#8221;{}&#8221;]<\/p>\n<p style=\"font-weight: 400; text-align: justify;\"><span>A questo incontro erano presenti tutti i rappresentanti: Fr. Taucen Hotlan Girsang OFM, Fr. Michael Lasky OFMConv, Fr. Joel de Jesus OFMCap, Sr. Nancy Celaschi OSF, Fr. Pietro Ferri OFS e Fr. Carlo Campos TOR.<\/span><\/p>\n<p style=\"font-weight: 400; text-align: justify;\"><span>Fr. Michael, in qualit\u00e0 di presidente, ha aperto l&#8217;incontro dando il benvenuto a Fr. Carlos Campos, rappresentante del TOR (Terzo Ordine Regolare di San Francesco della Penitenza) tra i membri di <strong>Roman VI<\/strong>, e poi ha dato a ciascun membro l&#8217;opportunit\u00e0 di presentarsi brevemente. In seguito, ha illustrato l&#8217;ordine del giorno dell&#8217;incontro, ovvero le informazioni fornite da ciascun membro in merito al programma 2024 di GPIC, la collaborazione tra Roman VI e Franciscans International in conformit\u00e0 al MoU e le questioni relative al Giubileo francescano degli 800 anni delle Stimmate e degli 800 anni del Cantico delle Creature.<\/span><\/p>\n<p style=\"font-weight: 400; text-align: justify;\"><span>Dopo la discussione di ogni punto all&#8217;ordine del giorno, per chiudere l&#8217;incontro, i membri di Roman VI sono stati invitati da Fr. Michael, il padrone di casa, a dare un&#8217;occhiata all&#8217;edificio del Seraphicum e al nuovo ufficio di GPIC OFMConventuale, per poi pranzare insieme ai frati conventuali della comunit\u00e0.<\/span><\/p>\n<p style=\"font-weight: 400; text-align: justify;\"><span>Il prossimo incontro si terr\u00e0 sabato 23 marzo 2024.<\/span><\/p>\n<h3 style=\"font-weight: 400; text-align: right;\"><strong><span style=\"color: #993300;\"><\/span><\/strong><\/h3>\n<h3 style=\"font-weight: 400; text-align: right;\"><strong><span style=\"color: #993300;\">Fr. Taucen Girsang<\/span><\/strong><\/h3>\n<p>[\/et_pb_text][\/et_pb_column][\/et_pb_row][\/et_pb_section]<\/p>\n","protected":false},"excerpt":{"rendered":"<p>La Famiglia Inter-francescana per la Giustizia, la Pace e l&#8217;Integrit\u00e0 del Creato, o Famiglia Romana VI, si \u00e8 riunita al Seraphicum di Roma mercoled\u00ec 8 febbraio 2024.<\/p>\n","protected":false},"author":6,"featured_media":17237,"comment_status":"open","ping_status":"open","sticky":true,"template":"","format":"standard","meta":{"_acf_changed":false,"_et_pb_use_builder":"on","_et_pb_old_content":"","_et_gb_content_width":"","footnotes":""},"categories":[434,961],"tags":[80,98,276],"class_list":["post-17252","post","type-post","status-publish","format-standard","has-post-thumbnail","hentry","category-ecologia-integrale","category-notizie","tag-gpic","tag-integrita-del-creato","tag-ofmgpic"],"acf":[],"yoast_head":"<!-- This site is optimized with the Yoast SEO plugin v28.4 - https:\/\/yoast.com\/product\/yoast-seo-wordpress\/ -->\n<title>Il Primo Meeting Romano VI del 2024 - OFM JPIC<\/title>\n<meta name=\"robots\" content=\"index, follow, max-snippet:-1, max-image-preview:large, max-video-preview:-1\" \/>\n<link rel=\"canonical\" href=\"https:\/\/ofmjpic.org\/it\/il-primo-meeting-romano-vi-del-2024\/\" \/>\n<meta property=\"og:locale\" content=\"it_IT\" \/>\n<meta property=\"og:type\" content=\"article\" \/>\n<meta property=\"og:title\" content=\"Il Primo Meeting Romano VI del 2024 - OFM JPIC\" \/>\n<meta property=\"og:description\" content=\"La Famiglia Inter-francescana per la Giustizia, la Pace e l&#039;Integrit\u00e0 del Creato, o Famiglia Romana VI, si \u00e8 riunita al Seraphicum di Roma mercoled\u00ec 8 febbraio 2024.\" \/>\n<meta property=\"og:url\" content=\"https:\/\/ofmjpic.org\/it\/il-primo-meeting-romano-vi-del-2024\/\" \/>\n<meta property=\"og:site_name\" content=\"OFM JPIC\" \/>\n<meta property=\"article:publisher\" content=\"https:\/\/www.facebook.com\/ofmjpic\/\" \/>\n<meta property=\"article:published_time\" content=\"2024-02-17T12:22:45+00:00\" \/>\n<meta property=\"article:modified_time\" content=\"2025-01-02T23:05:41+00:00\" \/>\n<meta property=\"og:image\" content=\"https:\/\/ofmjpic.org\/wp-content\/uploads\/2024\/02\/FOTOS-Portada-pag-web-art-2022-2.png\" \/>\n\t<meta property=\"og:image:width\" content=\"980\" \/>\n\t<meta property=\"og:image:height\" content=\"480\" \/>\n\t<meta property=\"og:image:type\" content=\"image\/png\" \/>\n<meta name=\"author\" content=\"Daniel\" \/>\n<meta name=\"twitter:card\" content=\"summary_large_image\" \/>\n<meta name=\"twitter:label1\" content=\"Scritto da\" \/>\n\t<meta name=\"twitter:data1\" content=\"Daniel\" \/>\n\t<meta name=\"twitter:label2\" content=\"Tempo di lettura stimato\" \/>\n\t<meta name=\"twitter:data2\" content=\"1 minuto\" \/>\n<script type=\"application\/ld+json\" class=\"yoast-schema-graph\">{\"@context\":\"https:\\\/\\\/schema.org\",\"@graph\":[{\"@type\":\"Article\",\"@id\":\"https:\\\/\\\/ofmjpic.org\\\/it\\\/il-primo-meeting-romano-vi-del-2024\\\/#article\",\"isPartOf\":{\"@id\":\"https:\\\/\\\/ofmjpic.org\\\/it\\\/il-primo-meeting-romano-vi-del-2024\\\/\"},\"author\":{\"name\":\"Daniel\",\"@id\":\"https:\\\/\\\/ofmjpic.org\\\/it\\\/#\\\/schema\\\/person\\\/ff7331a2fb274f17ea86ea0f6e1696cd\"},\"headline\":\"Il Primo Meeting Romano VI del 2024\",\"datePublished\":\"2024-02-17T12:22:45+00:00\",\"dateModified\":\"2025-01-02T23:05:41+00:00\",\"mainEntityOfPage\":{\"@id\":\"https:\\\/\\\/ofmjpic.org\\\/it\\\/il-primo-meeting-romano-vi-del-2024\\\/\"},\"wordCount\":305,\"commentCount\":0,\"publisher\":{\"@id\":\"https:\\\/\\\/ofmjpic.org\\\/it\\\/#organization\"},\"image\":{\"@id\":\"https:\\\/\\\/ofmjpic.org\\\/it\\\/il-primo-meeting-romano-vi-del-2024\\\/#primaryimage\"},\"thumbnailUrl\":\"https:\\\/\\\/ofmjpic.org\\\/wp-content\\\/uploads\\\/2024\\\/02\\\/FOTOS-Portada-pag-web-art-2022-2.png\",\"keywords\":[\"GPIC\",\"Integrit\u00e0 del Creato\",\"ofmgpic\"],\"articleSection\":[\"Ecologia Integrale\",\"Notizie\"],\"inLanguage\":\"it-IT\",\"potentialAction\":[{\"@type\":\"CommentAction\",\"name\":\"Comment\",\"target\":[\"https:\\\/\\\/ofmjpic.org\\\/it\\\/il-primo-meeting-romano-vi-del-2024\\\/#respond\"]}]},{\"@type\":\"WebPage\",\"@id\":\"https:\\\/\\\/ofmjpic.org\\\/it\\\/il-primo-meeting-romano-vi-del-2024\\\/\",\"url\":\"https:\\\/\\\/ofmjpic.org\\\/it\\\/il-primo-meeting-romano-vi-del-2024\\\/\",\"name\":\"Il Primo Meeting Romano VI del 2024 - OFM JPIC\",\"isPartOf\":{\"@id\":\"https:\\\/\\\/ofmjpic.org\\\/it\\\/#website\"},\"primaryImageOfPage\":{\"@id\":\"https:\\\/\\\/ofmjpic.org\\\/it\\\/il-primo-meeting-romano-vi-del-2024\\\/#primaryimage\"},\"image\":{\"@id\":\"https:\\\/\\\/ofmjpic.org\\\/it\\\/il-primo-meeting-romano-vi-del-2024\\\/#primaryimage\"},\"thumbnailUrl\":\"https:\\\/\\\/ofmjpic.org\\\/wp-content\\\/uploads\\\/2024\\\/02\\\/FOTOS-Portada-pag-web-art-2022-2.png\",\"datePublished\":\"2024-02-17T12:22:45+00:00\",\"dateModified\":\"2025-01-02T23:05:41+00:00\",\"breadcrumb\":{\"@id\":\"https:\\\/\\\/ofmjpic.org\\\/it\\\/il-primo-meeting-romano-vi-del-2024\\\/#breadcrumb\"},\"inLanguage\":\"it-IT\",\"potentialAction\":[{\"@type\":\"ReadAction\",\"target\":[\"https:\\\/\\\/ofmjpic.org\\\/it\\\/il-primo-meeting-romano-vi-del-2024\\\/\"]}]},{\"@type\":\"ImageObject\",\"inLanguage\":\"it-IT\",\"@id\":\"https:\\\/\\\/ofmjpic.org\\\/it\\\/il-primo-meeting-romano-vi-del-2024\\\/#primaryimage\",\"url\":\"https:\\\/\\\/ofmjpic.org\\\/wp-content\\\/uploads\\\/2024\\\/02\\\/FOTOS-Portada-pag-web-art-2022-2.png\",\"contentUrl\":\"https:\\\/\\\/ofmjpic.org\\\/wp-content\\\/uploads\\\/2024\\\/02\\\/FOTOS-Portada-pag-web-art-2022-2.png\",\"width\":980,\"height\":480},{\"@type\":\"BreadcrumbList\",\"@id\":\"https:\\\/\\\/ofmjpic.org\\\/it\\\/il-primo-meeting-romano-vi-del-2024\\\/#breadcrumb\",\"itemListElement\":[{\"@type\":\"ListItem\",\"position\":1,\"name\":\"Portada\",\"item\":\"https:\\\/\\\/ofmjpic.org\\\/it\\\/\"},{\"@type\":\"ListItem\",\"position\":2,\"name\":\"Il Primo Meeting Romano VI del 2024\"}]},{\"@type\":\"WebSite\",\"@id\":\"https:\\\/\\\/ofmjpic.org\\\/it\\\/#website\",\"url\":\"https:\\\/\\\/ofmjpic.org\\\/it\\\/\",\"name\":\"OFM Justice, Peace and Integrity of Creation\",\"description\":\"\",\"publisher\":{\"@id\":\"https:\\\/\\\/ofmjpic.org\\\/it\\\/#organization\"},\"potentialAction\":[{\"@type\":\"SearchAction\",\"target\":{\"@type\":\"EntryPoint\",\"urlTemplate\":\"https:\\\/\\\/ofmjpic.org\\\/it\\\/?s={search_term_string}\"},\"query-input\":{\"@type\":\"PropertyValueSpecification\",\"valueRequired\":true,\"valueName\":\"search_term_string\"}}],\"inLanguage\":\"it-IT\"},{\"@type\":\"Organization\",\"@id\":\"https:\\\/\\\/ofmjpic.org\\\/it\\\/#organization\",\"name\":\"General office for Justice, Peace and Integrity of Creation\",\"url\":\"https:\\\/\\\/ofmjpic.org\\\/it\\\/\",\"logo\":{\"@type\":\"ImageObject\",\"inLanguage\":\"it-IT\",\"@id\":\"https:\\\/\\\/ofmjpic.org\\\/it\\\/#\\\/schema\\\/logo\\\/image\\\/\",\"url\":\"https:\\\/\\\/ofmjpic.org\\\/wp-content\\\/uploads\\\/2018\\\/08\\\/ES_JPIC_Logo_.png\",\"contentUrl\":\"https:\\\/\\\/ofmjpic.org\\\/wp-content\\\/uploads\\\/2018\\\/08\\\/ES_JPIC_Logo_.png\",\"width\":3957,\"height\":4082,\"caption\":\"General office for Justice, Peace and Integrity of Creation\"},\"image\":{\"@id\":\"https:\\\/\\\/ofmjpic.org\\\/it\\\/#\\\/schema\\\/logo\\\/image\\\/\"},\"sameAs\":[\"https:\\\/\\\/www.facebook.com\\\/ofmjpic\\\/\",\"https:\\\/\\\/www.instagram.com\\\/ofmjpic\\\/\"]},{\"@type\":\"Person\",\"@id\":\"https:\\\/\\\/ofmjpic.org\\\/it\\\/#\\\/schema\\\/person\\\/ff7331a2fb274f17ea86ea0f6e1696cd\",\"name\":\"Daniel\",\"url\":\"https:\\\/\\\/ofmjpic.org\\\/it\\\/author\\\/drodriguez\\\/\"}]}<\/script>\n<!-- \/ Yoast SEO plugin. -->","yoast_head_json":{"title":"Il Primo Meeting Romano VI del 2024 - OFM JPIC","robots":{"index":"index","follow":"follow","max-snippet":"max-snippet:-1","max-image-preview":"max-image-preview:large","max-video-preview":"max-video-preview:-1"},"canonical":"https:\/\/ofmjpic.org\/it\/il-primo-meeting-romano-vi-del-2024\/","og_locale":"it_IT","og_type":"article","og_title":"Il Primo Meeting Romano VI del 2024 - OFM JPIC","og_description":"La Famiglia Inter-francescana per la Giustizia, la Pace e l'Integrit\u00e0 del Creato, o Famiglia Romana VI, si \u00e8 riunita al Seraphicum di Roma mercoled\u00ec 8 febbraio 2024.","og_url":"https:\/\/ofmjpic.org\/it\/il-primo-meeting-romano-vi-del-2024\/","og_site_name":"OFM JPIC","article_publisher":"https:\/\/www.facebook.com\/ofmjpic\/","article_published_time":"2024-02-17T12:22:45+00:00","article_modified_time":"2025-01-02T23:05:41+00:00","og_image":[{"width":980,"height":480,"url":"https:\/\/ofmjpic.org\/wp-content\/uploads\/2024\/02\/FOTOS-Portada-pag-web-art-2022-2.png","type":"image\/png"}],"author":"Daniel","twitter_card":"summary_large_image","twitter_misc":{"Scritto da":"Daniel","Tempo di lettura stimato":"1 minuto"},"schema":{"@context":"https:\/\/schema.org","@graph":[{"@type":"Article","@id":"https:\/\/ofmjpic.org\/it\/il-primo-meeting-romano-vi-del-2024\/#article","isPartOf":{"@id":"https:\/\/ofmjpic.org\/it\/il-primo-meeting-romano-vi-del-2024\/"},"author":{"name":"Daniel","@id":"https:\/\/ofmjpic.org\/it\/#\/schema\/person\/ff7331a2fb274f17ea86ea0f6e1696cd"},"headline":"Il Primo Meeting Romano VI del 2024","datePublished":"2024-02-17T12:22:45+00:00","dateModified":"2025-01-02T23:05:41+00:00","mainEntityOfPage":{"@id":"https:\/\/ofmjpic.org\/it\/il-primo-meeting-romano-vi-del-2024\/"},"wordCount":305,"commentCount":0,"publisher":{"@id":"https:\/\/ofmjpic.org\/it\/#organization"},"image":{"@id":"https:\/\/ofmjpic.org\/it\/il-primo-meeting-romano-vi-del-2024\/#primaryimage"},"thumbnailUrl":"https:\/\/ofmjpic.org\/wp-content\/uploads\/2024\/02\/FOTOS-Portada-pag-web-art-2022-2.png","keywords":["GPIC","Integrit\u00e0 del Creato","ofmgpic"],"articleSection":["Ecologia Integrale","Notizie"],"inLanguage":"it-IT","potentialAction":[{"@type":"CommentAction","name":"Comment","target":["https:\/\/ofmjpic.org\/it\/il-primo-meeting-romano-vi-del-2024\/#respond"]}]},{"@type":"WebPage","@id":"https:\/\/ofmjpic.org\/it\/il-primo-meeting-romano-vi-del-2024\/","url":"https:\/\/ofmjpic.org\/it\/il-primo-meeting-romano-vi-del-2024\/","name":"Il Primo Meeting Romano VI del 2024 - OFM JPIC","isPartOf":{"@id":"https:\/\/ofmjpic.org\/it\/#website"},"primaryImageOfPage":{"@id":"https:\/\/ofmjpic.org\/it\/il-primo-meeting-romano-vi-del-2024\/#primaryimage"},"image":{"@id":"https:\/\/ofmjpic.org\/it\/il-primo-meeting-romano-vi-del-2024\/#primaryimage"},"thumbnailUrl":"https:\/\/ofmjpic.org\/wp-content\/uploads\/2024\/02\/FOTOS-Portada-pag-web-art-2022-2.png","datePublished":"2024-02-17T12:22:45+00:00","dateModified":"2025-01-02T23:05:41+00:00","breadcrumb":{"@id":"https:\/\/ofmjpic.org\/it\/il-primo-meeting-romano-vi-del-2024\/#breadcrumb"},"inLanguage":"it-IT","potentialAction":[{"@type":"ReadAction","target":["https:\/\/ofmjpic.org\/it\/il-primo-meeting-romano-vi-del-2024\/"]}]},{"@type":"ImageObject","inLanguage":"it-IT","@id":"https:\/\/ofmjpic.org\/it\/il-primo-meeting-romano-vi-del-2024\/#primaryimage","url":"https:\/\/ofmjpic.org\/wp-content\/uploads\/2024\/02\/FOTOS-Portada-pag-web-art-2022-2.png","contentUrl":"https:\/\/ofmjpic.org\/wp-content\/uploads\/2024\/02\/FOTOS-Portada-pag-web-art-2022-2.png","width":980,"height":480},{"@type":"BreadcrumbList","@id":"https:\/\/ofmjpic.org\/it\/il-primo-meeting-romano-vi-del-2024\/#breadcrumb","itemListElement":[{"@type":"ListItem","position":1,"name":"Portada","item":"https:\/\/ofmjpic.org\/it\/"},{"@type":"ListItem","position":2,"name":"Il Primo Meeting Romano VI del 2024"}]},{"@type":"WebSite","@id":"https:\/\/ofmjpic.org\/it\/#website","url":"https:\/\/ofmjpic.org\/it\/","name":"OFM Justice, Peace and Integrity of Creation","description":"","publisher":{"@id":"https:\/\/ofmjpic.org\/it\/#organization"},"potentialAction":[{"@type":"SearchAction","target":{"@type":"EntryPoint","urlTemplate":"https:\/\/ofmjpic.org\/it\/?s={search_term_string}"},"query-input":{"@type":"PropertyValueSpecification","valueRequired":true,"valueName":"search_term_string"}}],"inLanguage":"it-IT"},{"@type":"Organization","@id":"https:\/\/ofmjpic.org\/it\/#organization","name":"General office for Justice, Peace and Integrity of Creation","url":"https:\/\/ofmjpic.org\/it\/","logo":{"@type":"ImageObject","inLanguage":"it-IT","@id":"https:\/\/ofmjpic.org\/it\/#\/schema\/logo\/image\/","url":"https:\/\/ofmjpic.org\/wp-content\/uploads\/2018\/08\/ES_JPIC_Logo_.png","contentUrl":"https:\/\/ofmjpic.org\/wp-content\/uploads\/2018\/08\/ES_JPIC_Logo_.png","width":3957,"height":4082,"caption":"General office for Justice, Peace and Integrity of Creation"},"image":{"@id":"https:\/\/ofmjpic.org\/it\/#\/schema\/logo\/image\/"},"sameAs":["https:\/\/www.facebook.com\/ofmjpic\/","https:\/\/www.instagram.com\/ofmjpic\/"]},{"@type":"Person","@id":"https:\/\/ofmjpic.org\/it\/#\/schema\/person\/ff7331a2fb274f17ea86ea0f6e1696cd","name":"Daniel","url":"https:\/\/ofmjpic.org\/it\/author\/drodriguez\/"}]}},"_links":{"self":[{"href":"https:\/\/ofmjpic.org\/it\/wp-json\/wp\/v2\/posts\/17252","targetHints":{"allow":["GET"]}}],"collection":[{"href":"https:\/\/ofmjpic.org\/it\/wp-json\/wp\/v2\/posts"}],"about":[{"href":"https:\/\/ofmjpic.org\/it\/wp-json\/wp\/v2\/types\/post"}],"author":[{"embeddable":true,"href":"https:\/\/ofmjpic.org\/it\/wp-json\/wp\/v2\/users\/6"}],"replies":[{"embeddable":true,"href":"https:\/\/ofmjpic.org\/it\/wp-json\/wp\/v2\/comments?post=17252"}],"version-history":[{"count":0,"href":"https:\/\/ofmjpic.org\/it\/wp-json\/wp\/v2\/posts\/17252\/revisions"}],"wp:featuredmedia":[{"embeddable":true,"href":"https:\/\/ofmjpic.org\/it\/wp-json\/wp\/v2\/media\/17237"}],"wp:attachment":[{"href":"https:\/\/ofmjpic.org\/it\/wp-json\/wp\/v2\/media?parent=17252"}],"wp:term":[{"taxonomy":"category","embeddable":true,"href":"https:\/\/ofmjpic.org\/it\/wp-json\/wp\/v2\/categories?post=17252"},{"taxonomy":"post_tag","embeddable":true,"href":"https:\/\/ofmjpic.org\/it\/wp-json\/wp\/v2\/tags?post=17252"}],"curies":[{"name":"wp","href":"https:\/\/api.w.org\/{rel}","templated":true}]}}