{"id":16305,"date":"2023-07-06T09:05:31","date_gmt":"2023-07-06T09:05:31","guid":{"rendered":"http:\/\/www.ofmjpic.org\/?p=16305"},"modified":"2023-07-06T09:05:31","modified_gmt":"2023-07-06T09:05:31","slug":"le-reti-ecclesiali-per-lecologia-integrale-riunite-in-vaticano","status":"publish","type":"post","link":"https:\/\/ofmjpic.org\/it\/le-reti-ecclesiali-per-lecologia-integrale-riunite-in-vaticano\/","title":{"rendered":"Le Reti Ecclesiali per l&#8217;Ecologia Integrale riunite in Vaticano"},"content":{"rendered":"<p>[et_pb_section fb_built=&#8221;1&#8243; theme_builder_area=&#8221;post_content&#8221; _builder_version=&#8221;4.21.0&#8243; _module_preset=&#8221;default&#8221;][et_pb_row _builder_version=&#8221;4.21.0&#8243; _module_preset=&#8221;default&#8221; theme_builder_area=&#8221;post_content&#8221;][et_pb_column _builder_version=&#8221;4.21.0&#8243; _module_preset=&#8221;default&#8221; type=&#8221;4_4&#8243; theme_builder_area=&#8221;post_content&#8221;][et_pb_text _builder_version=&#8221;4.21.0&#8243; _module_preset=&#8221;default&#8221; theme_builder_area=&#8221;post_content&#8221; hover_enabled=&#8221;0&#8243; sticky_enabled=&#8221;0&#8243;]<\/p>\n<blockquote>\n<h2 style=\"text-align: justify;\"><span style=\"color: #993300;\"><strong>L&#8217;Ufficio Generale di Giustizia, Pace e Integrit\u00e0 del Creato OFM<\/strong> ha partecipato all\u2019incontro come ospite speciale.<\/span><\/h2>\n<\/blockquote>\n<p>[\/et_pb_text][et_pb_text _builder_version=&#8221;4.21.0&#8243; _module_preset=&#8221;default&#8221; theme_builder_area=&#8221;post_content&#8221; hover_enabled=&#8221;0&#8243; sticky_enabled=&#8221;0&#8243;]<\/p>\n<p style=\"text-align: justify;\"><span>Dal 2 al 4 luglio si \u00e8 riunito nel Palazzo San Callisto, in Vaticano, l\u2019<strong>Alleanza delle Reti Ecclesiali per l&#8217;Ecologia Integrale<\/strong>, una \u201crete di reti\u201d proveniente da diversi biomi e regioni del mondo. Accompagnata dal Dicastero per il Servizio dello Sviluppo Umano Integrale, l\u2019Alleanza si \u00e8 radunata per un incontro di discernimento e riflessione sulla sua identit\u00e0, vocazione e missione.<\/span><\/p>\n<p style=\"text-align: justify;\"><span>I quarantacinque rappresentanti di sette biomi del mondo si sono riuniti per riflettere sulla loro identit\u00e0, vocazione e missione. Alcuni membri dell\u2019Alleanza delle Reti Ecclesiali per l&#8217;Ecologia Integrale sono attivamente impegnati nella Rete Ecclesiale Panamazzonica (REPAM) e nelle entit\u00e0 simili in tutto il mondo, tra cui: Mesoamerica (REMAM), Acquifero Guarani e Gran Chacho (REGCHAG), Bacino del Congo (REBAC), Asia Pacifico e Oceania (RAOEN), e le rispettive controparti europee, canadesi e statunitensi.<\/span><\/p>\n<p style=\"text-align: justify;\"><span>Il <strong>Cardinale Michael Czerny<\/strong>, prefetto del dicastero, sottolinea che questo incontro \u201cdimostra che ci sono nuovi modi per affrontare le sfide dell&#8217;<strong>ecologia integrale<\/strong> in varie parti del mondo, senza volerle omogeneizzare, uniformare in tutte le parti o istituzionalizzarle\u201d. \u201cIn questo momento &#8211; aggiunge &#8211; siamo insieme per ascoltare, scambiare idee, pregare e continuare insieme questo cammino come Alleanza delle Reti Ecclesiali per l&#8217;Ecologia Integrale, approfondendo la riflessione e rafforzando la collaborazione\u201d.<\/span><\/p>\n<p style=\"text-align: justify;\"><strong><span>Per l&#8217;ecologia integrale<\/span><\/strong><\/p>\n<p style=\"text-align: justify;\"><span>Per Mauricio Lopez, coordinatore di questa alleanza di Reti Ecclesiali Territoriali, questo \u00e8 un momento storico per il processo iniziato in un incontro nel marzo 2019 a Washington, \u201cintorno alla riflessione del Sinodo amazzonico per l&#8217;ecologia integrale, l&#8217;accompagnamento dei popoli indigeni e nuovi cammini per la Chiesa\u201d.<\/span><\/p>\n<p style=\"text-align: justify;\"><span>Negli ultimi anni si sono svolti diversi incontri virtuali, a causa delle limitazioni imposte dalla pandemia, e sono state fatte molte attivit\u00e0 di advocacy congiunte in forum, come la COP (Conference of Parties), contribuendo cos\u00ec all\u2019attuale processo sinodale della Chiesa, fino a raggiungere questo importante incontro che raccoglie tutto questo cammino per andare avanti. \u201cQuesto faccia a faccia cerca di portare il percorso vissuto, i diversi processi delle reti e delle piattaforme, alcuni pi\u00f9 consolidati, altri in costruzione e altri ancora non iniziati, per definire insieme dove vogliamo andare, come rispondere a quanto ci chiede il Papa ed essere in costante dialogo con questo Dicastero (per il Servizio dello Sviluppo Umano Integrale)\u201d, afferma Lopez.<\/span><\/p>\n<p style=\"text-align: justify;\"><span>Questo incontro, ricco di tanta speranza, che amplifica le voci dei popoli indigeni, degli agenti pastorali nei diversi territori e delle organizzazioni ecclesiali, si svolge in un atteggiamento di riflessione e di discernimento. Cerca di avanzare nel consolidamento dell&#8217;identit\u00e0, della vocazione e della missione di questa Alleanza di Reti.<\/span><\/p>\n<p>[\/et_pb_text][et_pb_image src=&#8221;http:\/\/www.ofmjpic.org\/wp-content\/uploads\/2023\/07\/Copia-de-2DA-FOTO-ARTiCULOS-2022-10-2.png&#8221; _builder_version=&#8221;4.21.0&#8243; _module_preset=&#8221;default&#8221; theme_builder_area=&#8221;post_content&#8221; title_text=&#8221;Copia de 2DA FOTO ARTi\u0301CULOS 2022 (10) 2&#8243; hover_enabled=&#8221;0&#8243; sticky_enabled=&#8221;0&#8243;][\/et_pb_image][et_pb_text _builder_version=&#8221;4.21.0&#8243; _module_preset=&#8221;default&#8221; theme_builder_area=&#8221;post_content&#8221; hover_enabled=&#8221;0&#8243; sticky_enabled=&#8221;0&#8243;]<\/p>\n<p style=\"text-align: justify;\"><strong><span>L\u2019alleanza con i popoli indigeni<\/span><\/strong><\/p>\n<p style=\"text-align: justify;\"><span>La leader indigena dell&#8217;Amazzonia, Marcivana Satar\u00e9 Maw\u00e9, afferma che \u201cla Chiesa nel mondo \u00e8 stata una grande alleata dei popoli indigeni, promuovendo a livello internazionale un confronto sulla loro realt\u00e0\u201d. E aggiunge: \u201cPapa Francesco \u00e8 stato un grande promotore delle cause indigene nel mondo, come dimostra la nostra presenza qui all&#8217;interno di queste reti in difesa della Madre Terra\u201d.<\/span><\/p>\n<p style=\"text-align: justify;\"><span>Questo incontro delle Reti Ecclesiali per l&#8217;Ecologia Integrale, rappresentato dalla diversit\u00e0 di voci dei popoli indigeni, laici, religiosi, sacerdoti, vescovi e cardinali presenti, testimonia l&#8217;enfasi della Chiesa sull&#8217;importanza di incorporare il tema dell&#8217;ecologia integrale nella sua pastorale azione orientata alla salvaguardia del futuro del pianeta.<\/span><\/p>\n<p style=\"text-align: justify;\"><span>In diversi momenti critici dell&#8217;incontro delle diverse reti, l&#8217;enciclica \u201cLaudato si\u201d di Papa Francesco \u00e8 stata fonte di ispirazione per tutti, soprattutto il suo riconoscimento totalizzante che \u201ctutto \u00e8 interconnesso\u201d (LS 137) e che \u00e8 necessario un approccio integrato e delle azioni di salvaguardia della casa comune e delle persone che la abitano.<\/span><\/p>\n<p style=\"text-align: justify;\"><span>\u00a0<\/span><\/p>\n<h2 style=\"text-align: right;\"><span style=\"color: #993300;\"><strong><\/strong><\/span><\/h2>\n<h2 style=\"text-align: right;\"><span style=\"color: #993300;\"><strong>Testo e foto: Julio Caldeira \/ REPAM<\/strong><\/span><\/h2>\n<p>[\/et_pb_text][\/et_pb_column][\/et_pb_row][\/et_pb_section]<\/p>\n","protected":false},"excerpt":{"rendered":"<p>Dal 2 al 4 luglio si \u00e8 riunito nel Palazzo San Callisto, in Vaticano, l\u2019Alleanza delle Reti Ecclesiali per l&#8217;Ecologia Integrale, una \u201crete di reti\u201d proveniente da diversi biomi e regioni del mondo. Accompagnata dal Dicastero per il Servizio dello Sviluppo Umano Integrale, l\u2019Alleanza si \u00e8 radunata per un incontro di discernimento e riflessione sulla sua identit\u00e0, vocazione e missione.<\/p>\n","protected":false},"author":6,"featured_media":16287,"comment_status":"open","ping_status":"open","sticky":true,"template":"","format":"standard","meta":{"_acf_changed":false,"_et_pb_use_builder":"on","_et_pb_old_content":"","_et_gb_content_width":"","footnotes":""},"categories":[597,489,551,596,434,488,552],"tags":[600,80,876,98,554,580,109,542],"class_list":["post-16305","post","type-post","status-publish","format-standard","has-post-thumbnail","hentry","category-accion-climatica-it","category-azione-per-il-clima","category-diritti-umani","category-ecologia-integral-2-it","category-ecologia-integrale","category-giustizia-climatica","category-justicia-climatica-it","tag-ecologia-intergral-it","tag-gpic","tag-integridad-de-la-creacion-it","tag-integrita-del-creato","tag-jpic-it","tag-laudato-si-it","tag-laudato-si-2","tag-ofmjpic-it"],"acf":[],"yoast_head":"<!-- This site is optimized with the Yoast SEO plugin v28.4 - https:\/\/yoast.com\/product\/yoast-seo-wordpress\/ -->\n<title>Le Reti Ecclesiali per l&#039;Ecologia Integrale riunite in Vaticano - OFM JPIC<\/title>\n<meta name=\"robots\" content=\"index, follow, max-snippet:-1, max-image-preview:large, max-video-preview:-1\" \/>\n<link rel=\"canonical\" href=\"https:\/\/ofmjpic.org\/it\/le-reti-ecclesiali-per-lecologia-integrale-riunite-in-vaticano\/\" \/>\n<meta property=\"og:locale\" content=\"it_IT\" \/>\n<meta property=\"og:type\" content=\"article\" \/>\n<meta property=\"og:title\" content=\"Le Reti Ecclesiali per l&#039;Ecologia Integrale riunite in Vaticano - OFM JPIC\" \/>\n<meta property=\"og:description\" content=\"Dal 2 al 4 luglio si \u00e8 riunito nel Palazzo San Callisto, in Vaticano, l\u2019Alleanza delle Reti Ecclesiali per l&#039;Ecologia Integrale, una \u201crete di reti\u201d proveniente da diversi biomi e regioni del mondo. Accompagnata dal Dicastero per il Servizio dello Sviluppo Umano Integrale, l\u2019Alleanza si \u00e8 radunata per un incontro di discernimento e riflessione sulla sua identit\u00e0, vocazione e missione.\" \/>\n<meta property=\"og:url\" content=\"https:\/\/ofmjpic.org\/it\/le-reti-ecclesiali-per-lecologia-integrale-riunite-in-vaticano\/\" \/>\n<meta property=\"og:site_name\" content=\"OFM JPIC\" \/>\n<meta property=\"article:publisher\" content=\"https:\/\/www.facebook.com\/ofmjpic\/\" \/>\n<meta property=\"article:published_time\" content=\"2023-07-06T09:05:31+00:00\" \/>\n<meta property=\"og:image\" content=\"https:\/\/ofmjpic.org\/wp-content\/uploads\/2023\/07\/Copia-de-FOTOS-Portada-pag-web-art-2022-8.png\" \/>\n\t<meta property=\"og:image:width\" content=\"980\" \/>\n\t<meta property=\"og:image:height\" content=\"480\" \/>\n\t<meta property=\"og:image:type\" content=\"image\/png\" \/>\n<meta name=\"author\" content=\"Daniel\" \/>\n<meta name=\"twitter:card\" content=\"summary_large_image\" \/>\n<meta name=\"twitter:label1\" content=\"Scritto da\" \/>\n\t<meta name=\"twitter:data1\" content=\"Daniel\" \/>\n\t<meta name=\"twitter:label2\" content=\"Tempo di lettura stimato\" \/>\n\t<meta name=\"twitter:data2\" content=\"4 minuti\" \/>\n<script type=\"application\/ld+json\" class=\"yoast-schema-graph\">{\"@context\":\"https:\\\/\\\/schema.org\",\"@graph\":[{\"@type\":\"Article\",\"@id\":\"https:\\\/\\\/ofmjpic.org\\\/it\\\/le-reti-ecclesiali-per-lecologia-integrale-riunite-in-vaticano\\\/#article\",\"isPartOf\":{\"@id\":\"https:\\\/\\\/ofmjpic.org\\\/it\\\/le-reti-ecclesiali-per-lecologia-integrale-riunite-in-vaticano\\\/\"},\"author\":{\"name\":\"Daniel\",\"@id\":\"https:\\\/\\\/ofmjpic.org\\\/it\\\/#\\\/schema\\\/person\\\/ff7331a2fb274f17ea86ea0f6e1696cd\"},\"headline\":\"Le Reti Ecclesiali per l&#8217;Ecologia Integrale riunite in Vaticano\",\"datePublished\":\"2023-07-06T09:05:31+00:00\",\"mainEntityOfPage\":{\"@id\":\"https:\\\/\\\/ofmjpic.org\\\/it\\\/le-reti-ecclesiali-per-lecologia-integrale-riunite-in-vaticano\\\/\"},\"wordCount\":771,\"commentCount\":0,\"publisher\":{\"@id\":\"https:\\\/\\\/ofmjpic.org\\\/it\\\/#organization\"},\"image\":{\"@id\":\"https:\\\/\\\/ofmjpic.org\\\/it\\\/le-reti-ecclesiali-per-lecologia-integrale-riunite-in-vaticano\\\/#primaryimage\"},\"thumbnailUrl\":\"https:\\\/\\\/ofmjpic.org\\\/wp-content\\\/uploads\\\/2023\\\/07\\\/Copia-de-FOTOS-Portada-pag-web-art-2022-8.png\",\"keywords\":[\"ecologia intergral\",\"GPIC\",\"integridad de la creacion\",\"Integrit\u00e0 del Creato\",\"jpic\",\"laudato si\",\"laudato si\",\"ofmjpic\"],\"articleSection\":[\"Acci\u00f3n clim\u00e1tica\",\"Azione per il clima\",\"Diritti umani\",\"Ecolog\u00eda Integral\",\"Ecologia Integrale\",\"Giustizia climatica\",\"Justicia clim\u00e1tica\"],\"inLanguage\":\"it-IT\",\"potentialAction\":[{\"@type\":\"CommentAction\",\"name\":\"Comment\",\"target\":[\"https:\\\/\\\/ofmjpic.org\\\/it\\\/le-reti-ecclesiali-per-lecologia-integrale-riunite-in-vaticano\\\/#respond\"]}]},{\"@type\":\"WebPage\",\"@id\":\"https:\\\/\\\/ofmjpic.org\\\/it\\\/le-reti-ecclesiali-per-lecologia-integrale-riunite-in-vaticano\\\/\",\"url\":\"https:\\\/\\\/ofmjpic.org\\\/it\\\/le-reti-ecclesiali-per-lecologia-integrale-riunite-in-vaticano\\\/\",\"name\":\"Le Reti Ecclesiali per l'Ecologia Integrale riunite in Vaticano - OFM JPIC\",\"isPartOf\":{\"@id\":\"https:\\\/\\\/ofmjpic.org\\\/it\\\/#website\"},\"primaryImageOfPage\":{\"@id\":\"https:\\\/\\\/ofmjpic.org\\\/it\\\/le-reti-ecclesiali-per-lecologia-integrale-riunite-in-vaticano\\\/#primaryimage\"},\"image\":{\"@id\":\"https:\\\/\\\/ofmjpic.org\\\/it\\\/le-reti-ecclesiali-per-lecologia-integrale-riunite-in-vaticano\\\/#primaryimage\"},\"thumbnailUrl\":\"https:\\\/\\\/ofmjpic.org\\\/wp-content\\\/uploads\\\/2023\\\/07\\\/Copia-de-FOTOS-Portada-pag-web-art-2022-8.png\",\"datePublished\":\"2023-07-06T09:05:31+00:00\",\"breadcrumb\":{\"@id\":\"https:\\\/\\\/ofmjpic.org\\\/it\\\/le-reti-ecclesiali-per-lecologia-integrale-riunite-in-vaticano\\\/#breadcrumb\"},\"inLanguage\":\"it-IT\",\"potentialAction\":[{\"@type\":\"ReadAction\",\"target\":[\"https:\\\/\\\/ofmjpic.org\\\/it\\\/le-reti-ecclesiali-per-lecologia-integrale-riunite-in-vaticano\\\/\"]}]},{\"@type\":\"ImageObject\",\"inLanguage\":\"it-IT\",\"@id\":\"https:\\\/\\\/ofmjpic.org\\\/it\\\/le-reti-ecclesiali-per-lecologia-integrale-riunite-in-vaticano\\\/#primaryimage\",\"url\":\"https:\\\/\\\/ofmjpic.org\\\/wp-content\\\/uploads\\\/2023\\\/07\\\/Copia-de-FOTOS-Portada-pag-web-art-2022-8.png\",\"contentUrl\":\"https:\\\/\\\/ofmjpic.org\\\/wp-content\\\/uploads\\\/2023\\\/07\\\/Copia-de-FOTOS-Portada-pag-web-art-2022-8.png\",\"width\":980,\"height\":480},{\"@type\":\"BreadcrumbList\",\"@id\":\"https:\\\/\\\/ofmjpic.org\\\/it\\\/le-reti-ecclesiali-per-lecologia-integrale-riunite-in-vaticano\\\/#breadcrumb\",\"itemListElement\":[{\"@type\":\"ListItem\",\"position\":1,\"name\":\"Portada\",\"item\":\"https:\\\/\\\/ofmjpic.org\\\/it\\\/\"},{\"@type\":\"ListItem\",\"position\":2,\"name\":\"Le Reti Ecclesiali per l&#8217;Ecologia Integrale riunite in Vaticano\"}]},{\"@type\":\"WebSite\",\"@id\":\"https:\\\/\\\/ofmjpic.org\\\/it\\\/#website\",\"url\":\"https:\\\/\\\/ofmjpic.org\\\/it\\\/\",\"name\":\"OFM Justice, Peace and Integrity of Creation\",\"description\":\"\",\"publisher\":{\"@id\":\"https:\\\/\\\/ofmjpic.org\\\/it\\\/#organization\"},\"potentialAction\":[{\"@type\":\"SearchAction\",\"target\":{\"@type\":\"EntryPoint\",\"urlTemplate\":\"https:\\\/\\\/ofmjpic.org\\\/it\\\/?s={search_term_string}\"},\"query-input\":{\"@type\":\"PropertyValueSpecification\",\"valueRequired\":true,\"valueName\":\"search_term_string\"}}],\"inLanguage\":\"it-IT\"},{\"@type\":\"Organization\",\"@id\":\"https:\\\/\\\/ofmjpic.org\\\/it\\\/#organization\",\"name\":\"General office for Justice, Peace and Integrity of Creation\",\"url\":\"https:\\\/\\\/ofmjpic.org\\\/it\\\/\",\"logo\":{\"@type\":\"ImageObject\",\"inLanguage\":\"it-IT\",\"@id\":\"https:\\\/\\\/ofmjpic.org\\\/it\\\/#\\\/schema\\\/logo\\\/image\\\/\",\"url\":\"https:\\\/\\\/ofmjpic.org\\\/wp-content\\\/uploads\\\/2018\\\/08\\\/ES_JPIC_Logo_.png\",\"contentUrl\":\"https:\\\/\\\/ofmjpic.org\\\/wp-content\\\/uploads\\\/2018\\\/08\\\/ES_JPIC_Logo_.png\",\"width\":3957,\"height\":4082,\"caption\":\"General office for Justice, Peace and Integrity of Creation\"},\"image\":{\"@id\":\"https:\\\/\\\/ofmjpic.org\\\/it\\\/#\\\/schema\\\/logo\\\/image\\\/\"},\"sameAs\":[\"https:\\\/\\\/www.facebook.com\\\/ofmjpic\\\/\",\"https:\\\/\\\/www.instagram.com\\\/ofmjpic\\\/\"]},{\"@type\":\"Person\",\"@id\":\"https:\\\/\\\/ofmjpic.org\\\/it\\\/#\\\/schema\\\/person\\\/ff7331a2fb274f17ea86ea0f6e1696cd\",\"name\":\"Daniel\",\"url\":\"https:\\\/\\\/ofmjpic.org\\\/it\\\/author\\\/drodriguez\\\/\"}]}<\/script>\n<!-- \/ Yoast SEO plugin. -->","yoast_head_json":{"title":"Le Reti Ecclesiali per l'Ecologia Integrale riunite in Vaticano - OFM JPIC","robots":{"index":"index","follow":"follow","max-snippet":"max-snippet:-1","max-image-preview":"max-image-preview:large","max-video-preview":"max-video-preview:-1"},"canonical":"https:\/\/ofmjpic.org\/it\/le-reti-ecclesiali-per-lecologia-integrale-riunite-in-vaticano\/","og_locale":"it_IT","og_type":"article","og_title":"Le Reti Ecclesiali per l'Ecologia Integrale riunite in Vaticano - OFM JPIC","og_description":"Dal 2 al 4 luglio si \u00e8 riunito nel Palazzo San Callisto, in Vaticano, l\u2019Alleanza delle Reti Ecclesiali per l'Ecologia Integrale, una \u201crete di reti\u201d proveniente da diversi biomi e regioni del mondo. Accompagnata dal Dicastero per il Servizio dello Sviluppo Umano Integrale, l\u2019Alleanza si \u00e8 radunata per un incontro di discernimento e riflessione sulla sua identit\u00e0, vocazione e missione.","og_url":"https:\/\/ofmjpic.org\/it\/le-reti-ecclesiali-per-lecologia-integrale-riunite-in-vaticano\/","og_site_name":"OFM JPIC","article_publisher":"https:\/\/www.facebook.com\/ofmjpic\/","article_published_time":"2023-07-06T09:05:31+00:00","og_image":[{"width":980,"height":480,"url":"https:\/\/ofmjpic.org\/wp-content\/uploads\/2023\/07\/Copia-de-FOTOS-Portada-pag-web-art-2022-8.png","type":"image\/png"}],"author":"Daniel","twitter_card":"summary_large_image","twitter_misc":{"Scritto da":"Daniel","Tempo di lettura stimato":"4 minuti"},"schema":{"@context":"https:\/\/schema.org","@graph":[{"@type":"Article","@id":"https:\/\/ofmjpic.org\/it\/le-reti-ecclesiali-per-lecologia-integrale-riunite-in-vaticano\/#article","isPartOf":{"@id":"https:\/\/ofmjpic.org\/it\/le-reti-ecclesiali-per-lecologia-integrale-riunite-in-vaticano\/"},"author":{"name":"Daniel","@id":"https:\/\/ofmjpic.org\/it\/#\/schema\/person\/ff7331a2fb274f17ea86ea0f6e1696cd"},"headline":"Le Reti Ecclesiali per l&#8217;Ecologia Integrale riunite in Vaticano","datePublished":"2023-07-06T09:05:31+00:00","mainEntityOfPage":{"@id":"https:\/\/ofmjpic.org\/it\/le-reti-ecclesiali-per-lecologia-integrale-riunite-in-vaticano\/"},"wordCount":771,"commentCount":0,"publisher":{"@id":"https:\/\/ofmjpic.org\/it\/#organization"},"image":{"@id":"https:\/\/ofmjpic.org\/it\/le-reti-ecclesiali-per-lecologia-integrale-riunite-in-vaticano\/#primaryimage"},"thumbnailUrl":"https:\/\/ofmjpic.org\/wp-content\/uploads\/2023\/07\/Copia-de-FOTOS-Portada-pag-web-art-2022-8.png","keywords":["ecologia intergral","GPIC","integridad de la creacion","Integrit\u00e0 del Creato","jpic","laudato si","laudato si","ofmjpic"],"articleSection":["Acci\u00f3n clim\u00e1tica","Azione per il clima","Diritti umani","Ecolog\u00eda Integral","Ecologia Integrale","Giustizia climatica","Justicia clim\u00e1tica"],"inLanguage":"it-IT","potentialAction":[{"@type":"CommentAction","name":"Comment","target":["https:\/\/ofmjpic.org\/it\/le-reti-ecclesiali-per-lecologia-integrale-riunite-in-vaticano\/#respond"]}]},{"@type":"WebPage","@id":"https:\/\/ofmjpic.org\/it\/le-reti-ecclesiali-per-lecologia-integrale-riunite-in-vaticano\/","url":"https:\/\/ofmjpic.org\/it\/le-reti-ecclesiali-per-lecologia-integrale-riunite-in-vaticano\/","name":"Le Reti Ecclesiali per l'Ecologia Integrale riunite in Vaticano - OFM JPIC","isPartOf":{"@id":"https:\/\/ofmjpic.org\/it\/#website"},"primaryImageOfPage":{"@id":"https:\/\/ofmjpic.org\/it\/le-reti-ecclesiali-per-lecologia-integrale-riunite-in-vaticano\/#primaryimage"},"image":{"@id":"https:\/\/ofmjpic.org\/it\/le-reti-ecclesiali-per-lecologia-integrale-riunite-in-vaticano\/#primaryimage"},"thumbnailUrl":"https:\/\/ofmjpic.org\/wp-content\/uploads\/2023\/07\/Copia-de-FOTOS-Portada-pag-web-art-2022-8.png","datePublished":"2023-07-06T09:05:31+00:00","breadcrumb":{"@id":"https:\/\/ofmjpic.org\/it\/le-reti-ecclesiali-per-lecologia-integrale-riunite-in-vaticano\/#breadcrumb"},"inLanguage":"it-IT","potentialAction":[{"@type":"ReadAction","target":["https:\/\/ofmjpic.org\/it\/le-reti-ecclesiali-per-lecologia-integrale-riunite-in-vaticano\/"]}]},{"@type":"ImageObject","inLanguage":"it-IT","@id":"https:\/\/ofmjpic.org\/it\/le-reti-ecclesiali-per-lecologia-integrale-riunite-in-vaticano\/#primaryimage","url":"https:\/\/ofmjpic.org\/wp-content\/uploads\/2023\/07\/Copia-de-FOTOS-Portada-pag-web-art-2022-8.png","contentUrl":"https:\/\/ofmjpic.org\/wp-content\/uploads\/2023\/07\/Copia-de-FOTOS-Portada-pag-web-art-2022-8.png","width":980,"height":480},{"@type":"BreadcrumbList","@id":"https:\/\/ofmjpic.org\/it\/le-reti-ecclesiali-per-lecologia-integrale-riunite-in-vaticano\/#breadcrumb","itemListElement":[{"@type":"ListItem","position":1,"name":"Portada","item":"https:\/\/ofmjpic.org\/it\/"},{"@type":"ListItem","position":2,"name":"Le Reti Ecclesiali per l&#8217;Ecologia Integrale riunite in Vaticano"}]},{"@type":"WebSite","@id":"https:\/\/ofmjpic.org\/it\/#website","url":"https:\/\/ofmjpic.org\/it\/","name":"OFM Justice, Peace and Integrity of Creation","description":"","publisher":{"@id":"https:\/\/ofmjpic.org\/it\/#organization"},"potentialAction":[{"@type":"SearchAction","target":{"@type":"EntryPoint","urlTemplate":"https:\/\/ofmjpic.org\/it\/?s={search_term_string}"},"query-input":{"@type":"PropertyValueSpecification","valueRequired":true,"valueName":"search_term_string"}}],"inLanguage":"it-IT"},{"@type":"Organization","@id":"https:\/\/ofmjpic.org\/it\/#organization","name":"General office for Justice, Peace and Integrity of Creation","url":"https:\/\/ofmjpic.org\/it\/","logo":{"@type":"ImageObject","inLanguage":"it-IT","@id":"https:\/\/ofmjpic.org\/it\/#\/schema\/logo\/image\/","url":"https:\/\/ofmjpic.org\/wp-content\/uploads\/2018\/08\/ES_JPIC_Logo_.png","contentUrl":"https:\/\/ofmjpic.org\/wp-content\/uploads\/2018\/08\/ES_JPIC_Logo_.png","width":3957,"height":4082,"caption":"General office for Justice, Peace and Integrity of Creation"},"image":{"@id":"https:\/\/ofmjpic.org\/it\/#\/schema\/logo\/image\/"},"sameAs":["https:\/\/www.facebook.com\/ofmjpic\/","https:\/\/www.instagram.com\/ofmjpic\/"]},{"@type":"Person","@id":"https:\/\/ofmjpic.org\/it\/#\/schema\/person\/ff7331a2fb274f17ea86ea0f6e1696cd","name":"Daniel","url":"https:\/\/ofmjpic.org\/it\/author\/drodriguez\/"}]}},"_links":{"self":[{"href":"https:\/\/ofmjpic.org\/it\/wp-json\/wp\/v2\/posts\/16305","targetHints":{"allow":["GET"]}}],"collection":[{"href":"https:\/\/ofmjpic.org\/it\/wp-json\/wp\/v2\/posts"}],"about":[{"href":"https:\/\/ofmjpic.org\/it\/wp-json\/wp\/v2\/types\/post"}],"author":[{"embeddable":true,"href":"https:\/\/ofmjpic.org\/it\/wp-json\/wp\/v2\/users\/6"}],"replies":[{"embeddable":true,"href":"https:\/\/ofmjpic.org\/it\/wp-json\/wp\/v2\/comments?post=16305"}],"version-history":[{"count":0,"href":"https:\/\/ofmjpic.org\/it\/wp-json\/wp\/v2\/posts\/16305\/revisions"}],"wp:featuredmedia":[{"embeddable":true,"href":"https:\/\/ofmjpic.org\/it\/wp-json\/wp\/v2\/media\/16287"}],"wp:attachment":[{"href":"https:\/\/ofmjpic.org\/it\/wp-json\/wp\/v2\/media?parent=16305"}],"wp:term":[{"taxonomy":"category","embeddable":true,"href":"https:\/\/ofmjpic.org\/it\/wp-json\/wp\/v2\/categories?post=16305"},{"taxonomy":"post_tag","embeddable":true,"href":"https:\/\/ofmjpic.org\/it\/wp-json\/wp\/v2\/tags?post=16305"}],"curies":[{"name":"wp","href":"https:\/\/api.w.org\/{rel}","templated":true}]}}