{"id":15943,"date":"2023-04-27T13:05:24","date_gmt":"2023-04-27T13:05:24","guid":{"rendered":"http:\/\/www.ofmjpic.org\/?p=15943"},"modified":"2023-05-15T10:34:01","modified_gmt":"2023-05-15T10:34:01","slug":"croazia-conferenza-sud-slavica-incontro-dei-segretari-per-la-formazione-e-gli-studi-missioni-ed-evangelizzazione-e-animatori-gpic","status":"publish","type":"post","link":"https:\/\/ofmjpic.org\/it\/croazia-conferenza-sud-slavica-incontro-dei-segretari-per-la-formazione-e-gli-studi-missioni-ed-evangelizzazione-e-animatori-gpic\/","title":{"rendered":"Croazia: Conferenza Sud Slavica. Incontro dei Segretari per la Formazione e gli Studi, Missioni ed Evangelizzazione e Animatori GPIC"},"content":{"rendered":"\n[et_pb_section fb_built=&#8221;1&#8243; theme_builder_area=&#8221;post_content&#8221; _builder_version=&#8221;4.20.4&#8243; _module_preset=&#8221;default&#8221;][et_pb_row _builder_version=&#8221;4.20.4&#8243; _module_preset=&#8221;default&#8221; theme_builder_area=&#8221;post_content&#8221;][et_pb_column _builder_version=&#8221;4.20.4&#8243; _module_preset=&#8221;default&#8221; type=&#8221;4_4&#8243; theme_builder_area=&#8221;post_content&#8221;][et_pb_text _builder_version=&#8221;4.20.4&#8243; _module_preset=&#8221;default&#8221; theme_builder_area=&#8221;post_content&#8221; hover_enabled=&#8221;0&#8243; sticky_enabled=&#8221;0&#8243;]<blockquote>\n<h3 style=\"text-align: justify;\"><span style=\"color: #993300;\"><strong>Dal 26 al 28 aprile 2023, nel Convento di Santa Maria degli Angeli sull\u2019isola di Visovac in Croazia, il Segretariato generale per le Missioni e l\u2019Evangelizzazione, il Segretariato generale per la Formazione e gli Studi e l\u2019Ufficio generale per la Giustizia, Pace e Integrit\u00e0 del Creato, in collaborazione con il Presidente della Conferenza, Fr. Marko Mr\u0161e, e in presenza del Definitore generale, Fr. Konrad Cholewa, hanno organizzato l\u2019incontro di tutti i rispettivi uffici delle Provinice di questa Conferenza.<\/strong><\/span><\/h3>\n<\/blockquote>[\/et_pb_text][et_pb_text _builder_version=&#8221;4.20.4&#8243; _module_preset=&#8221;default&#8221; theme_builder_area=&#8221;post_content&#8221; hover_enabled=&#8221;0&#8243; sticky_enabled=&#8221;0&#8243;]<p style=\"text-align: justify;\">Il primo giorno, dopo il saluto del Presidente della Conferenza e del Definitore generale a nome del Ministro generale, il Segretario generale per la Formazione e gli Studi, Fr. Darko Tepert, ha presentato il lavoro del suo Segretariato, soprattutto per quanto riguarda la preparazione degli incontri dei frati laici nelle Conferenze, la preparazione dell\u2019Incontro europeo dei Frati Professi Temporanei e la preparazione del Congresso dei Centri di Studio francescani. Il Segretario generale per le Missioni e l\u2019Evangelizzazione, Fr. Francisco G\u00f3mez Vargas, ha presentato la struttura del suo Segretariato e le responsabilit\u00e0 delle singole componenti. Inoltre, ha informato i partecipanti sul punto a cui si \u00e8 arrivato nella preparazione della <i>Ratio evangelizationis <\/i>del nostro Ordine e ha sottolineato l\u2019importanza del lavoro che il Segretariato svolge per quanto riguarda le nuove forme di vita ed evangelizzazione in Europa. Il Direttore dell\u2019Ufficio generale per Giustizia, Pace e Integrit\u00e0 del Creato, Fr. Daniel Rodr\u00edguez Blanco, ha presentato diversi impegni del suo Ufficio, sottolineando l\u2019importanza che l\u2019Ordine d\u00e0 alla Rete francescana dei migranti in America Latina e alla Rete francescana del Mediterraneo.\u00a0<\/p>\n<p style=\"text-align: justify;\">I partecipanti hanno riflettuto sugli argomenti esposti. Nella parte pomeridiana del primo giorno, i singoli Segretari provinciali per la Formazione e gli Studi e per le Missioni e l\u2019Evangelizzazione, nonch\u00e9 gli Animatori provinciali per Giustizia, Pace e Integrit\u00e0 del Creato hanno presentato il lavoro dei propri uffici e delle proprie Provincie nei rispettivi campi e le sfide che in questo lavoro incontrano.\u00a0<\/p>[\/et_pb_text][et_pb_image src=&#8221;http:\/\/www.ofmjpic.org\/wp-content\/uploads\/2023\/04\/Segunda-foto-para-articulos-2023-2-1.png&#8221; _builder_version=&#8221;4.20.4&#8243; _module_preset=&#8221;default&#8221; theme_builder_area=&#8221;post_content&#8221; title_text=&#8221;Segunda foto para art\u00edculos &#8211; 2023-2&#8243; hover_enabled=&#8221;0&#8243; sticky_enabled=&#8221;0&#8243;][\/et_pb_image][\/et_pb_column][\/et_pb_row][\/et_pb_section]\n","protected":false},"excerpt":{"rendered":"<p>Dal 26 al 28 aprile 2023, nel Convento di Santa Maria degli Angeli sull\u2019isola di Visovac in Croazia, il Segretariato generale per le Missioni e l\u2019Evangelizzazione, il Segretariato generale per la Formazione e gli Studi e l\u2019Ufficio generale per la Giustizia, Pace e Integrit\u00e0 del Creato, in collaborazione con il Presidente della Conferenza, Fr. Marko Mr\u0161e, e in presenza del Definitore generale, Fr. Konrad Cholewa, hanno organizzato l\u2019incontro di tutti i rispettivi uffici delle Provinice di questa Conferenza.<\/p>\n","protected":false},"author":6,"featured_media":15937,"comment_status":"open","ping_status":"open","sticky":false,"template":"","format":"standard","meta":{"_acf_changed":false,"_et_pb_use_builder":"on","_et_pb_old_content":"","_et_gb_content_width":"","footnotes":""},"categories":[431,596],"tags":[703,80,554,580,276,254,542],"class_list":["post-15943","post","type-post","status-publish","format-standard","has-post-thumbnail","hentry","category-ecologia-integral-2","category-ecologia-integral-2-it","tag-franciscanos-it","tag-gpic","tag-jpic-it","tag-laudato-si-it","tag-ofmgpic","tag-ofmjpic","tag-ofmjpic-it"],"acf":[],"yoast_head":"<!-- This site is optimized with the Yoast SEO plugin v28.4 - https:\/\/yoast.com\/product\/yoast-seo-wordpress\/ -->\n<title>Croazia: Conferenza Sud Slavica. Incontro dei Segretari per la Formazione e gli Studi, Missioni ed Evangelizzazione e Animatori GPIC - OFM JPIC<\/title>\n<meta name=\"robots\" content=\"index, follow, max-snippet:-1, max-image-preview:large, max-video-preview:-1\" \/>\n<link rel=\"canonical\" href=\"https:\/\/ofmjpic.org\/it\/croazia-conferenza-sud-slavica-incontro-dei-segretari-per-la-formazione-e-gli-studi-missioni-ed-evangelizzazione-e-animatori-gpic\/\" \/>\n<meta property=\"og:locale\" content=\"it_IT\" \/>\n<meta property=\"og:type\" content=\"article\" \/>\n<meta property=\"og:title\" content=\"Croazia: Conferenza Sud Slavica. Incontro dei Segretari per la Formazione e gli Studi, Missioni ed Evangelizzazione e Animatori GPIC - OFM JPIC\" \/>\n<meta property=\"og:description\" content=\"Dal 26 al 28 aprile 2023, nel Convento di Santa Maria degli Angeli sull\u2019isola di Visovac in Croazia, il Segretariato generale per le Missioni e l\u2019Evangelizzazione, il Segretariato generale per la Formazione e gli Studi e l\u2019Ufficio generale per la Giustizia, Pace e Integrit\u00e0 del Creato, in collaborazione con il Presidente della Conferenza, Fr. Marko Mr\u0161e, e in presenza del Definitore generale, Fr. Konrad Cholewa, hanno organizzato l\u2019incontro di tutti i rispettivi uffici delle Provinice di questa Conferenza.\" \/>\n<meta property=\"og:url\" content=\"https:\/\/ofmjpic.org\/it\/croazia-conferenza-sud-slavica-incontro-dei-segretari-per-la-formazione-e-gli-studi-missioni-ed-evangelizzazione-e-animatori-gpic\/\" \/>\n<meta property=\"og:site_name\" content=\"OFM JPIC\" \/>\n<meta property=\"article:publisher\" content=\"https:\/\/www.facebook.com\/ofmjpic\/\" \/>\n<meta property=\"article:published_time\" content=\"2023-04-27T13:05:24+00:00\" \/>\n<meta property=\"article:modified_time\" content=\"2023-05-15T10:34:01+00:00\" \/>\n<meta property=\"og:image\" content=\"https:\/\/ofmjpic.org\/wp-content\/uploads\/2023\/04\/Foto-portada-articulos-2023.png\" \/>\n\t<meta property=\"og:image:width\" content=\"980\" \/>\n\t<meta property=\"og:image:height\" content=\"480\" \/>\n\t<meta property=\"og:image:type\" content=\"image\/png\" \/>\n<meta name=\"author\" content=\"Daniel\" \/>\n<meta name=\"twitter:card\" content=\"summary_large_image\" \/>\n<meta name=\"twitter:label1\" content=\"Scritto da\" \/>\n\t<meta name=\"twitter:data1\" content=\"Daniel\" \/>\n\t<meta name=\"twitter:label2\" content=\"Tempo di lettura stimato\" \/>\n\t<meta name=\"twitter:data2\" content=\"2 minuti\" \/>\n<script type=\"application\/ld+json\" class=\"yoast-schema-graph\">{\"@context\":\"https:\\\/\\\/schema.org\",\"@graph\":[{\"@type\":\"Article\",\"@id\":\"https:\\\/\\\/ofmjpic.org\\\/it\\\/croazia-conferenza-sud-slavica-incontro-dei-segretari-per-la-formazione-e-gli-studi-missioni-ed-evangelizzazione-e-animatori-gpic\\\/#article\",\"isPartOf\":{\"@id\":\"https:\\\/\\\/ofmjpic.org\\\/it\\\/croazia-conferenza-sud-slavica-incontro-dei-segretari-per-la-formazione-e-gli-studi-missioni-ed-evangelizzazione-e-animatori-gpic\\\/\"},\"author\":{\"name\":\"Daniel\",\"@id\":\"https:\\\/\\\/ofmjpic.org\\\/it\\\/#\\\/schema\\\/person\\\/ff7331a2fb274f17ea86ea0f6e1696cd\"},\"headline\":\"Croazia: Conferenza Sud Slavica. Incontro dei Segretari per la Formazione e gli Studi, Missioni ed Evangelizzazione e Animatori GPIC\",\"datePublished\":\"2023-04-27T13:05:24+00:00\",\"dateModified\":\"2023-05-15T10:34:01+00:00\",\"mainEntityOfPage\":{\"@id\":\"https:\\\/\\\/ofmjpic.org\\\/it\\\/croazia-conferenza-sud-slavica-incontro-dei-segretari-per-la-formazione-e-gli-studi-missioni-ed-evangelizzazione-e-animatori-gpic\\\/\"},\"wordCount\":477,\"commentCount\":0,\"publisher\":{\"@id\":\"https:\\\/\\\/ofmjpic.org\\\/it\\\/#organization\"},\"image\":{\"@id\":\"https:\\\/\\\/ofmjpic.org\\\/it\\\/croazia-conferenza-sud-slavica-incontro-dei-segretari-per-la-formazione-e-gli-studi-missioni-ed-evangelizzazione-e-animatori-gpic\\\/#primaryimage\"},\"thumbnailUrl\":\"https:\\\/\\\/ofmjpic.org\\\/wp-content\\\/uploads\\\/2023\\\/04\\\/Foto-portada-articulos-2023.png\",\"keywords\":[\"franciscanos\",\"GPIC\",\"jpic\",\"laudato si\",\"ofmgpic\",\"ofmjpic\",\"ofmjpic\"],\"articleSection\":[\"Ecolog\u00eda Integral\",\"Ecolog\u00eda Integral\"],\"inLanguage\":\"it-IT\",\"potentialAction\":[{\"@type\":\"CommentAction\",\"name\":\"Comment\",\"target\":[\"https:\\\/\\\/ofmjpic.org\\\/it\\\/croazia-conferenza-sud-slavica-incontro-dei-segretari-per-la-formazione-e-gli-studi-missioni-ed-evangelizzazione-e-animatori-gpic\\\/#respond\"]}]},{\"@type\":\"WebPage\",\"@id\":\"https:\\\/\\\/ofmjpic.org\\\/it\\\/croazia-conferenza-sud-slavica-incontro-dei-segretari-per-la-formazione-e-gli-studi-missioni-ed-evangelizzazione-e-animatori-gpic\\\/\",\"url\":\"https:\\\/\\\/ofmjpic.org\\\/it\\\/croazia-conferenza-sud-slavica-incontro-dei-segretari-per-la-formazione-e-gli-studi-missioni-ed-evangelizzazione-e-animatori-gpic\\\/\",\"name\":\"Croazia: Conferenza Sud Slavica. Incontro dei Segretari per la Formazione e gli Studi, Missioni ed Evangelizzazione e Animatori GPIC - OFM JPIC\",\"isPartOf\":{\"@id\":\"https:\\\/\\\/ofmjpic.org\\\/it\\\/#website\"},\"primaryImageOfPage\":{\"@id\":\"https:\\\/\\\/ofmjpic.org\\\/it\\\/croazia-conferenza-sud-slavica-incontro-dei-segretari-per-la-formazione-e-gli-studi-missioni-ed-evangelizzazione-e-animatori-gpic\\\/#primaryimage\"},\"image\":{\"@id\":\"https:\\\/\\\/ofmjpic.org\\\/it\\\/croazia-conferenza-sud-slavica-incontro-dei-segretari-per-la-formazione-e-gli-studi-missioni-ed-evangelizzazione-e-animatori-gpic\\\/#primaryimage\"},\"thumbnailUrl\":\"https:\\\/\\\/ofmjpic.org\\\/wp-content\\\/uploads\\\/2023\\\/04\\\/Foto-portada-articulos-2023.png\",\"datePublished\":\"2023-04-27T13:05:24+00:00\",\"dateModified\":\"2023-05-15T10:34:01+00:00\",\"breadcrumb\":{\"@id\":\"https:\\\/\\\/ofmjpic.org\\\/it\\\/croazia-conferenza-sud-slavica-incontro-dei-segretari-per-la-formazione-e-gli-studi-missioni-ed-evangelizzazione-e-animatori-gpic\\\/#breadcrumb\"},\"inLanguage\":\"it-IT\",\"potentialAction\":[{\"@type\":\"ReadAction\",\"target\":[\"https:\\\/\\\/ofmjpic.org\\\/it\\\/croazia-conferenza-sud-slavica-incontro-dei-segretari-per-la-formazione-e-gli-studi-missioni-ed-evangelizzazione-e-animatori-gpic\\\/\"]}]},{\"@type\":\"ImageObject\",\"inLanguage\":\"it-IT\",\"@id\":\"https:\\\/\\\/ofmjpic.org\\\/it\\\/croazia-conferenza-sud-slavica-incontro-dei-segretari-per-la-formazione-e-gli-studi-missioni-ed-evangelizzazione-e-animatori-gpic\\\/#primaryimage\",\"url\":\"https:\\\/\\\/ofmjpic.org\\\/wp-content\\\/uploads\\\/2023\\\/04\\\/Foto-portada-articulos-2023.png\",\"contentUrl\":\"https:\\\/\\\/ofmjpic.org\\\/wp-content\\\/uploads\\\/2023\\\/04\\\/Foto-portada-articulos-2023.png\",\"width\":980,\"height\":480},{\"@type\":\"BreadcrumbList\",\"@id\":\"https:\\\/\\\/ofmjpic.org\\\/it\\\/croazia-conferenza-sud-slavica-incontro-dei-segretari-per-la-formazione-e-gli-studi-missioni-ed-evangelizzazione-e-animatori-gpic\\\/#breadcrumb\",\"itemListElement\":[{\"@type\":\"ListItem\",\"position\":1,\"name\":\"Portada\",\"item\":\"https:\\\/\\\/ofmjpic.org\\\/it\\\/\"},{\"@type\":\"ListItem\",\"position\":2,\"name\":\"Croazia: Conferenza Sud Slavica. Incontro dei Segretari per la Formazione e gli Studi, Missioni ed Evangelizzazione e Animatori GPIC\"}]},{\"@type\":\"WebSite\",\"@id\":\"https:\\\/\\\/ofmjpic.org\\\/it\\\/#website\",\"url\":\"https:\\\/\\\/ofmjpic.org\\\/it\\\/\",\"name\":\"OFM Justice, Peace and Integrity of Creation\",\"description\":\"\",\"publisher\":{\"@id\":\"https:\\\/\\\/ofmjpic.org\\\/it\\\/#organization\"},\"potentialAction\":[{\"@type\":\"SearchAction\",\"target\":{\"@type\":\"EntryPoint\",\"urlTemplate\":\"https:\\\/\\\/ofmjpic.org\\\/it\\\/?s={search_term_string}\"},\"query-input\":{\"@type\":\"PropertyValueSpecification\",\"valueRequired\":true,\"valueName\":\"search_term_string\"}}],\"inLanguage\":\"it-IT\"},{\"@type\":\"Organization\",\"@id\":\"https:\\\/\\\/ofmjpic.org\\\/it\\\/#organization\",\"name\":\"General office for Justice, Peace and Integrity of Creation\",\"url\":\"https:\\\/\\\/ofmjpic.org\\\/it\\\/\",\"logo\":{\"@type\":\"ImageObject\",\"inLanguage\":\"it-IT\",\"@id\":\"https:\\\/\\\/ofmjpic.org\\\/it\\\/#\\\/schema\\\/logo\\\/image\\\/\",\"url\":\"https:\\\/\\\/ofmjpic.org\\\/wp-content\\\/uploads\\\/2018\\\/08\\\/ES_JPIC_Logo_.png\",\"contentUrl\":\"https:\\\/\\\/ofmjpic.org\\\/wp-content\\\/uploads\\\/2018\\\/08\\\/ES_JPIC_Logo_.png\",\"width\":3957,\"height\":4082,\"caption\":\"General office for Justice, Peace and Integrity of Creation\"},\"image\":{\"@id\":\"https:\\\/\\\/ofmjpic.org\\\/it\\\/#\\\/schema\\\/logo\\\/image\\\/\"},\"sameAs\":[\"https:\\\/\\\/www.facebook.com\\\/ofmjpic\\\/\",\"https:\\\/\\\/www.instagram.com\\\/ofmjpic\\\/\"]},{\"@type\":\"Person\",\"@id\":\"https:\\\/\\\/ofmjpic.org\\\/it\\\/#\\\/schema\\\/person\\\/ff7331a2fb274f17ea86ea0f6e1696cd\",\"name\":\"Daniel\",\"url\":\"https:\\\/\\\/ofmjpic.org\\\/it\\\/author\\\/drodriguez\\\/\"}]}<\/script>\n<!-- \/ Yoast SEO plugin. -->","yoast_head_json":{"title":"Croazia: Conferenza Sud Slavica. Incontro dei Segretari per la Formazione e gli Studi, Missioni ed Evangelizzazione e Animatori GPIC - OFM JPIC","robots":{"index":"index","follow":"follow","max-snippet":"max-snippet:-1","max-image-preview":"max-image-preview:large","max-video-preview":"max-video-preview:-1"},"canonical":"https:\/\/ofmjpic.org\/it\/croazia-conferenza-sud-slavica-incontro-dei-segretari-per-la-formazione-e-gli-studi-missioni-ed-evangelizzazione-e-animatori-gpic\/","og_locale":"it_IT","og_type":"article","og_title":"Croazia: Conferenza Sud Slavica. Incontro dei Segretari per la Formazione e gli Studi, Missioni ed Evangelizzazione e Animatori GPIC - OFM JPIC","og_description":"Dal 26 al 28 aprile 2023, nel Convento di Santa Maria degli Angeli sull\u2019isola di Visovac in Croazia, il Segretariato generale per le Missioni e l\u2019Evangelizzazione, il Segretariato generale per la Formazione e gli Studi e l\u2019Ufficio generale per la Giustizia, Pace e Integrit\u00e0 del Creato, in collaborazione con il Presidente della Conferenza, Fr. Marko Mr\u0161e, e in presenza del Definitore generale, Fr. Konrad Cholewa, hanno organizzato l\u2019incontro di tutti i rispettivi uffici delle Provinice di questa Conferenza.","og_url":"https:\/\/ofmjpic.org\/it\/croazia-conferenza-sud-slavica-incontro-dei-segretari-per-la-formazione-e-gli-studi-missioni-ed-evangelizzazione-e-animatori-gpic\/","og_site_name":"OFM JPIC","article_publisher":"https:\/\/www.facebook.com\/ofmjpic\/","article_published_time":"2023-04-27T13:05:24+00:00","article_modified_time":"2023-05-15T10:34:01+00:00","og_image":[{"width":980,"height":480,"url":"https:\/\/ofmjpic.org\/wp-content\/uploads\/2023\/04\/Foto-portada-articulos-2023.png","type":"image\/png"}],"author":"Daniel","twitter_card":"summary_large_image","twitter_misc":{"Scritto da":"Daniel","Tempo di lettura stimato":"2 minuti"},"schema":{"@context":"https:\/\/schema.org","@graph":[{"@type":"Article","@id":"https:\/\/ofmjpic.org\/it\/croazia-conferenza-sud-slavica-incontro-dei-segretari-per-la-formazione-e-gli-studi-missioni-ed-evangelizzazione-e-animatori-gpic\/#article","isPartOf":{"@id":"https:\/\/ofmjpic.org\/it\/croazia-conferenza-sud-slavica-incontro-dei-segretari-per-la-formazione-e-gli-studi-missioni-ed-evangelizzazione-e-animatori-gpic\/"},"author":{"name":"Daniel","@id":"https:\/\/ofmjpic.org\/it\/#\/schema\/person\/ff7331a2fb274f17ea86ea0f6e1696cd"},"headline":"Croazia: Conferenza Sud Slavica. Incontro dei Segretari per la Formazione e gli Studi, Missioni ed Evangelizzazione e Animatori GPIC","datePublished":"2023-04-27T13:05:24+00:00","dateModified":"2023-05-15T10:34:01+00:00","mainEntityOfPage":{"@id":"https:\/\/ofmjpic.org\/it\/croazia-conferenza-sud-slavica-incontro-dei-segretari-per-la-formazione-e-gli-studi-missioni-ed-evangelizzazione-e-animatori-gpic\/"},"wordCount":477,"commentCount":0,"publisher":{"@id":"https:\/\/ofmjpic.org\/it\/#organization"},"image":{"@id":"https:\/\/ofmjpic.org\/it\/croazia-conferenza-sud-slavica-incontro-dei-segretari-per-la-formazione-e-gli-studi-missioni-ed-evangelizzazione-e-animatori-gpic\/#primaryimage"},"thumbnailUrl":"https:\/\/ofmjpic.org\/wp-content\/uploads\/2023\/04\/Foto-portada-articulos-2023.png","keywords":["franciscanos","GPIC","jpic","laudato si","ofmgpic","ofmjpic","ofmjpic"],"articleSection":["Ecolog\u00eda Integral","Ecolog\u00eda Integral"],"inLanguage":"it-IT","potentialAction":[{"@type":"CommentAction","name":"Comment","target":["https:\/\/ofmjpic.org\/it\/croazia-conferenza-sud-slavica-incontro-dei-segretari-per-la-formazione-e-gli-studi-missioni-ed-evangelizzazione-e-animatori-gpic\/#respond"]}]},{"@type":"WebPage","@id":"https:\/\/ofmjpic.org\/it\/croazia-conferenza-sud-slavica-incontro-dei-segretari-per-la-formazione-e-gli-studi-missioni-ed-evangelizzazione-e-animatori-gpic\/","url":"https:\/\/ofmjpic.org\/it\/croazia-conferenza-sud-slavica-incontro-dei-segretari-per-la-formazione-e-gli-studi-missioni-ed-evangelizzazione-e-animatori-gpic\/","name":"Croazia: Conferenza Sud Slavica. Incontro dei Segretari per la Formazione e gli Studi, Missioni ed Evangelizzazione e Animatori GPIC - OFM JPIC","isPartOf":{"@id":"https:\/\/ofmjpic.org\/it\/#website"},"primaryImageOfPage":{"@id":"https:\/\/ofmjpic.org\/it\/croazia-conferenza-sud-slavica-incontro-dei-segretari-per-la-formazione-e-gli-studi-missioni-ed-evangelizzazione-e-animatori-gpic\/#primaryimage"},"image":{"@id":"https:\/\/ofmjpic.org\/it\/croazia-conferenza-sud-slavica-incontro-dei-segretari-per-la-formazione-e-gli-studi-missioni-ed-evangelizzazione-e-animatori-gpic\/#primaryimage"},"thumbnailUrl":"https:\/\/ofmjpic.org\/wp-content\/uploads\/2023\/04\/Foto-portada-articulos-2023.png","datePublished":"2023-04-27T13:05:24+00:00","dateModified":"2023-05-15T10:34:01+00:00","breadcrumb":{"@id":"https:\/\/ofmjpic.org\/it\/croazia-conferenza-sud-slavica-incontro-dei-segretari-per-la-formazione-e-gli-studi-missioni-ed-evangelizzazione-e-animatori-gpic\/#breadcrumb"},"inLanguage":"it-IT","potentialAction":[{"@type":"ReadAction","target":["https:\/\/ofmjpic.org\/it\/croazia-conferenza-sud-slavica-incontro-dei-segretari-per-la-formazione-e-gli-studi-missioni-ed-evangelizzazione-e-animatori-gpic\/"]}]},{"@type":"ImageObject","inLanguage":"it-IT","@id":"https:\/\/ofmjpic.org\/it\/croazia-conferenza-sud-slavica-incontro-dei-segretari-per-la-formazione-e-gli-studi-missioni-ed-evangelizzazione-e-animatori-gpic\/#primaryimage","url":"https:\/\/ofmjpic.org\/wp-content\/uploads\/2023\/04\/Foto-portada-articulos-2023.png","contentUrl":"https:\/\/ofmjpic.org\/wp-content\/uploads\/2023\/04\/Foto-portada-articulos-2023.png","width":980,"height":480},{"@type":"BreadcrumbList","@id":"https:\/\/ofmjpic.org\/it\/croazia-conferenza-sud-slavica-incontro-dei-segretari-per-la-formazione-e-gli-studi-missioni-ed-evangelizzazione-e-animatori-gpic\/#breadcrumb","itemListElement":[{"@type":"ListItem","position":1,"name":"Portada","item":"https:\/\/ofmjpic.org\/it\/"},{"@type":"ListItem","position":2,"name":"Croazia: Conferenza Sud Slavica. Incontro dei Segretari per la Formazione e gli Studi, Missioni ed Evangelizzazione e Animatori GPIC"}]},{"@type":"WebSite","@id":"https:\/\/ofmjpic.org\/it\/#website","url":"https:\/\/ofmjpic.org\/it\/","name":"OFM Justice, Peace and Integrity of Creation","description":"","publisher":{"@id":"https:\/\/ofmjpic.org\/it\/#organization"},"potentialAction":[{"@type":"SearchAction","target":{"@type":"EntryPoint","urlTemplate":"https:\/\/ofmjpic.org\/it\/?s={search_term_string}"},"query-input":{"@type":"PropertyValueSpecification","valueRequired":true,"valueName":"search_term_string"}}],"inLanguage":"it-IT"},{"@type":"Organization","@id":"https:\/\/ofmjpic.org\/it\/#organization","name":"General office for Justice, Peace and Integrity of Creation","url":"https:\/\/ofmjpic.org\/it\/","logo":{"@type":"ImageObject","inLanguage":"it-IT","@id":"https:\/\/ofmjpic.org\/it\/#\/schema\/logo\/image\/","url":"https:\/\/ofmjpic.org\/wp-content\/uploads\/2018\/08\/ES_JPIC_Logo_.png","contentUrl":"https:\/\/ofmjpic.org\/wp-content\/uploads\/2018\/08\/ES_JPIC_Logo_.png","width":3957,"height":4082,"caption":"General office for Justice, Peace and Integrity of Creation"},"image":{"@id":"https:\/\/ofmjpic.org\/it\/#\/schema\/logo\/image\/"},"sameAs":["https:\/\/www.facebook.com\/ofmjpic\/","https:\/\/www.instagram.com\/ofmjpic\/"]},{"@type":"Person","@id":"https:\/\/ofmjpic.org\/it\/#\/schema\/person\/ff7331a2fb274f17ea86ea0f6e1696cd","name":"Daniel","url":"https:\/\/ofmjpic.org\/it\/author\/drodriguez\/"}]}},"_links":{"self":[{"href":"https:\/\/ofmjpic.org\/it\/wp-json\/wp\/v2\/posts\/15943","targetHints":{"allow":["GET"]}}],"collection":[{"href":"https:\/\/ofmjpic.org\/it\/wp-json\/wp\/v2\/posts"}],"about":[{"href":"https:\/\/ofmjpic.org\/it\/wp-json\/wp\/v2\/types\/post"}],"author":[{"embeddable":true,"href":"https:\/\/ofmjpic.org\/it\/wp-json\/wp\/v2\/users\/6"}],"replies":[{"embeddable":true,"href":"https:\/\/ofmjpic.org\/it\/wp-json\/wp\/v2\/comments?post=15943"}],"version-history":[{"count":0,"href":"https:\/\/ofmjpic.org\/it\/wp-json\/wp\/v2\/posts\/15943\/revisions"}],"wp:featuredmedia":[{"embeddable":true,"href":"https:\/\/ofmjpic.org\/it\/wp-json\/wp\/v2\/media\/15937"}],"wp:attachment":[{"href":"https:\/\/ofmjpic.org\/it\/wp-json\/wp\/v2\/media?parent=15943"}],"wp:term":[{"taxonomy":"category","embeddable":true,"href":"https:\/\/ofmjpic.org\/it\/wp-json\/wp\/v2\/categories?post=15943"},{"taxonomy":"post_tag","embeddable":true,"href":"https:\/\/ofmjpic.org\/it\/wp-json\/wp\/v2\/tags?post=15943"}],"curies":[{"name":"wp","href":"https:\/\/api.w.org\/{rel}","templated":true}]}}