{"id":13959,"date":"2022-03-22T09:54:01","date_gmt":"2022-03-22T09:54:01","guid":{"rendered":"http:\/\/www.ofmjpic.org\/bolivia-reforestacion-en-la-paz-semillas-de-esperanza\/"},"modified":"2022-03-22T10:17:28","modified_gmt":"2022-03-22T10:17:28","slug":"bolivia-rimboschimento-a-la-paz-semi-di-speranza","status":"publish","type":"post","link":"https:\/\/ofmjpic.org\/it\/bolivia-rimboschimento-a-la-paz-semi-di-speranza\/","title":{"rendered":"Bolivia: rimboschimento a La Paz, semi di speranza"},"content":{"rendered":"<p>[et_pb_section fb_built=&#8221;1&#8243; _builder_version=&#8221;4.14.7&#8243; _module_preset=&#8221;default&#8221; global_colors_info=&#8221;{}&#8221;][et_pb_row _builder_version=&#8221;4.14.7&#8243; _module_preset=&#8221;default&#8221; global_colors_info=&#8221;{}&#8221;][et_pb_column type=&#8221;4_4&#8243; _builder_version=&#8221;4.14.7&#8243; _module_preset=&#8221;default&#8221; global_colors_info=&#8221;{}&#8221;][et_pb_text _builder_version=&#8221;4.14.7&#8243; _module_preset=&#8221;default&#8221; hover_enabled=&#8221;0&#8243; global_colors_info=&#8221;{}&#8221; sticky_enabled=&#8221;0&#8243;]<\/p>\n<blockquote>\n<h2 style=\"text-align: justify;\"><strong><em><span style=\"color: #993300;\">\u201cQuando piantiamo alberi, piantiamo i semi della pace, i semi della speranza\u201d.<\/span> <\/em><\/strong><\/h2>\n<p style=\"text-align: justify;\"><strong>(Profesora Wangari Maathai)\u00a0<\/strong><\/p>\n<\/blockquote>\n<p style=\"text-align: justify;\">Ogni persona \u00e8 inserita in un habitat che la accoglie e la aiuta a crescere. La prima e pi\u00f9 naturale \u00e8 la famiglia, che \u00e8 parte fondamentale della nostra crescita e maturazione, cos\u00ec come le persone che ci circondano. Ma ci inseriamo anche in quell&#8217;altro habitat o casa comune che \u00e8 la natura, fatta principalmente di altri esseri viventi. Con loro abbiamo qualcosa in comune, ma davanti a loro sorge anche una certa responsabilit\u00e0.<\/p>\n<p style=\"text-align: justify;\">Pertanto, riflettiamo non solo del nostro impatto sull&#8217;ecologia e la conservazione dell&#8217;ambiente, in questo momento attuale e per le generazioni future, ma anche sulla necessit\u00e0 di garantire la nostra crescita personale globale. La persona passa, ma il nostro ambiente resta, con tutti i cambiamenti che questo pu\u00f2 comportare. Tutto ci\u00f2 ci permette di concludere che la nostra dignit\u00e0 personale, fondata sulla ricchezza del nostro essere razionale e libero, porta con s\u00e9 una missione verso se stessi, verso gli altri e verso il creato.<\/p>\n<p style=\"text-align: justify;\">L&#8217;umanit\u00e0 deve agire, ridurre i problemi ambientali e, soprattutto, quello che gioca un ruolo pi\u00f9 importante nel riscaldamento globale: l&#8217;inquinamento ambientale, che colpisce l&#8217;aria, l&#8217;acqua, il suolo, le piante e gli animali. \u00c8 fondamentale sviluppare e promuovere strategie per ridurre al minimo la crisi ecologica che mette a rischio la vita stessa e la stabilit\u00e0 del pianeta.<\/p>\n<p style=\"text-align: justify;\">Gli alberi sono una soluzione per combattere i problemi ambientali e migliorare l&#8217;equilibrio ecologico del pianeta. Aiutano a contrastare molti problemi ambientali come il riscaldamento globale, l&#8217;erosione, la desertificazione, l&#8217;inquinamento atmosferico, la deforestazione, gli incendi boschivi, ecc.<\/p>\n<p style=\"text-align: justify;\">Il pianeta ha urgente bisogno di alberi che producano pi\u00f9 ossigeno per mantenere la qualit\u00e0 ambientale e garantire la sopravvivenza di tutte le specie. Gli alberi sono i polmoni del pianeta che assorbono i gas serra e diventano ecosistemi per la diversit\u00e0 biologica.<\/p>\n<p style=\"text-align: justify;\">\n<p style=\"text-align: justify;\">All&#8217;interno del Movimento, lo spirito francescano ha portato alla progettazione di un progetto di riforestazione che \u00e8 stato attuato a lungo termine da realizzare nella citt\u00e0 di Copacabana, nel dipartimento di La Paz-Bolivia. Lo scopo \u00e8 piantare 1.500 alberi di specie andine, contribuendo fortemente all&#8217;identit\u00e0 della citt\u00e0 e alle sue origini. Ogni volta che una piantagione viene realizzata nell&#8217;ambito del progetto, \u00e8 un vero evento. Hanno partecipato alle attivit\u00e0 i Frati Minori Francescani della comunit\u00e0 di San Francisco de Copacabana, catechisti, volontari ecologici, volontari del Movimento GPIC di La Paz, Capitaneria del porto navale di Copacabana, ecc.<\/p>\n<p>[\/et_pb_text][\/et_pb_column][\/et_pb_row][et_pb_row column_structure=&#8221;2_5,3_5&#8243; _builder_version=&#8221;4.14.7&#8243; _module_preset=&#8221;default&#8221; global_colors_info=&#8221;{}&#8221;][et_pb_column type=&#8221;2_5&#8243; _builder_version=&#8221;4.14.7&#8243; _module_preset=&#8221;default&#8221; global_colors_info=&#8221;{}&#8221;][et_pb_image src=&#8221;http:\/\/www.ofmjpic.org\/wp-content\/uploads\/2022\/03\/lapaz.png&#8221; title_text=&#8221;lapaz&#8221; _builder_version=&#8221;4.14.7&#8243; _module_preset=&#8221;default&#8221; animation_style=&#8221;slide&#8221; animation_direction=&#8221;left&#8221; box_shadow_style=&#8221;preset2&#8243; global_colors_info=&#8221;{}&#8221;][\/et_pb_image][\/et_pb_column][et_pb_column type=&#8221;3_5&#8243; _builder_version=&#8221;4.14.7&#8243; _module_preset=&#8221;default&#8221; global_colors_info=&#8221;{}&#8221;][et_pb_text _builder_version=&#8221;4.14.7&#8243; _module_preset=&#8221;default&#8221; hover_enabled=&#8221;0&#8243; global_colors_info=&#8221;{}&#8221; sticky_enabled=&#8221;0&#8243;]<\/p>\n<p style=\"text-align: justify;\">Pi\u00f9 di 1400 alberi sono stati i principali protagonisti (que\u00f1uas, kiswaras, radiata e cipressi) di nuovi cambiamenti di mente e di cuore, e pi\u00f9 di 300 piantine che sperano di crescere per avere il loro spazio e contribuire alla cura della nostra casa comune.<\/p>\n<p style=\"text-align: justify;\">Come comunit\u00e0 di fede, cerchiamo di proteggere la vita e la dignit\u00e0 di ogni persona, di prenderci cura dei pi\u00f9 vulnerabili e di preservare la nostra casa comune per i nostri figli e le generazioni future. Questi sono tempi nuovi pieni di opportunit\u00e0 e responsabilit\u00e0, di fare la differenza quando si tratta di affrontare gli impatti che questi problemi presentano, in particolare su coloro che sono meno in grado di sopportarne gli oneri.<\/p>\n<p style=\"text-align: justify;\">La motivazione a piantare alberi continuer\u00e0 con la pianificazione di attivit\u00e0 future per la cura del creato durante tutto l&#8217;anno. Questa motivazione deve perdurare nei membri del Movimento, per tutta la vita. La cura della casa comune si basa su un ricco patrimonio di fede, tradizione e insegnamento sociale a cui possiamo attingere per vivere fedelmente il Vangelo nel nostro tempo e nella nostra situazione.<\/p>\n<p style=\"text-align: justify;\">\n<p style=\"text-align: justify;\">\n<p style=\"text-align: justify;\">\n<p style=\"text-align: justify;\">\n<h4 style=\"text-align: right;\"><span style=\"color: #993300;\"><strong>Movimento Francescano Giustizia e Pace<br \/><\/strong><\/span>Bolivia<\/h4>\n<p>[\/et_pb_text][\/et_pb_column][\/et_pb_row][\/et_pb_section]<\/p>\n","protected":false},"excerpt":{"rendered":"<p>All&#8217;interno del Movimento, lo spirito francescano ha portato alla progettazione di un progetto di riforestazione che \u00e8 stato attuato a lungo termine da realizzare nella citt\u00e0 di Copacabana, nel dipartimento di La Paz-Bolivia.<\/p>\n","protected":false},"author":4,"featured_media":13946,"comment_status":"open","ping_status":"open","sticky":false,"template":"","format":"standard","meta":{"_acf_changed":false,"_et_pb_use_builder":"on","_et_pb_old_content":"","_et_gb_content_width":"","footnotes":""},"categories":[597,489,596,434],"tags":[930,600,703,98,554,580,542],"class_list":["post-13959","post","type-post","status-publish","format-standard","has-post-thumbnail","hentry","category-accion-climatica-it","category-azione-per-il-clima","category-ecologia-integral-2-it","category-ecologia-integrale","tag-bolivia-2-it","tag-ecologia-intergral-it","tag-franciscanos-it","tag-integrita-del-creato","tag-jpic-it","tag-laudato-si-it","tag-ofmjpic-it"],"acf":[],"yoast_head":"<!-- This site is optimized with the Yoast SEO plugin v28.4 - https:\/\/yoast.com\/product\/yoast-seo-wordpress\/ -->\n<title>Bolivia: rimboschimento a La Paz, semi di speranza - OFM JPIC<\/title>\n<meta name=\"robots\" content=\"index, follow, max-snippet:-1, max-image-preview:large, max-video-preview:-1\" \/>\n<link rel=\"canonical\" href=\"https:\/\/ofmjpic.org\/it\/bolivia-rimboschimento-a-la-paz-semi-di-speranza\/\" \/>\n<meta property=\"og:locale\" content=\"it_IT\" \/>\n<meta property=\"og:type\" content=\"article\" \/>\n<meta property=\"og:title\" content=\"Bolivia: rimboschimento a La Paz, semi di speranza - OFM JPIC\" \/>\n<meta property=\"og:description\" content=\"All&#039;interno del Movimento, lo spirito francescano ha portato alla progettazione di un progetto di riforestazione che \u00e8 stato attuato a lungo termine da realizzare nella citt\u00e0 di Copacabana, nel dipartimento di La Paz-Bolivia.\" \/>\n<meta property=\"og:url\" content=\"https:\/\/ofmjpic.org\/it\/bolivia-rimboschimento-a-la-paz-semi-di-speranza\/\" \/>\n<meta property=\"og:site_name\" content=\"OFM JPIC\" \/>\n<meta property=\"article:publisher\" content=\"https:\/\/www.facebook.com\/ofmjpic\/\" \/>\n<meta property=\"article:published_time\" content=\"2022-03-22T09:54:01+00:00\" \/>\n<meta property=\"article:modified_time\" content=\"2022-03-22T10:17:28+00:00\" \/>\n<meta property=\"og:image\" content=\"https:\/\/ofmjpic.org\/wp-content\/uploads\/2022\/03\/Portada-Noticias_50.png\" \/>\n\t<meta property=\"og:image:width\" content=\"800\" \/>\n\t<meta property=\"og:image:height\" content=\"400\" \/>\n\t<meta property=\"og:image:type\" content=\"image\/png\" \/>\n<meta name=\"author\" content=\"Jaime Campos\" \/>\n<meta name=\"twitter:card\" content=\"summary_large_image\" \/>\n<meta name=\"twitter:label1\" content=\"Scritto da\" \/>\n\t<meta name=\"twitter:data1\" content=\"Jaime Campos\" \/>\n\t<meta name=\"twitter:label2\" content=\"Tempo di lettura stimato\" \/>\n\t<meta name=\"twitter:data2\" content=\"4 minuti\" \/>\n<script type=\"application\/ld+json\" class=\"yoast-schema-graph\">{\"@context\":\"https:\\\/\\\/schema.org\",\"@graph\":[{\"@type\":\"Article\",\"@id\":\"https:\\\/\\\/ofmjpic.org\\\/it\\\/bolivia-rimboschimento-a-la-paz-semi-di-speranza\\\/#article\",\"isPartOf\":{\"@id\":\"https:\\\/\\\/ofmjpic.org\\\/it\\\/bolivia-rimboschimento-a-la-paz-semi-di-speranza\\\/\"},\"author\":{\"name\":\"Jaime Campos\",\"@id\":\"https:\\\/\\\/ofmjpic.org\\\/it\\\/#\\\/schema\\\/person\\\/b94707ec5fc5af84d2d88e5f946184fb\"},\"headline\":\"Bolivia: rimboschimento a La Paz, semi di speranza\",\"datePublished\":\"2022-03-22T09:54:01+00:00\",\"dateModified\":\"2022-03-22T10:17:28+00:00\",\"mainEntityOfPage\":{\"@id\":\"https:\\\/\\\/ofmjpic.org\\\/it\\\/bolivia-rimboschimento-a-la-paz-semi-di-speranza\\\/\"},\"wordCount\":769,\"commentCount\":0,\"publisher\":{\"@id\":\"https:\\\/\\\/ofmjpic.org\\\/it\\\/#organization\"},\"image\":{\"@id\":\"https:\\\/\\\/ofmjpic.org\\\/it\\\/bolivia-rimboschimento-a-la-paz-semi-di-speranza\\\/#primaryimage\"},\"thumbnailUrl\":\"https:\\\/\\\/ofmjpic.org\\\/wp-content\\\/uploads\\\/2022\\\/03\\\/Portada-Noticias_50.png\",\"keywords\":[\"Bolivia\",\"ecologia intergral\",\"franciscanos\",\"Integrit\u00e0 del Creato\",\"jpic\",\"laudato si\",\"ofmjpic\"],\"articleSection\":[\"Acci\u00f3n clim\u00e1tica\",\"Azione per il clima\",\"Ecolog\u00eda Integral\",\"Ecologia Integrale\"],\"inLanguage\":\"it-IT\",\"potentialAction\":[{\"@type\":\"CommentAction\",\"name\":\"Comment\",\"target\":[\"https:\\\/\\\/ofmjpic.org\\\/it\\\/bolivia-rimboschimento-a-la-paz-semi-di-speranza\\\/#respond\"]}]},{\"@type\":\"WebPage\",\"@id\":\"https:\\\/\\\/ofmjpic.org\\\/it\\\/bolivia-rimboschimento-a-la-paz-semi-di-speranza\\\/\",\"url\":\"https:\\\/\\\/ofmjpic.org\\\/it\\\/bolivia-rimboschimento-a-la-paz-semi-di-speranza\\\/\",\"name\":\"Bolivia: rimboschimento a La Paz, semi di speranza - OFM JPIC\",\"isPartOf\":{\"@id\":\"https:\\\/\\\/ofmjpic.org\\\/it\\\/#website\"},\"primaryImageOfPage\":{\"@id\":\"https:\\\/\\\/ofmjpic.org\\\/it\\\/bolivia-rimboschimento-a-la-paz-semi-di-speranza\\\/#primaryimage\"},\"image\":{\"@id\":\"https:\\\/\\\/ofmjpic.org\\\/it\\\/bolivia-rimboschimento-a-la-paz-semi-di-speranza\\\/#primaryimage\"},\"thumbnailUrl\":\"https:\\\/\\\/ofmjpic.org\\\/wp-content\\\/uploads\\\/2022\\\/03\\\/Portada-Noticias_50.png\",\"datePublished\":\"2022-03-22T09:54:01+00:00\",\"dateModified\":\"2022-03-22T10:17:28+00:00\",\"breadcrumb\":{\"@id\":\"https:\\\/\\\/ofmjpic.org\\\/it\\\/bolivia-rimboschimento-a-la-paz-semi-di-speranza\\\/#breadcrumb\"},\"inLanguage\":\"it-IT\",\"potentialAction\":[{\"@type\":\"ReadAction\",\"target\":[\"https:\\\/\\\/ofmjpic.org\\\/it\\\/bolivia-rimboschimento-a-la-paz-semi-di-speranza\\\/\"]}]},{\"@type\":\"ImageObject\",\"inLanguage\":\"it-IT\",\"@id\":\"https:\\\/\\\/ofmjpic.org\\\/it\\\/bolivia-rimboschimento-a-la-paz-semi-di-speranza\\\/#primaryimage\",\"url\":\"https:\\\/\\\/ofmjpic.org\\\/wp-content\\\/uploads\\\/2022\\\/03\\\/Portada-Noticias_50.png\",\"contentUrl\":\"https:\\\/\\\/ofmjpic.org\\\/wp-content\\\/uploads\\\/2022\\\/03\\\/Portada-Noticias_50.png\",\"width\":800,\"height\":400},{\"@type\":\"BreadcrumbList\",\"@id\":\"https:\\\/\\\/ofmjpic.org\\\/it\\\/bolivia-rimboschimento-a-la-paz-semi-di-speranza\\\/#breadcrumb\",\"itemListElement\":[{\"@type\":\"ListItem\",\"position\":1,\"name\":\"Portada\",\"item\":\"https:\\\/\\\/ofmjpic.org\\\/it\\\/\"},{\"@type\":\"ListItem\",\"position\":2,\"name\":\"Bolivia: rimboschimento a La Paz, semi di speranza\"}]},{\"@type\":\"WebSite\",\"@id\":\"https:\\\/\\\/ofmjpic.org\\\/it\\\/#website\",\"url\":\"https:\\\/\\\/ofmjpic.org\\\/it\\\/\",\"name\":\"OFM Justice, Peace and Integrity of Creation\",\"description\":\"\",\"publisher\":{\"@id\":\"https:\\\/\\\/ofmjpic.org\\\/it\\\/#organization\"},\"potentialAction\":[{\"@type\":\"SearchAction\",\"target\":{\"@type\":\"EntryPoint\",\"urlTemplate\":\"https:\\\/\\\/ofmjpic.org\\\/it\\\/?s={search_term_string}\"},\"query-input\":{\"@type\":\"PropertyValueSpecification\",\"valueRequired\":true,\"valueName\":\"search_term_string\"}}],\"inLanguage\":\"it-IT\"},{\"@type\":\"Organization\",\"@id\":\"https:\\\/\\\/ofmjpic.org\\\/it\\\/#organization\",\"name\":\"General office for Justice, Peace and Integrity of Creation\",\"url\":\"https:\\\/\\\/ofmjpic.org\\\/it\\\/\",\"logo\":{\"@type\":\"ImageObject\",\"inLanguage\":\"it-IT\",\"@id\":\"https:\\\/\\\/ofmjpic.org\\\/it\\\/#\\\/schema\\\/logo\\\/image\\\/\",\"url\":\"https:\\\/\\\/ofmjpic.org\\\/wp-content\\\/uploads\\\/2018\\\/08\\\/ES_JPIC_Logo_.png\",\"contentUrl\":\"https:\\\/\\\/ofmjpic.org\\\/wp-content\\\/uploads\\\/2018\\\/08\\\/ES_JPIC_Logo_.png\",\"width\":3957,\"height\":4082,\"caption\":\"General office for Justice, Peace and Integrity of Creation\"},\"image\":{\"@id\":\"https:\\\/\\\/ofmjpic.org\\\/it\\\/#\\\/schema\\\/logo\\\/image\\\/\"},\"sameAs\":[\"https:\\\/\\\/www.facebook.com\\\/ofmjpic\\\/\",\"https:\\\/\\\/www.instagram.com\\\/ofmjpic\\\/\"]},{\"@type\":\"Person\",\"@id\":\"https:\\\/\\\/ofmjpic.org\\\/it\\\/#\\\/schema\\\/person\\\/b94707ec5fc5af84d2d88e5f946184fb\",\"name\":\"Jaime Campos\",\"url\":\"https:\\\/\\\/ofmjpic.org\\\/it\\\/author\\\/jcampos\\\/\"}]}<\/script>\n<!-- \/ Yoast SEO plugin. -->","yoast_head_json":{"title":"Bolivia: rimboschimento a La Paz, semi di speranza - OFM JPIC","robots":{"index":"index","follow":"follow","max-snippet":"max-snippet:-1","max-image-preview":"max-image-preview:large","max-video-preview":"max-video-preview:-1"},"canonical":"https:\/\/ofmjpic.org\/it\/bolivia-rimboschimento-a-la-paz-semi-di-speranza\/","og_locale":"it_IT","og_type":"article","og_title":"Bolivia: rimboschimento a La Paz, semi di speranza - OFM JPIC","og_description":"All'interno del Movimento, lo spirito francescano ha portato alla progettazione di un progetto di riforestazione che \u00e8 stato attuato a lungo termine da realizzare nella citt\u00e0 di Copacabana, nel dipartimento di La Paz-Bolivia.","og_url":"https:\/\/ofmjpic.org\/it\/bolivia-rimboschimento-a-la-paz-semi-di-speranza\/","og_site_name":"OFM JPIC","article_publisher":"https:\/\/www.facebook.com\/ofmjpic\/","article_published_time":"2022-03-22T09:54:01+00:00","article_modified_time":"2022-03-22T10:17:28+00:00","og_image":[{"width":800,"height":400,"url":"https:\/\/ofmjpic.org\/wp-content\/uploads\/2022\/03\/Portada-Noticias_50.png","type":"image\/png"}],"author":"Jaime Campos","twitter_card":"summary_large_image","twitter_misc":{"Scritto da":"Jaime Campos","Tempo di lettura stimato":"4 minuti"},"schema":{"@context":"https:\/\/schema.org","@graph":[{"@type":"Article","@id":"https:\/\/ofmjpic.org\/it\/bolivia-rimboschimento-a-la-paz-semi-di-speranza\/#article","isPartOf":{"@id":"https:\/\/ofmjpic.org\/it\/bolivia-rimboschimento-a-la-paz-semi-di-speranza\/"},"author":{"name":"Jaime Campos","@id":"https:\/\/ofmjpic.org\/it\/#\/schema\/person\/b94707ec5fc5af84d2d88e5f946184fb"},"headline":"Bolivia: rimboschimento a La Paz, semi di speranza","datePublished":"2022-03-22T09:54:01+00:00","dateModified":"2022-03-22T10:17:28+00:00","mainEntityOfPage":{"@id":"https:\/\/ofmjpic.org\/it\/bolivia-rimboschimento-a-la-paz-semi-di-speranza\/"},"wordCount":769,"commentCount":0,"publisher":{"@id":"https:\/\/ofmjpic.org\/it\/#organization"},"image":{"@id":"https:\/\/ofmjpic.org\/it\/bolivia-rimboschimento-a-la-paz-semi-di-speranza\/#primaryimage"},"thumbnailUrl":"https:\/\/ofmjpic.org\/wp-content\/uploads\/2022\/03\/Portada-Noticias_50.png","keywords":["Bolivia","ecologia intergral","franciscanos","Integrit\u00e0 del Creato","jpic","laudato si","ofmjpic"],"articleSection":["Acci\u00f3n clim\u00e1tica","Azione per il clima","Ecolog\u00eda Integral","Ecologia Integrale"],"inLanguage":"it-IT","potentialAction":[{"@type":"CommentAction","name":"Comment","target":["https:\/\/ofmjpic.org\/it\/bolivia-rimboschimento-a-la-paz-semi-di-speranza\/#respond"]}]},{"@type":"WebPage","@id":"https:\/\/ofmjpic.org\/it\/bolivia-rimboschimento-a-la-paz-semi-di-speranza\/","url":"https:\/\/ofmjpic.org\/it\/bolivia-rimboschimento-a-la-paz-semi-di-speranza\/","name":"Bolivia: rimboschimento a La Paz, semi di speranza - OFM JPIC","isPartOf":{"@id":"https:\/\/ofmjpic.org\/it\/#website"},"primaryImageOfPage":{"@id":"https:\/\/ofmjpic.org\/it\/bolivia-rimboschimento-a-la-paz-semi-di-speranza\/#primaryimage"},"image":{"@id":"https:\/\/ofmjpic.org\/it\/bolivia-rimboschimento-a-la-paz-semi-di-speranza\/#primaryimage"},"thumbnailUrl":"https:\/\/ofmjpic.org\/wp-content\/uploads\/2022\/03\/Portada-Noticias_50.png","datePublished":"2022-03-22T09:54:01+00:00","dateModified":"2022-03-22T10:17:28+00:00","breadcrumb":{"@id":"https:\/\/ofmjpic.org\/it\/bolivia-rimboschimento-a-la-paz-semi-di-speranza\/#breadcrumb"},"inLanguage":"it-IT","potentialAction":[{"@type":"ReadAction","target":["https:\/\/ofmjpic.org\/it\/bolivia-rimboschimento-a-la-paz-semi-di-speranza\/"]}]},{"@type":"ImageObject","inLanguage":"it-IT","@id":"https:\/\/ofmjpic.org\/it\/bolivia-rimboschimento-a-la-paz-semi-di-speranza\/#primaryimage","url":"https:\/\/ofmjpic.org\/wp-content\/uploads\/2022\/03\/Portada-Noticias_50.png","contentUrl":"https:\/\/ofmjpic.org\/wp-content\/uploads\/2022\/03\/Portada-Noticias_50.png","width":800,"height":400},{"@type":"BreadcrumbList","@id":"https:\/\/ofmjpic.org\/it\/bolivia-rimboschimento-a-la-paz-semi-di-speranza\/#breadcrumb","itemListElement":[{"@type":"ListItem","position":1,"name":"Portada","item":"https:\/\/ofmjpic.org\/it\/"},{"@type":"ListItem","position":2,"name":"Bolivia: rimboschimento a La Paz, semi di speranza"}]},{"@type":"WebSite","@id":"https:\/\/ofmjpic.org\/it\/#website","url":"https:\/\/ofmjpic.org\/it\/","name":"OFM Justice, Peace and Integrity of Creation","description":"","publisher":{"@id":"https:\/\/ofmjpic.org\/it\/#organization"},"potentialAction":[{"@type":"SearchAction","target":{"@type":"EntryPoint","urlTemplate":"https:\/\/ofmjpic.org\/it\/?s={search_term_string}"},"query-input":{"@type":"PropertyValueSpecification","valueRequired":true,"valueName":"search_term_string"}}],"inLanguage":"it-IT"},{"@type":"Organization","@id":"https:\/\/ofmjpic.org\/it\/#organization","name":"General office for Justice, Peace and Integrity of Creation","url":"https:\/\/ofmjpic.org\/it\/","logo":{"@type":"ImageObject","inLanguage":"it-IT","@id":"https:\/\/ofmjpic.org\/it\/#\/schema\/logo\/image\/","url":"https:\/\/ofmjpic.org\/wp-content\/uploads\/2018\/08\/ES_JPIC_Logo_.png","contentUrl":"https:\/\/ofmjpic.org\/wp-content\/uploads\/2018\/08\/ES_JPIC_Logo_.png","width":3957,"height":4082,"caption":"General office for Justice, Peace and Integrity of Creation"},"image":{"@id":"https:\/\/ofmjpic.org\/it\/#\/schema\/logo\/image\/"},"sameAs":["https:\/\/www.facebook.com\/ofmjpic\/","https:\/\/www.instagram.com\/ofmjpic\/"]},{"@type":"Person","@id":"https:\/\/ofmjpic.org\/it\/#\/schema\/person\/b94707ec5fc5af84d2d88e5f946184fb","name":"Jaime Campos","url":"https:\/\/ofmjpic.org\/it\/author\/jcampos\/"}]}},"_links":{"self":[{"href":"https:\/\/ofmjpic.org\/it\/wp-json\/wp\/v2\/posts\/13959","targetHints":{"allow":["GET"]}}],"collection":[{"href":"https:\/\/ofmjpic.org\/it\/wp-json\/wp\/v2\/posts"}],"about":[{"href":"https:\/\/ofmjpic.org\/it\/wp-json\/wp\/v2\/types\/post"}],"author":[{"embeddable":true,"href":"https:\/\/ofmjpic.org\/it\/wp-json\/wp\/v2\/users\/4"}],"replies":[{"embeddable":true,"href":"https:\/\/ofmjpic.org\/it\/wp-json\/wp\/v2\/comments?post=13959"}],"version-history":[{"count":0,"href":"https:\/\/ofmjpic.org\/it\/wp-json\/wp\/v2\/posts\/13959\/revisions"}],"wp:featuredmedia":[{"embeddable":true,"href":"https:\/\/ofmjpic.org\/it\/wp-json\/wp\/v2\/media\/13946"}],"wp:attachment":[{"href":"https:\/\/ofmjpic.org\/it\/wp-json\/wp\/v2\/media?parent=13959"}],"wp:term":[{"taxonomy":"category","embeddable":true,"href":"https:\/\/ofmjpic.org\/it\/wp-json\/wp\/v2\/categories?post=13959"},{"taxonomy":"post_tag","embeddable":true,"href":"https:\/\/ofmjpic.org\/it\/wp-json\/wp\/v2\/tags?post=13959"}],"curies":[{"name":"wp","href":"https:\/\/api.w.org\/{rel}","templated":true}]}}