{"id":12850,"date":"2021-10-02T10:26:10","date_gmt":"2021-10-02T10:26:10","guid":{"rendered":"https:\/\/www.ofmjpic.org\/plataforma-de-accion-laudato-si-se-complace-en-compartir-informacion-actualizada-sobre-los-proximos-pasos-en-este-camino\/"},"modified":"2025-01-02T16:40:07","modified_gmt":"2025-01-02T16:40:07","slug":"plataforma-de-accion-laudato-si-se-complace-en-compartir-informacion-actualizada-sobre-los-proximos-pasos-en-este-camino","status":"publish","type":"post","link":"https:\/\/ofmjpic.org\/it\/plataforma-de-accion-laudato-si-se-complace-en-compartir-informacion-actualizada-sobre-los-proximos-pasos-en-este-camino\/","title":{"rendered":"Plataforma de Acci\u00f3n Laudato Si\u2019 se complace en compartir informaci\u00f3n actualizada sobre los pr\u00f3ximos pasos en este camino"},"content":{"rendered":"<p>[et_pb_section fb_built=&#8221;1&#8243; _builder_version=&#8221;4.10.8&#8243; _module_preset=&#8221;default&#8221; global_colors_info=&#8221;{}&#8221;][et_pb_row column_structure=&#8221;3_5,2_5&#8243; _builder_version=&#8221;4.10.8&#8243; _module_preset=&#8221;default&#8221; global_colors_info=&#8221;{}&#8221;][et_pb_column type=&#8221;3_5&#8243; _builder_version=&#8221;4.10.8&#8243; _module_preset=&#8221;default&#8221; global_colors_info=&#8221;{}&#8221;][et_pb_text _builder_version=&#8221;4.10.8&#8243; _module_preset=&#8221;default&#8221; global_colors_info=&#8221;{}&#8221;]<\/p>\n<blockquote>\n<h2 style=\"text-align: justify;\"><span style=\"color: #993300;\"><strong>Mientras nos embarcamos en un proceso de transformaci\u00f3n hacia la sostenibilidad total en el esp\u00edritu de Laudato Si\u2019, la Plataforma de Acci\u00f3n Laudato Si\u2019 se complace en compartir informaci\u00f3n actualizada sobre los pr\u00f3ximos pasos en este camino.<\/strong><\/span><\/h2>\n<\/blockquote>\n<p style=\"text-align: justify;\">Cerca de 200 organizaciones asociadas han estado trabajando juntas para dar forma a la Plataforma de Acci\u00f3n Laudato Si\u2019, y ya hay comunidades de todo el mundo que se est\u00e1n comprometiendo a responder a la llamada de Laudato Si\u2019 discerniendo y aplicando un plan concreto con la ayuda de las Gu\u00edas de Planificaci\u00f3n Laudato Si\u2019.<\/p>\n<p style=\"text-align: justify;\">El proceso sinodal de elaboraci\u00f3n de la Plataforma de Acci\u00f3n Laudato Si\u2019 ha sido tremendamente rico. El co-liderazgo de los miembros del grupo de trabajo ha inspirado la evoluci\u00f3n y la expansi\u00f3n del programa y, en las \u00faltimas semanas, hemos percibido que el Esp\u00edritu Santo est\u00e1 invitando al equipo de la Plataforma de Acci\u00f3n Laudato Si\u2019 a seguir avanzando sobre la base de las conversaciones din\u00e1micas que tienen lugar entre estos socios.<\/p>\n<p style=\"text-align: justify;\">Por ello, la fecha para inscribir a su familia, grupo comunitario o instituci\u00f3n para crear tu Plan Laudato Si\u2019 se ha ampliado hasta el 14 de noviembre, D\u00eda Mundial de Oraci\u00f3n por los Pobres.<\/p>\n<p>[\/et_pb_text][\/et_pb_column][et_pb_column type=&#8221;2_5&#8243; _builder_version=&#8221;4.10.8&#8243; _module_preset=&#8221;default&#8221; global_colors_info=&#8221;{}&#8221;][et_pb_image src=&#8221;http:\/\/www.ofmjpic.org\/wp-content\/uploads\/2021\/10\/ES_COVER_STORY.png&#8221; title_text=&#8221;ES_COVER_STORY&#8221; force_fullwidth=&#8221;on&#8221; _builder_version=&#8221;4.11.3&#8243; _module_preset=&#8221;default&#8221; hover_enabled=&#8221;0&#8243; global_colors_info=&#8221;{}&#8221; sticky_enabled=&#8221;0&#8243;][\/et_pb_image][et_pb_button button_url=&#8221;https:\/\/drive.google.com\/drive\/folders\/1bd-Cf1svClaeT1qCgBwu9LgFurB4WXsm?usp=sharing&#8221; url_new_window=&#8221;on&#8221; button_text=&#8221;Descargar Oraci\u00f3n para cada d\u00eda&#8221; button_alignment=&#8221;center&#8221; _builder_version=&#8221;4.10.8&#8243; _module_preset=&#8221;default&#8221; animation_style=&#8221;zoom&#8221; global_colors_info=&#8221;{}&#8221;][\/et_pb_button][\/et_pb_column][\/et_pb_row][et_pb_row _builder_version=&#8221;4.10.8&#8243; _module_preset=&#8221;default&#8221; global_colors_info=&#8221;{}&#8221;][et_pb_column type=&#8221;4_4&#8243; _builder_version=&#8221;4.10.8&#8243; _module_preset=&#8221;default&#8221; global_colors_info=&#8221;{}&#8221;][et_pb_text _builder_version=&#8221;4.10.8&#8243; _module_preset=&#8221;default&#8221; global_colors_info=&#8221;{}&#8221;]<\/p>\n<p style=\"text-align: justify;\">Muchos grupos ya est\u00e1n en camino de crear su Plan Laudato Si\u2019, mientras que otros est\u00e1n dando los primeros pasos en el camino de la \u201cconversi\u00f3n ecol\u00f3gica\u201d. Esperamos que ofrecer recursos adicionales en noviembre, en lugar de en octubre, permita que florezcan los maravillosos procesos de colaboraci\u00f3n que est\u00e1n teniendo lugar ahora. El Esp\u00edritu Santo nos llama a todos a trabajar en comuni\u00f3n y a \u201ctejer lazos de pertenencia y de uni\u00f3n\u201d, y ese es un llamado al que la Plataforma de Acci\u00f3n Laudato Si\u2019 responde felizmente. (LS 149)<\/p>\n<blockquote>\n<p style=\"text-align: justify;\"><strong>El 4 de octubre sigue siendo un d\u00eda precioso en la Iglesia y en nuestro camino juntos, un d\u00eda para celebrar a San Francisco de As\u00eds, que \u201cnos invita a ver la naturaleza como un magn\u00edfico libro en el que Dios nos habla\u201d. (LS 12) Para celebrar este d\u00eda, y para ayudarnos a preparar en oraci\u00f3n el camino que tenemos por delante, le invitamos a unirse a nosotros en 40 d\u00edas de oraci\u00f3n por la comunidad mundial que recorre el camino de la Laudao Si\u2019.<\/strong><\/p>\n<\/blockquote>\n<p style=\"text-align: justify;\">Le invitamos a rezar durante los 40 d\u00edas comprendidos entre el 4 de octubre, fiesta de San Francisco, y el 14 de noviembre. El 14 de noviembre es la Jornada Mundial de Oraci\u00f3n por los Pobres, y el lanzamiento de nuevos materiales de planificaci\u00f3n en la Plataforma de Acci\u00f3n Laudato Si\u2019.<\/p>\n<p style=\"text-align: justify;\">Las oraciones para los siete sectores atendidos por la Plataforma de Acci\u00f3n Laudato Si\u2019 se pueden descargar<span>\u00a0<\/span><a href=\"https:\/\/drive.google.com\/drive\/folders\/1JjrMKgORd5tUTH6fHqJ5f9cdtwfmxAcQ?usp=sharing\">aqu\u00ed<\/a>.<\/p>\n<p style=\"text-align: justify;\">Por favor, no dude en descargar la oraci\u00f3n individual para su sector<span>\u00a0<\/span><a href=\"https:\/\/drive.google.com\/drive\/folders\/1bd-Cf1svClaeT1qCgBwu9LgFurB4WXsm?usp=sharing\">aqu\u00ed<\/a>.<\/p>\n<p style=\"text-align: justify;\">Le invitamos a compartir estas oraciones con su red.<\/p>\n<p style=\"text-align: justify;\">A partir del 4 de octubre estar\u00e1 disponible una biblioteca de recursos y una lista de eventos, todos ellos ofrecidos generosamente por la red de organizaciones asociadas que son co-creadoras de la Plataforma de Acci\u00f3n Laudato Si\u2019. Por favor, utilice estos recursos gratuitamente haciendo clic en las p\u00e1ginas de Recursos y Eventos.<\/p>\n<p style=\"text-align: justify;\">El equipo de la Plataforma de Acci\u00f3n Laudato Si\u2019 reza profundamente para que este extenso per\u00edodo de preparaci\u00f3n sea un tiempo de reflexi\u00f3n fruct\u00edfera y de abundantes bendiciones, mientras nos congregamos como una familia cat\u00f3lica unida en el camino hacia la sostenibilidad en el esp\u00edritu hol\u00edstico de Laudato Si\u2019.<\/p>\n<p style=\"text-align: right;\">Fuente: <a href=\"https:\/\/plataformadeaccionlaudatosi.org\/\" target=\"_blank\" rel=\"noopener\">Plataforma de Acci\u00f3n Laudato Si&#8217;<\/a><\/p>\n<p>[\/et_pb_text][\/et_pb_column][\/et_pb_row][et_pb_row _builder_version=&#8221;4.10.8&#8243; _module_preset=&#8221;default&#8221; global_colors_info=&#8221;{}&#8221;][et_pb_column type=&#8221;4_4&#8243; _builder_version=&#8221;4.10.8&#8243; _module_preset=&#8221;default&#8221; global_colors_info=&#8221;{}&#8221;][et_pb_image src=&#8221;http:\/\/www.ofmjpic.org\/wp-content\/uploads\/2021\/04\/JPIC_noticias_tel.png&#8221; title_text=&#8221;JPIC_noticias_tel&#8221; url=&#8221;https:\/\/t.me\/Noticias_JPIC_ES&#8221; url_new_window=&#8221;on&#8221; _builder_version=&#8221;4.10.8&#8243; _module_preset=&#8221;default&#8221; animation_style=&#8221;zoom&#8221; global_colors_info=&#8221;{}&#8221;][\/et_pb_image][\/et_pb_column][\/et_pb_row][\/et_pb_section]<\/p>\n","protected":false},"excerpt":{"rendered":"<p>Cerca de 200 organizaciones asociadas han estado trabajando juntas para dar forma a la Plataforma de Acci\u00f3n Laudato Si\u2019<\/p>\n","protected":false},"author":4,"featured_media":12834,"comment_status":"open","ping_status":"open","sticky":false,"template":"","format":"standard","meta":{"_acf_changed":false,"_et_pb_use_builder":"on","_et_pb_old_content":"","_et_gb_content_width":"","footnotes":""},"categories":[597,596,666,961],"tags":[600,876,580,542],"class_list":["post-12850","post","type-post","status-publish","format-standard","has-post-thumbnail","hentry","category-accion-climatica-it","category-ecologia-integral-2-it","category-lsrevolution-it","category-notizie","tag-ecologia-intergral-it","tag-integridad-de-la-creacion-it","tag-laudato-si-it","tag-ofmjpic-it"],"acf":[],"yoast_head":"<!-- This site is optimized with the Yoast SEO plugin v28.4 - https:\/\/yoast.com\/product\/yoast-seo-wordpress\/ -->\n<title>Plataforma de Acci\u00f3n Laudato Si\u2019 se complace en compartir informaci\u00f3n actualizada sobre los pr\u00f3ximos pasos en este camino - OFM JPIC<\/title>\n<meta name=\"robots\" content=\"index, follow, max-snippet:-1, max-image-preview:large, max-video-preview:-1\" \/>\n<link rel=\"canonical\" href=\"https:\/\/ofmjpic.org\/it\/plataforma-de-accion-laudato-si-se-complace-en-compartir-informacion-actualizada-sobre-los-proximos-pasos-en-este-camino\/\" \/>\n<meta property=\"og:locale\" content=\"it_IT\" \/>\n<meta property=\"og:type\" content=\"article\" \/>\n<meta property=\"og:title\" content=\"Plataforma de Acci\u00f3n Laudato Si\u2019 se complace en compartir informaci\u00f3n actualizada sobre los pr\u00f3ximos pasos en este camino - OFM JPIC\" \/>\n<meta property=\"og:description\" content=\"Cerca de 200 organizaciones asociadas han estado trabajando juntas para dar forma a la Plataforma de Acci\u00f3n Laudato Si\u2019\" \/>\n<meta property=\"og:url\" content=\"https:\/\/ofmjpic.org\/it\/plataforma-de-accion-laudato-si-se-complace-en-compartir-informacion-actualizada-sobre-los-proximos-pasos-en-este-camino\/\" \/>\n<meta property=\"og:site_name\" content=\"OFM JPIC\" \/>\n<meta property=\"article:publisher\" content=\"https:\/\/www.facebook.com\/ofmjpic\/\" \/>\n<meta property=\"article:published_time\" content=\"2021-10-02T10:26:10+00:00\" \/>\n<meta property=\"article:modified_time\" content=\"2025-01-02T16:40:07+00:00\" \/>\n<meta property=\"og:image\" content=\"https:\/\/ofmjpic.org\/wp-content\/uploads\/2021\/10\/Portada-Noticias-2-ofmjpic.org-35.png\" \/>\n\t<meta property=\"og:image:width\" content=\"800\" \/>\n\t<meta property=\"og:image:height\" content=\"400\" \/>\n\t<meta property=\"og:image:type\" content=\"image\/png\" \/>\n<meta name=\"author\" content=\"Jaime Campos\" \/>\n<meta name=\"twitter:card\" content=\"summary_large_image\" \/>\n<meta name=\"twitter:label1\" content=\"Scritto da\" \/>\n\t<meta name=\"twitter:data1\" content=\"Jaime Campos\" \/>\n\t<meta name=\"twitter:label2\" content=\"Tempo di lettura stimato\" \/>\n\t<meta name=\"twitter:data2\" content=\"4 minuti\" \/>\n<script type=\"application\/ld+json\" class=\"yoast-schema-graph\">{\"@context\":\"https:\\\/\\\/schema.org\",\"@graph\":[{\"@type\":\"Article\",\"@id\":\"https:\\\/\\\/ofmjpic.org\\\/it\\\/plataforma-de-accion-laudato-si-se-complace-en-compartir-informacion-actualizada-sobre-los-proximos-pasos-en-este-camino\\\/#article\",\"isPartOf\":{\"@id\":\"https:\\\/\\\/ofmjpic.org\\\/it\\\/plataforma-de-accion-laudato-si-se-complace-en-compartir-informacion-actualizada-sobre-los-proximos-pasos-en-este-camino\\\/\"},\"author\":{\"name\":\"Jaime Campos\",\"@id\":\"https:\\\/\\\/ofmjpic.org\\\/it\\\/#\\\/schema\\\/person\\\/b94707ec5fc5af84d2d88e5f946184fb\"},\"headline\":\"Plataforma de Acci\u00f3n Laudato Si\u2019 se complace en compartir informaci\u00f3n actualizada sobre los pr\u00f3ximos pasos en este camino\",\"datePublished\":\"2021-10-02T10:26:10+00:00\",\"dateModified\":\"2025-01-02T16:40:07+00:00\",\"mainEntityOfPage\":{\"@id\":\"https:\\\/\\\/ofmjpic.org\\\/it\\\/plataforma-de-accion-laudato-si-se-complace-en-compartir-informacion-actualizada-sobre-los-proximos-pasos-en-este-camino\\\/\"},\"wordCount\":911,\"commentCount\":0,\"publisher\":{\"@id\":\"https:\\\/\\\/ofmjpic.org\\\/it\\\/#organization\"},\"image\":{\"@id\":\"https:\\\/\\\/ofmjpic.org\\\/it\\\/plataforma-de-accion-laudato-si-se-complace-en-compartir-informacion-actualizada-sobre-los-proximos-pasos-en-este-camino\\\/#primaryimage\"},\"thumbnailUrl\":\"https:\\\/\\\/ofmjpic.org\\\/wp-content\\\/uploads\\\/2021\\\/10\\\/Portada-Noticias-2-ofmjpic.org-35.png\",\"keywords\":[\"ecologia intergral\",\"integridad de la creacion\",\"laudato si\",\"ofmjpic\"],\"articleSection\":[\"Acci\u00f3n clim\u00e1tica\",\"Ecolog\u00eda Integral\",\"LSRevolution\",\"Notizie\"],\"inLanguage\":\"it-IT\",\"potentialAction\":[{\"@type\":\"CommentAction\",\"name\":\"Comment\",\"target\":[\"https:\\\/\\\/ofmjpic.org\\\/it\\\/plataforma-de-accion-laudato-si-se-complace-en-compartir-informacion-actualizada-sobre-los-proximos-pasos-en-este-camino\\\/#respond\"]}]},{\"@type\":\"WebPage\",\"@id\":\"https:\\\/\\\/ofmjpic.org\\\/it\\\/plataforma-de-accion-laudato-si-se-complace-en-compartir-informacion-actualizada-sobre-los-proximos-pasos-en-este-camino\\\/\",\"url\":\"https:\\\/\\\/ofmjpic.org\\\/it\\\/plataforma-de-accion-laudato-si-se-complace-en-compartir-informacion-actualizada-sobre-los-proximos-pasos-en-este-camino\\\/\",\"name\":\"Plataforma de Acci\u00f3n Laudato Si\u2019 se complace en compartir informaci\u00f3n actualizada sobre los pr\u00f3ximos pasos en este camino - OFM JPIC\",\"isPartOf\":{\"@id\":\"https:\\\/\\\/ofmjpic.org\\\/it\\\/#website\"},\"primaryImageOfPage\":{\"@id\":\"https:\\\/\\\/ofmjpic.org\\\/it\\\/plataforma-de-accion-laudato-si-se-complace-en-compartir-informacion-actualizada-sobre-los-proximos-pasos-en-este-camino\\\/#primaryimage\"},\"image\":{\"@id\":\"https:\\\/\\\/ofmjpic.org\\\/it\\\/plataforma-de-accion-laudato-si-se-complace-en-compartir-informacion-actualizada-sobre-los-proximos-pasos-en-este-camino\\\/#primaryimage\"},\"thumbnailUrl\":\"https:\\\/\\\/ofmjpic.org\\\/wp-content\\\/uploads\\\/2021\\\/10\\\/Portada-Noticias-2-ofmjpic.org-35.png\",\"datePublished\":\"2021-10-02T10:26:10+00:00\",\"dateModified\":\"2025-01-02T16:40:07+00:00\",\"breadcrumb\":{\"@id\":\"https:\\\/\\\/ofmjpic.org\\\/it\\\/plataforma-de-accion-laudato-si-se-complace-en-compartir-informacion-actualizada-sobre-los-proximos-pasos-en-este-camino\\\/#breadcrumb\"},\"inLanguage\":\"it-IT\",\"potentialAction\":[{\"@type\":\"ReadAction\",\"target\":[\"https:\\\/\\\/ofmjpic.org\\\/it\\\/plataforma-de-accion-laudato-si-se-complace-en-compartir-informacion-actualizada-sobre-los-proximos-pasos-en-este-camino\\\/\"]}]},{\"@type\":\"ImageObject\",\"inLanguage\":\"it-IT\",\"@id\":\"https:\\\/\\\/ofmjpic.org\\\/it\\\/plataforma-de-accion-laudato-si-se-complace-en-compartir-informacion-actualizada-sobre-los-proximos-pasos-en-este-camino\\\/#primaryimage\",\"url\":\"https:\\\/\\\/ofmjpic.org\\\/wp-content\\\/uploads\\\/2021\\\/10\\\/Portada-Noticias-2-ofmjpic.org-35.png\",\"contentUrl\":\"https:\\\/\\\/ofmjpic.org\\\/wp-content\\\/uploads\\\/2021\\\/10\\\/Portada-Noticias-2-ofmjpic.org-35.png\",\"width\":800,\"height\":400},{\"@type\":\"BreadcrumbList\",\"@id\":\"https:\\\/\\\/ofmjpic.org\\\/it\\\/plataforma-de-accion-laudato-si-se-complace-en-compartir-informacion-actualizada-sobre-los-proximos-pasos-en-este-camino\\\/#breadcrumb\",\"itemListElement\":[{\"@type\":\"ListItem\",\"position\":1,\"name\":\"Portada\",\"item\":\"https:\\\/\\\/ofmjpic.org\\\/it\\\/\"},{\"@type\":\"ListItem\",\"position\":2,\"name\":\"Plataforma de Acci\u00f3n Laudato Si\u2019 se complace en compartir informaci\u00f3n actualizada sobre los pr\u00f3ximos pasos en este camino\"}]},{\"@type\":\"WebSite\",\"@id\":\"https:\\\/\\\/ofmjpic.org\\\/it\\\/#website\",\"url\":\"https:\\\/\\\/ofmjpic.org\\\/it\\\/\",\"name\":\"OFM Justice, Peace and Integrity of Creation\",\"description\":\"\",\"publisher\":{\"@id\":\"https:\\\/\\\/ofmjpic.org\\\/it\\\/#organization\"},\"potentialAction\":[{\"@type\":\"SearchAction\",\"target\":{\"@type\":\"EntryPoint\",\"urlTemplate\":\"https:\\\/\\\/ofmjpic.org\\\/it\\\/?s={search_term_string}\"},\"query-input\":{\"@type\":\"PropertyValueSpecification\",\"valueRequired\":true,\"valueName\":\"search_term_string\"}}],\"inLanguage\":\"it-IT\"},{\"@type\":\"Organization\",\"@id\":\"https:\\\/\\\/ofmjpic.org\\\/it\\\/#organization\",\"name\":\"General office for Justice, Peace and Integrity of Creation\",\"url\":\"https:\\\/\\\/ofmjpic.org\\\/it\\\/\",\"logo\":{\"@type\":\"ImageObject\",\"inLanguage\":\"it-IT\",\"@id\":\"https:\\\/\\\/ofmjpic.org\\\/it\\\/#\\\/schema\\\/logo\\\/image\\\/\",\"url\":\"https:\\\/\\\/ofmjpic.org\\\/wp-content\\\/uploads\\\/2018\\\/08\\\/ES_JPIC_Logo_.png\",\"contentUrl\":\"https:\\\/\\\/ofmjpic.org\\\/wp-content\\\/uploads\\\/2018\\\/08\\\/ES_JPIC_Logo_.png\",\"width\":3957,\"height\":4082,\"caption\":\"General office for Justice, Peace and Integrity of Creation\"},\"image\":{\"@id\":\"https:\\\/\\\/ofmjpic.org\\\/it\\\/#\\\/schema\\\/logo\\\/image\\\/\"},\"sameAs\":[\"https:\\\/\\\/www.facebook.com\\\/ofmjpic\\\/\",\"https:\\\/\\\/www.instagram.com\\\/ofmjpic\\\/\"]},{\"@type\":\"Person\",\"@id\":\"https:\\\/\\\/ofmjpic.org\\\/it\\\/#\\\/schema\\\/person\\\/b94707ec5fc5af84d2d88e5f946184fb\",\"name\":\"Jaime Campos\",\"url\":\"https:\\\/\\\/ofmjpic.org\\\/it\\\/author\\\/jcampos\\\/\"}]}<\/script>\n<!-- \/ Yoast SEO plugin. -->","yoast_head_json":{"title":"Plataforma de Acci\u00f3n Laudato Si\u2019 se complace en compartir informaci\u00f3n actualizada sobre los pr\u00f3ximos pasos en este camino - OFM JPIC","robots":{"index":"index","follow":"follow","max-snippet":"max-snippet:-1","max-image-preview":"max-image-preview:large","max-video-preview":"max-video-preview:-1"},"canonical":"https:\/\/ofmjpic.org\/it\/plataforma-de-accion-laudato-si-se-complace-en-compartir-informacion-actualizada-sobre-los-proximos-pasos-en-este-camino\/","og_locale":"it_IT","og_type":"article","og_title":"Plataforma de Acci\u00f3n Laudato Si\u2019 se complace en compartir informaci\u00f3n actualizada sobre los pr\u00f3ximos pasos en este camino - OFM JPIC","og_description":"Cerca de 200 organizaciones asociadas han estado trabajando juntas para dar forma a la Plataforma de Acci\u00f3n Laudato Si\u2019","og_url":"https:\/\/ofmjpic.org\/it\/plataforma-de-accion-laudato-si-se-complace-en-compartir-informacion-actualizada-sobre-los-proximos-pasos-en-este-camino\/","og_site_name":"OFM JPIC","article_publisher":"https:\/\/www.facebook.com\/ofmjpic\/","article_published_time":"2021-10-02T10:26:10+00:00","article_modified_time":"2025-01-02T16:40:07+00:00","og_image":[{"width":800,"height":400,"url":"https:\/\/ofmjpic.org\/wp-content\/uploads\/2021\/10\/Portada-Noticias-2-ofmjpic.org-35.png","type":"image\/png"}],"author":"Jaime Campos","twitter_card":"summary_large_image","twitter_misc":{"Scritto da":"Jaime Campos","Tempo di lettura stimato":"4 minuti"},"schema":{"@context":"https:\/\/schema.org","@graph":[{"@type":"Article","@id":"https:\/\/ofmjpic.org\/it\/plataforma-de-accion-laudato-si-se-complace-en-compartir-informacion-actualizada-sobre-los-proximos-pasos-en-este-camino\/#article","isPartOf":{"@id":"https:\/\/ofmjpic.org\/it\/plataforma-de-accion-laudato-si-se-complace-en-compartir-informacion-actualizada-sobre-los-proximos-pasos-en-este-camino\/"},"author":{"name":"Jaime Campos","@id":"https:\/\/ofmjpic.org\/it\/#\/schema\/person\/b94707ec5fc5af84d2d88e5f946184fb"},"headline":"Plataforma de Acci\u00f3n Laudato Si\u2019 se complace en compartir informaci\u00f3n actualizada sobre los pr\u00f3ximos pasos en este camino","datePublished":"2021-10-02T10:26:10+00:00","dateModified":"2025-01-02T16:40:07+00:00","mainEntityOfPage":{"@id":"https:\/\/ofmjpic.org\/it\/plataforma-de-accion-laudato-si-se-complace-en-compartir-informacion-actualizada-sobre-los-proximos-pasos-en-este-camino\/"},"wordCount":911,"commentCount":0,"publisher":{"@id":"https:\/\/ofmjpic.org\/it\/#organization"},"image":{"@id":"https:\/\/ofmjpic.org\/it\/plataforma-de-accion-laudato-si-se-complace-en-compartir-informacion-actualizada-sobre-los-proximos-pasos-en-este-camino\/#primaryimage"},"thumbnailUrl":"https:\/\/ofmjpic.org\/wp-content\/uploads\/2021\/10\/Portada-Noticias-2-ofmjpic.org-35.png","keywords":["ecologia intergral","integridad de la creacion","laudato si","ofmjpic"],"articleSection":["Acci\u00f3n clim\u00e1tica","Ecolog\u00eda Integral","LSRevolution","Notizie"],"inLanguage":"it-IT","potentialAction":[{"@type":"CommentAction","name":"Comment","target":["https:\/\/ofmjpic.org\/it\/plataforma-de-accion-laudato-si-se-complace-en-compartir-informacion-actualizada-sobre-los-proximos-pasos-en-este-camino\/#respond"]}]},{"@type":"WebPage","@id":"https:\/\/ofmjpic.org\/it\/plataforma-de-accion-laudato-si-se-complace-en-compartir-informacion-actualizada-sobre-los-proximos-pasos-en-este-camino\/","url":"https:\/\/ofmjpic.org\/it\/plataforma-de-accion-laudato-si-se-complace-en-compartir-informacion-actualizada-sobre-los-proximos-pasos-en-este-camino\/","name":"Plataforma de Acci\u00f3n Laudato Si\u2019 se complace en compartir informaci\u00f3n actualizada sobre los pr\u00f3ximos pasos en este camino - OFM JPIC","isPartOf":{"@id":"https:\/\/ofmjpic.org\/it\/#website"},"primaryImageOfPage":{"@id":"https:\/\/ofmjpic.org\/it\/plataforma-de-accion-laudato-si-se-complace-en-compartir-informacion-actualizada-sobre-los-proximos-pasos-en-este-camino\/#primaryimage"},"image":{"@id":"https:\/\/ofmjpic.org\/it\/plataforma-de-accion-laudato-si-se-complace-en-compartir-informacion-actualizada-sobre-los-proximos-pasos-en-este-camino\/#primaryimage"},"thumbnailUrl":"https:\/\/ofmjpic.org\/wp-content\/uploads\/2021\/10\/Portada-Noticias-2-ofmjpic.org-35.png","datePublished":"2021-10-02T10:26:10+00:00","dateModified":"2025-01-02T16:40:07+00:00","breadcrumb":{"@id":"https:\/\/ofmjpic.org\/it\/plataforma-de-accion-laudato-si-se-complace-en-compartir-informacion-actualizada-sobre-los-proximos-pasos-en-este-camino\/#breadcrumb"},"inLanguage":"it-IT","potentialAction":[{"@type":"ReadAction","target":["https:\/\/ofmjpic.org\/it\/plataforma-de-accion-laudato-si-se-complace-en-compartir-informacion-actualizada-sobre-los-proximos-pasos-en-este-camino\/"]}]},{"@type":"ImageObject","inLanguage":"it-IT","@id":"https:\/\/ofmjpic.org\/it\/plataforma-de-accion-laudato-si-se-complace-en-compartir-informacion-actualizada-sobre-los-proximos-pasos-en-este-camino\/#primaryimage","url":"https:\/\/ofmjpic.org\/wp-content\/uploads\/2021\/10\/Portada-Noticias-2-ofmjpic.org-35.png","contentUrl":"https:\/\/ofmjpic.org\/wp-content\/uploads\/2021\/10\/Portada-Noticias-2-ofmjpic.org-35.png","width":800,"height":400},{"@type":"BreadcrumbList","@id":"https:\/\/ofmjpic.org\/it\/plataforma-de-accion-laudato-si-se-complace-en-compartir-informacion-actualizada-sobre-los-proximos-pasos-en-este-camino\/#breadcrumb","itemListElement":[{"@type":"ListItem","position":1,"name":"Portada","item":"https:\/\/ofmjpic.org\/it\/"},{"@type":"ListItem","position":2,"name":"Plataforma de Acci\u00f3n Laudato Si\u2019 se complace en compartir informaci\u00f3n actualizada sobre los pr\u00f3ximos pasos en este camino"}]},{"@type":"WebSite","@id":"https:\/\/ofmjpic.org\/it\/#website","url":"https:\/\/ofmjpic.org\/it\/","name":"OFM Justice, Peace and Integrity of Creation","description":"","publisher":{"@id":"https:\/\/ofmjpic.org\/it\/#organization"},"potentialAction":[{"@type":"SearchAction","target":{"@type":"EntryPoint","urlTemplate":"https:\/\/ofmjpic.org\/it\/?s={search_term_string}"},"query-input":{"@type":"PropertyValueSpecification","valueRequired":true,"valueName":"search_term_string"}}],"inLanguage":"it-IT"},{"@type":"Organization","@id":"https:\/\/ofmjpic.org\/it\/#organization","name":"General office for Justice, Peace and Integrity of Creation","url":"https:\/\/ofmjpic.org\/it\/","logo":{"@type":"ImageObject","inLanguage":"it-IT","@id":"https:\/\/ofmjpic.org\/it\/#\/schema\/logo\/image\/","url":"https:\/\/ofmjpic.org\/wp-content\/uploads\/2018\/08\/ES_JPIC_Logo_.png","contentUrl":"https:\/\/ofmjpic.org\/wp-content\/uploads\/2018\/08\/ES_JPIC_Logo_.png","width":3957,"height":4082,"caption":"General office for Justice, Peace and Integrity of Creation"},"image":{"@id":"https:\/\/ofmjpic.org\/it\/#\/schema\/logo\/image\/"},"sameAs":["https:\/\/www.facebook.com\/ofmjpic\/","https:\/\/www.instagram.com\/ofmjpic\/"]},{"@type":"Person","@id":"https:\/\/ofmjpic.org\/it\/#\/schema\/person\/b94707ec5fc5af84d2d88e5f946184fb","name":"Jaime Campos","url":"https:\/\/ofmjpic.org\/it\/author\/jcampos\/"}]}},"_links":{"self":[{"href":"https:\/\/ofmjpic.org\/it\/wp-json\/wp\/v2\/posts\/12850","targetHints":{"allow":["GET"]}}],"collection":[{"href":"https:\/\/ofmjpic.org\/it\/wp-json\/wp\/v2\/posts"}],"about":[{"href":"https:\/\/ofmjpic.org\/it\/wp-json\/wp\/v2\/types\/post"}],"author":[{"embeddable":true,"href":"https:\/\/ofmjpic.org\/it\/wp-json\/wp\/v2\/users\/4"}],"replies":[{"embeddable":true,"href":"https:\/\/ofmjpic.org\/it\/wp-json\/wp\/v2\/comments?post=12850"}],"version-history":[{"count":0,"href":"https:\/\/ofmjpic.org\/it\/wp-json\/wp\/v2\/posts\/12850\/revisions"}],"wp:featuredmedia":[{"embeddable":true,"href":"https:\/\/ofmjpic.org\/it\/wp-json\/wp\/v2\/media\/12834"}],"wp:attachment":[{"href":"https:\/\/ofmjpic.org\/it\/wp-json\/wp\/v2\/media?parent=12850"}],"wp:term":[{"taxonomy":"category","embeddable":true,"href":"https:\/\/ofmjpic.org\/it\/wp-json\/wp\/v2\/categories?post=12850"},{"taxonomy":"post_tag","embeddable":true,"href":"https:\/\/ofmjpic.org\/it\/wp-json\/wp\/v2\/tags?post=12850"}],"curies":[{"name":"wp","href":"https:\/\/api.w.org\/{rel}","templated":true}]}}