{"id":23804,"date":"2026-08-31T20:07:48","date_gmt":"2026-08-31T20:07:48","guid":{"rendered":"https:\/\/ofmjpic.org\/?p=23804"},"modified":"2026-08-31T20:07:51","modified_gmt":"2026-08-31T20:07:51","slug":"jpic-formacion-franciscana-novicios","status":"publish","type":"post","link":"https:\/\/ofmjpic.org\/en\/jpic-formacion-franciscana-novicios\/","title":{"rendered":"Franciscan Novices from Central America and the Caribbean Deepen Their Understanding of JPIC and Commit to the Realities of Their Communities"},"content":{"rendered":"<p>[et_pb_section fb_built=&#8221;1&#8243; _builder_version=&#8221;4.27.6&#8243; _module_preset=&#8221;default&#8221; da_disable_devices=&#8221;off|off|off&#8221; locked=&#8221;off&#8221; global_colors_info=&#8221;{}&#8221; theme_builder_area=&#8221;post_content&#8221; da_is_popup=&#8221;off&#8221; da_exit_intent=&#8221;off&#8221; da_has_close=&#8221;on&#8221; da_alt_close=&#8221;off&#8221; da_dark_close=&#8221;off&#8221; da_not_modal=&#8221;on&#8221; da_is_singular=&#8221;off&#8221; da_with_loader=&#8221;off&#8221; da_has_shadow=&#8221;on&#8221;][et_pb_row _builder_version=&#8221;4.27.6&#8243; _module_preset=&#8221;default&#8221; global_colors_info=&#8221;{}&#8221; theme_builder_area=&#8221;post_content&#8221;][et_pb_column type=&#8221;4_4&#8243; _builder_version=&#8221;4.27.6&#8243; _module_preset=&#8221;default&#8221; global_colors_info=&#8221;{}&#8221; theme_builder_area=&#8221;post_content&#8221;][et_pb_text _builder_version=&#8221;4.27.8&#8243; _module_preset=&#8221;default&#8221; hover_enabled=&#8221;0&#8243; global_colors_info=&#8221;{}&#8221; theme_builder_area=&#8221;post_content&#8221; sticky_enabled=&#8221;0&#8243;]<\/p>\n<p><b>Dominican Republic.<\/b><span style=\"font-weight: 400;\"> JPIC and Franciscan formation converged in the experience of the twelve brothers who make up the Novitiate of the Franciscan Province of Our Lady of Guadalupe in Central America, Panama, and the Caribbean. They participated in a workshop on Justice, Peace, and Integrity of Creation (JPIC), led by Fr. Daniel Nicolas Rodr\u00edguez Blanco, OFM, from the JPIC General Office of the Order of Friars Minor.<\/span><\/p>\n<p><span style=\"font-weight: 400;\">The novice friars, from five countries, shared a space for reflection, dialogue, and fraternal work aimed at discovering that JPIC, more than an area of \u200b\u200bactivity or a specialised task within the Order, is a transversal dimension of the spirituality and way of life of the Friars Minor.<\/span><\/p>\n<p>&nbsp;<\/p>\n<h2><strong>JPIC and Franciscan Formation: A Cross-Cutting Dimension<\/strong><\/h2>\n<p><span style=\"font-weight: 400;\">The workshop articulated diverse experiences and content that allowed participants to move from their own history to reality, and from contemplating that reality to taking action.<\/span><\/p>\n<p><span style=\"font-weight: 400;\">The starting point was the conviction that, to hear the cry of the poor and of creation, we must also learn to listen to our own history and recognise how God has made himself present in it through people, events, encounters, and processes of reconciliation.<\/span><\/p>\n<p><span style=\"font-weight: 400;\">Within this framework, \u201cThe Forgotten Leper\u201d allowed participants to revisit a fundamental event in the conversion of Saint Francis of Assisi: his encounter with the lepers. The experience helped them to ask themselves who the forgotten lepers are today, what realities we prefer not to see, and how encountering those who live on the margins can also transform our own lives.<\/span><\/p>\n<p>&nbsp;<\/p>\n<h2><strong>Laudato si\u2019 and the Cry of the Earth and the Poor<\/strong><\/h2>\n<p><span style=\"font-weight: 400;\">Another resource used was the documentary The Letter, linked to Pope Francis\u2019s encyclical <\/span><i><span style=\"font-weight: 400;\">Laudato si\u2019<\/span><\/i><span style=\"font-weight: 400;\">. Based on the stories and issues presented in the documentary, the novices discussed the socio-environmental crisis and the profound interdependence between the cry of the earth and the cry of the poor.<\/span><\/p>\n<p><span style=\"font-weight: 400;\">This reflection also included an exploration of the Assisi 2025 Declaration, Article 1 of the General Constitutions of the Order of Friars Minor, and other elements of Franciscan spirituality. These elements helped them understand that the commitment to justice, the building of peace, and the care of creation all stem from the same evangelical profession.<\/span><\/p>\n<p><span style=\"font-weight: 400;\">This experience was expressed in the words of one of the novices:<\/span><\/p>\n<blockquote>\n<p><span style=\"font-weight: 400;\">\u201cJPIC is more than just an initiative: it is experience, witness, denunciation, and charity.\u201d<\/span><\/p>\n<\/blockquote>\n<p><span style=\"font-weight: 400;\">An experience nourished by the charism received from Saint Francis and called to become visible in every brother who desires to be a sign of peace and hope amidst wars, hunger, migration, and despair.<\/span><\/p>\n<p>[\/et_pb_text][et_pb_image src=&#8221;https:\/\/ofmjpic.org\/wp-content\/uploads\/2026\/08\/Novicios-franciscanos-de-America-Central-y-el-Caribe-durante-su-formacion-en-JPIC-en-Republica-Dominicana.jpeg&#8221; alt=&#8221;Novicios franciscanos durante una jornada de JPIC y formaci\u00f3n franciscana en Rep\u00fablica Dominicana&#8221; title_text=&#8221;Novicios franciscanos de Ame\u0301rica Central y el Caribe durante su formacio\u0301n en JPIC en Repu\u0301blica Dominicana&#8221; _builder_version=&#8221;4.27.8&#8243; _module_preset=&#8221;default&#8221; global_colors_info=&#8221;{}&#8221; theme_builder_area=&#8221;post_content&#8221;][\/et_pb_image][et_pb_text _builder_version=&#8221;4.27.8&#8243; _module_preset=&#8221;default&#8221; hover_enabled=&#8221;0&#8243; global_colors_info=&#8221;{}&#8221; theme_builder_area=&#8221;post_content&#8221; sticky_enabled=&#8221;0&#8243;]<\/p>\n<h2><strong>JPIC Novitiate Manifesto 2026<\/strong><\/h2>\n<p><span style=\"font-weight: 400;\">As part of this JPIC and Franciscan formation process, the novices also undertook a fraternal reflection on some of the social and environmental situations in the Province&#8217;s territories.<\/span><\/p>\n<p><span style=\"font-weight: 400;\">This discernment culminated in the drafting of the JPIC Novitiate Manifesto 2026, with the motto:<\/span><\/p>\n<blockquote>\n<p><span style=\"font-weight: 400;\">\u201cTo be brothers to all, walking in love and joy.\u201d<\/span><\/p>\n<\/blockquote>\n<p><span style=\"font-weight: 400;\">In the Manifesto, the brothers acknowledge, among other situations, the reality of migrants in the provincial territory and, particularly, the situation of Haitian migrants in the Dominican Republic, often affected by discrimination, xenophobia, and racism.<\/span><\/p>\n<p><span style=\"font-weight: 400;\">They also expressed concern about the normalisation of drug use among young people and the criminal structures linked to its trafficking, gambling addiction, the social and environmental consequences of mining, femicides, and other situations that violate human dignity and the integrity of creation.<\/span><\/p>\n<h2><strong><\/strong><\/h2>\n<h2><strong>From Analysis of Reality to Commitment<\/strong><\/h2>\n<p><span style=\"font-weight: 400;\">After acknowledging these realities, the novices were invited to ask themselves: What are we committing to?<\/span><\/p>\n<p><span style=\"font-weight: 400;\">In this way, the Manifesto became a communal expression of the desire to adopt concrete attitudes and choices from their current stage of Franciscan formation.<\/span><\/p>\n<p><span style=\"font-weight: 400;\">The workshop also took place within the context of the celebration of the eight hundredth anniversary of the death of Saint Francis of Assisi, offering an opportunity to revisit the experience of the Seraphic Father and reflect on what it means to be lesser brothers in the face of the wounds of our time.<\/span><\/p>\n<p><span style=\"font-weight: 400;\">The JPIC Manifesto of the Novitiate 2026 thus remains as a record of a workshop, an expression of a formative process, and leaves a question that will accompany the journey of these twelve brothers:<\/span><\/p>\n<p><strong><\/strong><\/p>\n<p><strong>How can we be brothers to all today, walking in love and joy, amidst the concrete realities of our peoples?<\/strong><\/p>\n<p>[\/et_pb_text][\/et_pb_column][\/et_pb_row][et_pb_row _builder_version=&#8221;4.27.6&#8243; _module_preset=&#8221;default&#8221; global_colors_info=&#8221;{}&#8221; theme_builder_area=&#8221;post_content&#8221;][et_pb_column type=&#8221;4_4&#8243; _builder_version=&#8221;4.27.6&#8243; _module_preset=&#8221;default&#8221; global_colors_info=&#8221;{}&#8221; theme_builder_area=&#8221;post_content&#8221;][et_pb_gallery gallery_ids=&#8221;23801,23802&#8243; fullwidth=&#8221;on&#8221; _builder_version=&#8221;4.27.8&#8243; _module_preset=&#8221;default&#8221; global_colors_info=&#8221;{}&#8221; theme_builder_area=&#8221;post_content&#8221;][\/et_pb_gallery][\/et_pb_column][\/et_pb_row][\/et_pb_section]<\/p>\n","protected":false},"excerpt":{"rendered":"<p>JPIC y formaci\u00f3n franciscana se unen en un taller con doce novicios de Am\u00e9rica Central y el Caribe celebrado en Rep\u00fablica Dominicana.<\/p>\n","protected":false},"author":1,"featured_media":23803,"comment_status":"open","ping_status":"open","sticky":false,"template":"","format":"standard","meta":{"_acf_changed":false,"_et_pb_use_builder":"on","_et_pb_old_content":"","_et_gb_content_width":"","footnotes":""},"categories":[962],"tags":[654,548,573],"class_list":["post-23804","post","type-post","status-publish","format-standard","has-post-thumbnail","hentry","category-news","tag-franciscanos-en","tag-jpic-en","tag-laudato-si-en-2"],"acf":[],"yoast_head":"<!-- This site is optimized with the Yoast SEO plugin v28.1 - https:\/\/yoast.com\/product\/yoast-seo-wordpress\/ -->\n<title>JPIC y formaci\u00f3n franciscana: novicios asumen compromisos<\/title>\n<meta name=\"description\" content=\"JPIC y formaci\u00f3n franciscana se unen en un taller con doce novicios de Am\u00e9rica Central y el Caribe celebrado en Rep\u00fablica Dominicana.\" \/>\n<meta name=\"robots\" content=\"index, follow, max-snippet:-1, max-image-preview:large, max-video-preview:-1\" \/>\n<link rel=\"canonical\" href=\"https:\/\/ofmjpic.org\/en\/jpic-formacion-franciscana-novicios\/\" \/>\n<meta property=\"og:locale\" content=\"en_US\" \/>\n<meta property=\"og:type\" content=\"article\" \/>\n<meta property=\"og:title\" content=\"JPIC y formaci\u00f3n franciscana: novicios asumen compromisos\" \/>\n<meta property=\"og:description\" content=\"JPIC y formaci\u00f3n franciscana se unen en un taller con doce novicios de Am\u00e9rica Central y el Caribe celebrado en Rep\u00fablica Dominicana.\" \/>\n<meta property=\"og:url\" content=\"https:\/\/ofmjpic.org\/en\/jpic-formacion-franciscana-novicios\/\" \/>\n<meta property=\"og:site_name\" content=\"OFM JPIC\" \/>\n<meta property=\"article:publisher\" content=\"https:\/\/www.facebook.com\/ofmjpic\/\" \/>\n<meta property=\"article:published_time\" content=\"2026-08-31T20:07:48+00:00\" \/>\n<meta property=\"article:modified_time\" content=\"2026-08-31T20:07:51+00:00\" \/>\n<meta property=\"og:image\" content=\"https:\/\/ofmjpic.org\/wp-content\/uploads\/2026\/08\/Novicios-de-la-Provincia-Franciscana-Nuestra-Senora-de-Guadalupe-reunidos-en-Republica-Dominicana.jpeg\" \/>\n\t<meta property=\"og:image:width\" content=\"1600\" \/>\n\t<meta property=\"og:image:height\" content=\"1200\" \/>\n\t<meta property=\"og:image:type\" content=\"image\/jpeg\" \/>\n<meta name=\"author\" content=\"admin\" \/>\n<meta name=\"twitter:card\" content=\"summary_large_image\" \/>\n<meta name=\"twitter:label1\" content=\"Written by\" \/>\n\t<meta name=\"twitter:data1\" content=\"admin\" \/>\n\t<meta name=\"twitter:label2\" content=\"Est. reading time\" \/>\n\t<meta name=\"twitter:data2\" content=\"4 minutes\" \/>\n<script type=\"application\/ld+json\" class=\"yoast-schema-graph\">{\"@context\":\"https:\\\/\\\/schema.org\",\"@graph\":[{\"@type\":\"Article\",\"@id\":\"https:\\\/\\\/ofmjpic.org\\\/en\\\/jpic-formacion-franciscana-novicios\\\/#article\",\"isPartOf\":{\"@id\":\"https:\\\/\\\/ofmjpic.org\\\/en\\\/jpic-formacion-franciscana-novicios\\\/\"},\"author\":{\"name\":\"admin\",\"@id\":\"https:\\\/\\\/ofmjpic.org\\\/en\\\/#\\\/schema\\\/person\\\/39d264e8b62f999b4bd6d547149132f9\"},\"headline\":\"Franciscan Novices from Central America and the Caribbean Deepen Their Understanding of JPIC and Commit to the Realities of Their Communities\",\"datePublished\":\"2026-08-31T20:07:48+00:00\",\"dateModified\":\"2026-08-31T20:07:51+00:00\",\"mainEntityOfPage\":{\"@id\":\"https:\\\/\\\/ofmjpic.org\\\/en\\\/jpic-formacion-franciscana-novicios\\\/\"},\"wordCount\":1014,\"commentCount\":0,\"publisher\":{\"@id\":\"https:\\\/\\\/ofmjpic.org\\\/en\\\/#organization\"},\"image\":{\"@id\":\"https:\\\/\\\/ofmjpic.org\\\/en\\\/jpic-formacion-franciscana-novicios\\\/#primaryimage\"},\"thumbnailUrl\":\"https:\\\/\\\/ofmjpic.org\\\/wp-content\\\/uploads\\\/2026\\\/08\\\/Novicios-de-la-Provincia-Franciscana-Nuestra-Senora-de-Guadalupe-reunidos-en-Republica-Dominicana.jpeg\",\"keywords\":[\"franciscanos\",\"jpic\",\"laudato si\"],\"articleSection\":[\"News\"],\"inLanguage\":\"en-US\",\"potentialAction\":[{\"@type\":\"CommentAction\",\"name\":\"Comment\",\"target\":[\"https:\\\/\\\/ofmjpic.org\\\/en\\\/jpic-formacion-franciscana-novicios\\\/#respond\"]}]},{\"@type\":\"WebPage\",\"@id\":\"https:\\\/\\\/ofmjpic.org\\\/en\\\/jpic-formacion-franciscana-novicios\\\/\",\"url\":\"https:\\\/\\\/ofmjpic.org\\\/en\\\/jpic-formacion-franciscana-novicios\\\/\",\"name\":\"JPIC y formaci\u00f3n franciscana: novicios asumen compromisos\",\"isPartOf\":{\"@id\":\"https:\\\/\\\/ofmjpic.org\\\/en\\\/#website\"},\"primaryImageOfPage\":{\"@id\":\"https:\\\/\\\/ofmjpic.org\\\/en\\\/jpic-formacion-franciscana-novicios\\\/#primaryimage\"},\"image\":{\"@id\":\"https:\\\/\\\/ofmjpic.org\\\/en\\\/jpic-formacion-franciscana-novicios\\\/#primaryimage\"},\"thumbnailUrl\":\"https:\\\/\\\/ofmjpic.org\\\/wp-content\\\/uploads\\\/2026\\\/08\\\/Novicios-de-la-Provincia-Franciscana-Nuestra-Senora-de-Guadalupe-reunidos-en-Republica-Dominicana.jpeg\",\"datePublished\":\"2026-08-31T20:07:48+00:00\",\"dateModified\":\"2026-08-31T20:07:51+00:00\",\"description\":\"JPIC y formaci\u00f3n franciscana se unen en un taller con doce novicios de Am\u00e9rica Central y el Caribe celebrado en Rep\u00fablica Dominicana.\",\"breadcrumb\":{\"@id\":\"https:\\\/\\\/ofmjpic.org\\\/en\\\/jpic-formacion-franciscana-novicios\\\/#breadcrumb\"},\"inLanguage\":\"en-US\",\"potentialAction\":[{\"@type\":\"ReadAction\",\"target\":[\"https:\\\/\\\/ofmjpic.org\\\/en\\\/jpic-formacion-franciscana-novicios\\\/\"]}]},{\"@type\":\"ImageObject\",\"inLanguage\":\"en-US\",\"@id\":\"https:\\\/\\\/ofmjpic.org\\\/en\\\/jpic-formacion-franciscana-novicios\\\/#primaryimage\",\"url\":\"https:\\\/\\\/ofmjpic.org\\\/wp-content\\\/uploads\\\/2026\\\/08\\\/Novicios-de-la-Provincia-Franciscana-Nuestra-Senora-de-Guadalupe-reunidos-en-Republica-Dominicana.jpeg\",\"contentUrl\":\"https:\\\/\\\/ofmjpic.org\\\/wp-content\\\/uploads\\\/2026\\\/08\\\/Novicios-de-la-Provincia-Franciscana-Nuestra-Senora-de-Guadalupe-reunidos-en-Republica-Dominicana.jpeg\",\"width\":1600,\"height\":1200,\"caption\":\"Grupo de novicios durante su formaci\u00f3n franciscana en JPIC\"},{\"@type\":\"BreadcrumbList\",\"@id\":\"https:\\\/\\\/ofmjpic.org\\\/en\\\/jpic-formacion-franciscana-novicios\\\/#breadcrumb\",\"itemListElement\":[{\"@type\":\"ListItem\",\"position\":1,\"name\":\"Portada\",\"item\":\"https:\\\/\\\/ofmjpic.org\\\/en\\\/\"},{\"@type\":\"ListItem\",\"position\":2,\"name\":\"Franciscan Novices from Central America and the Caribbean Deepen Their Understanding of JPIC and Commit to the Realities of Their Communities\"}]},{\"@type\":\"WebSite\",\"@id\":\"https:\\\/\\\/ofmjpic.org\\\/en\\\/#website\",\"url\":\"https:\\\/\\\/ofmjpic.org\\\/en\\\/\",\"name\":\"OFM Justice, Peace and Integrity of Creation\",\"description\":\"\",\"publisher\":{\"@id\":\"https:\\\/\\\/ofmjpic.org\\\/en\\\/#organization\"},\"potentialAction\":[{\"@type\":\"SearchAction\",\"target\":{\"@type\":\"EntryPoint\",\"urlTemplate\":\"https:\\\/\\\/ofmjpic.org\\\/en\\\/?s={search_term_string}\"},\"query-input\":{\"@type\":\"PropertyValueSpecification\",\"valueRequired\":true,\"valueName\":\"search_term_string\"}}],\"inLanguage\":\"en-US\"},{\"@type\":\"Organization\",\"@id\":\"https:\\\/\\\/ofmjpic.org\\\/en\\\/#organization\",\"name\":\"General office for Justice, Peace and Integrity of Creation\",\"url\":\"https:\\\/\\\/ofmjpic.org\\\/en\\\/\",\"logo\":{\"@type\":\"ImageObject\",\"inLanguage\":\"en-US\",\"@id\":\"https:\\\/\\\/ofmjpic.org\\\/en\\\/#\\\/schema\\\/logo\\\/image\\\/\",\"url\":\"https:\\\/\\\/ofmjpic.org\\\/wp-content\\\/uploads\\\/2018\\\/08\\\/ES_JPIC_Logo_.png\",\"contentUrl\":\"https:\\\/\\\/ofmjpic.org\\\/wp-content\\\/uploads\\\/2018\\\/08\\\/ES_JPIC_Logo_.png\",\"width\":3957,\"height\":4082,\"caption\":\"General office for Justice, Peace and Integrity of Creation\"},\"image\":{\"@id\":\"https:\\\/\\\/ofmjpic.org\\\/en\\\/#\\\/schema\\\/logo\\\/image\\\/\"},\"sameAs\":[\"https:\\\/\\\/www.facebook.com\\\/ofmjpic\\\/\",\"https:\\\/\\\/www.instagram.com\\\/ofmjpic\\\/\"]},{\"@type\":\"Person\",\"@id\":\"https:\\\/\\\/ofmjpic.org\\\/en\\\/#\\\/schema\\\/person\\\/39d264e8b62f999b4bd6d547149132f9\",\"name\":\"admin\",\"url\":\"https:\\\/\\\/ofmjpic.org\\\/en\\\/author\\\/admin\\\/\"}]}<\/script>\n<!-- \/ Yoast SEO plugin. -->","yoast_head_json":{"title":"JPIC y formaci\u00f3n franciscana: novicios asumen compromisos","description":"JPIC y formaci\u00f3n franciscana se unen en un taller con doce novicios de Am\u00e9rica Central y el Caribe celebrado en Rep\u00fablica Dominicana.","robots":{"index":"index","follow":"follow","max-snippet":"max-snippet:-1","max-image-preview":"max-image-preview:large","max-video-preview":"max-video-preview:-1"},"canonical":"https:\/\/ofmjpic.org\/en\/jpic-formacion-franciscana-novicios\/","og_locale":"en_US","og_type":"article","og_title":"JPIC y formaci\u00f3n franciscana: novicios asumen compromisos","og_description":"JPIC y formaci\u00f3n franciscana se unen en un taller con doce novicios de Am\u00e9rica Central y el Caribe celebrado en Rep\u00fablica Dominicana.","og_url":"https:\/\/ofmjpic.org\/en\/jpic-formacion-franciscana-novicios\/","og_site_name":"OFM JPIC","article_publisher":"https:\/\/www.facebook.com\/ofmjpic\/","article_published_time":"2026-08-31T20:07:48+00:00","article_modified_time":"2026-08-31T20:07:51+00:00","og_image":[{"width":1600,"height":1200,"url":"https:\/\/ofmjpic.org\/wp-content\/uploads\/2026\/08\/Novicios-de-la-Provincia-Franciscana-Nuestra-Senora-de-Guadalupe-reunidos-en-Republica-Dominicana.jpeg","type":"image\/jpeg"}],"author":"admin","twitter_card":"summary_large_image","twitter_misc":{"Written by":"admin","Est. reading time":"4 minutes"},"schema":{"@context":"https:\/\/schema.org","@graph":[{"@type":"Article","@id":"https:\/\/ofmjpic.org\/en\/jpic-formacion-franciscana-novicios\/#article","isPartOf":{"@id":"https:\/\/ofmjpic.org\/en\/jpic-formacion-franciscana-novicios\/"},"author":{"name":"admin","@id":"https:\/\/ofmjpic.org\/en\/#\/schema\/person\/39d264e8b62f999b4bd6d547149132f9"},"headline":"Franciscan Novices from Central America and the Caribbean Deepen Their Understanding of JPIC and Commit to the Realities of Their Communities","datePublished":"2026-08-31T20:07:48+00:00","dateModified":"2026-08-31T20:07:51+00:00","mainEntityOfPage":{"@id":"https:\/\/ofmjpic.org\/en\/jpic-formacion-franciscana-novicios\/"},"wordCount":1014,"commentCount":0,"publisher":{"@id":"https:\/\/ofmjpic.org\/en\/#organization"},"image":{"@id":"https:\/\/ofmjpic.org\/en\/jpic-formacion-franciscana-novicios\/#primaryimage"},"thumbnailUrl":"https:\/\/ofmjpic.org\/wp-content\/uploads\/2026\/08\/Novicios-de-la-Provincia-Franciscana-Nuestra-Senora-de-Guadalupe-reunidos-en-Republica-Dominicana.jpeg","keywords":["franciscanos","jpic","laudato si"],"articleSection":["News"],"inLanguage":"en-US","potentialAction":[{"@type":"CommentAction","name":"Comment","target":["https:\/\/ofmjpic.org\/en\/jpic-formacion-franciscana-novicios\/#respond"]}]},{"@type":"WebPage","@id":"https:\/\/ofmjpic.org\/en\/jpic-formacion-franciscana-novicios\/","url":"https:\/\/ofmjpic.org\/en\/jpic-formacion-franciscana-novicios\/","name":"JPIC y formaci\u00f3n franciscana: novicios asumen compromisos","isPartOf":{"@id":"https:\/\/ofmjpic.org\/en\/#website"},"primaryImageOfPage":{"@id":"https:\/\/ofmjpic.org\/en\/jpic-formacion-franciscana-novicios\/#primaryimage"},"image":{"@id":"https:\/\/ofmjpic.org\/en\/jpic-formacion-franciscana-novicios\/#primaryimage"},"thumbnailUrl":"https:\/\/ofmjpic.org\/wp-content\/uploads\/2026\/08\/Novicios-de-la-Provincia-Franciscana-Nuestra-Senora-de-Guadalupe-reunidos-en-Republica-Dominicana.jpeg","datePublished":"2026-08-31T20:07:48+00:00","dateModified":"2026-08-31T20:07:51+00:00","description":"JPIC y formaci\u00f3n franciscana se unen en un taller con doce novicios de Am\u00e9rica Central y el Caribe celebrado en Rep\u00fablica Dominicana.","breadcrumb":{"@id":"https:\/\/ofmjpic.org\/en\/jpic-formacion-franciscana-novicios\/#breadcrumb"},"inLanguage":"en-US","potentialAction":[{"@type":"ReadAction","target":["https:\/\/ofmjpic.org\/en\/jpic-formacion-franciscana-novicios\/"]}]},{"@type":"ImageObject","inLanguage":"en-US","@id":"https:\/\/ofmjpic.org\/en\/jpic-formacion-franciscana-novicios\/#primaryimage","url":"https:\/\/ofmjpic.org\/wp-content\/uploads\/2026\/08\/Novicios-de-la-Provincia-Franciscana-Nuestra-Senora-de-Guadalupe-reunidos-en-Republica-Dominicana.jpeg","contentUrl":"https:\/\/ofmjpic.org\/wp-content\/uploads\/2026\/08\/Novicios-de-la-Provincia-Franciscana-Nuestra-Senora-de-Guadalupe-reunidos-en-Republica-Dominicana.jpeg","width":1600,"height":1200,"caption":"Grupo de novicios durante su formaci\u00f3n franciscana en JPIC"},{"@type":"BreadcrumbList","@id":"https:\/\/ofmjpic.org\/en\/jpic-formacion-franciscana-novicios\/#breadcrumb","itemListElement":[{"@type":"ListItem","position":1,"name":"Portada","item":"https:\/\/ofmjpic.org\/en\/"},{"@type":"ListItem","position":2,"name":"Franciscan Novices from Central America and the Caribbean Deepen Their Understanding of JPIC and Commit to the Realities of Their Communities"}]},{"@type":"WebSite","@id":"https:\/\/ofmjpic.org\/en\/#website","url":"https:\/\/ofmjpic.org\/en\/","name":"OFM Justice, Peace and Integrity of Creation","description":"","publisher":{"@id":"https:\/\/ofmjpic.org\/en\/#organization"},"potentialAction":[{"@type":"SearchAction","target":{"@type":"EntryPoint","urlTemplate":"https:\/\/ofmjpic.org\/en\/?s={search_term_string}"},"query-input":{"@type":"PropertyValueSpecification","valueRequired":true,"valueName":"search_term_string"}}],"inLanguage":"en-US"},{"@type":"Organization","@id":"https:\/\/ofmjpic.org\/en\/#organization","name":"General office for Justice, Peace and Integrity of Creation","url":"https:\/\/ofmjpic.org\/en\/","logo":{"@type":"ImageObject","inLanguage":"en-US","@id":"https:\/\/ofmjpic.org\/en\/#\/schema\/logo\/image\/","url":"https:\/\/ofmjpic.org\/wp-content\/uploads\/2018\/08\/ES_JPIC_Logo_.png","contentUrl":"https:\/\/ofmjpic.org\/wp-content\/uploads\/2018\/08\/ES_JPIC_Logo_.png","width":3957,"height":4082,"caption":"General office for Justice, Peace and Integrity of Creation"},"image":{"@id":"https:\/\/ofmjpic.org\/en\/#\/schema\/logo\/image\/"},"sameAs":["https:\/\/www.facebook.com\/ofmjpic\/","https:\/\/www.instagram.com\/ofmjpic\/"]},{"@type":"Person","@id":"https:\/\/ofmjpic.org\/en\/#\/schema\/person\/39d264e8b62f999b4bd6d547149132f9","name":"admin","url":"https:\/\/ofmjpic.org\/en\/author\/admin\/"}]}},"_links":{"self":[{"href":"https:\/\/ofmjpic.org\/en\/wp-json\/wp\/v2\/posts\/23804","targetHints":{"allow":["GET"]}}],"collection":[{"href":"https:\/\/ofmjpic.org\/en\/wp-json\/wp\/v2\/posts"}],"about":[{"href":"https:\/\/ofmjpic.org\/en\/wp-json\/wp\/v2\/types\/post"}],"author":[{"embeddable":true,"href":"https:\/\/ofmjpic.org\/en\/wp-json\/wp\/v2\/users\/1"}],"replies":[{"embeddable":true,"href":"https:\/\/ofmjpic.org\/en\/wp-json\/wp\/v2\/comments?post=23804"}],"version-history":[{"count":10,"href":"https:\/\/ofmjpic.org\/en\/wp-json\/wp\/v2\/posts\/23804\/revisions"}],"predecessor-version":[{"id":23815,"href":"https:\/\/ofmjpic.org\/en\/wp-json\/wp\/v2\/posts\/23804\/revisions\/23815"}],"wp:featuredmedia":[{"embeddable":true,"href":"https:\/\/ofmjpic.org\/en\/wp-json\/wp\/v2\/media\/23803"}],"wp:attachment":[{"href":"https:\/\/ofmjpic.org\/en\/wp-json\/wp\/v2\/media?parent=23804"}],"wp:term":[{"taxonomy":"category","embeddable":true,"href":"https:\/\/ofmjpic.org\/en\/wp-json\/wp\/v2\/categories?post=23804"},{"taxonomy":"post_tag","embeddable":true,"href":"https:\/\/ofmjpic.org\/en\/wp-json\/wp\/v2\/tags?post=23804"}],"curies":[{"name":"wp","href":"https:\/\/api.w.org\/{rel}","templated":true}]}}