{"id":20335,"date":"2025-06-11T13:45:16","date_gmt":"2025-06-11T13:45:16","guid":{"rendered":"https:\/\/ofmjpic.org\/?p=20335"},"modified":"2025-06-23T13:48:52","modified_gmt":"2025-06-23T13:48:52","slug":"800th-anniversary-of-the-canticle-of-brother-sun-in-kalwaria-paclawska","status":"publish","type":"post","link":"https:\/\/ofmjpic.org\/en\/800th-anniversary-of-the-canticle-of-brother-sun-in-kalwaria-paclawska\/","title":{"rendered":"800th anniversary of the \u2018Canticle of Brother Sun\u2019 in Kalwaria Pac\u0142awska"},"content":{"rendered":"<h4>Poland, 24th-26th May 2025<\/h4>\n<p>&nbsp;<\/p>\n<p>From 24th to 26th May 2025, at the Shrine of Kalwaria Pac\u0142awska, situated in the picturesque Eastern Carpathians of Poland, celebrations were held for the 800th anniversary of the composition of the Canticle of Brother Sun by St Francis of Assisi. The entire event was attended by the Provincial Ministers of the ten Polish Franciscan Provinces, together with the friars of the Czech and Slovak entities.<\/p>\n<p>During the three-day celebration, the brothers raised their hymns of praise using the words of St Francis, thanking God for the sun and moon, for water and fire, for the earth, flowers and grass, for those who forgive and bear with patience, and also for bodily death. Prayers were held in the basilica, along the chapel paths, at the chapel near the Polish-Ukrainian border and on the church square, where two jubilee trees were planted: St Francis and St Clare. Each day, provincial ministers and Franciscan bishops celebrated Mass.<\/p>\n<p><img loading=\"lazy\" decoding=\"async\" class=\"aligncenter size-large wp-image-20330\" src=\"https:\/\/ofmjpic.org\/wp-content\/uploads\/2025\/06\/Cantico_Kalwaria-37-1024x768.jpg\" alt=\"\" width=\"1024\" height=\"768\" srcset=\"https:\/\/ofmjpic.org\/wp-content\/uploads\/2025\/06\/Cantico_Kalwaria-37-980x735.jpg 980w, https:\/\/ofmjpic.org\/wp-content\/uploads\/2025\/06\/Cantico_Kalwaria-37-480x360.jpg 480w\" sizes=\"(min-width: 0px) and (max-width: 480px) 480px, (min-width: 481px) and (max-width: 980px) 980px, (min-width: 981px) 1024px, 100vw\" \/><\/p>\n<p>The commemorative homilies were delivered by Br Wojciech Kulig OFMConv, president of the Federation of Central-Eastern Europe of the Order of Friars Minor Conventual, Mgr Damian Muskus OFM, auxiliary bishop of Krakow, and Mgr Piotr Kleszcz OFMConv, auxiliary bishop of \u0141\u00f3d\u017a. The Jubilee also offered a moment of reflection on integral ecology and the Christian response to environmental and social crises. The invited speakers addressed these issues with great competence: Prof. Zbigniew Wr\u00f3blewski (Catholic University of Lublin), Br. Stanis\u0142aw Jaromi OFMConv &#8211; philosopher and ecologist, Bishop Damian Muskus OFM &#8211; evangelist and author, Agata Chmura &#8211; educator at the Natura 2000 Centre in Myczkowce, Grzegorz Hop &#8211; tour guide and environmental educator.<\/p>\n<p>The participants also had the opportunity to learn about the natural and spiritual value of the Kalwaria Pac\u0142awska region and Pog\u00f3rze Przemyskie. During the meeting, the jubilee volume was also presented: &#8220;<i>Time for Gratitude. For the care of the world &#8211; our common home. A guide to the Franciscan jubilee of the 800th anniversary of the Canticle of Brother Sun (1225-2025)&#8221;.<\/i><\/p>\n<p>Amongst the guests of honour were also representatives of the Franciscan herbalist tradition: Br \u0141ukasz \u015acieszka, director of the Franciscan Herbalist Shop in Rychwa\u0142d, and Br Tomasz T\u0119gowski, phytotherapist of the Centre for Monastic Medicine \u2018Medicina Monasterialis\u2019 in Elbl\u0105g. They shared their experience and presented the products of traditional monastic medicine. To crown the celebrations, the \u2018Formica\u2019 theatre company of the Franciscan Academic Pastoral of Krakow presented a play prepared especially for the occasion, inspired by the spirituality and gratitude of St Francis for the gift of creation.<\/p>\n\n\t\t<style>\n\t\t\t#gallery-1 {\n\t\t\t\tmargin: auto;\n\t\t\t}\n\t\t\t#gallery-1 .gallery-item {\n\t\t\t\tfloat: left;\n\t\t\t\tmargin-top: 10px;\n\t\t\t\ttext-align: center;\n\t\t\t\twidth: 25%;\n\t\t\t}\n\t\t\t#gallery-1 img {\n\t\t\t\tborder: 2px solid #cfcfcf;\n\t\t\t}\n\t\t\t#gallery-1 .gallery-caption {\n\t\t\t\tmargin-left: 0;\n\t\t\t}\n\t\t\t\/* see gallery_shortcode() in wp-includes\/media.php *\/\n\t\t<\/style>\n\t\t<div id='gallery-1' class='gallery galleryid-20335 gallery-columns-4 gallery-size-medium'><dl class='gallery-item'>\n\t\t\t<dt class='gallery-icon landscape'>\n\t\t\t\t<a href='https:\/\/ofmjpic.org\/en\/800th-anniversary-of-the-canticle-of-brother-sun-in-kalwaria-paclawska\/cantico_kalwaria-01-2\/'><img loading=\"lazy\" decoding=\"async\" width=\"300\" height=\"225\" src=\"https:\/\/ofmjpic.org\/wp-content\/uploads\/2025\/06\/Cantico_Kalwaria-01-300x225.jpg\" class=\"attachment-medium size-medium\" alt=\"\" \/><\/a>\n\t\t\t<\/dt><\/dl><dl class='gallery-item'>\n\t\t\t<dt class='gallery-icon landscape'>\n\t\t\t\t<a href='https:\/\/ofmjpic.org\/en\/800th-anniversary-of-the-canticle-of-brother-sun-in-kalwaria-paclawska\/cantico_kalwaria-35-2\/'><img loading=\"lazy\" decoding=\"async\" width=\"300\" height=\"225\" src=\"https:\/\/ofmjpic.org\/wp-content\/uploads\/2025\/06\/Cantico_Kalwaria-35-300x225.jpg\" class=\"attachment-medium size-medium\" alt=\"\" \/><\/a>\n\t\t\t<\/dt><\/dl><dl class='gallery-item'>\n\t\t\t<dt class='gallery-icon landscape'>\n\t\t\t\t<a href='https:\/\/ofmjpic.org\/en\/800th-anniversary-of-the-canticle-of-brother-sun-in-kalwaria-paclawska\/cantico_kalwaria-19-2\/'><img loading=\"lazy\" decoding=\"async\" width=\"300\" height=\"225\" src=\"https:\/\/ofmjpic.org\/wp-content\/uploads\/2025\/06\/Cantico_Kalwaria-19-300x225.jpg\" class=\"attachment-medium size-medium\" alt=\"\" \/><\/a>\n\t\t\t<\/dt><\/dl><dl class='gallery-item'>\n\t\t\t<dt class='gallery-icon landscape'>\n\t\t\t\t<a href='https:\/\/ofmjpic.org\/en\/800th-anniversary-of-the-canticle-of-brother-sun-in-kalwaria-paclawska\/cantico_kalwaria-30-2\/'><img loading=\"lazy\" decoding=\"async\" width=\"300\" height=\"225\" src=\"https:\/\/ofmjpic.org\/wp-content\/uploads\/2025\/06\/Cantico_Kalwaria-30-300x225.jpg\" class=\"attachment-medium size-medium\" alt=\"\" \/><\/a>\n\t\t\t<\/dt><\/dl><br style=\"clear: both\" \/>\n\t\t<\/div>\n\n","protected":false},"excerpt":{"rendered":"<p>Celebration of the 800th anniversary of the Canticle of the Brother Sun: prayer, integral ecology, fraternity, and gratitude for creation.<\/p>\n","protected":false},"author":1,"featured_media":20315,"comment_status":"open","ping_status":"open","sticky":false,"template":"","format":"standard","meta":{"_acf_changed":false,"_et_pb_use_builder":"","_et_pb_old_content":"","_et_gb_content_width":"","footnotes":""},"categories":[962],"tags":[],"class_list":["post-20335","post","type-post","status-publish","format-standard","has-post-thumbnail","hentry","category-news"],"acf":[],"yoast_head":"<!-- This site is optimized with the Yoast SEO plugin v28.4 - https:\/\/yoast.com\/product\/yoast-seo-wordpress\/ -->\n<title>800th anniversary of the \u2018Canticle of Brother Sun\u2019 in Kalwaria Pac\u0142awska - OFM JPIC<\/title>\n<meta name=\"description\" content=\"Celebration of the 800th anniversary of the Canticle of the Brother Sun: prayer, integral ecology, fraternity, and gratitude for creation.\" \/>\n<meta name=\"robots\" content=\"index, follow, max-snippet:-1, max-image-preview:large, max-video-preview:-1\" \/>\n<link rel=\"canonical\" href=\"https:\/\/ofmjpic.org\/en\/800th-anniversary-of-the-canticle-of-brother-sun-in-kalwaria-paclawska\/\" \/>\n<meta property=\"og:locale\" content=\"en_US\" \/>\n<meta property=\"og:type\" content=\"article\" \/>\n<meta property=\"og:title\" content=\"800th anniversary of the \u2018Canticle of Brother Sun\u2019 in Kalwaria Pac\u0142awska - OFM JPIC\" \/>\n<meta property=\"og:description\" content=\"Celebration of the 800th anniversary of the Canticle of the Brother Sun: prayer, integral ecology, fraternity, and gratitude for creation.\" \/>\n<meta property=\"og:url\" content=\"https:\/\/ofmjpic.org\/en\/800th-anniversary-of-the-canticle-of-brother-sun-in-kalwaria-paclawska\/\" \/>\n<meta property=\"og:site_name\" content=\"OFM JPIC\" \/>\n<meta property=\"article:publisher\" content=\"https:\/\/www.facebook.com\/ofmjpic\/\" \/>\n<meta property=\"article:published_time\" content=\"2025-06-11T13:45:16+00:00\" \/>\n<meta property=\"article:modified_time\" content=\"2025-06-23T13:48:52+00:00\" \/>\n<meta property=\"og:image\" content=\"https:\/\/ofmjpic.org\/wp-content\/uploads\/2025\/06\/Cantico_Kalwaria-31.jpg\" \/>\n\t<meta property=\"og:image:width\" content=\"1920\" \/>\n\t<meta property=\"og:image:height\" content=\"1440\" \/>\n\t<meta property=\"og:image:type\" content=\"image\/jpeg\" \/>\n<meta name=\"author\" content=\"admin\" \/>\n<meta name=\"twitter:card\" content=\"summary_large_image\" \/>\n<meta name=\"twitter:label1\" content=\"Written by\" \/>\n\t<meta name=\"twitter:data1\" content=\"admin\" \/>\n\t<meta name=\"twitter:label2\" content=\"Est. reading time\" \/>\n\t<meta name=\"twitter:data2\" content=\"3 minutes\" \/>\n<script type=\"application\/ld+json\" class=\"yoast-schema-graph\">{\"@context\":\"https:\\\/\\\/schema.org\",\"@graph\":[{\"@type\":\"Article\",\"@id\":\"https:\\\/\\\/ofmjpic.org\\\/en\\\/800th-anniversary-of-the-canticle-of-brother-sun-in-kalwaria-paclawska\\\/#article\",\"isPartOf\":{\"@id\":\"https:\\\/\\\/ofmjpic.org\\\/en\\\/800th-anniversary-of-the-canticle-of-brother-sun-in-kalwaria-paclawska\\\/\"},\"author\":{\"name\":\"admin\",\"@id\":\"https:\\\/\\\/ofmjpic.org\\\/en\\\/#\\\/schema\\\/person\\\/39d264e8b62f999b4bd6d547149132f9\"},\"headline\":\"800th anniversary of the \u2018Canticle of Brother Sun\u2019 in Kalwaria Pac\u0142awska\",\"datePublished\":\"2025-06-11T13:45:16+00:00\",\"dateModified\":\"2025-06-23T13:48:52+00:00\",\"mainEntityOfPage\":{\"@id\":\"https:\\\/\\\/ofmjpic.org\\\/en\\\/800th-anniversary-of-the-canticle-of-brother-sun-in-kalwaria-paclawska\\\/\"},\"wordCount\":444,\"commentCount\":0,\"publisher\":{\"@id\":\"https:\\\/\\\/ofmjpic.org\\\/en\\\/#organization\"},\"image\":{\"@id\":\"https:\\\/\\\/ofmjpic.org\\\/en\\\/800th-anniversary-of-the-canticle-of-brother-sun-in-kalwaria-paclawska\\\/#primaryimage\"},\"thumbnailUrl\":\"https:\\\/\\\/ofmjpic.org\\\/wp-content\\\/uploads\\\/2025\\\/06\\\/Cantico_Kalwaria-31.jpg\",\"articleSection\":[\"News\"],\"inLanguage\":\"en-US\",\"potentialAction\":[{\"@type\":\"CommentAction\",\"name\":\"Comment\",\"target\":[\"https:\\\/\\\/ofmjpic.org\\\/en\\\/800th-anniversary-of-the-canticle-of-brother-sun-in-kalwaria-paclawska\\\/#respond\"]}]},{\"@type\":\"WebPage\",\"@id\":\"https:\\\/\\\/ofmjpic.org\\\/en\\\/800th-anniversary-of-the-canticle-of-brother-sun-in-kalwaria-paclawska\\\/\",\"url\":\"https:\\\/\\\/ofmjpic.org\\\/en\\\/800th-anniversary-of-the-canticle-of-brother-sun-in-kalwaria-paclawska\\\/\",\"name\":\"800th anniversary of the \u2018Canticle of Brother Sun\u2019 in Kalwaria Pac\u0142awska - OFM JPIC\",\"isPartOf\":{\"@id\":\"https:\\\/\\\/ofmjpic.org\\\/en\\\/#website\"},\"primaryImageOfPage\":{\"@id\":\"https:\\\/\\\/ofmjpic.org\\\/en\\\/800th-anniversary-of-the-canticle-of-brother-sun-in-kalwaria-paclawska\\\/#primaryimage\"},\"image\":{\"@id\":\"https:\\\/\\\/ofmjpic.org\\\/en\\\/800th-anniversary-of-the-canticle-of-brother-sun-in-kalwaria-paclawska\\\/#primaryimage\"},\"thumbnailUrl\":\"https:\\\/\\\/ofmjpic.org\\\/wp-content\\\/uploads\\\/2025\\\/06\\\/Cantico_Kalwaria-31.jpg\",\"datePublished\":\"2025-06-11T13:45:16+00:00\",\"dateModified\":\"2025-06-23T13:48:52+00:00\",\"description\":\"Celebration of the 800th anniversary of the Canticle of the Brother Sun: prayer, integral ecology, fraternity, and gratitude for creation.\",\"breadcrumb\":{\"@id\":\"https:\\\/\\\/ofmjpic.org\\\/en\\\/800th-anniversary-of-the-canticle-of-brother-sun-in-kalwaria-paclawska\\\/#breadcrumb\"},\"inLanguage\":\"en-US\",\"potentialAction\":[{\"@type\":\"ReadAction\",\"target\":[\"https:\\\/\\\/ofmjpic.org\\\/en\\\/800th-anniversary-of-the-canticle-of-brother-sun-in-kalwaria-paclawska\\\/\"]}]},{\"@type\":\"ImageObject\",\"inLanguage\":\"en-US\",\"@id\":\"https:\\\/\\\/ofmjpic.org\\\/en\\\/800th-anniversary-of-the-canticle-of-brother-sun-in-kalwaria-paclawska\\\/#primaryimage\",\"url\":\"https:\\\/\\\/ofmjpic.org\\\/wp-content\\\/uploads\\\/2025\\\/06\\\/Cantico_Kalwaria-31.jpg\",\"contentUrl\":\"https:\\\/\\\/ofmjpic.org\\\/wp-content\\\/uploads\\\/2025\\\/06\\\/Cantico_Kalwaria-31.jpg\",\"width\":1920,\"height\":1440},{\"@type\":\"BreadcrumbList\",\"@id\":\"https:\\\/\\\/ofmjpic.org\\\/en\\\/800th-anniversary-of-the-canticle-of-brother-sun-in-kalwaria-paclawska\\\/#breadcrumb\",\"itemListElement\":[{\"@type\":\"ListItem\",\"position\":1,\"name\":\"Portada\",\"item\":\"https:\\\/\\\/ofmjpic.org\\\/en\\\/\"},{\"@type\":\"ListItem\",\"position\":2,\"name\":\"800th anniversary of the \u2018Canticle of Brother Sun\u2019 in Kalwaria Pac\u0142awska\"}]},{\"@type\":\"WebSite\",\"@id\":\"https:\\\/\\\/ofmjpic.org\\\/en\\\/#website\",\"url\":\"https:\\\/\\\/ofmjpic.org\\\/en\\\/\",\"name\":\"OFM Justice, Peace and Integrity of Creation\",\"description\":\"\",\"publisher\":{\"@id\":\"https:\\\/\\\/ofmjpic.org\\\/en\\\/#organization\"},\"potentialAction\":[{\"@type\":\"SearchAction\",\"target\":{\"@type\":\"EntryPoint\",\"urlTemplate\":\"https:\\\/\\\/ofmjpic.org\\\/en\\\/?s={search_term_string}\"},\"query-input\":{\"@type\":\"PropertyValueSpecification\",\"valueRequired\":true,\"valueName\":\"search_term_string\"}}],\"inLanguage\":\"en-US\"},{\"@type\":\"Organization\",\"@id\":\"https:\\\/\\\/ofmjpic.org\\\/en\\\/#organization\",\"name\":\"General office for Justice, Peace and Integrity of Creation\",\"url\":\"https:\\\/\\\/ofmjpic.org\\\/en\\\/\",\"logo\":{\"@type\":\"ImageObject\",\"inLanguage\":\"en-US\",\"@id\":\"https:\\\/\\\/ofmjpic.org\\\/en\\\/#\\\/schema\\\/logo\\\/image\\\/\",\"url\":\"https:\\\/\\\/ofmjpic.org\\\/wp-content\\\/uploads\\\/2018\\\/08\\\/ES_JPIC_Logo_.png\",\"contentUrl\":\"https:\\\/\\\/ofmjpic.org\\\/wp-content\\\/uploads\\\/2018\\\/08\\\/ES_JPIC_Logo_.png\",\"width\":3957,\"height\":4082,\"caption\":\"General office for Justice, Peace and Integrity of Creation\"},\"image\":{\"@id\":\"https:\\\/\\\/ofmjpic.org\\\/en\\\/#\\\/schema\\\/logo\\\/image\\\/\"},\"sameAs\":[\"https:\\\/\\\/www.facebook.com\\\/ofmjpic\\\/\",\"https:\\\/\\\/www.instagram.com\\\/ofmjpic\\\/\"]},{\"@type\":\"Person\",\"@id\":\"https:\\\/\\\/ofmjpic.org\\\/en\\\/#\\\/schema\\\/person\\\/39d264e8b62f999b4bd6d547149132f9\",\"name\":\"admin\",\"url\":\"https:\\\/\\\/ofmjpic.org\\\/en\\\/author\\\/admin\\\/\"}]}<\/script>\n<!-- \/ Yoast SEO plugin. -->","yoast_head_json":{"title":"800th anniversary of the \u2018Canticle of Brother Sun\u2019 in Kalwaria Pac\u0142awska - OFM JPIC","description":"Celebration of the 800th anniversary of the Canticle of the Brother Sun: prayer, integral ecology, fraternity, and gratitude for creation.","robots":{"index":"index","follow":"follow","max-snippet":"max-snippet:-1","max-image-preview":"max-image-preview:large","max-video-preview":"max-video-preview:-1"},"canonical":"https:\/\/ofmjpic.org\/en\/800th-anniversary-of-the-canticle-of-brother-sun-in-kalwaria-paclawska\/","og_locale":"en_US","og_type":"article","og_title":"800th anniversary of the \u2018Canticle of Brother Sun\u2019 in Kalwaria Pac\u0142awska - OFM JPIC","og_description":"Celebration of the 800th anniversary of the Canticle of the Brother Sun: prayer, integral ecology, fraternity, and gratitude for creation.","og_url":"https:\/\/ofmjpic.org\/en\/800th-anniversary-of-the-canticle-of-brother-sun-in-kalwaria-paclawska\/","og_site_name":"OFM JPIC","article_publisher":"https:\/\/www.facebook.com\/ofmjpic\/","article_published_time":"2025-06-11T13:45:16+00:00","article_modified_time":"2025-06-23T13:48:52+00:00","og_image":[{"width":1920,"height":1440,"url":"https:\/\/ofmjpic.org\/wp-content\/uploads\/2025\/06\/Cantico_Kalwaria-31.jpg","type":"image\/jpeg"}],"author":"admin","twitter_card":"summary_large_image","twitter_misc":{"Written by":"admin","Est. reading time":"3 minutes"},"schema":{"@context":"https:\/\/schema.org","@graph":[{"@type":"Article","@id":"https:\/\/ofmjpic.org\/en\/800th-anniversary-of-the-canticle-of-brother-sun-in-kalwaria-paclawska\/#article","isPartOf":{"@id":"https:\/\/ofmjpic.org\/en\/800th-anniversary-of-the-canticle-of-brother-sun-in-kalwaria-paclawska\/"},"author":{"name":"admin","@id":"https:\/\/ofmjpic.org\/en\/#\/schema\/person\/39d264e8b62f999b4bd6d547149132f9"},"headline":"800th anniversary of the \u2018Canticle of Brother Sun\u2019 in Kalwaria Pac\u0142awska","datePublished":"2025-06-11T13:45:16+00:00","dateModified":"2025-06-23T13:48:52+00:00","mainEntityOfPage":{"@id":"https:\/\/ofmjpic.org\/en\/800th-anniversary-of-the-canticle-of-brother-sun-in-kalwaria-paclawska\/"},"wordCount":444,"commentCount":0,"publisher":{"@id":"https:\/\/ofmjpic.org\/en\/#organization"},"image":{"@id":"https:\/\/ofmjpic.org\/en\/800th-anniversary-of-the-canticle-of-brother-sun-in-kalwaria-paclawska\/#primaryimage"},"thumbnailUrl":"https:\/\/ofmjpic.org\/wp-content\/uploads\/2025\/06\/Cantico_Kalwaria-31.jpg","articleSection":["News"],"inLanguage":"en-US","potentialAction":[{"@type":"CommentAction","name":"Comment","target":["https:\/\/ofmjpic.org\/en\/800th-anniversary-of-the-canticle-of-brother-sun-in-kalwaria-paclawska\/#respond"]}]},{"@type":"WebPage","@id":"https:\/\/ofmjpic.org\/en\/800th-anniversary-of-the-canticle-of-brother-sun-in-kalwaria-paclawska\/","url":"https:\/\/ofmjpic.org\/en\/800th-anniversary-of-the-canticle-of-brother-sun-in-kalwaria-paclawska\/","name":"800th anniversary of the \u2018Canticle of Brother Sun\u2019 in Kalwaria Pac\u0142awska - OFM JPIC","isPartOf":{"@id":"https:\/\/ofmjpic.org\/en\/#website"},"primaryImageOfPage":{"@id":"https:\/\/ofmjpic.org\/en\/800th-anniversary-of-the-canticle-of-brother-sun-in-kalwaria-paclawska\/#primaryimage"},"image":{"@id":"https:\/\/ofmjpic.org\/en\/800th-anniversary-of-the-canticle-of-brother-sun-in-kalwaria-paclawska\/#primaryimage"},"thumbnailUrl":"https:\/\/ofmjpic.org\/wp-content\/uploads\/2025\/06\/Cantico_Kalwaria-31.jpg","datePublished":"2025-06-11T13:45:16+00:00","dateModified":"2025-06-23T13:48:52+00:00","description":"Celebration of the 800th anniversary of the Canticle of the Brother Sun: prayer, integral ecology, fraternity, and gratitude for creation.","breadcrumb":{"@id":"https:\/\/ofmjpic.org\/en\/800th-anniversary-of-the-canticle-of-brother-sun-in-kalwaria-paclawska\/#breadcrumb"},"inLanguage":"en-US","potentialAction":[{"@type":"ReadAction","target":["https:\/\/ofmjpic.org\/en\/800th-anniversary-of-the-canticle-of-brother-sun-in-kalwaria-paclawska\/"]}]},{"@type":"ImageObject","inLanguage":"en-US","@id":"https:\/\/ofmjpic.org\/en\/800th-anniversary-of-the-canticle-of-brother-sun-in-kalwaria-paclawska\/#primaryimage","url":"https:\/\/ofmjpic.org\/wp-content\/uploads\/2025\/06\/Cantico_Kalwaria-31.jpg","contentUrl":"https:\/\/ofmjpic.org\/wp-content\/uploads\/2025\/06\/Cantico_Kalwaria-31.jpg","width":1920,"height":1440},{"@type":"BreadcrumbList","@id":"https:\/\/ofmjpic.org\/en\/800th-anniversary-of-the-canticle-of-brother-sun-in-kalwaria-paclawska\/#breadcrumb","itemListElement":[{"@type":"ListItem","position":1,"name":"Portada","item":"https:\/\/ofmjpic.org\/en\/"},{"@type":"ListItem","position":2,"name":"800th anniversary of the \u2018Canticle of Brother Sun\u2019 in Kalwaria Pac\u0142awska"}]},{"@type":"WebSite","@id":"https:\/\/ofmjpic.org\/en\/#website","url":"https:\/\/ofmjpic.org\/en\/","name":"OFM Justice, Peace and Integrity of Creation","description":"","publisher":{"@id":"https:\/\/ofmjpic.org\/en\/#organization"},"potentialAction":[{"@type":"SearchAction","target":{"@type":"EntryPoint","urlTemplate":"https:\/\/ofmjpic.org\/en\/?s={search_term_string}"},"query-input":{"@type":"PropertyValueSpecification","valueRequired":true,"valueName":"search_term_string"}}],"inLanguage":"en-US"},{"@type":"Organization","@id":"https:\/\/ofmjpic.org\/en\/#organization","name":"General office for Justice, Peace and Integrity of Creation","url":"https:\/\/ofmjpic.org\/en\/","logo":{"@type":"ImageObject","inLanguage":"en-US","@id":"https:\/\/ofmjpic.org\/en\/#\/schema\/logo\/image\/","url":"https:\/\/ofmjpic.org\/wp-content\/uploads\/2018\/08\/ES_JPIC_Logo_.png","contentUrl":"https:\/\/ofmjpic.org\/wp-content\/uploads\/2018\/08\/ES_JPIC_Logo_.png","width":3957,"height":4082,"caption":"General office for Justice, Peace and Integrity of Creation"},"image":{"@id":"https:\/\/ofmjpic.org\/en\/#\/schema\/logo\/image\/"},"sameAs":["https:\/\/www.facebook.com\/ofmjpic\/","https:\/\/www.instagram.com\/ofmjpic\/"]},{"@type":"Person","@id":"https:\/\/ofmjpic.org\/en\/#\/schema\/person\/39d264e8b62f999b4bd6d547149132f9","name":"admin","url":"https:\/\/ofmjpic.org\/en\/author\/admin\/"}]}},"_links":{"self":[{"href":"https:\/\/ofmjpic.org\/en\/wp-json\/wp\/v2\/posts\/20335","targetHints":{"allow":["GET"]}}],"collection":[{"href":"https:\/\/ofmjpic.org\/en\/wp-json\/wp\/v2\/posts"}],"about":[{"href":"https:\/\/ofmjpic.org\/en\/wp-json\/wp\/v2\/types\/post"}],"author":[{"embeddable":true,"href":"https:\/\/ofmjpic.org\/en\/wp-json\/wp\/v2\/users\/1"}],"replies":[{"embeddable":true,"href":"https:\/\/ofmjpic.org\/en\/wp-json\/wp\/v2\/comments?post=20335"}],"version-history":[{"count":0,"href":"https:\/\/ofmjpic.org\/en\/wp-json\/wp\/v2\/posts\/20335\/revisions"}],"wp:featuredmedia":[{"embeddable":true,"href":"https:\/\/ofmjpic.org\/en\/wp-json\/wp\/v2\/media\/20315"}],"wp:attachment":[{"href":"https:\/\/ofmjpic.org\/en\/wp-json\/wp\/v2\/media?parent=20335"}],"wp:term":[{"taxonomy":"category","embeddable":true,"href":"https:\/\/ofmjpic.org\/en\/wp-json\/wp\/v2\/categories?post=20335"},{"taxonomy":"post_tag","embeddable":true,"href":"https:\/\/ofmjpic.org\/en\/wp-json\/wp\/v2\/tags?post=20335"}],"curies":[{"name":"wp","href":"https:\/\/api.w.org\/{rel}","templated":true}]}}