{"id":18091,"date":"2024-08-30T16:09:37","date_gmt":"2024-08-30T16:09:37","guid":{"rendered":"http:\/\/www.ofmjpic.org\/?p=18091"},"modified":"2024-08-30T16:11:52","modified_gmt":"2024-08-30T16:11:52","slug":"popes-september-prayer-intention-for-the-cry-the-earth","status":"publish","type":"post","link":"https:\/\/ofmjpic.org\/en\/popes-september-prayer-intention-for-the-cry-the-earth\/","title":{"rendered":"Pope&#8217;s September prayer intention: For the cry the earth"},"content":{"rendered":"<p>[et_pb_section fb_built=&#8221;1&#8243; _builder_version=&#8221;4.27.0&#8243; _module_preset=&#8221;default&#8221; global_colors_info=&#8221;{}&#8221;][et_pb_row _builder_version=&#8221;4.27.0&#8243; _module_preset=&#8221;default&#8221; global_colors_info=&#8221;{}&#8221;][et_pb_column type=&#8221;4_4&#8243; _builder_version=&#8221;4.27.0&#8243; _module_preset=&#8221;default&#8221; global_colors_info=&#8221;{}&#8221;][et_pb_text _builder_version=&#8221;4.27.0&#8243; _module_preset=&#8221;default&#8221; global_colors_info=&#8221;{}&#8221;]<\/p>\n<blockquote>\n<h3 style=\"font-weight: 400; text-align: justify;\"><span style=\"color: #993300;\"><strong>In a video message accompanying his prayer intention for September, Pope Francis prays that &#8220;each of us might listen with our hearts to the cry of the earth and of the victims of environmental disasters and climate change, making a personal commitment to care for the world we inhabit.&#8221;<\/strong><\/span><\/h3>\n<\/blockquote>\n<p>[\/et_pb_text][et_pb_text _builder_version=&#8221;4.27.0&#8243; _module_preset=&#8221;default&#8221; global_colors_info=&#8221;{}&#8221;]<\/p>\n<p style=\"font-weight: 400; text-align: justify;\"><span>Considering rising temperatures around the globe, we can say the earth has a \u201cfever\u201d, Pope Francis says in his video-message announcing this month\u2019s prayer intention.<\/span><\/p>\n<p style=\"font-weight: 400; text-align: justify;\"><span>The earth \u201cis sick\u201d, he continues, \u201cjust like anyone who\u2019s sick\u201d.<\/span><\/p>\n<p style=\"font-weight: 400; text-align: justify;\"><span>\u201cBut are we listening to this pain?\u201d he asks. \u201cDo we hear the pain of the millions of victims of environmental catastrophes.&#8221;<\/span><\/p>\n<p style=\"font-weight: 400; text-align: justify;\"><span>In his message the Holy Father notes that it is the poor who suffer most from these disasters, pointing especially to those forced to leave their homes due to floods, heat waves, or drought.<\/span><\/p>\n<p style=\"font-weight: 400; text-align: justify;\"><span>Our response, he continues, must be comprehensive, involving not only ecological but also \u201csocial, economic, and political\u201d action.<\/span><\/p>\n<p style=\"font-weight: 400; text-align: justify;\"><span>\u201cWe must commit ourselves to the fight against poverty and the protection of nature, changing our personal and community habits.\u201d<\/span><\/p>\n<p style=\"font-weight: 400; text-align: justify;\"><span>\u201cWe must commit ourselves to the fight against poverty\u201d, the Pope says, and to \u201cthe protection of nature\u201d by making both personal and communal changes\u201d.<\/span><\/p>\n<p style=\"font-weight: 400; text-align: justify;\"><span>Pope Francis\u2019 prayer during the month of September \u2013 when the Church observes the \u201cSeason of Creation\u201d \u2013 is \u201cthat each of us might listen with our hearts to the cry of the earth and of the victims of environmental disasters and climate change, making a personal commitment to care for the world we inhabit\u201d.<\/span><\/p>\n<p>[\/et_pb_text][et_pb_video src=&#8221;https:\/\/www.youtube.com\/watch?v=yybxtLFNHCw&#8221; _builder_version=&#8221;4.27.0&#8243; _module_preset=&#8221;default&#8221; global_colors_info=&#8221;{}&#8221;][\/et_pb_video][et_pb_text _builder_version=&#8221;4.27.0&#8243; _module_preset=&#8221;default&#8221; global_colors_info=&#8221;{}&#8221;]<\/p>\n<p style=\"font-weight: 400;\"><strong><span>Creation is groaning<\/span><\/strong><\/p>\n<p style=\"font-weight: 400;\"><span>The prayer intention for September was elaborated in collaboration with the Dicastery for the Promoting Integral Human Development.<\/span><\/p>\n<p style=\"font-weight: 400;\"><span>In a press release accompanying the Pope\u2019s video-message, the Dicastery\u2019s prefect, Cardinal Michael Czerny, S.J., says, \u201cCreation is groaning. Its suffering is caused by humans who were originally its guardian and are now its subjugator\u201d.<\/span><\/p>\n<p style=\"font-weight: 400;\"><span>However, Cardinal Czerny points out, in his Message for the World Day of Prayer for the Care of Creation, Pope Francis invites Christians \u201cto hope and to act with Creation, which we could translate as \u2018living in faith\u2019.\u201d<\/span><\/p>\n<p style=\"font-weight: 400;\"><span>The prefect\u2019s comments are echoed by Fr Fr\u00e9d\u00e9ric Fornos, S.J., the international director of the Pope\u2019s Worldwide Prayer Network, which publishes the pope\u2019s prayer intentions each month. \u201cThe earth is crying\u201d, he says, as are the victims of environmental disasters and climate change.<\/span><\/p>\n<p style=\"font-weight: 400;\"><span>Pope Francis, he concludes, \u201cinvites us to prayer, for only prayer can awaken our anaesthetised hearts\u201d.<\/span><\/p>\n<p style=\"font-weight: 400;\"><span>\u00a0<\/span><\/p>\n<h3 style=\"font-weight: 400;\"><span style=\"color: #993300;\"><strong>Source: Vatican News<\/strong><\/span><\/h3>\n<p style=\"font-weight: 400;\"><span><a href=\"https:\/\/www.vaticannews.va\/en\/pope\/news\/2024-08\/pope-s-september-prayer-intention-for-the-cry-of-the-earth.html\">https:\/\/www.vaticannews.va\/en\/pope\/news\/2024-08\/pope-s-september-prayer-intention-for-the-cry-of-the-earth.html<\/a><\/span><\/p>\n<p>[\/et_pb_text][\/et_pb_column][\/et_pb_row][\/et_pb_section]<\/p>\n","protected":false},"excerpt":{"rendered":"<p>In a video message accompanying his prayer intention for September, Pope Francis prays that &#8220;each of us might listen with our hearts to the cry of the earth and of the victims of environmental disasters and climate change, making a personal commitment to care for the world we inhabit.&#8221;<\/p>\n","protected":false},"author":6,"featured_media":18092,"comment_status":"open","ping_status":"open","sticky":true,"template":"","format":"standard","meta":{"_acf_changed":false,"_et_pb_use_builder":"on","_et_pb_old_content":"","_et_gb_content_width":"","footnotes":""},"categories":[570,485,571,424,664],"tags":[572,149,875,96,548,573,575],"class_list":["post-18091","post","type-post","status-publish","format-standard","has-post-thumbnail","hentry","category-accion-climatica-en","category-climate-action","category-ecologia-integral-2-en","category-integral-ecology","category-lsrevolution-en","tag-ecologia-intergral-en","tag-ecological-conversion","tag-integridad-de-la-creacion-en","tag-integrity-of-creation","tag-jpic-en","tag-laudato-si-en-2","tag-ofmjpic-en"],"acf":[],"yoast_head":"<!-- This site is optimized with the Yoast SEO plugin v28.4 - https:\/\/yoast.com\/product\/yoast-seo-wordpress\/ -->\n<title>Pope&#039;s September prayer intention: For the cry the earth - OFM JPIC<\/title>\n<meta name=\"robots\" content=\"index, follow, max-snippet:-1, max-image-preview:large, max-video-preview:-1\" \/>\n<link rel=\"canonical\" href=\"https:\/\/ofmjpic.org\/en\/popes-september-prayer-intention-for-the-cry-the-earth\/\" \/>\n<meta property=\"og:locale\" content=\"en_US\" \/>\n<meta property=\"og:type\" content=\"article\" \/>\n<meta property=\"og:title\" content=\"Pope&#039;s September prayer intention: For the cry the earth - OFM JPIC\" \/>\n<meta property=\"og:description\" content=\"In a video message accompanying his prayer intention for September, Pope Francis prays that &quot;each of us might listen with our hearts to the cry of the earth and of the victims of environmental disasters and climate change, making a personal commitment to care for the world we inhabit.&quot;\" \/>\n<meta property=\"og:url\" content=\"https:\/\/ofmjpic.org\/en\/popes-september-prayer-intention-for-the-cry-the-earth\/\" \/>\n<meta property=\"og:site_name\" content=\"OFM JPIC\" \/>\n<meta property=\"article:publisher\" content=\"https:\/\/www.facebook.com\/ofmjpic\/\" \/>\n<meta property=\"article:published_time\" content=\"2024-08-30T16:09:37+00:00\" \/>\n<meta property=\"article:modified_time\" content=\"2024-08-30T16:11:52+00:00\" \/>\n<meta property=\"og:image\" content=\"https:\/\/ofmjpic.org\/wp-content\/uploads\/2024\/08\/EN_september.jpeg\" \/>\n\t<meta property=\"og:image:width\" content=\"889\" \/>\n\t<meta property=\"og:image:height\" content=\"500\" \/>\n\t<meta property=\"og:image:type\" content=\"image\/jpeg\" \/>\n<meta name=\"author\" content=\"Daniel\" \/>\n<meta name=\"twitter:card\" content=\"summary_large_image\" \/>\n<meta name=\"twitter:label1\" content=\"Written by\" \/>\n\t<meta name=\"twitter:data1\" content=\"Daniel\" \/>\n\t<meta name=\"twitter:label2\" content=\"Est. reading time\" \/>\n\t<meta name=\"twitter:data2\" content=\"3 minutes\" \/>\n<script type=\"application\/ld+json\" class=\"yoast-schema-graph\">{\"@context\":\"https:\\\/\\\/schema.org\",\"@graph\":[{\"@type\":\"Article\",\"@id\":\"https:\\\/\\\/ofmjpic.org\\\/en\\\/popes-september-prayer-intention-for-the-cry-the-earth\\\/#article\",\"isPartOf\":{\"@id\":\"https:\\\/\\\/ofmjpic.org\\\/en\\\/popes-september-prayer-intention-for-the-cry-the-earth\\\/\"},\"author\":{\"name\":\"Daniel\",\"@id\":\"https:\\\/\\\/ofmjpic.org\\\/en\\\/#\\\/schema\\\/person\\\/ff7331a2fb274f17ea86ea0f6e1696cd\"},\"headline\":\"Pope&#8217;s September prayer intention: For the cry the earth\",\"datePublished\":\"2024-08-30T16:09:37+00:00\",\"dateModified\":\"2024-08-30T16:11:52+00:00\",\"mainEntityOfPage\":{\"@id\":\"https:\\\/\\\/ofmjpic.org\\\/en\\\/popes-september-prayer-intention-for-the-cry-the-earth\\\/\"},\"wordCount\":553,\"commentCount\":0,\"publisher\":{\"@id\":\"https:\\\/\\\/ofmjpic.org\\\/en\\\/#organization\"},\"image\":{\"@id\":\"https:\\\/\\\/ofmjpic.org\\\/en\\\/popes-september-prayer-intention-for-the-cry-the-earth\\\/#primaryimage\"},\"thumbnailUrl\":\"https:\\\/\\\/ofmjpic.org\\\/wp-content\\\/uploads\\\/2024\\\/08\\\/EN_september.jpeg\",\"keywords\":[\"ecologia intergral\",\"Ecological Conversion\",\"integridad de la creacion\",\"Integrity of Creation\",\"jpic\",\"laudato si\",\"ofmjpic\"],\"articleSection\":[\"Acci\u00f3n clim\u00e1tica\",\"Climate Action\",\"Ecolog\u00eda Integral\",\"Integral Ecology\",\"LSRevolution\"],\"inLanguage\":\"en-US\",\"potentialAction\":[{\"@type\":\"CommentAction\",\"name\":\"Comment\",\"target\":[\"https:\\\/\\\/ofmjpic.org\\\/en\\\/popes-september-prayer-intention-for-the-cry-the-earth\\\/#respond\"]}]},{\"@type\":\"WebPage\",\"@id\":\"https:\\\/\\\/ofmjpic.org\\\/en\\\/popes-september-prayer-intention-for-the-cry-the-earth\\\/\",\"url\":\"https:\\\/\\\/ofmjpic.org\\\/en\\\/popes-september-prayer-intention-for-the-cry-the-earth\\\/\",\"name\":\"Pope's September prayer intention: For the cry the earth - OFM JPIC\",\"isPartOf\":{\"@id\":\"https:\\\/\\\/ofmjpic.org\\\/en\\\/#website\"},\"primaryImageOfPage\":{\"@id\":\"https:\\\/\\\/ofmjpic.org\\\/en\\\/popes-september-prayer-intention-for-the-cry-the-earth\\\/#primaryimage\"},\"image\":{\"@id\":\"https:\\\/\\\/ofmjpic.org\\\/en\\\/popes-september-prayer-intention-for-the-cry-the-earth\\\/#primaryimage\"},\"thumbnailUrl\":\"https:\\\/\\\/ofmjpic.org\\\/wp-content\\\/uploads\\\/2024\\\/08\\\/EN_september.jpeg\",\"datePublished\":\"2024-08-30T16:09:37+00:00\",\"dateModified\":\"2024-08-30T16:11:52+00:00\",\"breadcrumb\":{\"@id\":\"https:\\\/\\\/ofmjpic.org\\\/en\\\/popes-september-prayer-intention-for-the-cry-the-earth\\\/#breadcrumb\"},\"inLanguage\":\"en-US\",\"potentialAction\":[{\"@type\":\"ReadAction\",\"target\":[\"https:\\\/\\\/ofmjpic.org\\\/en\\\/popes-september-prayer-intention-for-the-cry-the-earth\\\/\"]}]},{\"@type\":\"ImageObject\",\"inLanguage\":\"en-US\",\"@id\":\"https:\\\/\\\/ofmjpic.org\\\/en\\\/popes-september-prayer-intention-for-the-cry-the-earth\\\/#primaryimage\",\"url\":\"https:\\\/\\\/ofmjpic.org\\\/wp-content\\\/uploads\\\/2024\\\/08\\\/EN_september.jpeg\",\"contentUrl\":\"https:\\\/\\\/ofmjpic.org\\\/wp-content\\\/uploads\\\/2024\\\/08\\\/EN_september.jpeg\",\"width\":889,\"height\":500},{\"@type\":\"BreadcrumbList\",\"@id\":\"https:\\\/\\\/ofmjpic.org\\\/en\\\/popes-september-prayer-intention-for-the-cry-the-earth\\\/#breadcrumb\",\"itemListElement\":[{\"@type\":\"ListItem\",\"position\":1,\"name\":\"Portada\",\"item\":\"https:\\\/\\\/ofmjpic.org\\\/en\\\/\"},{\"@type\":\"ListItem\",\"position\":2,\"name\":\"Pope&#8217;s September prayer intention: For the cry the earth\"}]},{\"@type\":\"WebSite\",\"@id\":\"https:\\\/\\\/ofmjpic.org\\\/en\\\/#website\",\"url\":\"https:\\\/\\\/ofmjpic.org\\\/en\\\/\",\"name\":\"OFM Justice, Peace and Integrity of Creation\",\"description\":\"\",\"publisher\":{\"@id\":\"https:\\\/\\\/ofmjpic.org\\\/en\\\/#organization\"},\"potentialAction\":[{\"@type\":\"SearchAction\",\"target\":{\"@type\":\"EntryPoint\",\"urlTemplate\":\"https:\\\/\\\/ofmjpic.org\\\/en\\\/?s={search_term_string}\"},\"query-input\":{\"@type\":\"PropertyValueSpecification\",\"valueRequired\":true,\"valueName\":\"search_term_string\"}}],\"inLanguage\":\"en-US\"},{\"@type\":\"Organization\",\"@id\":\"https:\\\/\\\/ofmjpic.org\\\/en\\\/#organization\",\"name\":\"General office for Justice, Peace and Integrity of Creation\",\"url\":\"https:\\\/\\\/ofmjpic.org\\\/en\\\/\",\"logo\":{\"@type\":\"ImageObject\",\"inLanguage\":\"en-US\",\"@id\":\"https:\\\/\\\/ofmjpic.org\\\/en\\\/#\\\/schema\\\/logo\\\/image\\\/\",\"url\":\"https:\\\/\\\/ofmjpic.org\\\/wp-content\\\/uploads\\\/2018\\\/08\\\/ES_JPIC_Logo_.png\",\"contentUrl\":\"https:\\\/\\\/ofmjpic.org\\\/wp-content\\\/uploads\\\/2018\\\/08\\\/ES_JPIC_Logo_.png\",\"width\":3957,\"height\":4082,\"caption\":\"General office for Justice, Peace and Integrity of Creation\"},\"image\":{\"@id\":\"https:\\\/\\\/ofmjpic.org\\\/en\\\/#\\\/schema\\\/logo\\\/image\\\/\"},\"sameAs\":[\"https:\\\/\\\/www.facebook.com\\\/ofmjpic\\\/\",\"https:\\\/\\\/www.instagram.com\\\/ofmjpic\\\/\"]},{\"@type\":\"Person\",\"@id\":\"https:\\\/\\\/ofmjpic.org\\\/en\\\/#\\\/schema\\\/person\\\/ff7331a2fb274f17ea86ea0f6e1696cd\",\"name\":\"Daniel\",\"url\":\"https:\\\/\\\/ofmjpic.org\\\/en\\\/author\\\/drodriguez\\\/\"}]}<\/script>\n<!-- \/ Yoast SEO plugin. -->","yoast_head_json":{"title":"Pope's September prayer intention: For the cry the earth - OFM JPIC","robots":{"index":"index","follow":"follow","max-snippet":"max-snippet:-1","max-image-preview":"max-image-preview:large","max-video-preview":"max-video-preview:-1"},"canonical":"https:\/\/ofmjpic.org\/en\/popes-september-prayer-intention-for-the-cry-the-earth\/","og_locale":"en_US","og_type":"article","og_title":"Pope's September prayer intention: For the cry the earth - OFM JPIC","og_description":"In a video message accompanying his prayer intention for September, Pope Francis prays that \"each of us might listen with our hearts to the cry of the earth and of the victims of environmental disasters and climate change, making a personal commitment to care for the world we inhabit.\"","og_url":"https:\/\/ofmjpic.org\/en\/popes-september-prayer-intention-for-the-cry-the-earth\/","og_site_name":"OFM JPIC","article_publisher":"https:\/\/www.facebook.com\/ofmjpic\/","article_published_time":"2024-08-30T16:09:37+00:00","article_modified_time":"2024-08-30T16:11:52+00:00","og_image":[{"width":889,"height":500,"url":"https:\/\/ofmjpic.org\/wp-content\/uploads\/2024\/08\/EN_september.jpeg","type":"image\/jpeg"}],"author":"Daniel","twitter_card":"summary_large_image","twitter_misc":{"Written by":"Daniel","Est. reading time":"3 minutes"},"schema":{"@context":"https:\/\/schema.org","@graph":[{"@type":"Article","@id":"https:\/\/ofmjpic.org\/en\/popes-september-prayer-intention-for-the-cry-the-earth\/#article","isPartOf":{"@id":"https:\/\/ofmjpic.org\/en\/popes-september-prayer-intention-for-the-cry-the-earth\/"},"author":{"name":"Daniel","@id":"https:\/\/ofmjpic.org\/en\/#\/schema\/person\/ff7331a2fb274f17ea86ea0f6e1696cd"},"headline":"Pope&#8217;s September prayer intention: For the cry the earth","datePublished":"2024-08-30T16:09:37+00:00","dateModified":"2024-08-30T16:11:52+00:00","mainEntityOfPage":{"@id":"https:\/\/ofmjpic.org\/en\/popes-september-prayer-intention-for-the-cry-the-earth\/"},"wordCount":553,"commentCount":0,"publisher":{"@id":"https:\/\/ofmjpic.org\/en\/#organization"},"image":{"@id":"https:\/\/ofmjpic.org\/en\/popes-september-prayer-intention-for-the-cry-the-earth\/#primaryimage"},"thumbnailUrl":"https:\/\/ofmjpic.org\/wp-content\/uploads\/2024\/08\/EN_september.jpeg","keywords":["ecologia intergral","Ecological Conversion","integridad de la creacion","Integrity of Creation","jpic","laudato si","ofmjpic"],"articleSection":["Acci\u00f3n clim\u00e1tica","Climate Action","Ecolog\u00eda Integral","Integral Ecology","LSRevolution"],"inLanguage":"en-US","potentialAction":[{"@type":"CommentAction","name":"Comment","target":["https:\/\/ofmjpic.org\/en\/popes-september-prayer-intention-for-the-cry-the-earth\/#respond"]}]},{"@type":"WebPage","@id":"https:\/\/ofmjpic.org\/en\/popes-september-prayer-intention-for-the-cry-the-earth\/","url":"https:\/\/ofmjpic.org\/en\/popes-september-prayer-intention-for-the-cry-the-earth\/","name":"Pope's September prayer intention: For the cry the earth - OFM JPIC","isPartOf":{"@id":"https:\/\/ofmjpic.org\/en\/#website"},"primaryImageOfPage":{"@id":"https:\/\/ofmjpic.org\/en\/popes-september-prayer-intention-for-the-cry-the-earth\/#primaryimage"},"image":{"@id":"https:\/\/ofmjpic.org\/en\/popes-september-prayer-intention-for-the-cry-the-earth\/#primaryimage"},"thumbnailUrl":"https:\/\/ofmjpic.org\/wp-content\/uploads\/2024\/08\/EN_september.jpeg","datePublished":"2024-08-30T16:09:37+00:00","dateModified":"2024-08-30T16:11:52+00:00","breadcrumb":{"@id":"https:\/\/ofmjpic.org\/en\/popes-september-prayer-intention-for-the-cry-the-earth\/#breadcrumb"},"inLanguage":"en-US","potentialAction":[{"@type":"ReadAction","target":["https:\/\/ofmjpic.org\/en\/popes-september-prayer-intention-for-the-cry-the-earth\/"]}]},{"@type":"ImageObject","inLanguage":"en-US","@id":"https:\/\/ofmjpic.org\/en\/popes-september-prayer-intention-for-the-cry-the-earth\/#primaryimage","url":"https:\/\/ofmjpic.org\/wp-content\/uploads\/2024\/08\/EN_september.jpeg","contentUrl":"https:\/\/ofmjpic.org\/wp-content\/uploads\/2024\/08\/EN_september.jpeg","width":889,"height":500},{"@type":"BreadcrumbList","@id":"https:\/\/ofmjpic.org\/en\/popes-september-prayer-intention-for-the-cry-the-earth\/#breadcrumb","itemListElement":[{"@type":"ListItem","position":1,"name":"Portada","item":"https:\/\/ofmjpic.org\/en\/"},{"@type":"ListItem","position":2,"name":"Pope&#8217;s September prayer intention: For the cry the earth"}]},{"@type":"WebSite","@id":"https:\/\/ofmjpic.org\/en\/#website","url":"https:\/\/ofmjpic.org\/en\/","name":"OFM Justice, Peace and Integrity of Creation","description":"","publisher":{"@id":"https:\/\/ofmjpic.org\/en\/#organization"},"potentialAction":[{"@type":"SearchAction","target":{"@type":"EntryPoint","urlTemplate":"https:\/\/ofmjpic.org\/en\/?s={search_term_string}"},"query-input":{"@type":"PropertyValueSpecification","valueRequired":true,"valueName":"search_term_string"}}],"inLanguage":"en-US"},{"@type":"Organization","@id":"https:\/\/ofmjpic.org\/en\/#organization","name":"General office for Justice, Peace and Integrity of Creation","url":"https:\/\/ofmjpic.org\/en\/","logo":{"@type":"ImageObject","inLanguage":"en-US","@id":"https:\/\/ofmjpic.org\/en\/#\/schema\/logo\/image\/","url":"https:\/\/ofmjpic.org\/wp-content\/uploads\/2018\/08\/ES_JPIC_Logo_.png","contentUrl":"https:\/\/ofmjpic.org\/wp-content\/uploads\/2018\/08\/ES_JPIC_Logo_.png","width":3957,"height":4082,"caption":"General office for Justice, Peace and Integrity of Creation"},"image":{"@id":"https:\/\/ofmjpic.org\/en\/#\/schema\/logo\/image\/"},"sameAs":["https:\/\/www.facebook.com\/ofmjpic\/","https:\/\/www.instagram.com\/ofmjpic\/"]},{"@type":"Person","@id":"https:\/\/ofmjpic.org\/en\/#\/schema\/person\/ff7331a2fb274f17ea86ea0f6e1696cd","name":"Daniel","url":"https:\/\/ofmjpic.org\/en\/author\/drodriguez\/"}]}},"_links":{"self":[{"href":"https:\/\/ofmjpic.org\/en\/wp-json\/wp\/v2\/posts\/18091","targetHints":{"allow":["GET"]}}],"collection":[{"href":"https:\/\/ofmjpic.org\/en\/wp-json\/wp\/v2\/posts"}],"about":[{"href":"https:\/\/ofmjpic.org\/en\/wp-json\/wp\/v2\/types\/post"}],"author":[{"embeddable":true,"href":"https:\/\/ofmjpic.org\/en\/wp-json\/wp\/v2\/users\/6"}],"replies":[{"embeddable":true,"href":"https:\/\/ofmjpic.org\/en\/wp-json\/wp\/v2\/comments?post=18091"}],"version-history":[{"count":0,"href":"https:\/\/ofmjpic.org\/en\/wp-json\/wp\/v2\/posts\/18091\/revisions"}],"wp:featuredmedia":[{"embeddable":true,"href":"https:\/\/ofmjpic.org\/en\/wp-json\/wp\/v2\/media\/18092"}],"wp:attachment":[{"href":"https:\/\/ofmjpic.org\/en\/wp-json\/wp\/v2\/media?parent=18091"}],"wp:term":[{"taxonomy":"category","embeddable":true,"href":"https:\/\/ofmjpic.org\/en\/wp-json\/wp\/v2\/categories?post=18091"},{"taxonomy":"post_tag","embeddable":true,"href":"https:\/\/ofmjpic.org\/en\/wp-json\/wp\/v2\/tags?post=18091"}],"curies":[{"name":"wp","href":"https:\/\/api.w.org\/{rel}","templated":true}]}}