{"id":16298,"date":"2023-07-04T19:42:11","date_gmt":"2023-07-04T19:42:11","guid":{"rendered":"http:\/\/www.ofmjpic.org\/?p=16298"},"modified":"2023-07-06T09:08:20","modified_gmt":"2023-07-06T09:08:20","slug":"ecclesial-networks-for-integral-ecology-gathering-at-the-vatican","status":"publish","type":"post","link":"https:\/\/ofmjpic.org\/en\/ecclesial-networks-for-integral-ecology-gathering-at-the-vatican\/","title":{"rendered":"Ecclesial Networks for Integral Ecology gathering at the Vatican"},"content":{"rendered":"\n[et_pb_section fb_built=&#8221;1&#8243; theme_builder_area=&#8221;post_content&#8221; _builder_version=&#8221;4.21.0&#8243; _module_preset=&#8221;default&#8221;][et_pb_row _builder_version=&#8221;4.21.0&#8243; _module_preset=&#8221;default&#8221; theme_builder_area=&#8221;post_content&#8221;][et_pb_column _builder_version=&#8221;4.21.0&#8243; _module_preset=&#8221;default&#8221; type=&#8221;4_4&#8243; theme_builder_area=&#8221;post_content&#8221;][et_pb_text _builder_version=&#8221;4.21.0&#8243; _module_preset=&#8221;default&#8221; theme_builder_area=&#8221;post_content&#8221; hover_enabled=&#8221;0&#8243; sticky_enabled=&#8221;0&#8243;]<blockquote>\n<h2 style=\"text-align: justify;\"><span style=\"color: #993300;\"><strong>The General Office of Justice, Peace and Integrity of Creation OFM participates in this meeting as a special guest.<\/strong><\/span><span style=\"color: #993300;\"><strong><\/strong><\/span><\/h2>\n<\/blockquote>[\/et_pb_text][et_pb_text _builder_version=&#8221;4.21.0&#8243; _module_preset=&#8221;default&#8221; theme_builder_area=&#8221;post_content&#8221; hover_enabled=&#8221;0&#8243; sticky_enabled=&#8221;0&#8243;]<p style=\"font-weight: 400; text-align: justify;\"><span>The aforementioned alliance is a conglomeration of networks representing different regions and areas of fauna and flora in the world.\u00a0 Those participating in the event are reflecting on their identity, vocation and mission.<\/span><\/p>\n<p style=\"font-weight: 400; text-align: justify;\"><span>The forty five representatives of seven biomes of the world have gathered to reflect on their identity, vocation and mission.\u00a0 Some of the members of the Alliance of Ecclesial Networks for Integral Ecology are actively engaged in Pan-Amazonian Ecclessial Network (REPAM), and in the similar entities across the world, including:\u00a0 Mesoamerica (REMAM); Guarani and Gran Chacho Aquifer (REGCHAG); Congo Basin (REBAC); Asia Pacific and Oceania (RAOEN); and their respective European, Canadian and United States counterparts.<\/span><\/p>\n<p style=\"font-weight: 400; text-align: justify;\"><span>Cardinal Michael Czerny, prefect of the dicastery, points out that this meeting &#8220;demonstrates that there are new ways to face the challenges of integral ecology in various parts of the world, without wanting to homogenize them, make them the same in all parts or institutionalize them.&#8221; \u00a0\u201cAt this moment,\u2019 he adds, \u2018we are together to listen, exchange ideas, pray, and continue this path together as the Alliance of Ecclesial Networks for Integral Ecology, deepening reflection, and strengthening collaboration.&#8221;<\/span><\/p>\n<p style=\"font-weight: 400; text-align: justify;\"><strong><span>FOR INTEGRAL ECOLOGY<\/span><\/strong><\/p>\n<p style=\"font-weight: 400; text-align: justify;\"><span>For Mauricio Lopez, coordinator of this alliance of Territorial Ecclesial Networks, this is a historic moment for the process that began in a foundational meeting in March 2019 in Washington, &#8220;around the reflection of the Amazon Synod for integral ecology, accompaniment of indigenous peoples and new paths for the Church&#8221;.<\/span><\/p>\n<p style=\"font-weight: 400; text-align: justify;\"><span>In recent years, several virtual meetings were held, due to the limitations imposed by the pandemic, and many joint advocacy activities in forums such as the COP and contributing to the current synodal process of the Church, until reaching this important face-to-face meeting that gathers all this way to move forward. &#8220;This face-to-face meeting seeks to bring the lived path, the different processes of the networks and platforms, some more consolidated, others under construction and others that have not yet begun, to define together where we want to go, how we respond to what the Pope is asking of us and to be in constant dialogue with this Dicastery (for Promoting Integral Human Development)&#8221;, affirms Lopez.<\/span><\/p>\n<p style=\"font-weight: 400; text-align: justify;\"><span>This meeting, sprinkled with much hope, amplifying the voices of the native peoples, pastoral agents within the diverse territories and ecclesial organizations, is carried out in an attitude of reflection and discernment.\u00a0 It seeks to advance in the consolidation of the identity, vocation and mission of this Alliance of Networks.<\/span><\/p>[\/et_pb_text][et_pb_image src=&#8221;http:\/\/www.ofmjpic.org\/wp-content\/uploads\/2023\/07\/Copia-de-2DA-FOTO-ARTiCULOS-2022-10-2.png&#8221; _builder_version=&#8221;4.21.0&#8243; _module_preset=&#8221;default&#8221; theme_builder_area=&#8221;post_content&#8221; title_text=&#8221;Copia de 2DA FOTO ARTi\u0301CULOS 2022 (10) 2&#8243; hover_enabled=&#8221;0&#8243; sticky_enabled=&#8221;0&#8243;][\/et_pb_image][et_pb_text _builder_version=&#8221;4.21.0&#8243; _module_preset=&#8221;default&#8221; theme_builder_area=&#8221;post_content&#8221; hover_enabled=&#8221;0&#8243; sticky_enabled=&#8221;0&#8243;]<p style=\"font-weight: 400; text-align: justify;\"><strong><span>ALLIANCE WITH INDIGENOUS PEOPLES<\/span><\/strong><\/p>\n<p style=\"font-weight: 400; text-align: justify;\"><span>The indigenous leader of the Amazon, Marcivana Satar\u00e9 Maw\u00e9, expresses that &#8220;the Church in the world has been a great ally of the indigenous peoples, promoting at the international level a discussion of their reality\u201d.\u00a0 She adds that, &#8220;Pope Francis has been a great promoter of indigenous causes in the world, as demonstrated by our presence here within these networks in defense of Mother Earth\u201d.<\/span><\/p>\n<p style=\"font-weight: 400; text-align: justify;\"><span>This meeting of the Ecclesial Networks for Integral Ecology, represented by the diversity of voices of the indigenous peoples, laity, religious, priests, bishops and cardinals present, testifies to the Church\u2019s emphasis on the importance of integrating the theme of integral ecology in its pastoral action oriented at safeguarding the future of the planet.<\/span><\/p>\n<p style=\"font-weight: 400; text-align: justify;\"><span>In various critical moments of the gathering of the various networks, Pope Francis\u2019 encyclical &#8220;Laudato Si&#8221; served as a source of inspiration for all, especially his all-embracing recognition that &#8220;everything is interconnected&#8221; (LS 137) and that an integrated approach and actions are needed to saveguard of the common home and the people who live in it.<\/span><\/p>\n<p style=\"font-weight: 400; text-align: justify;\"><span>\u00a0<\/span><\/p>\n<h3 style=\"font-weight: 400; text-align: right;\"><span style=\"color: #993300;\"><strong><\/strong><\/span><\/h3>\n<h3 style=\"font-weight: 400; text-align: right;\"><span style=\"color: #993300;\"><strong><\/strong><\/span><\/h3>\n<h3 style=\"font-weight: 400; text-align: right;\"><span style=\"color: #993300;\"><strong><\/strong><\/span><\/h3>\n<h3 style=\"font-weight: 400; text-align: right;\"><span style=\"color: #993300;\"><strong>Text and Photos: Julio Caldeira \/ REPAM<\/strong><\/span><\/h3>[\/et_pb_text][\/et_pb_column][\/et_pb_row][\/et_pb_section]\n","protected":false},"excerpt":{"rendered":"<p>From July 2 to 4, at the Vatican Dicastery for Promoting Integral Human Development is hosting a meeting of the Alliance of Ecclesial Networks for Integral Ecology with representatives from Latin America, North America, Africa, Asia , Oceania and Europe.<\/p>\n","protected":false},"author":6,"featured_media":16286,"comment_status":"open","ping_status":"open","sticky":true,"template":"","format":"standard","meta":{"_acf_changed":false,"_et_pb_use_builder":"on","_et_pb_old_content":"","_et_gb_content_width":"","footnotes":""},"categories":[570,485,571,424,546,494],"tags":[572,129,149,875,96,548,573,575],"class_list":["post-16298","post","type-post","status-publish","format-standard","has-post-thumbnail","hentry","category-accion-climatica-en","category-climate-action","category-ecologia-integral-2-en","category-integral-ecology","category-justicia-climatica-en","category-justicia-climatica","tag-ecologia-intergral-en","tag-ecologia-intergral","tag-ecological-conversion","tag-integridad-de-la-creacion-en","tag-integrity-of-creation","tag-jpic-en","tag-laudato-si-en-2","tag-ofmjpic-en"],"acf":[],"yoast_head":"<!-- This site is optimized with the Yoast SEO plugin v28.4 - https:\/\/yoast.com\/product\/yoast-seo-wordpress\/ -->\n<title>Ecclesial Networks for Integral Ecology gathering at the Vatican - OFM JPIC<\/title>\n<meta name=\"robots\" content=\"index, follow, max-snippet:-1, max-image-preview:large, max-video-preview:-1\" \/>\n<link rel=\"canonical\" href=\"https:\/\/ofmjpic.org\/en\/ecclesial-networks-for-integral-ecology-gathering-at-the-vatican\/\" \/>\n<meta property=\"og:locale\" content=\"en_US\" \/>\n<meta property=\"og:type\" content=\"article\" \/>\n<meta property=\"og:title\" content=\"Ecclesial Networks for Integral Ecology gathering at the Vatican - OFM JPIC\" \/>\n<meta property=\"og:description\" content=\"From July 2 to 4, at the Vatican Dicastery for Promoting Integral Human Development is hosting a meeting of the Alliance of Ecclesial Networks for Integral Ecology with representatives from Latin America, North America, Africa, Asia , Oceania and Europe.\" \/>\n<meta property=\"og:url\" content=\"https:\/\/ofmjpic.org\/en\/ecclesial-networks-for-integral-ecology-gathering-at-the-vatican\/\" \/>\n<meta property=\"og:site_name\" content=\"OFM JPIC\" \/>\n<meta property=\"article:publisher\" content=\"https:\/\/www.facebook.com\/ofmjpic\/\" \/>\n<meta property=\"article:published_time\" content=\"2023-07-04T19:42:11+00:00\" \/>\n<meta property=\"article:modified_time\" content=\"2023-07-06T09:08:20+00:00\" \/>\n<meta property=\"og:image\" content=\"https:\/\/ofmjpic.org\/wp-content\/uploads\/2023\/07\/Copia-de-FOTOS-Portada-pag-web-art-2022-8.png\" \/>\n\t<meta property=\"og:image:width\" content=\"980\" \/>\n\t<meta property=\"og:image:height\" content=\"480\" \/>\n\t<meta property=\"og:image:type\" content=\"image\/png\" \/>\n<meta name=\"author\" content=\"Daniel\" \/>\n<meta name=\"twitter:card\" content=\"summary_large_image\" \/>\n<meta name=\"twitter:label1\" content=\"Written by\" \/>\n\t<meta name=\"twitter:data1\" content=\"Daniel\" \/>\n\t<meta name=\"twitter:label2\" content=\"Est. reading time\" \/>\n\t<meta name=\"twitter:data2\" content=\"4 minutes\" \/>\n<script type=\"application\/ld+json\" class=\"yoast-schema-graph\">{\"@context\":\"https:\\\/\\\/schema.org\",\"@graph\":[{\"@type\":\"Article\",\"@id\":\"https:\\\/\\\/ofmjpic.org\\\/en\\\/ecclesial-networks-for-integral-ecology-gathering-at-the-vatican\\\/#article\",\"isPartOf\":{\"@id\":\"https:\\\/\\\/ofmjpic.org\\\/en\\\/ecclesial-networks-for-integral-ecology-gathering-at-the-vatican\\\/\"},\"author\":{\"name\":\"Daniel\",\"@id\":\"https:\\\/\\\/ofmjpic.org\\\/en\\\/#\\\/schema\\\/person\\\/ff7331a2fb274f17ea86ea0f6e1696cd\"},\"headline\":\"Ecclesial Networks for Integral Ecology gathering at the Vatican\",\"datePublished\":\"2023-07-04T19:42:11+00:00\",\"dateModified\":\"2023-07-06T09:08:20+00:00\",\"mainEntityOfPage\":{\"@id\":\"https:\\\/\\\/ofmjpic.org\\\/en\\\/ecclesial-networks-for-integral-ecology-gathering-at-the-vatican\\\/\"},\"wordCount\":767,\"commentCount\":0,\"publisher\":{\"@id\":\"https:\\\/\\\/ofmjpic.org\\\/en\\\/#organization\"},\"image\":{\"@id\":\"https:\\\/\\\/ofmjpic.org\\\/en\\\/ecclesial-networks-for-integral-ecology-gathering-at-the-vatican\\\/#primaryimage\"},\"thumbnailUrl\":\"https:\\\/\\\/ofmjpic.org\\\/wp-content\\\/uploads\\\/2023\\\/07\\\/Copia-de-FOTOS-Portada-pag-web-art-2022-8.png\",\"keywords\":[\"ecologia intergral\",\"ecologia intergral\",\"Ecological Conversion\",\"integridad de la creacion\",\"Integrity of Creation\",\"jpic\",\"laudato si\",\"ofmjpic\"],\"articleSection\":[\"Acci\u00f3n clim\u00e1tica\",\"Climate Action\",\"Ecolog\u00eda Integral\",\"Integral Ecology\",\"Justicia clim\u00e1tica\",\"Justicia clim\u00e1tica\"],\"inLanguage\":\"en-US\",\"potentialAction\":[{\"@type\":\"CommentAction\",\"name\":\"Comment\",\"target\":[\"https:\\\/\\\/ofmjpic.org\\\/en\\\/ecclesial-networks-for-integral-ecology-gathering-at-the-vatican\\\/#respond\"]}]},{\"@type\":\"WebPage\",\"@id\":\"https:\\\/\\\/ofmjpic.org\\\/en\\\/ecclesial-networks-for-integral-ecology-gathering-at-the-vatican\\\/\",\"url\":\"https:\\\/\\\/ofmjpic.org\\\/en\\\/ecclesial-networks-for-integral-ecology-gathering-at-the-vatican\\\/\",\"name\":\"Ecclesial Networks for Integral Ecology gathering at the Vatican - OFM JPIC\",\"isPartOf\":{\"@id\":\"https:\\\/\\\/ofmjpic.org\\\/en\\\/#website\"},\"primaryImageOfPage\":{\"@id\":\"https:\\\/\\\/ofmjpic.org\\\/en\\\/ecclesial-networks-for-integral-ecology-gathering-at-the-vatican\\\/#primaryimage\"},\"image\":{\"@id\":\"https:\\\/\\\/ofmjpic.org\\\/en\\\/ecclesial-networks-for-integral-ecology-gathering-at-the-vatican\\\/#primaryimage\"},\"thumbnailUrl\":\"https:\\\/\\\/ofmjpic.org\\\/wp-content\\\/uploads\\\/2023\\\/07\\\/Copia-de-FOTOS-Portada-pag-web-art-2022-8.png\",\"datePublished\":\"2023-07-04T19:42:11+00:00\",\"dateModified\":\"2023-07-06T09:08:20+00:00\",\"breadcrumb\":{\"@id\":\"https:\\\/\\\/ofmjpic.org\\\/en\\\/ecclesial-networks-for-integral-ecology-gathering-at-the-vatican\\\/#breadcrumb\"},\"inLanguage\":\"en-US\",\"potentialAction\":[{\"@type\":\"ReadAction\",\"target\":[\"https:\\\/\\\/ofmjpic.org\\\/en\\\/ecclesial-networks-for-integral-ecology-gathering-at-the-vatican\\\/\"]}]},{\"@type\":\"ImageObject\",\"inLanguage\":\"en-US\",\"@id\":\"https:\\\/\\\/ofmjpic.org\\\/en\\\/ecclesial-networks-for-integral-ecology-gathering-at-the-vatican\\\/#primaryimage\",\"url\":\"https:\\\/\\\/ofmjpic.org\\\/wp-content\\\/uploads\\\/2023\\\/07\\\/Copia-de-FOTOS-Portada-pag-web-art-2022-8.png\",\"contentUrl\":\"https:\\\/\\\/ofmjpic.org\\\/wp-content\\\/uploads\\\/2023\\\/07\\\/Copia-de-FOTOS-Portada-pag-web-art-2022-8.png\",\"width\":980,\"height\":480},{\"@type\":\"BreadcrumbList\",\"@id\":\"https:\\\/\\\/ofmjpic.org\\\/en\\\/ecclesial-networks-for-integral-ecology-gathering-at-the-vatican\\\/#breadcrumb\",\"itemListElement\":[{\"@type\":\"ListItem\",\"position\":1,\"name\":\"Portada\",\"item\":\"https:\\\/\\\/ofmjpic.org\\\/en\\\/\"},{\"@type\":\"ListItem\",\"position\":2,\"name\":\"Ecclesial Networks for Integral Ecology gathering at the Vatican\"}]},{\"@type\":\"WebSite\",\"@id\":\"https:\\\/\\\/ofmjpic.org\\\/en\\\/#website\",\"url\":\"https:\\\/\\\/ofmjpic.org\\\/en\\\/\",\"name\":\"OFM Justice, Peace and Integrity of Creation\",\"description\":\"\",\"publisher\":{\"@id\":\"https:\\\/\\\/ofmjpic.org\\\/en\\\/#organization\"},\"potentialAction\":[{\"@type\":\"SearchAction\",\"target\":{\"@type\":\"EntryPoint\",\"urlTemplate\":\"https:\\\/\\\/ofmjpic.org\\\/en\\\/?s={search_term_string}\"},\"query-input\":{\"@type\":\"PropertyValueSpecification\",\"valueRequired\":true,\"valueName\":\"search_term_string\"}}],\"inLanguage\":\"en-US\"},{\"@type\":\"Organization\",\"@id\":\"https:\\\/\\\/ofmjpic.org\\\/en\\\/#organization\",\"name\":\"General office for Justice, Peace and Integrity of Creation\",\"url\":\"https:\\\/\\\/ofmjpic.org\\\/en\\\/\",\"logo\":{\"@type\":\"ImageObject\",\"inLanguage\":\"en-US\",\"@id\":\"https:\\\/\\\/ofmjpic.org\\\/en\\\/#\\\/schema\\\/logo\\\/image\\\/\",\"url\":\"https:\\\/\\\/ofmjpic.org\\\/wp-content\\\/uploads\\\/2018\\\/08\\\/ES_JPIC_Logo_.png\",\"contentUrl\":\"https:\\\/\\\/ofmjpic.org\\\/wp-content\\\/uploads\\\/2018\\\/08\\\/ES_JPIC_Logo_.png\",\"width\":3957,\"height\":4082,\"caption\":\"General office for Justice, Peace and Integrity of Creation\"},\"image\":{\"@id\":\"https:\\\/\\\/ofmjpic.org\\\/en\\\/#\\\/schema\\\/logo\\\/image\\\/\"},\"sameAs\":[\"https:\\\/\\\/www.facebook.com\\\/ofmjpic\\\/\",\"https:\\\/\\\/www.instagram.com\\\/ofmjpic\\\/\"]},{\"@type\":\"Person\",\"@id\":\"https:\\\/\\\/ofmjpic.org\\\/en\\\/#\\\/schema\\\/person\\\/ff7331a2fb274f17ea86ea0f6e1696cd\",\"name\":\"Daniel\",\"url\":\"https:\\\/\\\/ofmjpic.org\\\/en\\\/author\\\/drodriguez\\\/\"}]}<\/script>\n<!-- \/ Yoast SEO plugin. -->","yoast_head_json":{"title":"Ecclesial Networks for Integral Ecology gathering at the Vatican - OFM JPIC","robots":{"index":"index","follow":"follow","max-snippet":"max-snippet:-1","max-image-preview":"max-image-preview:large","max-video-preview":"max-video-preview:-1"},"canonical":"https:\/\/ofmjpic.org\/en\/ecclesial-networks-for-integral-ecology-gathering-at-the-vatican\/","og_locale":"en_US","og_type":"article","og_title":"Ecclesial Networks for Integral Ecology gathering at the Vatican - OFM JPIC","og_description":"From July 2 to 4, at the Vatican Dicastery for Promoting Integral Human Development is hosting a meeting of the Alliance of Ecclesial Networks for Integral Ecology with representatives from Latin America, North America, Africa, Asia , Oceania and Europe.","og_url":"https:\/\/ofmjpic.org\/en\/ecclesial-networks-for-integral-ecology-gathering-at-the-vatican\/","og_site_name":"OFM JPIC","article_publisher":"https:\/\/www.facebook.com\/ofmjpic\/","article_published_time":"2023-07-04T19:42:11+00:00","article_modified_time":"2023-07-06T09:08:20+00:00","og_image":[{"width":980,"height":480,"url":"https:\/\/ofmjpic.org\/wp-content\/uploads\/2023\/07\/Copia-de-FOTOS-Portada-pag-web-art-2022-8.png","type":"image\/png"}],"author":"Daniel","twitter_card":"summary_large_image","twitter_misc":{"Written by":"Daniel","Est. reading time":"4 minutes"},"schema":{"@context":"https:\/\/schema.org","@graph":[{"@type":"Article","@id":"https:\/\/ofmjpic.org\/en\/ecclesial-networks-for-integral-ecology-gathering-at-the-vatican\/#article","isPartOf":{"@id":"https:\/\/ofmjpic.org\/en\/ecclesial-networks-for-integral-ecology-gathering-at-the-vatican\/"},"author":{"name":"Daniel","@id":"https:\/\/ofmjpic.org\/en\/#\/schema\/person\/ff7331a2fb274f17ea86ea0f6e1696cd"},"headline":"Ecclesial Networks for Integral Ecology gathering at the Vatican","datePublished":"2023-07-04T19:42:11+00:00","dateModified":"2023-07-06T09:08:20+00:00","mainEntityOfPage":{"@id":"https:\/\/ofmjpic.org\/en\/ecclesial-networks-for-integral-ecology-gathering-at-the-vatican\/"},"wordCount":767,"commentCount":0,"publisher":{"@id":"https:\/\/ofmjpic.org\/en\/#organization"},"image":{"@id":"https:\/\/ofmjpic.org\/en\/ecclesial-networks-for-integral-ecology-gathering-at-the-vatican\/#primaryimage"},"thumbnailUrl":"https:\/\/ofmjpic.org\/wp-content\/uploads\/2023\/07\/Copia-de-FOTOS-Portada-pag-web-art-2022-8.png","keywords":["ecologia intergral","ecologia intergral","Ecological Conversion","integridad de la creacion","Integrity of Creation","jpic","laudato si","ofmjpic"],"articleSection":["Acci\u00f3n clim\u00e1tica","Climate Action","Ecolog\u00eda Integral","Integral Ecology","Justicia clim\u00e1tica","Justicia clim\u00e1tica"],"inLanguage":"en-US","potentialAction":[{"@type":"CommentAction","name":"Comment","target":["https:\/\/ofmjpic.org\/en\/ecclesial-networks-for-integral-ecology-gathering-at-the-vatican\/#respond"]}]},{"@type":"WebPage","@id":"https:\/\/ofmjpic.org\/en\/ecclesial-networks-for-integral-ecology-gathering-at-the-vatican\/","url":"https:\/\/ofmjpic.org\/en\/ecclesial-networks-for-integral-ecology-gathering-at-the-vatican\/","name":"Ecclesial Networks for Integral Ecology gathering at the Vatican - OFM JPIC","isPartOf":{"@id":"https:\/\/ofmjpic.org\/en\/#website"},"primaryImageOfPage":{"@id":"https:\/\/ofmjpic.org\/en\/ecclesial-networks-for-integral-ecology-gathering-at-the-vatican\/#primaryimage"},"image":{"@id":"https:\/\/ofmjpic.org\/en\/ecclesial-networks-for-integral-ecology-gathering-at-the-vatican\/#primaryimage"},"thumbnailUrl":"https:\/\/ofmjpic.org\/wp-content\/uploads\/2023\/07\/Copia-de-FOTOS-Portada-pag-web-art-2022-8.png","datePublished":"2023-07-04T19:42:11+00:00","dateModified":"2023-07-06T09:08:20+00:00","breadcrumb":{"@id":"https:\/\/ofmjpic.org\/en\/ecclesial-networks-for-integral-ecology-gathering-at-the-vatican\/#breadcrumb"},"inLanguage":"en-US","potentialAction":[{"@type":"ReadAction","target":["https:\/\/ofmjpic.org\/en\/ecclesial-networks-for-integral-ecology-gathering-at-the-vatican\/"]}]},{"@type":"ImageObject","inLanguage":"en-US","@id":"https:\/\/ofmjpic.org\/en\/ecclesial-networks-for-integral-ecology-gathering-at-the-vatican\/#primaryimage","url":"https:\/\/ofmjpic.org\/wp-content\/uploads\/2023\/07\/Copia-de-FOTOS-Portada-pag-web-art-2022-8.png","contentUrl":"https:\/\/ofmjpic.org\/wp-content\/uploads\/2023\/07\/Copia-de-FOTOS-Portada-pag-web-art-2022-8.png","width":980,"height":480},{"@type":"BreadcrumbList","@id":"https:\/\/ofmjpic.org\/en\/ecclesial-networks-for-integral-ecology-gathering-at-the-vatican\/#breadcrumb","itemListElement":[{"@type":"ListItem","position":1,"name":"Portada","item":"https:\/\/ofmjpic.org\/en\/"},{"@type":"ListItem","position":2,"name":"Ecclesial Networks for Integral Ecology gathering at the Vatican"}]},{"@type":"WebSite","@id":"https:\/\/ofmjpic.org\/en\/#website","url":"https:\/\/ofmjpic.org\/en\/","name":"OFM Justice, Peace and Integrity of Creation","description":"","publisher":{"@id":"https:\/\/ofmjpic.org\/en\/#organization"},"potentialAction":[{"@type":"SearchAction","target":{"@type":"EntryPoint","urlTemplate":"https:\/\/ofmjpic.org\/en\/?s={search_term_string}"},"query-input":{"@type":"PropertyValueSpecification","valueRequired":true,"valueName":"search_term_string"}}],"inLanguage":"en-US"},{"@type":"Organization","@id":"https:\/\/ofmjpic.org\/en\/#organization","name":"General office for Justice, Peace and Integrity of Creation","url":"https:\/\/ofmjpic.org\/en\/","logo":{"@type":"ImageObject","inLanguage":"en-US","@id":"https:\/\/ofmjpic.org\/en\/#\/schema\/logo\/image\/","url":"https:\/\/ofmjpic.org\/wp-content\/uploads\/2018\/08\/ES_JPIC_Logo_.png","contentUrl":"https:\/\/ofmjpic.org\/wp-content\/uploads\/2018\/08\/ES_JPIC_Logo_.png","width":3957,"height":4082,"caption":"General office for Justice, Peace and Integrity of Creation"},"image":{"@id":"https:\/\/ofmjpic.org\/en\/#\/schema\/logo\/image\/"},"sameAs":["https:\/\/www.facebook.com\/ofmjpic\/","https:\/\/www.instagram.com\/ofmjpic\/"]},{"@type":"Person","@id":"https:\/\/ofmjpic.org\/en\/#\/schema\/person\/ff7331a2fb274f17ea86ea0f6e1696cd","name":"Daniel","url":"https:\/\/ofmjpic.org\/en\/author\/drodriguez\/"}]}},"_links":{"self":[{"href":"https:\/\/ofmjpic.org\/en\/wp-json\/wp\/v2\/posts\/16298","targetHints":{"allow":["GET"]}}],"collection":[{"href":"https:\/\/ofmjpic.org\/en\/wp-json\/wp\/v2\/posts"}],"about":[{"href":"https:\/\/ofmjpic.org\/en\/wp-json\/wp\/v2\/types\/post"}],"author":[{"embeddable":true,"href":"https:\/\/ofmjpic.org\/en\/wp-json\/wp\/v2\/users\/6"}],"replies":[{"embeddable":true,"href":"https:\/\/ofmjpic.org\/en\/wp-json\/wp\/v2\/comments?post=16298"}],"version-history":[{"count":0,"href":"https:\/\/ofmjpic.org\/en\/wp-json\/wp\/v2\/posts\/16298\/revisions"}],"wp:featuredmedia":[{"embeddable":true,"href":"https:\/\/ofmjpic.org\/en\/wp-json\/wp\/v2\/media\/16286"}],"wp:attachment":[{"href":"https:\/\/ofmjpic.org\/en\/wp-json\/wp\/v2\/media?parent=16298"}],"wp:term":[{"taxonomy":"category","embeddable":true,"href":"https:\/\/ofmjpic.org\/en\/wp-json\/wp\/v2\/categories?post=16298"},{"taxonomy":"post_tag","embeddable":true,"href":"https:\/\/ofmjpic.org\/en\/wp-json\/wp\/v2\/tags?post=16298"}],"curies":[{"name":"wp","href":"https:\/\/api.w.org\/{rel}","templated":true}]}}