{"id":13254,"date":"2021-11-15T10:21:00","date_gmt":"2021-11-15T10:21:00","guid":{"rendered":"http:\/\/www.ofmjpic.org\/el-sueno-y-el-camino-franciscano-en-la-cop26-glasgow\/"},"modified":"2021-11-30T11:03:58","modified_gmt":"2021-11-30T11:03:58","slug":"the-franciscan-dream-and-journey-cop26-glasgow","status":"publish","type":"post","link":"https:\/\/ofmjpic.org\/en\/the-franciscan-dream-and-journey-cop26-glasgow\/","title":{"rendered":"The Franciscan dream and journey @cop26 (Glasgow)"},"content":{"rendered":"<p>[et_pb_section fb_built=&#8221;1&#8243; _builder_version=&#8221;4.11.3&#8243; _module_preset=&#8221;default&#8221; global_colors_info=&#8221;{}&#8221;][et_pb_row _builder_version=&#8221;4.11.3&#8243; _module_preset=&#8221;default&#8221; global_colors_info=&#8221;{}&#8221;][et_pb_column type=&#8221;4_4&#8243; _builder_version=&#8221;4.11.3&#8243; _module_preset=&#8221;default&#8221; global_colors_info=&#8221;{}&#8221;][et_pb_text _builder_version=&#8221;4.11.3&#8243; _module_preset=&#8221;default&#8221; hover_enabled=&#8221;0&#8243; global_colors_info=&#8221;{}&#8221; sticky_enabled=&#8221;0&#8243;]<\/p>\n<blockquote>\n<h3 style=\"text-align: justify;\"><span style=\"color: #993300;\"><strong>\u201cI urgently appeal . . . for a new dialogue about how we are shaping the future of our planet. We need a conversation which includes everyone, since the environmental challenge we are undergoing, and its human roots, concern and affect us all.\u201d (LS. 14) \u201cThe climate is a common good, belonging to all and meant for all.\u201d (LS. 23) \u201cThe urgent challenge to protect our common home includes a concern to bring the whole human family together to seek a sustainable and integral development, for we know that things can change.\u201d (LS. 13) <\/strong><\/span><\/h3>\n<h3 style=\"text-align: justify;\"><span style=\"color: #993300;\"><strong>&#8211; Pope Francis<\/strong><\/span><\/h3>\n<\/blockquote>\n<p style=\"text-align: justify;\">The COVID-19 virus has wreaked havoc on millions of people around the world, causing widespread economic disruption. Governments around the world have taken action to safeguard lives and livelihoods. On the other hand, climate change has persisted, and it now poses a threat to life on Earth. For decades, religious communities have been involved in this line of work, and the Encyclical Laudato Si\u2019 had a significant spiritual impact. For many years, the JPIC General Office has worked to foster ecological conversion in the order and the Franciscan family by actively participating in the United Nations Framework Convention on Climate Change (UNFCCC) Conference of Parties (COP) in conjunction with climate change impacted communities and the civil society.<\/p>\n<p style=\"text-align: justify;\">As a continuous response to this climate crisis, the JPIC-OFM represented by Br. Angelito Cortez, OFM, later accompanied by Br. Billy Hoyne, OFM, and Br. Gabriel Kinahan, OFM; Franciscan International represented by Mr. Budi Tjahjono and Mr. Thomas Kleinveld; and the Anglican Franciscans represented by Br. Clark Berge, SSF; collaborated to organize a delegation for COP26 at Glasgow, Scotland. The local Franciscans supported them in Glasgow and neighboring towns such as the friars of the Blessed John Duns Scotus Community headed by Br. George Smulski, OFM (guardian). The contingent aims to raise consciousness about climate justice and concrete actions; to offer an opportunity for formation on climate crisis with the local Franciscans and the entire Franciscan family through a hybrid webinar; to express solidarity through movement for climate justice along with other faith-based groups and the civil society organizations; to promote and celebrate the spirit and teachings of Pope Francis\u2019encyclical Laudato si\u2019 and to listen and bring our Franciscan spirituality and presence to every formal and informal activity, dialogue and negotiations.<\/p>\n<p style=\"text-align: justify;\">With these objectives, the delegation took part in various activities at COP26. The first week was jump-packed with conversations, conferences, prayer, and faith services collaborating with the Interfaith Liaison Committee to UNFCCC (ILC). The ILC works as a platform for faith-based organizations to facilitate dialogue and action. They organize opportunities for collaboration on faith advocacy for climate ambition, embracing all the pillars of the UNFCCC and the Paris Agreement. In the middle of these two weeks, the delegation participated in two major solidarity protests as Global days of action with Young People and faith-based organizations such as Laudato Si Movement, Living Laudato Si, and all other sectors calling for Climate Justice. On the second week, the Franciscan contingent joined the People Summit. While world leaders meet to discuss the future at COP26, the People summit allowed building people\u2019s power for system change together. The forum brought together the climate justice movement to discuss, learn and strategize for system change.<\/p>\n<p>[\/et_pb_text][et_pb_image src=&#8221;http:\/\/www.ofmjpic.org\/wp-content\/uploads\/2021\/11\/1.png&#8221; title_text=&#8221;1&#8243; _builder_version=&#8221;4.11.3&#8243; _module_preset=&#8221;default&#8221; animation_style=&#8221;slide&#8221; animation_direction=&#8221;left&#8221; box_shadow_style=&#8221;preset1&#8243; global_colors_info=&#8221;{}&#8221;][\/et_pb_image][et_pb_text _builder_version=&#8221;4.11.3&#8243; _module_preset=&#8221;default&#8221; hover_enabled=&#8221;0&#8243; global_colors_info=&#8221;{}&#8221; sticky_enabled=&#8221;0&#8243;]<\/p>\n<p style=\"text-align: justify;\">With this extraordinary journey, the Franciscan delegation expresses their calls for the following key issues that need to be addressed by the church and world leaders, including people of faith, as a common dream: advocacy; resilience and empowerment; finance; loss and damage; adaptation; human rights; just transition; climate science; indigenous peoples; youth and global governance.<\/p>\n<p style=\"text-align: justify;\">We, as Franciscans who actively participated in COP26, dreaming, hoping, and calling that COP26 will involve faith groups in climate negotiations and encourage our church leaders to walk the talk and promote ecological lifestyles that have environmental impacts, such as divestment from fossil fuels; and to create programs that can equip and assist people psychologically, physically, and materially to meet the current climate urgency.<\/p>\n<p style=\"text-align: justify;\">We dream, hope and call that COP26 will increase the number of grants rather than loans and eliminate climate debts, to shift the Global South\u2019s focus from assistance to fair compensation and to produce large-scale climate finance and fulfil the USD 100 billion financing target; To address loss and damage effectively between the Global North and the Global South in a spirit of solidarity and to give required financing to assist poorer and more vulnerable countries in dealing with loss and destruction; Ascertain that adaptation is a primary focus of the climate agenda and make 50% of the nearly $100 billion commitment to climate action immediately available for adaptation; To encourage accountability among UNFCCC parties for their climate efforts, particularly in demonstrating that their climate actions do not violate human rights and ensure that policies on climate change, development, and human rights are coherent and create forums for social dialogue; To ensure that the costs of transitioning to a post-fossil fuel economy do not fall on the already vulnerable, mainly through workforce training, compensation, and social protection.<\/p>\n<p>[\/et_pb_text][et_pb_image src=&#8221;http:\/\/www.ofmjpic.org\/wp-content\/uploads\/2021\/11\/10.png&#8221; title_text=&#8221;10&#8243; _builder_version=&#8221;4.11.3&#8243; _module_preset=&#8221;default&#8221; animation_style=&#8221;slide&#8221; animation_direction=&#8221;left&#8221; box_shadow_style=&#8221;preset1&#8243; global_colors_info=&#8221;{}&#8221;][\/et_pb_image][et_pb_text _builder_version=&#8221;4.11.3&#8243; _module_preset=&#8221;default&#8221; hover_enabled=&#8221;0&#8243; global_colors_info=&#8221;{}&#8221; sticky_enabled=&#8221;0&#8243;]<\/p>\n<p style=\"text-align: justify;\">We dream, hope, and call that COP26 will make judgments that are consistent with the IPCC\u2019s climate science and include faith-based organizations and their traditions that advocate for a more sustainable way of life; To safeguard indigenous peoples\u2019 rights when responding to climate change and heed Indigenous wisdom and worldviews; to take an intergenerational perspective into account while making decisions to reduce greenhouse gas emissions and ensure that young people are represented in climate conversation; To initiate a process of designing and establishing new global institutions and projects centered on a core ethic for everyone, with a clear commitment to care for one another across the human family, promote an ethical leadership and accountability culture in UNFCCC decision-making and narrow the chasm between words and actions in UNFCCC climate decisions.<\/p>\n<p style=\"text-align: justify;\">As we come back bringing all that we got from our COP26 Glasgow journey and dream, we will continue our work as Franciscans taking care of our common home, remembering Pope Francis in his message for COP26 \u201cTime is running out; this occasion must not be wasted, lest we have to face God\u2019s judgment for our failure to be faithful stewards of the world he has entrusted to our care.\u201d<\/p>\n<p style=\"text-align: justify;\">Al regresar trayendo todo lo que obtuvimos de nuestro viaje y sue\u00f1o en la COP26 de Glasgow, continuaremos nuestro trabajo como franciscanos cuidando de nuestra casa com\u00fan, recordando al Papa Francisco en su mensaje para la COP26 \u00abEl tiempo se acaba; esta ocasi\u00f3n no debe ser desperdiciada, para que no tengamos que enfrentar el juicio de Dios por nuestra incapacidad de ser fieles administradores del mundo que \u00e9l ha confiado a nuestro cuidado.\u00bb<\/p>\n<p>[\/et_pb_text][\/et_pb_column][\/et_pb_row][et_pb_row use_custom_gutter=&#8221;on&#8221; gutter_width=&#8221;1&#8243; _builder_version=&#8221;4.11.3&#8243; _module_preset=&#8221;default&#8221; global_colors_info=&#8221;{}&#8221;][et_pb_column type=&#8221;4_4&#8243; _builder_version=&#8221;4.11.3&#8243; _module_preset=&#8221;default&#8221; global_colors_info=&#8221;{}&#8221;][et_pb_gallery gallery_ids=&#8221;13211,13214,13217,13220,13223,13226,13229,13232,13238,13241,13244,13247&#8243; gallery_orderby=&#8221;rand&#8221; posts_number=&#8221;12&#8243; show_title_and_caption=&#8221;off&#8221; _builder_version=&#8221;4.11.3&#8243; _module_preset=&#8221;default&#8221; border_width_all=&#8221;1px&#8221; border_color_all=&#8221;#FFFFFF&#8221; global_colors_info=&#8221;{}&#8221;][\/et_pb_gallery][\/et_pb_column][\/et_pb_row][et_pb_row _builder_version=&#8221;4.11.3&#8243; _module_preset=&#8221;default&#8221; global_colors_info=&#8221;{}&#8221;][et_pb_column type=&#8221;4_4&#8243; _builder_version=&#8221;4.11.3&#8243; _module_preset=&#8221;default&#8221; global_colors_info=&#8221;{}&#8221;][et_pb_text _builder_version=&#8221;4.11.3&#8243; _module_preset=&#8221;default&#8221; hover_enabled=&#8221;0&#8243; global_colors_info=&#8221;{}&#8221; sticky_enabled=&#8221;0&#8243;]<\/p>\n<p><strong><\/strong><\/p>\n<p><strong><\/strong><\/p>\n<h4 style=\"text-align: right;\"><strong>Br. Angelito Cortez, OFM<br \/><\/strong>JPIC Office &#8211; Rome<\/h4>\n<p>[\/et_pb_text][\/et_pb_column][\/et_pb_row][\/et_pb_section]<\/p>\n","protected":false},"excerpt":{"rendered":"<p>As Franciscans who actively participated in COP26, dreaming, hoping, and calling that COP26 will involve faith groups in climate negotiations and encourage our church leaders to walk the talk and promote ecological lifestyles <\/p>\n","protected":false},"author":4,"featured_media":13205,"comment_status":"open","ping_status":"open","sticky":true,"template":"","format":"standard","meta":{"_acf_changed":false,"_et_pb_use_builder":"on","_et_pb_old_content":"","_et_gb_content_width":"","footnotes":""},"categories":[570,485,41,884,593,424,546,664],"tags":[877,487,182,63,548,573,575],"class_list":["post-13254","post","type-post","status-publish","format-standard","has-post-thumbnail","hentry","category-accion-climatica-en","category-climate-action","category-cop-2","category-cop-en","category-derechos-humanos-en","category-integral-ecology","category-justicia-climatica-en","category-lsrevolution-en","tag-cop26-2-en","tag-cop26","tag-human-rights","tag-jpic-2","tag-jpic-en","tag-laudato-si-en-2","tag-ofmjpic-en"],"acf":[],"yoast_head":"<!-- This site is optimized with the Yoast SEO plugin v28.4 - https:\/\/yoast.com\/product\/yoast-seo-wordpress\/ -->\n<title>The Franciscan dream and journey @cop26 (Glasgow) - OFM JPIC<\/title>\n<meta name=\"robots\" content=\"index, follow, max-snippet:-1, max-image-preview:large, max-video-preview:-1\" \/>\n<link rel=\"canonical\" href=\"https:\/\/ofmjpic.org\/en\/the-franciscan-dream-and-journey-cop26-glasgow\/\" \/>\n<meta property=\"og:locale\" content=\"en_US\" \/>\n<meta property=\"og:type\" content=\"article\" \/>\n<meta property=\"og:title\" content=\"The Franciscan dream and journey @cop26 (Glasgow) - OFM JPIC\" \/>\n<meta property=\"og:description\" content=\"As Franciscans who actively participated in COP26, dreaming, hoping, and calling that COP26 will involve faith groups in climate negotiations and encourage our church leaders to walk the talk and promote ecological lifestyles\" \/>\n<meta property=\"og:url\" content=\"https:\/\/ofmjpic.org\/en\/the-franciscan-dream-and-journey-cop26-glasgow\/\" \/>\n<meta property=\"og:site_name\" content=\"OFM JPIC\" \/>\n<meta property=\"article:publisher\" content=\"https:\/\/www.facebook.com\/ofmjpic\/\" \/>\n<meta property=\"article:published_time\" content=\"2021-11-15T10:21:00+00:00\" \/>\n<meta property=\"article:modified_time\" content=\"2021-11-30T11:03:58+00:00\" \/>\n<meta property=\"og:image\" content=\"https:\/\/ofmjpic.org\/wp-content\/uploads\/2021\/11\/Portada-Noticias-2-ofmjpic.org-44.png\" \/>\n\t<meta property=\"og:image:width\" content=\"800\" \/>\n\t<meta property=\"og:image:height\" content=\"400\" \/>\n\t<meta property=\"og:image:type\" content=\"image\/png\" \/>\n<meta name=\"author\" content=\"Jaime Campos\" \/>\n<meta name=\"twitter:card\" content=\"summary_large_image\" \/>\n<meta name=\"twitter:label1\" content=\"Written by\" \/>\n\t<meta name=\"twitter:data1\" content=\"Jaime Campos\" \/>\n\t<meta name=\"twitter:label2\" content=\"Est. reading time\" \/>\n\t<meta name=\"twitter:data2\" content=\"7 minutes\" \/>\n<script type=\"application\/ld+json\" class=\"yoast-schema-graph\">{\"@context\":\"https:\\\/\\\/schema.org\",\"@graph\":[{\"@type\":\"Article\",\"@id\":\"https:\\\/\\\/ofmjpic.org\\\/en\\\/the-franciscan-dream-and-journey-cop26-glasgow\\\/#article\",\"isPartOf\":{\"@id\":\"https:\\\/\\\/ofmjpic.org\\\/en\\\/the-franciscan-dream-and-journey-cop26-glasgow\\\/\"},\"author\":{\"name\":\"Jaime Campos\",\"@id\":\"https:\\\/\\\/ofmjpic.org\\\/en\\\/#\\\/schema\\\/person\\\/b94707ec5fc5af84d2d88e5f946184fb\"},\"headline\":\"The Franciscan dream and journey @cop26 (Glasgow)\",\"datePublished\":\"2021-11-15T10:21:00+00:00\",\"dateModified\":\"2021-11-30T11:03:58+00:00\",\"mainEntityOfPage\":{\"@id\":\"https:\\\/\\\/ofmjpic.org\\\/en\\\/the-franciscan-dream-and-journey-cop26-glasgow\\\/\"},\"wordCount\":1410,\"commentCount\":0,\"publisher\":{\"@id\":\"https:\\\/\\\/ofmjpic.org\\\/en\\\/#organization\"},\"image\":{\"@id\":\"https:\\\/\\\/ofmjpic.org\\\/en\\\/the-franciscan-dream-and-journey-cop26-glasgow\\\/#primaryimage\"},\"thumbnailUrl\":\"https:\\\/\\\/ofmjpic.org\\\/wp-content\\\/uploads\\\/2021\\\/11\\\/Portada-Noticias-2-ofmjpic.org-44.png\",\"keywords\":[\"cop26\",\"Cop26\",\"human rights\",\"JPIC\",\"jpic\",\"laudato si\",\"ofmjpic\"],\"articleSection\":[\"Acci\u00f3n clim\u00e1tica\",\"Climate Action\",\"COP\",\"COP\",\"Derechos humanos\",\"Integral Ecology\",\"Justicia clim\u00e1tica\",\"LSRevolution\"],\"inLanguage\":\"en-US\",\"potentialAction\":[{\"@type\":\"CommentAction\",\"name\":\"Comment\",\"target\":[\"https:\\\/\\\/ofmjpic.org\\\/en\\\/the-franciscan-dream-and-journey-cop26-glasgow\\\/#respond\"]}]},{\"@type\":\"WebPage\",\"@id\":\"https:\\\/\\\/ofmjpic.org\\\/en\\\/the-franciscan-dream-and-journey-cop26-glasgow\\\/\",\"url\":\"https:\\\/\\\/ofmjpic.org\\\/en\\\/the-franciscan-dream-and-journey-cop26-glasgow\\\/\",\"name\":\"The Franciscan dream and journey @cop26 (Glasgow) - OFM JPIC\",\"isPartOf\":{\"@id\":\"https:\\\/\\\/ofmjpic.org\\\/en\\\/#website\"},\"primaryImageOfPage\":{\"@id\":\"https:\\\/\\\/ofmjpic.org\\\/en\\\/the-franciscan-dream-and-journey-cop26-glasgow\\\/#primaryimage\"},\"image\":{\"@id\":\"https:\\\/\\\/ofmjpic.org\\\/en\\\/the-franciscan-dream-and-journey-cop26-glasgow\\\/#primaryimage\"},\"thumbnailUrl\":\"https:\\\/\\\/ofmjpic.org\\\/wp-content\\\/uploads\\\/2021\\\/11\\\/Portada-Noticias-2-ofmjpic.org-44.png\",\"datePublished\":\"2021-11-15T10:21:00+00:00\",\"dateModified\":\"2021-11-30T11:03:58+00:00\",\"breadcrumb\":{\"@id\":\"https:\\\/\\\/ofmjpic.org\\\/en\\\/the-franciscan-dream-and-journey-cop26-glasgow\\\/#breadcrumb\"},\"inLanguage\":\"en-US\",\"potentialAction\":[{\"@type\":\"ReadAction\",\"target\":[\"https:\\\/\\\/ofmjpic.org\\\/en\\\/the-franciscan-dream-and-journey-cop26-glasgow\\\/\"]}]},{\"@type\":\"ImageObject\",\"inLanguage\":\"en-US\",\"@id\":\"https:\\\/\\\/ofmjpic.org\\\/en\\\/the-franciscan-dream-and-journey-cop26-glasgow\\\/#primaryimage\",\"url\":\"https:\\\/\\\/ofmjpic.org\\\/wp-content\\\/uploads\\\/2021\\\/11\\\/Portada-Noticias-2-ofmjpic.org-44.png\",\"contentUrl\":\"https:\\\/\\\/ofmjpic.org\\\/wp-content\\\/uploads\\\/2021\\\/11\\\/Portada-Noticias-2-ofmjpic.org-44.png\",\"width\":800,\"height\":400},{\"@type\":\"BreadcrumbList\",\"@id\":\"https:\\\/\\\/ofmjpic.org\\\/en\\\/the-franciscan-dream-and-journey-cop26-glasgow\\\/#breadcrumb\",\"itemListElement\":[{\"@type\":\"ListItem\",\"position\":1,\"name\":\"Portada\",\"item\":\"https:\\\/\\\/ofmjpic.org\\\/en\\\/\"},{\"@type\":\"ListItem\",\"position\":2,\"name\":\"The Franciscan dream and journey @cop26 (Glasgow)\"}]},{\"@type\":\"WebSite\",\"@id\":\"https:\\\/\\\/ofmjpic.org\\\/en\\\/#website\",\"url\":\"https:\\\/\\\/ofmjpic.org\\\/en\\\/\",\"name\":\"OFM Justice, Peace and Integrity of Creation\",\"description\":\"\",\"publisher\":{\"@id\":\"https:\\\/\\\/ofmjpic.org\\\/en\\\/#organization\"},\"potentialAction\":[{\"@type\":\"SearchAction\",\"target\":{\"@type\":\"EntryPoint\",\"urlTemplate\":\"https:\\\/\\\/ofmjpic.org\\\/en\\\/?s={search_term_string}\"},\"query-input\":{\"@type\":\"PropertyValueSpecification\",\"valueRequired\":true,\"valueName\":\"search_term_string\"}}],\"inLanguage\":\"en-US\"},{\"@type\":\"Organization\",\"@id\":\"https:\\\/\\\/ofmjpic.org\\\/en\\\/#organization\",\"name\":\"General office for Justice, Peace and Integrity of Creation\",\"url\":\"https:\\\/\\\/ofmjpic.org\\\/en\\\/\",\"logo\":{\"@type\":\"ImageObject\",\"inLanguage\":\"en-US\",\"@id\":\"https:\\\/\\\/ofmjpic.org\\\/en\\\/#\\\/schema\\\/logo\\\/image\\\/\",\"url\":\"https:\\\/\\\/ofmjpic.org\\\/wp-content\\\/uploads\\\/2018\\\/08\\\/ES_JPIC_Logo_.png\",\"contentUrl\":\"https:\\\/\\\/ofmjpic.org\\\/wp-content\\\/uploads\\\/2018\\\/08\\\/ES_JPIC_Logo_.png\",\"width\":3957,\"height\":4082,\"caption\":\"General office for Justice, Peace and Integrity of Creation\"},\"image\":{\"@id\":\"https:\\\/\\\/ofmjpic.org\\\/en\\\/#\\\/schema\\\/logo\\\/image\\\/\"},\"sameAs\":[\"https:\\\/\\\/www.facebook.com\\\/ofmjpic\\\/\",\"https:\\\/\\\/www.instagram.com\\\/ofmjpic\\\/\"]},{\"@type\":\"Person\",\"@id\":\"https:\\\/\\\/ofmjpic.org\\\/en\\\/#\\\/schema\\\/person\\\/b94707ec5fc5af84d2d88e5f946184fb\",\"name\":\"Jaime Campos\",\"url\":\"https:\\\/\\\/ofmjpic.org\\\/en\\\/author\\\/jcampos\\\/\"}]}<\/script>\n<!-- \/ Yoast SEO plugin. -->","yoast_head_json":{"title":"The Franciscan dream and journey @cop26 (Glasgow) - OFM JPIC","robots":{"index":"index","follow":"follow","max-snippet":"max-snippet:-1","max-image-preview":"max-image-preview:large","max-video-preview":"max-video-preview:-1"},"canonical":"https:\/\/ofmjpic.org\/en\/the-franciscan-dream-and-journey-cop26-glasgow\/","og_locale":"en_US","og_type":"article","og_title":"The Franciscan dream and journey @cop26 (Glasgow) - OFM JPIC","og_description":"As Franciscans who actively participated in COP26, dreaming, hoping, and calling that COP26 will involve faith groups in climate negotiations and encourage our church leaders to walk the talk and promote ecological lifestyles","og_url":"https:\/\/ofmjpic.org\/en\/the-franciscan-dream-and-journey-cop26-glasgow\/","og_site_name":"OFM JPIC","article_publisher":"https:\/\/www.facebook.com\/ofmjpic\/","article_published_time":"2021-11-15T10:21:00+00:00","article_modified_time":"2021-11-30T11:03:58+00:00","og_image":[{"width":800,"height":400,"url":"https:\/\/ofmjpic.org\/wp-content\/uploads\/2021\/11\/Portada-Noticias-2-ofmjpic.org-44.png","type":"image\/png"}],"author":"Jaime Campos","twitter_card":"summary_large_image","twitter_misc":{"Written by":"Jaime Campos","Est. reading time":"7 minutes"},"schema":{"@context":"https:\/\/schema.org","@graph":[{"@type":"Article","@id":"https:\/\/ofmjpic.org\/en\/the-franciscan-dream-and-journey-cop26-glasgow\/#article","isPartOf":{"@id":"https:\/\/ofmjpic.org\/en\/the-franciscan-dream-and-journey-cop26-glasgow\/"},"author":{"name":"Jaime Campos","@id":"https:\/\/ofmjpic.org\/en\/#\/schema\/person\/b94707ec5fc5af84d2d88e5f946184fb"},"headline":"The Franciscan dream and journey @cop26 (Glasgow)","datePublished":"2021-11-15T10:21:00+00:00","dateModified":"2021-11-30T11:03:58+00:00","mainEntityOfPage":{"@id":"https:\/\/ofmjpic.org\/en\/the-franciscan-dream-and-journey-cop26-glasgow\/"},"wordCount":1410,"commentCount":0,"publisher":{"@id":"https:\/\/ofmjpic.org\/en\/#organization"},"image":{"@id":"https:\/\/ofmjpic.org\/en\/the-franciscan-dream-and-journey-cop26-glasgow\/#primaryimage"},"thumbnailUrl":"https:\/\/ofmjpic.org\/wp-content\/uploads\/2021\/11\/Portada-Noticias-2-ofmjpic.org-44.png","keywords":["cop26","Cop26","human rights","JPIC","jpic","laudato si","ofmjpic"],"articleSection":["Acci\u00f3n clim\u00e1tica","Climate Action","COP","COP","Derechos humanos","Integral Ecology","Justicia clim\u00e1tica","LSRevolution"],"inLanguage":"en-US","potentialAction":[{"@type":"CommentAction","name":"Comment","target":["https:\/\/ofmjpic.org\/en\/the-franciscan-dream-and-journey-cop26-glasgow\/#respond"]}]},{"@type":"WebPage","@id":"https:\/\/ofmjpic.org\/en\/the-franciscan-dream-and-journey-cop26-glasgow\/","url":"https:\/\/ofmjpic.org\/en\/the-franciscan-dream-and-journey-cop26-glasgow\/","name":"The Franciscan dream and journey @cop26 (Glasgow) - OFM JPIC","isPartOf":{"@id":"https:\/\/ofmjpic.org\/en\/#website"},"primaryImageOfPage":{"@id":"https:\/\/ofmjpic.org\/en\/the-franciscan-dream-and-journey-cop26-glasgow\/#primaryimage"},"image":{"@id":"https:\/\/ofmjpic.org\/en\/the-franciscan-dream-and-journey-cop26-glasgow\/#primaryimage"},"thumbnailUrl":"https:\/\/ofmjpic.org\/wp-content\/uploads\/2021\/11\/Portada-Noticias-2-ofmjpic.org-44.png","datePublished":"2021-11-15T10:21:00+00:00","dateModified":"2021-11-30T11:03:58+00:00","breadcrumb":{"@id":"https:\/\/ofmjpic.org\/en\/the-franciscan-dream-and-journey-cop26-glasgow\/#breadcrumb"},"inLanguage":"en-US","potentialAction":[{"@type":"ReadAction","target":["https:\/\/ofmjpic.org\/en\/the-franciscan-dream-and-journey-cop26-glasgow\/"]}]},{"@type":"ImageObject","inLanguage":"en-US","@id":"https:\/\/ofmjpic.org\/en\/the-franciscan-dream-and-journey-cop26-glasgow\/#primaryimage","url":"https:\/\/ofmjpic.org\/wp-content\/uploads\/2021\/11\/Portada-Noticias-2-ofmjpic.org-44.png","contentUrl":"https:\/\/ofmjpic.org\/wp-content\/uploads\/2021\/11\/Portada-Noticias-2-ofmjpic.org-44.png","width":800,"height":400},{"@type":"BreadcrumbList","@id":"https:\/\/ofmjpic.org\/en\/the-franciscan-dream-and-journey-cop26-glasgow\/#breadcrumb","itemListElement":[{"@type":"ListItem","position":1,"name":"Portada","item":"https:\/\/ofmjpic.org\/en\/"},{"@type":"ListItem","position":2,"name":"The Franciscan dream and journey @cop26 (Glasgow)"}]},{"@type":"WebSite","@id":"https:\/\/ofmjpic.org\/en\/#website","url":"https:\/\/ofmjpic.org\/en\/","name":"OFM Justice, Peace and Integrity of Creation","description":"","publisher":{"@id":"https:\/\/ofmjpic.org\/en\/#organization"},"potentialAction":[{"@type":"SearchAction","target":{"@type":"EntryPoint","urlTemplate":"https:\/\/ofmjpic.org\/en\/?s={search_term_string}"},"query-input":{"@type":"PropertyValueSpecification","valueRequired":true,"valueName":"search_term_string"}}],"inLanguage":"en-US"},{"@type":"Organization","@id":"https:\/\/ofmjpic.org\/en\/#organization","name":"General office for Justice, Peace and Integrity of Creation","url":"https:\/\/ofmjpic.org\/en\/","logo":{"@type":"ImageObject","inLanguage":"en-US","@id":"https:\/\/ofmjpic.org\/en\/#\/schema\/logo\/image\/","url":"https:\/\/ofmjpic.org\/wp-content\/uploads\/2018\/08\/ES_JPIC_Logo_.png","contentUrl":"https:\/\/ofmjpic.org\/wp-content\/uploads\/2018\/08\/ES_JPIC_Logo_.png","width":3957,"height":4082,"caption":"General office for Justice, Peace and Integrity of Creation"},"image":{"@id":"https:\/\/ofmjpic.org\/en\/#\/schema\/logo\/image\/"},"sameAs":["https:\/\/www.facebook.com\/ofmjpic\/","https:\/\/www.instagram.com\/ofmjpic\/"]},{"@type":"Person","@id":"https:\/\/ofmjpic.org\/en\/#\/schema\/person\/b94707ec5fc5af84d2d88e5f946184fb","name":"Jaime Campos","url":"https:\/\/ofmjpic.org\/en\/author\/jcampos\/"}]}},"_links":{"self":[{"href":"https:\/\/ofmjpic.org\/en\/wp-json\/wp\/v2\/posts\/13254","targetHints":{"allow":["GET"]}}],"collection":[{"href":"https:\/\/ofmjpic.org\/en\/wp-json\/wp\/v2\/posts"}],"about":[{"href":"https:\/\/ofmjpic.org\/en\/wp-json\/wp\/v2\/types\/post"}],"author":[{"embeddable":true,"href":"https:\/\/ofmjpic.org\/en\/wp-json\/wp\/v2\/users\/4"}],"replies":[{"embeddable":true,"href":"https:\/\/ofmjpic.org\/en\/wp-json\/wp\/v2\/comments?post=13254"}],"version-history":[{"count":0,"href":"https:\/\/ofmjpic.org\/en\/wp-json\/wp\/v2\/posts\/13254\/revisions"}],"wp:featuredmedia":[{"embeddable":true,"href":"https:\/\/ofmjpic.org\/en\/wp-json\/wp\/v2\/media\/13205"}],"wp:attachment":[{"href":"https:\/\/ofmjpic.org\/en\/wp-json\/wp\/v2\/media?parent=13254"}],"wp:term":[{"taxonomy":"category","embeddable":true,"href":"https:\/\/ofmjpic.org\/en\/wp-json\/wp\/v2\/categories?post=13254"},{"taxonomy":"post_tag","embeddable":true,"href":"https:\/\/ofmjpic.org\/en\/wp-json\/wp\/v2\/tags?post=13254"}],"curies":[{"name":"wp","href":"https:\/\/api.w.org\/{rel}","templated":true}]}}