{"id":12840,"date":"2021-10-02T10:26:10","date_gmt":"2021-10-02T10:26:10","guid":{"rendered":"https:\/\/www.ofmjpic.org\/plataforma-de-accion-laudato-si-se-complace-en-compartir-informacion-actualizada-sobre-los-proximos-pasos-en-este-camino\/"},"modified":"2021-10-02T10:46:55","modified_gmt":"2021-10-02T10:46:55","slug":"the-laudato-si-action-platform-is-grateful-to-share-some-updated-information-on-the-next-steps-in-the-journey","status":"publish","type":"post","link":"https:\/\/ofmjpic.org\/en\/the-laudato-si-action-platform-is-grateful-to-share-some-updated-information-on-the-next-steps-in-the-journey\/","title":{"rendered":"The Laudato Si\u2019 Action Platform is grateful to share some updated information on the next steps in the journey"},"content":{"rendered":"<p>[et_pb_section fb_built=&#8221;1&#8243; _builder_version=&#8221;4.10.8&#8243; _module_preset=&#8221;default&#8221; global_colors_info=&#8221;{}&#8221;][et_pb_row column_structure=&#8221;3_5,2_5&#8243; _builder_version=&#8221;4.10.8&#8243; _module_preset=&#8221;default&#8221; global_colors_info=&#8221;{}&#8221;][et_pb_column type=&#8221;3_5&#8243; _builder_version=&#8221;4.10.8&#8243; _module_preset=&#8221;default&#8221; global_colors_info=&#8221;{}&#8221;][et_pb_text _builder_version=&#8221;4.10.8&#8243; _module_preset=&#8221;default&#8221; hover_enabled=&#8221;0&#8243; global_colors_info=&#8221;{}&#8221; sticky_enabled=&#8221;0&#8243;]<\/p>\n<blockquote>\n<h2 style=\"text-align: justify;\"><span style=\"color: #993300;\"><strong>As we embark on a transformative journey to total sustainability in the spirit of Laudato Si\u2019, the\u00a0Laudato Si\u2019 Action Platform\u00a0is grateful to share some updated information on the next steps in the journey.<\/strong><\/span><\/h2>\n<\/blockquote>\n<p style=\"text-align: justify;\">Nearly 200 partner organizations have been working together to shape the Laudato Si\u2019 Action Platform, and already communities across the world are pledging their commitment to respond to the call of Laudato Si\u2019 by discerning and implementing a concrete plan with the help of the Laudato Si\u2019 Planning Guides.<\/p>\n<p style=\"text-align: justify;\">The synodal process of developing the Laudato Si\u2019 Action Platform has been tremendously rich. The co-leadership of the working group members has inspired the evolution and expansion of the program and, in recent weeks, we have sensed that the Holy Spirit is inviting the Laudato Si\u2019 Action Platform team to continue building on the dynamic conversations taking place among these partners.<\/p>\n<p style=\"text-align: justify;\">In response, the date for registering your family, community group, or institution to create your Laudato Si\u2019 Plan has been extended to 14 November, the World Day of Prayer for the Poor.<\/p>\n<p>[\/et_pb_text][\/et_pb_column][et_pb_column type=&#8221;2_5&#8243; _builder_version=&#8221;4.10.8&#8243; _module_preset=&#8221;default&#8221; global_colors_info=&#8221;{}&#8221;][et_pb_image src=&#8221;http:\/\/www.ofmjpic.org\/wp-content\/uploads\/2021\/10\/EN_COVER_STORY.png&#8221; title_text=&#8221;EN_COVER_STORY&#8221; _builder_version=&#8221;4.10.8&#8243; _module_preset=&#8221;default&#8221; animation_style=&#8221;zoom&#8221; hover_enabled=&#8221;0&#8243; global_colors_info=&#8221;{}&#8221; sticky_enabled=&#8221;0&#8243;][\/et_pb_image][et_pb_button button_url=&#8221;https:\/\/drive.google.com\/drive\/folders\/1MOXI2eoNu-7aQ-YMeXGqrEcWOTDoHpPZ?usp=sharing&#8221; url_new_window=&#8221;on&#8221; button_text=&#8221;Download Prayer for every day&#8221; button_alignment=&#8221;center&#8221; _builder_version=&#8221;4.10.8&#8243; _module_preset=&#8221;default&#8221; hover_enabled=&#8221;0&#8243; global_colors_info=&#8221;{}&#8221; sticky_enabled=&#8221;0&#8243;][\/et_pb_button][\/et_pb_column][\/et_pb_row][et_pb_row _builder_version=&#8221;4.10.8&#8243; _module_preset=&#8221;default&#8221; global_colors_info=&#8221;{}&#8221;][et_pb_column type=&#8221;4_4&#8243; _builder_version=&#8221;4.10.8&#8243; _module_preset=&#8221;default&#8221; global_colors_info=&#8221;{}&#8221;][et_pb_text _builder_version=&#8221;4.10.8&#8243; _module_preset=&#8221;default&#8221; hover_enabled=&#8221;0&#8243; global_colors_info=&#8221;{}&#8221; sticky_enabled=&#8221;0&#8243;]<\/p>\n<p style=\"text-align: justify;\"><span>Many groups are already well on the way to creating their Laudato Si\u2019 Plan, while others are taking the first steps on the path of \u201cecological conversion.\u201d We hope that offering additional resources in November, rather than in October, will allow the wonderfully collaborative processes that are now taking place to flourish. The Holy Spirit calls us all to work in communion and to \u201cweave bonds of belonging and togetherness,\u201d and that is a call to which the Laudato Si\u2019 Action Platform\u00a0 happily responds. (LS 149)<\/span><\/p>\n<blockquote>\n<p style=\"text-align: justify;\"><strong>4 October remains a precious day in the Church and in our journey together, a day to celebrate St Francis of Assisi, who \u201cinvites us to see nature as a magnificent book in which God speaks to us.\u201d (LS 12) To mark this day, and to help us prayerfully prepare for the path ahead, we invite you to join us in 40 days of prayer for the worldwide community walking the Laudao Si\u2019 path together.<\/strong><\/p>\n<\/blockquote>\n<p style=\"text-align: justify;\">You are warmly invited to pray for the 40 days between 4 October, the Feast of St. Francis, and 14 November. 14 November is the World Day of Prayer for the Poor, and the launch of new planning materials on the Laudato Si\u2019 Action Platform.<\/p>\n<p style=\"text-align: justify;\">Prayers for the seven sectors served by the Laudato Si\u2019 Action Platform are available to download <a href=\"https:\/\/drive.google.com\/file\/d\/13jMGezSGMfwJMUM6V6MB1P4YwydKzHNN\/view?usp=sharing\">here<\/a>.<\/p>\n<p style=\"text-align: justify;\">Please feel free to download the individual prayer for your sector <a href=\"https:\/\/drive.google.com\/drive\/folders\/1Eyc8csWkST457mjIWSzssWq06iM4uhkZ?usp=sharing\">here<\/a>.<\/p>\n<p style=\"text-align: justify;\">You are warmly welcomed to share these prayers in your network.<\/p>\n<p style=\"text-align: justify;\">An early library of resources and a list of events, all generously offered by the network of partner organizations that are co-creators of the Laudato Si\u2019 Action Platform, will be available from 4 October. Please use these resources freely by clicking on the Resources and Events pages.<\/p>\n<p style=\"text-align: justify;\">It is the deepest prayer of the Laudato Si\u2019 Action Platform team that this extended period of preparation will be a time of fruitful reflection and abundant blessings, as we join together as a united Catholic family on the journey to sustainability in the holistic spirit of Laudato Si\u2019.<\/p>\n<p style=\"text-align: right;\">Source: <a href=\"https:\/\/laudatosiactionplatform.org\/\" target=\"_blank\" rel=\"noopener\">Laudato Si&#8217; Action Platform<\/a><\/p>\n<p>[\/et_pb_text][\/et_pb_column][\/et_pb_row][\/et_pb_section]<\/p>\n","protected":false},"excerpt":{"rendered":"<p>Nearly 200 partner organizations have been working together to shape the Laudato Si\u2019 Action Platform<\/p>\n","protected":false},"author":4,"featured_media":12833,"comment_status":"open","ping_status":"open","sticky":true,"template":"","format":"standard","meta":{"_acf_changed":false,"_et_pb_use_builder":"on","_et_pb_old_content":"","_et_gb_content_width":"","footnotes":""},"categories":[570,571,424,664],"tags":[572,875,96,573,665,575],"class_list":["post-12840","post","type-post","status-publish","format-standard","has-post-thumbnail","hentry","category-accion-climatica-en","category-ecologia-integral-2-en","category-integral-ecology","category-lsrevolution-en","tag-ecologia-intergral-en","tag-integridad-de-la-creacion-en","tag-integrity-of-creation","tag-laudato-si-en-2","tag-lsrevolution","tag-ofmjpic-en"],"acf":[],"yoast_head":"<!-- This site is optimized with the Yoast SEO plugin v28.4 - https:\/\/yoast.com\/product\/yoast-seo-wordpress\/ -->\n<title>The Laudato Si\u2019 Action Platform is grateful to share some updated information on the next steps in the journey - OFM JPIC<\/title>\n<meta name=\"robots\" content=\"index, follow, max-snippet:-1, max-image-preview:large, max-video-preview:-1\" \/>\n<link rel=\"canonical\" href=\"https:\/\/ofmjpic.org\/en\/the-laudato-si-action-platform-is-grateful-to-share-some-updated-information-on-the-next-steps-in-the-journey\/\" \/>\n<meta property=\"og:locale\" content=\"en_US\" \/>\n<meta property=\"og:type\" content=\"article\" \/>\n<meta property=\"og:title\" content=\"The Laudato Si\u2019 Action Platform is grateful to share some updated information on the next steps in the journey - OFM JPIC\" \/>\n<meta property=\"og:description\" content=\"Nearly 200 partner organizations have been working together to shape the Laudato Si\u2019 Action Platform\" \/>\n<meta property=\"og:url\" content=\"https:\/\/ofmjpic.org\/en\/the-laudato-si-action-platform-is-grateful-to-share-some-updated-information-on-the-next-steps-in-the-journey\/\" \/>\n<meta property=\"og:site_name\" content=\"OFM JPIC\" \/>\n<meta property=\"article:publisher\" content=\"https:\/\/www.facebook.com\/ofmjpic\/\" \/>\n<meta property=\"article:published_time\" content=\"2021-10-02T10:26:10+00:00\" \/>\n<meta property=\"article:modified_time\" content=\"2021-10-02T10:46:55+00:00\" \/>\n<meta property=\"og:image\" content=\"https:\/\/ofmjpic.org\/wp-content\/uploads\/2021\/10\/Portada-Noticias-2-ofmjpic.org-35.png\" \/>\n\t<meta property=\"og:image:width\" content=\"800\" \/>\n\t<meta property=\"og:image:height\" content=\"400\" \/>\n\t<meta property=\"og:image:type\" content=\"image\/png\" \/>\n<meta name=\"author\" content=\"Jaime Campos\" \/>\n<meta name=\"twitter:card\" content=\"summary_large_image\" \/>\n<meta name=\"twitter:label1\" content=\"Written by\" \/>\n\t<meta name=\"twitter:data1\" content=\"Jaime Campos\" \/>\n\t<meta name=\"twitter:label2\" content=\"Est. reading time\" \/>\n\t<meta name=\"twitter:data2\" content=\"4 minutes\" \/>\n<script type=\"application\/ld+json\" class=\"yoast-schema-graph\">{\"@context\":\"https:\\\/\\\/schema.org\",\"@graph\":[{\"@type\":\"Article\",\"@id\":\"https:\\\/\\\/ofmjpic.org\\\/en\\\/the-laudato-si-action-platform-is-grateful-to-share-some-updated-information-on-the-next-steps-in-the-journey\\\/#article\",\"isPartOf\":{\"@id\":\"https:\\\/\\\/ofmjpic.org\\\/en\\\/the-laudato-si-action-platform-is-grateful-to-share-some-updated-information-on-the-next-steps-in-the-journey\\\/\"},\"author\":{\"name\":\"Jaime Campos\",\"@id\":\"https:\\\/\\\/ofmjpic.org\\\/en\\\/#\\\/schema\\\/person\\\/b94707ec5fc5af84d2d88e5f946184fb\"},\"headline\":\"The Laudato Si\u2019 Action Platform is grateful to share some updated information on the next steps in the journey\",\"datePublished\":\"2021-10-02T10:26:10+00:00\",\"dateModified\":\"2021-10-02T10:46:55+00:00\",\"mainEntityOfPage\":{\"@id\":\"https:\\\/\\\/ofmjpic.org\\\/en\\\/the-laudato-si-action-platform-is-grateful-to-share-some-updated-information-on-the-next-steps-in-the-journey\\\/\"},\"wordCount\":741,\"commentCount\":0,\"publisher\":{\"@id\":\"https:\\\/\\\/ofmjpic.org\\\/en\\\/#organization\"},\"image\":{\"@id\":\"https:\\\/\\\/ofmjpic.org\\\/en\\\/the-laudato-si-action-platform-is-grateful-to-share-some-updated-information-on-the-next-steps-in-the-journey\\\/#primaryimage\"},\"thumbnailUrl\":\"https:\\\/\\\/ofmjpic.org\\\/wp-content\\\/uploads\\\/2021\\\/10\\\/Portada-Noticias-2-ofmjpic.org-35.png\",\"keywords\":[\"ecologia intergral\",\"integridad de la creacion\",\"Integrity of Creation\",\"laudato si\",\"LSRevolution\",\"ofmjpic\"],\"articleSection\":[\"Acci\u00f3n clim\u00e1tica\",\"Ecolog\u00eda Integral\",\"Integral Ecology\",\"LSRevolution\"],\"inLanguage\":\"en-US\",\"potentialAction\":[{\"@type\":\"CommentAction\",\"name\":\"Comment\",\"target\":[\"https:\\\/\\\/ofmjpic.org\\\/en\\\/the-laudato-si-action-platform-is-grateful-to-share-some-updated-information-on-the-next-steps-in-the-journey\\\/#respond\"]}]},{\"@type\":\"WebPage\",\"@id\":\"https:\\\/\\\/ofmjpic.org\\\/en\\\/the-laudato-si-action-platform-is-grateful-to-share-some-updated-information-on-the-next-steps-in-the-journey\\\/\",\"url\":\"https:\\\/\\\/ofmjpic.org\\\/en\\\/the-laudato-si-action-platform-is-grateful-to-share-some-updated-information-on-the-next-steps-in-the-journey\\\/\",\"name\":\"The Laudato Si\u2019 Action Platform is grateful to share some updated information on the next steps in the journey - OFM JPIC\",\"isPartOf\":{\"@id\":\"https:\\\/\\\/ofmjpic.org\\\/en\\\/#website\"},\"primaryImageOfPage\":{\"@id\":\"https:\\\/\\\/ofmjpic.org\\\/en\\\/the-laudato-si-action-platform-is-grateful-to-share-some-updated-information-on-the-next-steps-in-the-journey\\\/#primaryimage\"},\"image\":{\"@id\":\"https:\\\/\\\/ofmjpic.org\\\/en\\\/the-laudato-si-action-platform-is-grateful-to-share-some-updated-information-on-the-next-steps-in-the-journey\\\/#primaryimage\"},\"thumbnailUrl\":\"https:\\\/\\\/ofmjpic.org\\\/wp-content\\\/uploads\\\/2021\\\/10\\\/Portada-Noticias-2-ofmjpic.org-35.png\",\"datePublished\":\"2021-10-02T10:26:10+00:00\",\"dateModified\":\"2021-10-02T10:46:55+00:00\",\"breadcrumb\":{\"@id\":\"https:\\\/\\\/ofmjpic.org\\\/en\\\/the-laudato-si-action-platform-is-grateful-to-share-some-updated-information-on-the-next-steps-in-the-journey\\\/#breadcrumb\"},\"inLanguage\":\"en-US\",\"potentialAction\":[{\"@type\":\"ReadAction\",\"target\":[\"https:\\\/\\\/ofmjpic.org\\\/en\\\/the-laudato-si-action-platform-is-grateful-to-share-some-updated-information-on-the-next-steps-in-the-journey\\\/\"]}]},{\"@type\":\"ImageObject\",\"inLanguage\":\"en-US\",\"@id\":\"https:\\\/\\\/ofmjpic.org\\\/en\\\/the-laudato-si-action-platform-is-grateful-to-share-some-updated-information-on-the-next-steps-in-the-journey\\\/#primaryimage\",\"url\":\"https:\\\/\\\/ofmjpic.org\\\/wp-content\\\/uploads\\\/2021\\\/10\\\/Portada-Noticias-2-ofmjpic.org-35.png\",\"contentUrl\":\"https:\\\/\\\/ofmjpic.org\\\/wp-content\\\/uploads\\\/2021\\\/10\\\/Portada-Noticias-2-ofmjpic.org-35.png\",\"width\":800,\"height\":400},{\"@type\":\"BreadcrumbList\",\"@id\":\"https:\\\/\\\/ofmjpic.org\\\/en\\\/the-laudato-si-action-platform-is-grateful-to-share-some-updated-information-on-the-next-steps-in-the-journey\\\/#breadcrumb\",\"itemListElement\":[{\"@type\":\"ListItem\",\"position\":1,\"name\":\"Portada\",\"item\":\"https:\\\/\\\/ofmjpic.org\\\/en\\\/\"},{\"@type\":\"ListItem\",\"position\":2,\"name\":\"The Laudato Si\u2019 Action Platform is grateful to share some updated information on the next steps in the journey\"}]},{\"@type\":\"WebSite\",\"@id\":\"https:\\\/\\\/ofmjpic.org\\\/en\\\/#website\",\"url\":\"https:\\\/\\\/ofmjpic.org\\\/en\\\/\",\"name\":\"OFM Justice, Peace and Integrity of Creation\",\"description\":\"\",\"publisher\":{\"@id\":\"https:\\\/\\\/ofmjpic.org\\\/en\\\/#organization\"},\"potentialAction\":[{\"@type\":\"SearchAction\",\"target\":{\"@type\":\"EntryPoint\",\"urlTemplate\":\"https:\\\/\\\/ofmjpic.org\\\/en\\\/?s={search_term_string}\"},\"query-input\":{\"@type\":\"PropertyValueSpecification\",\"valueRequired\":true,\"valueName\":\"search_term_string\"}}],\"inLanguage\":\"en-US\"},{\"@type\":\"Organization\",\"@id\":\"https:\\\/\\\/ofmjpic.org\\\/en\\\/#organization\",\"name\":\"General office for Justice, Peace and Integrity of Creation\",\"url\":\"https:\\\/\\\/ofmjpic.org\\\/en\\\/\",\"logo\":{\"@type\":\"ImageObject\",\"inLanguage\":\"en-US\",\"@id\":\"https:\\\/\\\/ofmjpic.org\\\/en\\\/#\\\/schema\\\/logo\\\/image\\\/\",\"url\":\"https:\\\/\\\/ofmjpic.org\\\/wp-content\\\/uploads\\\/2018\\\/08\\\/ES_JPIC_Logo_.png\",\"contentUrl\":\"https:\\\/\\\/ofmjpic.org\\\/wp-content\\\/uploads\\\/2018\\\/08\\\/ES_JPIC_Logo_.png\",\"width\":3957,\"height\":4082,\"caption\":\"General office for Justice, Peace and Integrity of Creation\"},\"image\":{\"@id\":\"https:\\\/\\\/ofmjpic.org\\\/en\\\/#\\\/schema\\\/logo\\\/image\\\/\"},\"sameAs\":[\"https:\\\/\\\/www.facebook.com\\\/ofmjpic\\\/\",\"https:\\\/\\\/www.instagram.com\\\/ofmjpic\\\/\"]},{\"@type\":\"Person\",\"@id\":\"https:\\\/\\\/ofmjpic.org\\\/en\\\/#\\\/schema\\\/person\\\/b94707ec5fc5af84d2d88e5f946184fb\",\"name\":\"Jaime Campos\",\"url\":\"https:\\\/\\\/ofmjpic.org\\\/en\\\/author\\\/jcampos\\\/\"}]}<\/script>\n<!-- \/ Yoast SEO plugin. -->","yoast_head_json":{"title":"The Laudato Si\u2019 Action Platform is grateful to share some updated information on the next steps in the journey - OFM JPIC","robots":{"index":"index","follow":"follow","max-snippet":"max-snippet:-1","max-image-preview":"max-image-preview:large","max-video-preview":"max-video-preview:-1"},"canonical":"https:\/\/ofmjpic.org\/en\/the-laudato-si-action-platform-is-grateful-to-share-some-updated-information-on-the-next-steps-in-the-journey\/","og_locale":"en_US","og_type":"article","og_title":"The Laudato Si\u2019 Action Platform is grateful to share some updated information on the next steps in the journey - OFM JPIC","og_description":"Nearly 200 partner organizations have been working together to shape the Laudato Si\u2019 Action Platform","og_url":"https:\/\/ofmjpic.org\/en\/the-laudato-si-action-platform-is-grateful-to-share-some-updated-information-on-the-next-steps-in-the-journey\/","og_site_name":"OFM JPIC","article_publisher":"https:\/\/www.facebook.com\/ofmjpic\/","article_published_time":"2021-10-02T10:26:10+00:00","article_modified_time":"2021-10-02T10:46:55+00:00","og_image":[{"width":800,"height":400,"url":"https:\/\/ofmjpic.org\/wp-content\/uploads\/2021\/10\/Portada-Noticias-2-ofmjpic.org-35.png","type":"image\/png"}],"author":"Jaime Campos","twitter_card":"summary_large_image","twitter_misc":{"Written by":"Jaime Campos","Est. reading time":"4 minutes"},"schema":{"@context":"https:\/\/schema.org","@graph":[{"@type":"Article","@id":"https:\/\/ofmjpic.org\/en\/the-laudato-si-action-platform-is-grateful-to-share-some-updated-information-on-the-next-steps-in-the-journey\/#article","isPartOf":{"@id":"https:\/\/ofmjpic.org\/en\/the-laudato-si-action-platform-is-grateful-to-share-some-updated-information-on-the-next-steps-in-the-journey\/"},"author":{"name":"Jaime Campos","@id":"https:\/\/ofmjpic.org\/en\/#\/schema\/person\/b94707ec5fc5af84d2d88e5f946184fb"},"headline":"The Laudato Si\u2019 Action Platform is grateful to share some updated information on the next steps in the journey","datePublished":"2021-10-02T10:26:10+00:00","dateModified":"2021-10-02T10:46:55+00:00","mainEntityOfPage":{"@id":"https:\/\/ofmjpic.org\/en\/the-laudato-si-action-platform-is-grateful-to-share-some-updated-information-on-the-next-steps-in-the-journey\/"},"wordCount":741,"commentCount":0,"publisher":{"@id":"https:\/\/ofmjpic.org\/en\/#organization"},"image":{"@id":"https:\/\/ofmjpic.org\/en\/the-laudato-si-action-platform-is-grateful-to-share-some-updated-information-on-the-next-steps-in-the-journey\/#primaryimage"},"thumbnailUrl":"https:\/\/ofmjpic.org\/wp-content\/uploads\/2021\/10\/Portada-Noticias-2-ofmjpic.org-35.png","keywords":["ecologia intergral","integridad de la creacion","Integrity of Creation","laudato si","LSRevolution","ofmjpic"],"articleSection":["Acci\u00f3n clim\u00e1tica","Ecolog\u00eda Integral","Integral Ecology","LSRevolution"],"inLanguage":"en-US","potentialAction":[{"@type":"CommentAction","name":"Comment","target":["https:\/\/ofmjpic.org\/en\/the-laudato-si-action-platform-is-grateful-to-share-some-updated-information-on-the-next-steps-in-the-journey\/#respond"]}]},{"@type":"WebPage","@id":"https:\/\/ofmjpic.org\/en\/the-laudato-si-action-platform-is-grateful-to-share-some-updated-information-on-the-next-steps-in-the-journey\/","url":"https:\/\/ofmjpic.org\/en\/the-laudato-si-action-platform-is-grateful-to-share-some-updated-information-on-the-next-steps-in-the-journey\/","name":"The Laudato Si\u2019 Action Platform is grateful to share some updated information on the next steps in the journey - OFM JPIC","isPartOf":{"@id":"https:\/\/ofmjpic.org\/en\/#website"},"primaryImageOfPage":{"@id":"https:\/\/ofmjpic.org\/en\/the-laudato-si-action-platform-is-grateful-to-share-some-updated-information-on-the-next-steps-in-the-journey\/#primaryimage"},"image":{"@id":"https:\/\/ofmjpic.org\/en\/the-laudato-si-action-platform-is-grateful-to-share-some-updated-information-on-the-next-steps-in-the-journey\/#primaryimage"},"thumbnailUrl":"https:\/\/ofmjpic.org\/wp-content\/uploads\/2021\/10\/Portada-Noticias-2-ofmjpic.org-35.png","datePublished":"2021-10-02T10:26:10+00:00","dateModified":"2021-10-02T10:46:55+00:00","breadcrumb":{"@id":"https:\/\/ofmjpic.org\/en\/the-laudato-si-action-platform-is-grateful-to-share-some-updated-information-on-the-next-steps-in-the-journey\/#breadcrumb"},"inLanguage":"en-US","potentialAction":[{"@type":"ReadAction","target":["https:\/\/ofmjpic.org\/en\/the-laudato-si-action-platform-is-grateful-to-share-some-updated-information-on-the-next-steps-in-the-journey\/"]}]},{"@type":"ImageObject","inLanguage":"en-US","@id":"https:\/\/ofmjpic.org\/en\/the-laudato-si-action-platform-is-grateful-to-share-some-updated-information-on-the-next-steps-in-the-journey\/#primaryimage","url":"https:\/\/ofmjpic.org\/wp-content\/uploads\/2021\/10\/Portada-Noticias-2-ofmjpic.org-35.png","contentUrl":"https:\/\/ofmjpic.org\/wp-content\/uploads\/2021\/10\/Portada-Noticias-2-ofmjpic.org-35.png","width":800,"height":400},{"@type":"BreadcrumbList","@id":"https:\/\/ofmjpic.org\/en\/the-laudato-si-action-platform-is-grateful-to-share-some-updated-information-on-the-next-steps-in-the-journey\/#breadcrumb","itemListElement":[{"@type":"ListItem","position":1,"name":"Portada","item":"https:\/\/ofmjpic.org\/en\/"},{"@type":"ListItem","position":2,"name":"The Laudato Si\u2019 Action Platform is grateful to share some updated information on the next steps in the journey"}]},{"@type":"WebSite","@id":"https:\/\/ofmjpic.org\/en\/#website","url":"https:\/\/ofmjpic.org\/en\/","name":"OFM Justice, Peace and Integrity of Creation","description":"","publisher":{"@id":"https:\/\/ofmjpic.org\/en\/#organization"},"potentialAction":[{"@type":"SearchAction","target":{"@type":"EntryPoint","urlTemplate":"https:\/\/ofmjpic.org\/en\/?s={search_term_string}"},"query-input":{"@type":"PropertyValueSpecification","valueRequired":true,"valueName":"search_term_string"}}],"inLanguage":"en-US"},{"@type":"Organization","@id":"https:\/\/ofmjpic.org\/en\/#organization","name":"General office for Justice, Peace and Integrity of Creation","url":"https:\/\/ofmjpic.org\/en\/","logo":{"@type":"ImageObject","inLanguage":"en-US","@id":"https:\/\/ofmjpic.org\/en\/#\/schema\/logo\/image\/","url":"https:\/\/ofmjpic.org\/wp-content\/uploads\/2018\/08\/ES_JPIC_Logo_.png","contentUrl":"https:\/\/ofmjpic.org\/wp-content\/uploads\/2018\/08\/ES_JPIC_Logo_.png","width":3957,"height":4082,"caption":"General office for Justice, Peace and Integrity of Creation"},"image":{"@id":"https:\/\/ofmjpic.org\/en\/#\/schema\/logo\/image\/"},"sameAs":["https:\/\/www.facebook.com\/ofmjpic\/","https:\/\/www.instagram.com\/ofmjpic\/"]},{"@type":"Person","@id":"https:\/\/ofmjpic.org\/en\/#\/schema\/person\/b94707ec5fc5af84d2d88e5f946184fb","name":"Jaime Campos","url":"https:\/\/ofmjpic.org\/en\/author\/jcampos\/"}]}},"_links":{"self":[{"href":"https:\/\/ofmjpic.org\/en\/wp-json\/wp\/v2\/posts\/12840","targetHints":{"allow":["GET"]}}],"collection":[{"href":"https:\/\/ofmjpic.org\/en\/wp-json\/wp\/v2\/posts"}],"about":[{"href":"https:\/\/ofmjpic.org\/en\/wp-json\/wp\/v2\/types\/post"}],"author":[{"embeddable":true,"href":"https:\/\/ofmjpic.org\/en\/wp-json\/wp\/v2\/users\/4"}],"replies":[{"embeddable":true,"href":"https:\/\/ofmjpic.org\/en\/wp-json\/wp\/v2\/comments?post=12840"}],"version-history":[{"count":0,"href":"https:\/\/ofmjpic.org\/en\/wp-json\/wp\/v2\/posts\/12840\/revisions"}],"wp:featuredmedia":[{"embeddable":true,"href":"https:\/\/ofmjpic.org\/en\/wp-json\/wp\/v2\/media\/12833"}],"wp:attachment":[{"href":"https:\/\/ofmjpic.org\/en\/wp-json\/wp\/v2\/media?parent=12840"}],"wp:term":[{"taxonomy":"category","embeddable":true,"href":"https:\/\/ofmjpic.org\/en\/wp-json\/wp\/v2\/categories?post=12840"},{"taxonomy":"post_tag","embeddable":true,"href":"https:\/\/ofmjpic.org\/en\/wp-json\/wp\/v2\/tags?post=12840"}],"curies":[{"name":"wp","href":"https:\/\/api.w.org\/{rel}","templated":true}]}}