{"id":11804,"date":"2021-05-31T09:55:38","date_gmt":"2021-05-31T09:55:38","guid":{"rendered":"http:\/\/www.ofmjpic.org\/con-emotivo-festival-culmina-la-campana-revolucion-laudato-si-en-mexico-centroamerica-y-el-caribe\/"},"modified":"2021-05-31T14:06:05","modified_gmt":"2021-05-31T14:06:05","slug":"the-laudato-si-revolution-campaign-culminates-with-an-emotional-festival-in-mexico-central-america-and-the-caribbean","status":"publish","type":"post","link":"https:\/\/ofmjpic.org\/en\/the-laudato-si-revolution-campaign-culminates-with-an-emotional-festival-in-mexico-central-america-and-the-caribbean\/","title":{"rendered":"The Laudato Si &#8216;Revolution campaign culminates with an emotional festival in Mexico, Central America and the Caribbean"},"content":{"rendered":"<p>[et_pb_section fb_built=&#8221;1&#8243; _builder_version=&#8221;4.2.2&#8243;][et_pb_row _builder_version=&#8221;4.2.2&#8243;][et_pb_column type=&#8221;4_4&#8243; _builder_version=&#8221;4.2.2&#8243;][et_pb_text _builder_version=&#8221;4.2.2&#8243;]<\/p>\n<blockquote>\n<h2 style=\"text-align: justify;\"><span style=\"color: #993300;\"><strong><em>The night of Saturday May 29 was chosen by the organizers to carry out the closing festival of the campaign: &#8220;Praise be my Lord.&#8221;<\/em><\/strong><\/span><\/h2>\n<\/blockquote>\n<p>[\/et_pb_text][\/et_pb_column][\/et_pb_row][et_pb_row column_structure=&#8221;3_5,2_5&#8243; _builder_version=&#8221;4.2.2&#8243;][et_pb_column type=&#8221;3_5&#8243; _builder_version=&#8221;4.2.2&#8243;][et_pb_text _builder_version=&#8221;4.2.2&#8243; hover_enabled=&#8221;0&#8243;]<\/p>\n<p style=\"text-align: justify;\">Broadcast live on <a href=\"https:\/\/fb.watch\/5QsgMb2k1M\/\" target=\"_blank\" rel=\"noopener noreferrer\"><strong>Facebook<\/strong><\/a> and <a href=\"https:\/\/youtu.be\/BRM3yEKRbWw\" target=\"_blank\" rel=\"noopener noreferrer\"><strong>YouTube<\/strong><\/a>, the festival&#8217;s animators: Edith Fabiola Mart\u00ednez, Ana Victoria L\u00f3pez and Giselle Gonz\u00e1lez, welcomed and, making a brief account of the campaign that lasted a year, recalled that when the Encyclical Laudato Si &#8216;turned 5 years old, the JPIC Commissions sought to help and promote the care of the common home, through three stages: &#8220;raising awareness&#8221; with three festivals (photography, drawing and good practices); &#8220;Analysis or reflection&#8221; (eco theology and migration) and &#8220;actions&#8221; where issues such as mining, extractivism, water and corruption were addressed.<\/p>\n<p style=\"text-align: justify;\">During the Festival, various artistic interventions were presented that were made in Nicaragua, El Salvador, Honduras, Guatemala and Mexico. The people who were participating online were able to enjoy the music and talent of Fr. Adam G\u00f3mez, OFMCap (Mexico), Sr. Morena de Dele\u00f3n, OFS (El Salvador), Hnas. Clarisas (El Salvador), Renee Arenas (Mexico), and JPIC Diriamba (Nicaragua) Fr. Jos\u00e9 Villareal, OFMCap (Mexico), Miriam Brizuela (Honduras), Helen Rodr\u00edguez (Guatemala), Hnas. Franciscanas (Guatemala)<\/p>\n<p style=\"text-align: justify;\">Likewise, testimonies were collected from some brothers and sisters who were involved in the organization and execution of the campaign. Br. Ren\u00e9 Flores, OFM highlighted the &#8220;participation of the laity in the organization&#8221;. Francis Wong, OFS, recalled this campaign &#8220;as an opportunity to meet in the midst of the pandemic.&#8221; &#8220;It has been a revolution in life, it has transformed our lives,&#8221; it was said with conviction by Sr. Brenda Chac\u00f3n, IMF who actively collaborated in the communications area. Fr. Anselmo Malia\u00f1o, OFM recognized that it was not easy to organize, but that it has been possible to live a universal brotherhood. Brenda Peralta gave his testimony near the end, saying that &#8220;as Franciscans, we recognize each other in any part of the world, and we are a JPIC family.&#8221;Ivis Segundo, OFS recognizes that &#8220;the encyclical that Pope Francis has left is a challenge.&#8221; Finally, German Ram\u00edrez highlighted &#8220;creativity, beauty and spirituality and that the encyclical has changed his family, recognizing itself as a Laudato Si family.&#8221;<\/p>\n<p style=\"text-align: justify;\">At the end of the Festival, the video &#8220;Boys and girls want a better world&#8221; (Honduras) was projected, which reminded us of Pope Francis&#8217; question, &#8220;What kind of world do we want to leave to those who are next to us, to children who are growing up?&#8221;(LS.160) The <strong><a href=\"https:\/\/www.laudatosirevolution.org\/\" target=\"_blank\" rel=\"noopener noreferrer\">Laudato Si &#8216;Revolution<\/a><\/strong> campaign managed to involve families, parishes, schools, fraternities, men and women&#8217;s religious, and the laity in Mexico, Central America, and the Caribbean. &#8220;The campaign does not end here, we go for more&#8230; we will continue the journey&#8221;<\/p>\n<p>[\/et_pb_text][\/et_pb_column][et_pb_column type=&#8221;2_5&#8243; _builder_version=&#8221;4.2.2&#8243;][et_pb_image src=&#8221;http:\/\/www.ofmjpic.org\/wp-content\/uploads\/2021\/05\/4.png&#8221; align=&#8221;center&#8221; _builder_version=&#8221;4.2.2&#8243; animation_style=&#8221;bounce&#8221;][\/et_pb_image][et_pb_image src=&#8221;http:\/\/www.ofmjpic.org\/wp-content\/uploads\/2021\/05\/3.png&#8221; align=&#8221;center&#8221; _builder_version=&#8221;4.2.2&#8243; animation_style=&#8221;bounce&#8221;][\/et_pb_image][et_pb_image src=&#8221;http:\/\/www.ofmjpic.org\/wp-content\/uploads\/2021\/05\/2-2.png&#8221; align=&#8221;center&#8221; _builder_version=&#8221;4.2.2&#8243; animation_style=&#8221;bounce&#8221;][\/et_pb_image][et_pb_image src=&#8221;http:\/\/www.ofmjpic.org\/wp-content\/uploads\/2021\/05\/1-2.png&#8221; align=&#8221;center&#8221; _builder_version=&#8221;4.2.2&#8243; animation_style=&#8221;bounce&#8221;][\/et_pb_image][\/et_pb_column][\/et_pb_row][et_pb_row _builder_version=&#8221;4.2.2&#8243;][et_pb_column type=&#8221;4_4&#8243; _builder_version=&#8221;4.2.2&#8243;][et_pb_video src=&#8221;https:\/\/youtu.be\/BRM3yEKRbWw&#8221; _builder_version=&#8221;4.2.2&#8243; animation_style=&#8221;bounce&#8221;][\/et_pb_video][\/et_pb_column][\/et_pb_row][et_pb_row _builder_version=&#8221;4.2.2&#8243;][et_pb_column type=&#8221;4_4&#8243; _builder_version=&#8221;4.2.2&#8243;][et_pb_text _builder_version=&#8221;4.2.2&#8243;]<\/p>\n<h4 style=\"text-align: right;\"><strong>Fr. Jaime Campos, OFM<br \/><\/strong>JPIC Office<br \/> Rome<\/h4>\n<p>[\/et_pb_text][\/et_pb_column][\/et_pb_row][\/et_pb_section]<\/p>\n","protected":false},"excerpt":{"rendered":"<p>The night of Saturday May 29 was chosen by the organizers to carry out the closing festival of the campaign: &#8220;Praise be my Lord.&#8221;<\/p>\n","protected":false},"author":4,"featured_media":11783,"comment_status":"open","ping_status":"open","sticky":true,"template":"","format":"standard","meta":{"_acf_changed":false,"_et_pb_use_builder":"on","_et_pb_old_content":"","_et_gb_content_width":"","footnotes":""},"categories":[571,424,664],"tags":[756,573,787,575],"class_list":["post-11804","post","type-post","status-publish","format-standard","has-post-thumbnail","hentry","category-ecologia-integral-2-en","category-integral-ecology","category-lsrevolution-en","tag-jpic-familia-franciscana-en","tag-laudato-si-en-2","tag-lsrevolution-3-en","tag-ofmjpic-en"],"acf":[],"yoast_head":"<!-- This site is optimized with the Yoast SEO plugin v28.4 - https:\/\/yoast.com\/product\/yoast-seo-wordpress\/ -->\n<title>The Laudato Si &#039;Revolution campaign culminates with an emotional festival in Mexico, Central America and the Caribbean - OFM JPIC<\/title>\n<meta name=\"robots\" content=\"index, follow, max-snippet:-1, max-image-preview:large, max-video-preview:-1\" \/>\n<link rel=\"canonical\" href=\"https:\/\/ofmjpic.org\/en\/the-laudato-si-revolution-campaign-culminates-with-an-emotional-festival-in-mexico-central-america-and-the-caribbean\/\" \/>\n<meta property=\"og:locale\" content=\"en_US\" \/>\n<meta property=\"og:type\" content=\"article\" \/>\n<meta property=\"og:title\" content=\"The Laudato Si &#039;Revolution campaign culminates with an emotional festival in Mexico, Central America and the Caribbean - OFM JPIC\" \/>\n<meta property=\"og:description\" content=\"The night of Saturday May 29 was chosen by the organizers to carry out the closing festival of the campaign: &quot;Praise be my Lord.&quot;\" \/>\n<meta property=\"og:url\" content=\"https:\/\/ofmjpic.org\/en\/the-laudato-si-revolution-campaign-culminates-with-an-emotional-festival-in-mexico-central-america-and-the-caribbean\/\" \/>\n<meta property=\"og:site_name\" content=\"OFM JPIC\" \/>\n<meta property=\"article:publisher\" content=\"https:\/\/www.facebook.com\/ofmjpic\/\" \/>\n<meta property=\"article:published_time\" content=\"2021-05-31T09:55:38+00:00\" \/>\n<meta property=\"article:modified_time\" content=\"2021-05-31T14:06:05+00:00\" \/>\n<meta property=\"og:image\" content=\"https:\/\/ofmjpic.org\/wp-content\/uploads\/2021\/05\/Portada-Noticias-2-ofmjpic.org-11.png\" \/>\n\t<meta property=\"og:image:width\" content=\"800\" \/>\n\t<meta property=\"og:image:height\" content=\"400\" \/>\n\t<meta property=\"og:image:type\" content=\"image\/png\" \/>\n<meta name=\"author\" content=\"Jaime Campos\" \/>\n<meta name=\"twitter:card\" content=\"summary_large_image\" \/>\n<meta name=\"twitter:label1\" content=\"Written by\" \/>\n\t<meta name=\"twitter:data1\" content=\"Jaime Campos\" \/>\n\t<meta name=\"twitter:label2\" content=\"Est. reading time\" \/>\n\t<meta name=\"twitter:data2\" content=\"3 minutes\" \/>\n<script type=\"application\/ld+json\" class=\"yoast-schema-graph\">{\"@context\":\"https:\\\/\\\/schema.org\",\"@graph\":[{\"@type\":\"Article\",\"@id\":\"https:\\\/\\\/ofmjpic.org\\\/en\\\/the-laudato-si-revolution-campaign-culminates-with-an-emotional-festival-in-mexico-central-america-and-the-caribbean\\\/#article\",\"isPartOf\":{\"@id\":\"https:\\\/\\\/ofmjpic.org\\\/en\\\/the-laudato-si-revolution-campaign-culminates-with-an-emotional-festival-in-mexico-central-america-and-the-caribbean\\\/\"},\"author\":{\"name\":\"Jaime Campos\",\"@id\":\"https:\\\/\\\/ofmjpic.org\\\/en\\\/#\\\/schema\\\/person\\\/b94707ec5fc5af84d2d88e5f946184fb\"},\"headline\":\"The Laudato Si &#8216;Revolution campaign culminates with an emotional festival in Mexico, Central America and the Caribbean\",\"datePublished\":\"2021-05-31T09:55:38+00:00\",\"dateModified\":\"2021-05-31T14:06:05+00:00\",\"mainEntityOfPage\":{\"@id\":\"https:\\\/\\\/ofmjpic.org\\\/en\\\/the-laudato-si-revolution-campaign-culminates-with-an-emotional-festival-in-mexico-central-america-and-the-caribbean\\\/\"},\"wordCount\":692,\"commentCount\":0,\"publisher\":{\"@id\":\"https:\\\/\\\/ofmjpic.org\\\/en\\\/#organization\"},\"image\":{\"@id\":\"https:\\\/\\\/ofmjpic.org\\\/en\\\/the-laudato-si-revolution-campaign-culminates-with-an-emotional-festival-in-mexico-central-america-and-the-caribbean\\\/#primaryimage\"},\"thumbnailUrl\":\"https:\\\/\\\/ofmjpic.org\\\/wp-content\\\/uploads\\\/2021\\\/05\\\/Portada-Noticias-2-ofmjpic.org-11.png\",\"keywords\":[\"Jpic Familia Franciscana\",\"laudato si\",\"LSRevolution\",\"ofmjpic\"],\"articleSection\":[\"Ecolog\u00eda Integral\",\"Integral Ecology\",\"LSRevolution\"],\"inLanguage\":\"en-US\",\"potentialAction\":[{\"@type\":\"CommentAction\",\"name\":\"Comment\",\"target\":[\"https:\\\/\\\/ofmjpic.org\\\/en\\\/the-laudato-si-revolution-campaign-culminates-with-an-emotional-festival-in-mexico-central-america-and-the-caribbean\\\/#respond\"]}]},{\"@type\":\"WebPage\",\"@id\":\"https:\\\/\\\/ofmjpic.org\\\/en\\\/the-laudato-si-revolution-campaign-culminates-with-an-emotional-festival-in-mexico-central-america-and-the-caribbean\\\/\",\"url\":\"https:\\\/\\\/ofmjpic.org\\\/en\\\/the-laudato-si-revolution-campaign-culminates-with-an-emotional-festival-in-mexico-central-america-and-the-caribbean\\\/\",\"name\":\"The Laudato Si 'Revolution campaign culminates with an emotional festival in Mexico, Central America and the Caribbean - OFM JPIC\",\"isPartOf\":{\"@id\":\"https:\\\/\\\/ofmjpic.org\\\/en\\\/#website\"},\"primaryImageOfPage\":{\"@id\":\"https:\\\/\\\/ofmjpic.org\\\/en\\\/the-laudato-si-revolution-campaign-culminates-with-an-emotional-festival-in-mexico-central-america-and-the-caribbean\\\/#primaryimage\"},\"image\":{\"@id\":\"https:\\\/\\\/ofmjpic.org\\\/en\\\/the-laudato-si-revolution-campaign-culminates-with-an-emotional-festival-in-mexico-central-america-and-the-caribbean\\\/#primaryimage\"},\"thumbnailUrl\":\"https:\\\/\\\/ofmjpic.org\\\/wp-content\\\/uploads\\\/2021\\\/05\\\/Portada-Noticias-2-ofmjpic.org-11.png\",\"datePublished\":\"2021-05-31T09:55:38+00:00\",\"dateModified\":\"2021-05-31T14:06:05+00:00\",\"breadcrumb\":{\"@id\":\"https:\\\/\\\/ofmjpic.org\\\/en\\\/the-laudato-si-revolution-campaign-culminates-with-an-emotional-festival-in-mexico-central-america-and-the-caribbean\\\/#breadcrumb\"},\"inLanguage\":\"en-US\",\"potentialAction\":[{\"@type\":\"ReadAction\",\"target\":[\"https:\\\/\\\/ofmjpic.org\\\/en\\\/the-laudato-si-revolution-campaign-culminates-with-an-emotional-festival-in-mexico-central-america-and-the-caribbean\\\/\"]}]},{\"@type\":\"ImageObject\",\"inLanguage\":\"en-US\",\"@id\":\"https:\\\/\\\/ofmjpic.org\\\/en\\\/the-laudato-si-revolution-campaign-culminates-with-an-emotional-festival-in-mexico-central-america-and-the-caribbean\\\/#primaryimage\",\"url\":\"https:\\\/\\\/ofmjpic.org\\\/wp-content\\\/uploads\\\/2021\\\/05\\\/Portada-Noticias-2-ofmjpic.org-11.png\",\"contentUrl\":\"https:\\\/\\\/ofmjpic.org\\\/wp-content\\\/uploads\\\/2021\\\/05\\\/Portada-Noticias-2-ofmjpic.org-11.png\",\"width\":800,\"height\":400},{\"@type\":\"BreadcrumbList\",\"@id\":\"https:\\\/\\\/ofmjpic.org\\\/en\\\/the-laudato-si-revolution-campaign-culminates-with-an-emotional-festival-in-mexico-central-america-and-the-caribbean\\\/#breadcrumb\",\"itemListElement\":[{\"@type\":\"ListItem\",\"position\":1,\"name\":\"Portada\",\"item\":\"https:\\\/\\\/ofmjpic.org\\\/en\\\/\"},{\"@type\":\"ListItem\",\"position\":2,\"name\":\"The Laudato Si &#8216;Revolution campaign culminates with an emotional festival in Mexico, Central America and the Caribbean\"}]},{\"@type\":\"WebSite\",\"@id\":\"https:\\\/\\\/ofmjpic.org\\\/en\\\/#website\",\"url\":\"https:\\\/\\\/ofmjpic.org\\\/en\\\/\",\"name\":\"OFM Justice, Peace and Integrity of Creation\",\"description\":\"\",\"publisher\":{\"@id\":\"https:\\\/\\\/ofmjpic.org\\\/en\\\/#organization\"},\"potentialAction\":[{\"@type\":\"SearchAction\",\"target\":{\"@type\":\"EntryPoint\",\"urlTemplate\":\"https:\\\/\\\/ofmjpic.org\\\/en\\\/?s={search_term_string}\"},\"query-input\":{\"@type\":\"PropertyValueSpecification\",\"valueRequired\":true,\"valueName\":\"search_term_string\"}}],\"inLanguage\":\"en-US\"},{\"@type\":\"Organization\",\"@id\":\"https:\\\/\\\/ofmjpic.org\\\/en\\\/#organization\",\"name\":\"General office for Justice, Peace and Integrity of Creation\",\"url\":\"https:\\\/\\\/ofmjpic.org\\\/en\\\/\",\"logo\":{\"@type\":\"ImageObject\",\"inLanguage\":\"en-US\",\"@id\":\"https:\\\/\\\/ofmjpic.org\\\/en\\\/#\\\/schema\\\/logo\\\/image\\\/\",\"url\":\"https:\\\/\\\/ofmjpic.org\\\/wp-content\\\/uploads\\\/2018\\\/08\\\/ES_JPIC_Logo_.png\",\"contentUrl\":\"https:\\\/\\\/ofmjpic.org\\\/wp-content\\\/uploads\\\/2018\\\/08\\\/ES_JPIC_Logo_.png\",\"width\":3957,\"height\":4082,\"caption\":\"General office for Justice, Peace and Integrity of Creation\"},\"image\":{\"@id\":\"https:\\\/\\\/ofmjpic.org\\\/en\\\/#\\\/schema\\\/logo\\\/image\\\/\"},\"sameAs\":[\"https:\\\/\\\/www.facebook.com\\\/ofmjpic\\\/\",\"https:\\\/\\\/www.instagram.com\\\/ofmjpic\\\/\"]},{\"@type\":\"Person\",\"@id\":\"https:\\\/\\\/ofmjpic.org\\\/en\\\/#\\\/schema\\\/person\\\/b94707ec5fc5af84d2d88e5f946184fb\",\"name\":\"Jaime Campos\",\"url\":\"https:\\\/\\\/ofmjpic.org\\\/en\\\/author\\\/jcampos\\\/\"}]}<\/script>\n<!-- \/ Yoast SEO plugin. -->","yoast_head_json":{"title":"The Laudato Si 'Revolution campaign culminates with an emotional festival in Mexico, Central America and the Caribbean - OFM JPIC","robots":{"index":"index","follow":"follow","max-snippet":"max-snippet:-1","max-image-preview":"max-image-preview:large","max-video-preview":"max-video-preview:-1"},"canonical":"https:\/\/ofmjpic.org\/en\/the-laudato-si-revolution-campaign-culminates-with-an-emotional-festival-in-mexico-central-america-and-the-caribbean\/","og_locale":"en_US","og_type":"article","og_title":"The Laudato Si 'Revolution campaign culminates with an emotional festival in Mexico, Central America and the Caribbean - OFM JPIC","og_description":"The night of Saturday May 29 was chosen by the organizers to carry out the closing festival of the campaign: \"Praise be my Lord.\"","og_url":"https:\/\/ofmjpic.org\/en\/the-laudato-si-revolution-campaign-culminates-with-an-emotional-festival-in-mexico-central-america-and-the-caribbean\/","og_site_name":"OFM JPIC","article_publisher":"https:\/\/www.facebook.com\/ofmjpic\/","article_published_time":"2021-05-31T09:55:38+00:00","article_modified_time":"2021-05-31T14:06:05+00:00","og_image":[{"width":800,"height":400,"url":"https:\/\/ofmjpic.org\/wp-content\/uploads\/2021\/05\/Portada-Noticias-2-ofmjpic.org-11.png","type":"image\/png"}],"author":"Jaime Campos","twitter_card":"summary_large_image","twitter_misc":{"Written by":"Jaime Campos","Est. reading time":"3 minutes"},"schema":{"@context":"https:\/\/schema.org","@graph":[{"@type":"Article","@id":"https:\/\/ofmjpic.org\/en\/the-laudato-si-revolution-campaign-culminates-with-an-emotional-festival-in-mexico-central-america-and-the-caribbean\/#article","isPartOf":{"@id":"https:\/\/ofmjpic.org\/en\/the-laudato-si-revolution-campaign-culminates-with-an-emotional-festival-in-mexico-central-america-and-the-caribbean\/"},"author":{"name":"Jaime Campos","@id":"https:\/\/ofmjpic.org\/en\/#\/schema\/person\/b94707ec5fc5af84d2d88e5f946184fb"},"headline":"The Laudato Si &#8216;Revolution campaign culminates with an emotional festival in Mexico, Central America and the Caribbean","datePublished":"2021-05-31T09:55:38+00:00","dateModified":"2021-05-31T14:06:05+00:00","mainEntityOfPage":{"@id":"https:\/\/ofmjpic.org\/en\/the-laudato-si-revolution-campaign-culminates-with-an-emotional-festival-in-mexico-central-america-and-the-caribbean\/"},"wordCount":692,"commentCount":0,"publisher":{"@id":"https:\/\/ofmjpic.org\/en\/#organization"},"image":{"@id":"https:\/\/ofmjpic.org\/en\/the-laudato-si-revolution-campaign-culminates-with-an-emotional-festival-in-mexico-central-america-and-the-caribbean\/#primaryimage"},"thumbnailUrl":"https:\/\/ofmjpic.org\/wp-content\/uploads\/2021\/05\/Portada-Noticias-2-ofmjpic.org-11.png","keywords":["Jpic Familia Franciscana","laudato si","LSRevolution","ofmjpic"],"articleSection":["Ecolog\u00eda Integral","Integral Ecology","LSRevolution"],"inLanguage":"en-US","potentialAction":[{"@type":"CommentAction","name":"Comment","target":["https:\/\/ofmjpic.org\/en\/the-laudato-si-revolution-campaign-culminates-with-an-emotional-festival-in-mexico-central-america-and-the-caribbean\/#respond"]}]},{"@type":"WebPage","@id":"https:\/\/ofmjpic.org\/en\/the-laudato-si-revolution-campaign-culminates-with-an-emotional-festival-in-mexico-central-america-and-the-caribbean\/","url":"https:\/\/ofmjpic.org\/en\/the-laudato-si-revolution-campaign-culminates-with-an-emotional-festival-in-mexico-central-america-and-the-caribbean\/","name":"The Laudato Si 'Revolution campaign culminates with an emotional festival in Mexico, Central America and the Caribbean - OFM JPIC","isPartOf":{"@id":"https:\/\/ofmjpic.org\/en\/#website"},"primaryImageOfPage":{"@id":"https:\/\/ofmjpic.org\/en\/the-laudato-si-revolution-campaign-culminates-with-an-emotional-festival-in-mexico-central-america-and-the-caribbean\/#primaryimage"},"image":{"@id":"https:\/\/ofmjpic.org\/en\/the-laudato-si-revolution-campaign-culminates-with-an-emotional-festival-in-mexico-central-america-and-the-caribbean\/#primaryimage"},"thumbnailUrl":"https:\/\/ofmjpic.org\/wp-content\/uploads\/2021\/05\/Portada-Noticias-2-ofmjpic.org-11.png","datePublished":"2021-05-31T09:55:38+00:00","dateModified":"2021-05-31T14:06:05+00:00","breadcrumb":{"@id":"https:\/\/ofmjpic.org\/en\/the-laudato-si-revolution-campaign-culminates-with-an-emotional-festival-in-mexico-central-america-and-the-caribbean\/#breadcrumb"},"inLanguage":"en-US","potentialAction":[{"@type":"ReadAction","target":["https:\/\/ofmjpic.org\/en\/the-laudato-si-revolution-campaign-culminates-with-an-emotional-festival-in-mexico-central-america-and-the-caribbean\/"]}]},{"@type":"ImageObject","inLanguage":"en-US","@id":"https:\/\/ofmjpic.org\/en\/the-laudato-si-revolution-campaign-culminates-with-an-emotional-festival-in-mexico-central-america-and-the-caribbean\/#primaryimage","url":"https:\/\/ofmjpic.org\/wp-content\/uploads\/2021\/05\/Portada-Noticias-2-ofmjpic.org-11.png","contentUrl":"https:\/\/ofmjpic.org\/wp-content\/uploads\/2021\/05\/Portada-Noticias-2-ofmjpic.org-11.png","width":800,"height":400},{"@type":"BreadcrumbList","@id":"https:\/\/ofmjpic.org\/en\/the-laudato-si-revolution-campaign-culminates-with-an-emotional-festival-in-mexico-central-america-and-the-caribbean\/#breadcrumb","itemListElement":[{"@type":"ListItem","position":1,"name":"Portada","item":"https:\/\/ofmjpic.org\/en\/"},{"@type":"ListItem","position":2,"name":"The Laudato Si &#8216;Revolution campaign culminates with an emotional festival in Mexico, Central America and the Caribbean"}]},{"@type":"WebSite","@id":"https:\/\/ofmjpic.org\/en\/#website","url":"https:\/\/ofmjpic.org\/en\/","name":"OFM Justice, Peace and Integrity of Creation","description":"","publisher":{"@id":"https:\/\/ofmjpic.org\/en\/#organization"},"potentialAction":[{"@type":"SearchAction","target":{"@type":"EntryPoint","urlTemplate":"https:\/\/ofmjpic.org\/en\/?s={search_term_string}"},"query-input":{"@type":"PropertyValueSpecification","valueRequired":true,"valueName":"search_term_string"}}],"inLanguage":"en-US"},{"@type":"Organization","@id":"https:\/\/ofmjpic.org\/en\/#organization","name":"General office for Justice, Peace and Integrity of Creation","url":"https:\/\/ofmjpic.org\/en\/","logo":{"@type":"ImageObject","inLanguage":"en-US","@id":"https:\/\/ofmjpic.org\/en\/#\/schema\/logo\/image\/","url":"https:\/\/ofmjpic.org\/wp-content\/uploads\/2018\/08\/ES_JPIC_Logo_.png","contentUrl":"https:\/\/ofmjpic.org\/wp-content\/uploads\/2018\/08\/ES_JPIC_Logo_.png","width":3957,"height":4082,"caption":"General office for Justice, Peace and Integrity of Creation"},"image":{"@id":"https:\/\/ofmjpic.org\/en\/#\/schema\/logo\/image\/"},"sameAs":["https:\/\/www.facebook.com\/ofmjpic\/","https:\/\/www.instagram.com\/ofmjpic\/"]},{"@type":"Person","@id":"https:\/\/ofmjpic.org\/en\/#\/schema\/person\/b94707ec5fc5af84d2d88e5f946184fb","name":"Jaime Campos","url":"https:\/\/ofmjpic.org\/en\/author\/jcampos\/"}]}},"_links":{"self":[{"href":"https:\/\/ofmjpic.org\/en\/wp-json\/wp\/v2\/posts\/11804","targetHints":{"allow":["GET"]}}],"collection":[{"href":"https:\/\/ofmjpic.org\/en\/wp-json\/wp\/v2\/posts"}],"about":[{"href":"https:\/\/ofmjpic.org\/en\/wp-json\/wp\/v2\/types\/post"}],"author":[{"embeddable":true,"href":"https:\/\/ofmjpic.org\/en\/wp-json\/wp\/v2\/users\/4"}],"replies":[{"embeddable":true,"href":"https:\/\/ofmjpic.org\/en\/wp-json\/wp\/v2\/comments?post=11804"}],"version-history":[{"count":0,"href":"https:\/\/ofmjpic.org\/en\/wp-json\/wp\/v2\/posts\/11804\/revisions"}],"wp:featuredmedia":[{"embeddable":true,"href":"https:\/\/ofmjpic.org\/en\/wp-json\/wp\/v2\/media\/11783"}],"wp:attachment":[{"href":"https:\/\/ofmjpic.org\/en\/wp-json\/wp\/v2\/media?parent=11804"}],"wp:term":[{"taxonomy":"category","embeddable":true,"href":"https:\/\/ofmjpic.org\/en\/wp-json\/wp\/v2\/categories?post=11804"},{"taxonomy":"post_tag","embeddable":true,"href":"https:\/\/ofmjpic.org\/en\/wp-json\/wp\/v2\/tags?post=11804"}],"curies":[{"name":"wp","href":"https:\/\/api.w.org\/{rel}","templated":true}]}}